{"id":76977,"date":"2022-08-30T17:41:21","date_gmt":"2022-08-30T17:41:21","guid":{"rendered":"http:\/\/www.noticiasradioreflejos.com.ar\/2021\/?p=76977"},"modified":"2022-08-30T18:07:33","modified_gmt":"2022-08-30T18:07:33","slug":"la-ruta-51-se-encuentra-cortada-por-el-vuelco-de-un-camion","status":"publish","type":"post","link":"https:\/\/www.noticiasradioreflejos.com.ar\/2021\/la-ruta-51-se-encuentra-cortada-por-el-vuelco-de-un-camion\/","title":{"rendered":"Un cami\u00f3n cargado con cereales volc\u00f3 en la ruta 51."},"content":{"rendered":"<p>El hecho se produjo hace instantes en la ruta 51 a 2000 metros del acceso a Cabildo<!--more--><br \/>\n<a title=\"WhatsApp Image 2022-08-30 at 1.42.42 PM\" href=\"https:\/\/www.flickr.com\/photos\/182279889@N02\/52322837910\/in\/dateposted-public\/\" data-flickr-embed=\"true\"><img loading=\"lazy\" decoding=\"async\" class=\"aligncenter\" src=\"https:\/\/live.staticflickr.com\/65535\/52322837910_f1b0054268_c.jpg\" alt=\"WhatsApp Image 2022-08-30 at 1.42.42 PM\" width=\"450\" height=\"800\" \/><\/a><\/p>\n<p>Un cami\u00f3n que trasportaba cereales volc\u00f3 totalmente su carga sobre la cinta asf\u00e1ltica y el personal de Seguridad Vial cort\u00f3 la ruta hasta tanto se despeje .<\/p>\n<p>Siendo las 12.50 en ruta 51 km. 710, por causas que se desconocen se produjo el vuelco de un cami\u00f3n con acoplado. El conductor del veh\u00edculo sali\u00f3 por sus propios medios y se encuentra bien.<\/p>\n<p>La ruta se encuentra liberada;\u00a0 en el lugar trabajaron Bomberos de Cabildo, Guardia Defensa Civil, polic\u00eda vial.<\/p>\n<p>&nbsp;<\/p>\n<p><a title=\"WhatsApp Image 2022-08-30 at 2.56.00 PM\" href=\"https:\/\/www.flickr.com\/photos\/182279889@N02\/52322846604\/in\/dateposted-public\/\" data-flickr-embed=\"true\"><img loading=\"lazy\" decoding=\"async\" src=\"https:\/\/live.staticflickr.com\/65535\/52322846604_1a89159c39_c.jpg\" alt=\"WhatsApp Image 2022-08-30 at 2.56.00 PM\" width=\"800\" height=\"450\" \/><\/a><\/p>\n<p>&nbsp;<\/p>\n<p><a title=\"WhatsApp Image 2022-08-30 at 1.42.41 PM\" href=\"https:\/\/www.flickr.com\/photos\/182279889@N02\/52322823539\/in\/dateposted-public\/\" data-flickr-embed=\"true\"><img loading=\"lazy\" decoding=\"async\" class=\"aligncenter\" src=\"https:\/\/live.staticflickr.com\/65535\/52322823539_2ab5699d77_c.jpg\" alt=\"WhatsApp Image 2022-08-30 at 1.42.41 PM\" width=\"450\" height=\"800\" \/><\/a><\/p>\n","protected":false},"excerpt":{"rendered":"<p>El hecho se produjo hace instantes en la ruta 51 a 2000 metros del acceso a Cabildo<\/p>\n","protected":false},"author":3,"featured_media":0,"comment_status":"closed","ping_status":"closed","sticky":false,"template":"","format":"standard","meta":{"footnotes":""},"categories":[29,26],"tags":[48],"class_list":["post-76977","post","type-post","status-publish","format-standard","hentry","category-policiales","category-sociedad","tag-destacada"],"yoast_head":"<!-- This site is optimized with the Yoast SEO plugin v25.9 - https:\/\/yoast.com\/wordpress\/plugins\/seo\/ -->\n<title>Un cami\u00f3n cargado con cereales volc\u00f3 en la ruta 51. - Noticias Radio Reflejos<\/title>\n<meta name=\"robots\" content=\"index, follow, max-snippet:-1, max-image-preview:large, max-video-preview:-1\" \/>\n<link rel=\"canonical\" href=\"https:\/\/www.noticiasradioreflejos.com.ar\/2021\/la-ruta-51-se-encuentra-cortada-por-el-vuelco-de-un-camion\/\" \/>\n<meta property=\"og:locale\" content=\"es_ES\" \/>\n<meta property=\"og:type\" content=\"article\" \/>\n<meta property=\"og:title\" content=\"Un cami\u00f3n cargado con cereales volc\u00f3 en la ruta 51. - Noticias Radio Reflejos\" \/>\n<meta property=\"og:description\" content=\"El hecho se produjo hace instantes en la ruta 51 a 2000 metros del acceso a Cabildo\" \/>\n<meta property=\"og:url\" content=\"https:\/\/www.noticiasradioreflejos.com.ar\/2021\/la-ruta-51-se-encuentra-cortada-por-el-vuelco-de-un-camion\/\" \/>\n<meta property=\"og:site_name\" content=\"Noticias Radio Reflejos\" \/>\n<meta property=\"article:published_time\" content=\"2022-08-30T17:41:21+00:00\" \/>\n<meta property=\"article:modified_time\" content=\"2022-08-30T18:07:33+00:00\" \/>\n<meta property=\"og:image\" content=\"https:\/\/live.staticflickr.com\/65535\/52322837910_f1b0054268_c.jpg\" \/>\n<meta name=\"author\" content=\"Arnaldo Botto\" \/>\n<meta name=\"twitter:card\" content=\"summary_large_image\" \/>\n<script type=\"application\/ld+json\" class=\"yoast-schema-graph\">{\"@context\":\"https:\/\/schema.org\",\"@graph\":[{\"@type\":\"WebPage\",\"@id\":\"https:\/\/www.noticiasradioreflejos.com.ar\/2021\/la-ruta-51-se-encuentra-cortada-por-el-vuelco-de-un-camion\/\",\"url\":\"https:\/\/www.noticiasradioreflejos.com.ar\/2021\/la-ruta-51-se-encuentra-cortada-por-el-vuelco-de-un-camion\/\",\"name\":\"Un cami\u00f3n cargado con cereales volc\u00f3 en la ruta 51. - Noticias Radio Reflejos\",\"isPartOf\":{\"@id\":\"https:\/\/www.noticiasradioreflejos.com.ar\/2021\/#website\"},\"primaryImageOfPage\":{\"@id\":\"https:\/\/www.noticiasradioreflejos.com.ar\/2021\/la-ruta-51-se-encuentra-cortada-por-el-vuelco-de-un-camion\/#primaryimage\"},\"image\":{\"@id\":\"https:\/\/www.noticiasradioreflejos.com.ar\/2021\/la-ruta-51-se-encuentra-cortada-por-el-vuelco-de-un-camion\/#primaryimage\"},\"thumbnailUrl\":\"https:\/\/live.staticflickr.com\/65535\/52322837910_f1b0054268_c.jpg\",\"datePublished\":\"2022-08-30T17:41:21+00:00\",\"dateModified\":\"2022-08-30T18:07:33+00:00\",\"author\":{\"@id\":\"https:\/\/www.noticiasradioreflejos.com.ar\/2021\/#\/schema\/person\/ad82545263dcc5ec0996818884fd5fb1\"},\"breadcrumb\":{\"@id\":\"https:\/\/www.noticiasradioreflejos.com.ar\/2021\/la-ruta-51-se-encuentra-cortada-por-el-vuelco-de-un-camion\/#breadcrumb\"},\"inLanguage\":\"es\",\"potentialAction\":[{\"@type\":\"ReadAction\",\"target\":[\"https:\/\/www.noticiasradioreflejos.com.ar\/2021\/la-ruta-51-se-encuentra-cortada-por-el-vuelco-de-un-camion\/\"]}]},{\"@type\":\"ImageObject\",\"inLanguage\":\"es\",\"@id\":\"https:\/\/www.noticiasradioreflejos.com.ar\/2021\/la-ruta-51-se-encuentra-cortada-por-el-vuelco-de-un-camion\/#primaryimage\",\"url\":\"https:\/\/live.staticflickr.com\/65535\/52322837910_f1b0054268_c.jpg\",\"contentUrl\":\"https:\/\/live.staticflickr.com\/65535\/52322837910_f1b0054268_c.jpg\"},{\"@type\":\"BreadcrumbList\",\"@id\":\"https:\/\/www.noticiasradioreflejos.com.ar\/2021\/la-ruta-51-se-encuentra-cortada-por-el-vuelco-de-un-camion\/#breadcrumb\",\"itemListElement\":[{\"@type\":\"ListItem\",\"position\":1,\"name\":\"Portada\",\"item\":\"https:\/\/www.noticiasradioreflejos.com.ar\/2021\/\"},{\"@type\":\"ListItem\",\"position\":2,\"name\":\"Un cami\u00f3n cargado con cereales volc\u00f3 en la ruta 51.\"}]},{\"@type\":\"WebSite\",\"@id\":\"https:\/\/www.noticiasradioreflejos.com.ar\/2021\/#website\",\"url\":\"https:\/\/www.noticiasradioreflejos.com.ar\/2021\/\",\"name\":\"Noticias Radio Reflejos\",\"description\":\"Las noticias de mi comarca\",\"potentialAction\":[{\"@type\":\"SearchAction\",\"target\":{\"@type\":\"EntryPoint\",\"urlTemplate\":\"https:\/\/www.noticiasradioreflejos.com.ar\/2021\/?s={search_term_string}\"},\"query-input\":{\"@type\":\"PropertyValueSpecification\",\"valueRequired\":true,\"valueName\":\"search_term_string\"}}],\"inLanguage\":\"es\"},{\"@type\":\"Person\",\"@id\":\"https:\/\/www.noticiasradioreflejos.com.ar\/2021\/#\/schema\/person\/ad82545263dcc5ec0996818884fd5fb1\",\"name\":\"Arnaldo Botto\",\"image\":{\"@type\":\"ImageObject\",\"inLanguage\":\"es\",\"@id\":\"https:\/\/www.noticiasradioreflejos.com.ar\/2021\/#\/schema\/person\/image\/\",\"url\":\"https:\/\/secure.gravatar.com\/avatar\/55cb5e37c1efa326397366e6974cb338056df65cb50e7d64d1cf314e87504837?s=96&d=mm&r=g\",\"contentUrl\":\"https:\/\/secure.gravatar.com\/avatar\/55cb5e37c1efa326397366e6974cb338056df65cb50e7d64d1cf314e87504837?s=96&d=mm&r=g\",\"caption\":\"Arnaldo Botto\"},\"url\":\"https:\/\/www.noticiasradioreflejos.com.ar\/2021\/author\/arnaldo\/\"}]}<\/script>\n<!-- \/ Yoast SEO plugin. -->","yoast_head_json":{"title":"Un cami\u00f3n cargado con cereales volc\u00f3 en la ruta 51. - Noticias Radio Reflejos","robots":{"index":"index","follow":"follow","max-snippet":"max-snippet:-1","max-image-preview":"max-image-preview:large","max-video-preview":"max-video-preview:-1"},"canonical":"https:\/\/www.noticiasradioreflejos.com.ar\/2021\/la-ruta-51-se-encuentra-cortada-por-el-vuelco-de-un-camion\/","og_locale":"es_ES","og_type":"article","og_title":"Un cami\u00f3n cargado con cereales volc\u00f3 en la ruta 51. - Noticias Radio Reflejos","og_description":"El hecho se produjo hace instantes en la ruta 51 a 2000 metros del acceso a Cabildo","og_url":"https:\/\/www.noticiasradioreflejos.com.ar\/2021\/la-ruta-51-se-encuentra-cortada-por-el-vuelco-de-un-camion\/","og_site_name":"Noticias Radio Reflejos","article_published_time":"2022-08-30T17:41:21+00:00","article_modified_time":"2022-08-30T18:07:33+00:00","og_image":[{"url":"https:\/\/live.staticflickr.com\/65535\/52322837910_f1b0054268_c.jpg","type":"","width":"","height":""}],"author":"Arnaldo Botto","twitter_card":"summary_large_image","schema":{"@context":"https:\/\/schema.org","@graph":[{"@type":"WebPage","@id":"https:\/\/www.noticiasradioreflejos.com.ar\/2021\/la-ruta-51-se-encuentra-cortada-por-el-vuelco-de-un-camion\/","url":"https:\/\/www.noticiasradioreflejos.com.ar\/2021\/la-ruta-51-se-encuentra-cortada-por-el-vuelco-de-un-camion\/","name":"Un cami\u00f3n cargado con cereales volc\u00f3 en la ruta 51. - Noticias Radio Reflejos","isPartOf":{"@id":"https:\/\/www.noticiasradioreflejos.com.ar\/2021\/#website"},"primaryImageOfPage":{"@id":"https:\/\/www.noticiasradioreflejos.com.ar\/2021\/la-ruta-51-se-encuentra-cortada-por-el-vuelco-de-un-camion\/#primaryimage"},"image":{"@id":"https:\/\/www.noticiasradioreflejos.com.ar\/2021\/la-ruta-51-se-encuentra-cortada-por-el-vuelco-de-un-camion\/#primaryimage"},"thumbnailUrl":"https:\/\/live.staticflickr.com\/65535\/52322837910_f1b0054268_c.jpg","datePublished":"2022-08-30T17:41:21+00:00","dateModified":"2022-08-30T18:07:33+00:00","author":{"@id":"https:\/\/www.noticiasradioreflejos.com.ar\/2021\/#\/schema\/person\/ad82545263dcc5ec0996818884fd5fb1"},"breadcrumb":{"@id":"https:\/\/www.noticiasradioreflejos.com.ar\/2021\/la-ruta-51-se-encuentra-cortada-por-el-vuelco-de-un-camion\/#breadcrumb"},"inLanguage":"es","potentialAction":[{"@type":"ReadAction","target":["https:\/\/www.noticiasradioreflejos.com.ar\/2021\/la-ruta-51-se-encuentra-cortada-por-el-vuelco-de-un-camion\/"]}]},{"@type":"ImageObject","inLanguage":"es","@id":"https:\/\/www.noticiasradioreflejos.com.ar\/2021\/la-ruta-51-se-encuentra-cortada-por-el-vuelco-de-un-camion\/#primaryimage","url":"https:\/\/live.staticflickr.com\/65535\/52322837910_f1b0054268_c.jpg","contentUrl":"https:\/\/live.staticflickr.com\/65535\/52322837910_f1b0054268_c.jpg"},{"@type":"BreadcrumbList","@id":"https:\/\/www.noticiasradioreflejos.com.ar\/2021\/la-ruta-51-se-encuentra-cortada-por-el-vuelco-de-un-camion\/#breadcrumb","itemListElement":[{"@type":"ListItem","position":1,"name":"Portada","item":"https:\/\/www.noticiasradioreflejos.com.ar\/2021\/"},{"@type":"ListItem","position":2,"name":"Un cami\u00f3n cargado con cereales volc\u00f3 en la ruta 51."}]},{"@type":"WebSite","@id":"https:\/\/www.noticiasradioreflejos.com.ar\/2021\/#website","url":"https:\/\/www.noticiasradioreflejos.com.ar\/2021\/","name":"Noticias Radio Reflejos","description":"Las noticias de mi comarca","potentialAction":[{"@type":"SearchAction","target":{"@type":"EntryPoint","urlTemplate":"https:\/\/www.noticiasradioreflejos.com.ar\/2021\/?s={search_term_string}"},"query-input":{"@type":"PropertyValueSpecification","valueRequired":true,"valueName":"search_term_string"}}],"inLanguage":"es"},{"@type":"Person","@id":"https:\/\/www.noticiasradioreflejos.com.ar\/2021\/#\/schema\/person\/ad82545263dcc5ec0996818884fd5fb1","name":"Arnaldo Botto","image":{"@type":"ImageObject","inLanguage":"es","@id":"https:\/\/www.noticiasradioreflejos.com.ar\/2021\/#\/schema\/person\/image\/","url":"https:\/\/secure.gravatar.com\/avatar\/55cb5e37c1efa326397366e6974cb338056df65cb50e7d64d1cf314e87504837?s=96&d=mm&r=g","contentUrl":"https:\/\/secure.gravatar.com\/avatar\/55cb5e37c1efa326397366e6974cb338056df65cb50e7d64d1cf314e87504837?s=96&d=mm&r=g","caption":"Arnaldo Botto"},"url":"https:\/\/www.noticiasradioreflejos.com.ar\/2021\/author\/arnaldo\/"}]}},"_links":{"self":[{"href":"https:\/\/www.noticiasradioreflejos.com.ar\/2021\/wp-json\/wp\/v2\/posts\/76977","targetHints":{"allow":["GET"]}}],"collection":[{"href":"https:\/\/www.noticiasradioreflejos.com.ar\/2021\/wp-json\/wp\/v2\/posts"}],"about":[{"href":"https:\/\/www.noticiasradioreflejos.com.ar\/2021\/wp-json\/wp\/v2\/types\/post"}],"author":[{"embeddable":true,"href":"https:\/\/www.noticiasradioreflejos.com.ar\/2021\/wp-json\/wp\/v2\/users\/3"}],"replies":[{"embeddable":true,"href":"https:\/\/www.noticiasradioreflejos.com.ar\/2021\/wp-json\/wp\/v2\/comments?post=76977"}],"version-history":[{"count":5,"href":"https:\/\/www.noticiasradioreflejos.com.ar\/2021\/wp-json\/wp\/v2\/posts\/76977\/revisions"}],"predecessor-version":[{"id":76986,"href":"https:\/\/www.noticiasradioreflejos.com.ar\/2021\/wp-json\/wp\/v2\/posts\/76977\/revisions\/76986"}],"wp:attachment":[{"href":"https:\/\/www.noticiasradioreflejos.com.ar\/2021\/wp-json\/wp\/v2\/media?parent=76977"}],"wp:term":[{"taxonomy":"category","embeddable":true,"href":"https:\/\/www.noticiasradioreflejos.com.ar\/2021\/wp-json\/wp\/v2\/categories?post=76977"},{"taxonomy":"post_tag","embeddable":true,"href":"https:\/\/www.noticiasradioreflejos.com.ar\/2021\/wp-json\/wp\/v2\/tags?post=76977"}],"curies":[{"name":"wp","href":"https:\/\/api.w.org\/{rel}","templated":true}]}}