{"id":76974,"date":"2022-08-30T18:28:44","date_gmt":"2022-08-30T18:28:44","guid":{"rendered":"http:\/\/www.noticiasradioreflejos.com.ar\/2021\/?p=76974"},"modified":"2022-08-30T18:28:44","modified_gmt":"2022-08-30T18:28:44","slug":"las-familias-de-saldungaray-tienen-un-libro-con-su-historia","status":"publish","type":"post","link":"https:\/\/www.noticiasradioreflejos.com.ar\/2021\/las-familias-de-saldungaray-tienen-un-libro-con-su-historia\/","title":{"rendered":"Las familias de Saldungaray tienen un libro con su historia"},"content":{"rendered":"<p>La escritora aficionada Nora G\u00f3mez presentar\u00e1 su creaci\u00f3n este s\u00e1bado en la Biblioteca Popular Gral. Jos\u00e9 de San Mart\u00edn.<!--more--><\/p>\n<p>\u201cFue una emoci\u00f3n muy grande ver que una persona me cont\u00f3 que gracias a mi investigaci\u00f3n descubri\u00f3 que tuvo parientes en Saldungaray\u201d. Con esa breve frase, Nora G\u00f3mez sintetiza la importancia de su trabajo.<\/p>\n<p>Es que gracias a sus ganas de investigar las ra\u00edces del lugar, recopil\u00f3 datos y termin\u00f3 creando \u201cSaldungaray, familia, herencia y tradici\u00f3n\u201d, un libro que se presentar\u00e1 el S\u00e1bado, a partir de las 17hs, en la Biblioteca Popular Gral. Jos\u00e9 de San Mart\u00edn (La Plata y Pav\u00f3n).<\/p>\n<p>Al respecto, Nora, entre nervios y alegr\u00eda, coment\u00f3 que \u201chace muchos a\u00f1os comenc\u00e9 a recopilar datos. Inici\u00e9 con un libro de mis antepasados. En el 2017, cuando se hizo el desfile, las chicas que organizaron me pidieron ayuda. All\u00ed comenc\u00e9 a juntar y recopilar para ese desfile. El lema fue <strong>\u201cFamilia, herencia y tradici\u00f3n\u201d<\/strong>, y ahora es el nombre que lleva el libro\u201d.<\/p>\n<p><a title=\"WhatsApp Image 2022-08-26 at 7.04.42 PM\" href=\"https:\/\/www.flickr.com\/photos\/182279889@N02\/52322898989\/in\/dateposted-public\/\" data-flickr-embed=\"true\"><img loading=\"lazy\" decoding=\"async\" class=\"aligncenter\" src=\"https:\/\/live.staticflickr.com\/65535\/52322898989_b47a887dc0_z.jpg\" alt=\"WhatsApp Image 2022-08-26 at 7.04.42 PM\" width=\"591\" height=\"591\" \/><\/a><\/p>\n<p>Poniendo \u00e9nfasis en ese detalle no menor, asegur\u00f3 que \u201cpude juntar muchos datos. Y en el 2020, con el tema de la pandemia que no pudimos festejar, se me ocurri\u00f3 ir poni\u00e9ndolo en Facebook. Tuvo tanta aceptaci\u00f3n, que me empezaron a decir que haga el libro. Hace unos meses me decid\u00ed y el s\u00e1bado veremos qu\u00e9 resulta\u201d.<\/p>\n<p>De igual manera reconoci\u00f3 que \u201ctuve que buscar una editorial, pagar todos los derechos. Hay muchos requisitos que hay que cumplir, por eso es que busqu\u00e9 una editorial\u201d.<\/p>\n<p>&nbsp;<\/p>\n<p><iframe loading=\"lazy\" src=\"https:\/\/w.soundcloud.com\/player\/?url=https%3A\/\/api.soundcloud.com\/tracks\/1334170075&amp;color=%23ff5500&amp;auto_play=false&amp;hide_related=false&amp;show_comments=true&amp;show_user=true&amp;show_reposts=false&amp;show_teaser=true\" width=\"100%\" height=\"166\" frameborder=\"no\" scrolling=\"no\"><\/iframe><\/p>\n<div style=\"font-size: 10px; color: #cccccc; line-break: anywhere; word-break: normal; overflow: hidden; white-space: nowrap; text-overflow: ellipsis; font-family: Interstate,Lucida Grande,Lucida Sans Unicode,Lucida Sans,Garuda,Verdana,Tahoma,sans-serif; font-weight: 100;\"><a style=\"color: #cccccc; text-decoration: none;\" title=\"fmreflejos 103.7\" href=\"https:\/\/soundcloud.com\/fmreflejos-103-7\" target=\"_blank\" rel=\"noopener\">fmreflejos 103.7<\/a> \u00b7 <a style=\"color: #cccccc; text-decoration: none;\" title=\"Nora Gomez\" href=\"https:\/\/soundcloud.com\/fmreflejos-103-7\/nora-gomez-1\" target=\"_blank\" rel=\"noopener\">Nora Gomez<\/a><\/div>\n","protected":false},"excerpt":{"rendered":"<p>La escritora aficionada Nora G\u00f3mez presentar\u00e1 su creaci\u00f3n este s\u00e1bado en la Biblioteca Popular Gral. Jos\u00e9 de San Mart\u00edn.<\/p>\n","protected":false},"author":3,"featured_media":0,"comment_status":"closed","ping_status":"closed","sticky":false,"template":"","format":"standard","meta":{"footnotes":""},"categories":[35,26],"tags":[48],"class_list":["post-76974","post","type-post","status-publish","format-standard","hentry","category-cultura","category-sociedad","tag-destacada"],"yoast_head":"<!-- This site is optimized with the Yoast SEO plugin v25.9 - https:\/\/yoast.com\/wordpress\/plugins\/seo\/ -->\n<title>Las familias de Saldungaray tienen un libro con su historia - Noticias Radio Reflejos<\/title>\n<meta name=\"robots\" content=\"index, follow, max-snippet:-1, max-image-preview:large, max-video-preview:-1\" \/>\n<link rel=\"canonical\" href=\"https:\/\/www.noticiasradioreflejos.com.ar\/2021\/las-familias-de-saldungaray-tienen-un-libro-con-su-historia\/\" \/>\n<meta property=\"og:locale\" content=\"es_ES\" \/>\n<meta property=\"og:type\" content=\"article\" \/>\n<meta property=\"og:title\" content=\"Las familias de Saldungaray tienen un libro con su historia - Noticias Radio Reflejos\" \/>\n<meta property=\"og:description\" content=\"La escritora aficionada Nora G\u00f3mez presentar\u00e1 su creaci\u00f3n este s\u00e1bado en la Biblioteca Popular Gral. Jos\u00e9 de San Mart\u00edn.\" \/>\n<meta property=\"og:url\" content=\"https:\/\/www.noticiasradioreflejos.com.ar\/2021\/las-familias-de-saldungaray-tienen-un-libro-con-su-historia\/\" \/>\n<meta property=\"og:site_name\" content=\"Noticias Radio Reflejos\" \/>\n<meta property=\"article:published_time\" content=\"2022-08-30T18:28:44+00:00\" \/>\n<meta property=\"og:image\" content=\"https:\/\/live.staticflickr.com\/65535\/52322898989_b47a887dc0_z.jpg\" \/>\n<meta name=\"author\" content=\"Arnaldo Botto\" \/>\n<meta name=\"twitter:card\" content=\"summary_large_image\" \/>\n<script type=\"application\/ld+json\" class=\"yoast-schema-graph\">{\"@context\":\"https:\/\/schema.org\",\"@graph\":[{\"@type\":\"WebPage\",\"@id\":\"https:\/\/www.noticiasradioreflejos.com.ar\/2021\/las-familias-de-saldungaray-tienen-un-libro-con-su-historia\/\",\"url\":\"https:\/\/www.noticiasradioreflejos.com.ar\/2021\/las-familias-de-saldungaray-tienen-un-libro-con-su-historia\/\",\"name\":\"Las familias de Saldungaray tienen un libro con su historia - Noticias Radio Reflejos\",\"isPartOf\":{\"@id\":\"https:\/\/www.noticiasradioreflejos.com.ar\/2021\/#website\"},\"primaryImageOfPage\":{\"@id\":\"https:\/\/www.noticiasradioreflejos.com.ar\/2021\/las-familias-de-saldungaray-tienen-un-libro-con-su-historia\/#primaryimage\"},\"image\":{\"@id\":\"https:\/\/www.noticiasradioreflejos.com.ar\/2021\/las-familias-de-saldungaray-tienen-un-libro-con-su-historia\/#primaryimage\"},\"thumbnailUrl\":\"https:\/\/live.staticflickr.com\/65535\/52322898989_b47a887dc0_z.jpg\",\"datePublished\":\"2022-08-30T18:28:44+00:00\",\"author\":{\"@id\":\"https:\/\/www.noticiasradioreflejos.com.ar\/2021\/#\/schema\/person\/ad82545263dcc5ec0996818884fd5fb1\"},\"breadcrumb\":{\"@id\":\"https:\/\/www.noticiasradioreflejos.com.ar\/2021\/las-familias-de-saldungaray-tienen-un-libro-con-su-historia\/#breadcrumb\"},\"inLanguage\":\"es\",\"potentialAction\":[{\"@type\":\"ReadAction\",\"target\":[\"https:\/\/www.noticiasradioreflejos.com.ar\/2021\/las-familias-de-saldungaray-tienen-un-libro-con-su-historia\/\"]}]},{\"@type\":\"ImageObject\",\"inLanguage\":\"es\",\"@id\":\"https:\/\/www.noticiasradioreflejos.com.ar\/2021\/las-familias-de-saldungaray-tienen-un-libro-con-su-historia\/#primaryimage\",\"url\":\"https:\/\/live.staticflickr.com\/65535\/52322898989_b47a887dc0_z.jpg\",\"contentUrl\":\"https:\/\/live.staticflickr.com\/65535\/52322898989_b47a887dc0_z.jpg\"},{\"@type\":\"BreadcrumbList\",\"@id\":\"https:\/\/www.noticiasradioreflejos.com.ar\/2021\/las-familias-de-saldungaray-tienen-un-libro-con-su-historia\/#breadcrumb\",\"itemListElement\":[{\"@type\":\"ListItem\",\"position\":1,\"name\":\"Portada\",\"item\":\"https:\/\/www.noticiasradioreflejos.com.ar\/2021\/\"},{\"@type\":\"ListItem\",\"position\":2,\"name\":\"Las familias de Saldungaray tienen un libro con su historia\"}]},{\"@type\":\"WebSite\",\"@id\":\"https:\/\/www.noticiasradioreflejos.com.ar\/2021\/#website\",\"url\":\"https:\/\/www.noticiasradioreflejos.com.ar\/2021\/\",\"name\":\"Noticias Radio Reflejos\",\"description\":\"Las noticias de mi comarca\",\"potentialAction\":[{\"@type\":\"SearchAction\",\"target\":{\"@type\":\"EntryPoint\",\"urlTemplate\":\"https:\/\/www.noticiasradioreflejos.com.ar\/2021\/?s={search_term_string}\"},\"query-input\":{\"@type\":\"PropertyValueSpecification\",\"valueRequired\":true,\"valueName\":\"search_term_string\"}}],\"inLanguage\":\"es\"},{\"@type\":\"Person\",\"@id\":\"https:\/\/www.noticiasradioreflejos.com.ar\/2021\/#\/schema\/person\/ad82545263dcc5ec0996818884fd5fb1\",\"name\":\"Arnaldo Botto\",\"image\":{\"@type\":\"ImageObject\",\"inLanguage\":\"es\",\"@id\":\"https:\/\/www.noticiasradioreflejos.com.ar\/2021\/#\/schema\/person\/image\/\",\"url\":\"https:\/\/secure.gravatar.com\/avatar\/55cb5e37c1efa326397366e6974cb338056df65cb50e7d64d1cf314e87504837?s=96&d=mm&r=g\",\"contentUrl\":\"https:\/\/secure.gravatar.com\/avatar\/55cb5e37c1efa326397366e6974cb338056df65cb50e7d64d1cf314e87504837?s=96&d=mm&r=g\",\"caption\":\"Arnaldo Botto\"},\"url\":\"https:\/\/www.noticiasradioreflejos.com.ar\/2021\/author\/arnaldo\/\"}]}<\/script>\n<!-- \/ Yoast SEO plugin. -->","yoast_head_json":{"title":"Las familias de Saldungaray tienen un libro con su historia - Noticias Radio Reflejos","robots":{"index":"index","follow":"follow","max-snippet":"max-snippet:-1","max-image-preview":"max-image-preview:large","max-video-preview":"max-video-preview:-1"},"canonical":"https:\/\/www.noticiasradioreflejos.com.ar\/2021\/las-familias-de-saldungaray-tienen-un-libro-con-su-historia\/","og_locale":"es_ES","og_type":"article","og_title":"Las familias de Saldungaray tienen un libro con su historia - Noticias Radio Reflejos","og_description":"La escritora aficionada Nora G\u00f3mez presentar\u00e1 su creaci\u00f3n este s\u00e1bado en la Biblioteca Popular Gral. Jos\u00e9 de San Mart\u00edn.","og_url":"https:\/\/www.noticiasradioreflejos.com.ar\/2021\/las-familias-de-saldungaray-tienen-un-libro-con-su-historia\/","og_site_name":"Noticias Radio Reflejos","article_published_time":"2022-08-30T18:28:44+00:00","og_image":[{"url":"https:\/\/live.staticflickr.com\/65535\/52322898989_b47a887dc0_z.jpg","type":"","width":"","height":""}],"author":"Arnaldo Botto","twitter_card":"summary_large_image","schema":{"@context":"https:\/\/schema.org","@graph":[{"@type":"WebPage","@id":"https:\/\/www.noticiasradioreflejos.com.ar\/2021\/las-familias-de-saldungaray-tienen-un-libro-con-su-historia\/","url":"https:\/\/www.noticiasradioreflejos.com.ar\/2021\/las-familias-de-saldungaray-tienen-un-libro-con-su-historia\/","name":"Las familias de Saldungaray tienen un libro con su historia - Noticias Radio Reflejos","isPartOf":{"@id":"https:\/\/www.noticiasradioreflejos.com.ar\/2021\/#website"},"primaryImageOfPage":{"@id":"https:\/\/www.noticiasradioreflejos.com.ar\/2021\/las-familias-de-saldungaray-tienen-un-libro-con-su-historia\/#primaryimage"},"image":{"@id":"https:\/\/www.noticiasradioreflejos.com.ar\/2021\/las-familias-de-saldungaray-tienen-un-libro-con-su-historia\/#primaryimage"},"thumbnailUrl":"https:\/\/live.staticflickr.com\/65535\/52322898989_b47a887dc0_z.jpg","datePublished":"2022-08-30T18:28:44+00:00","author":{"@id":"https:\/\/www.noticiasradioreflejos.com.ar\/2021\/#\/schema\/person\/ad82545263dcc5ec0996818884fd5fb1"},"breadcrumb":{"@id":"https:\/\/www.noticiasradioreflejos.com.ar\/2021\/las-familias-de-saldungaray-tienen-un-libro-con-su-historia\/#breadcrumb"},"inLanguage":"es","potentialAction":[{"@type":"ReadAction","target":["https:\/\/www.noticiasradioreflejos.com.ar\/2021\/las-familias-de-saldungaray-tienen-un-libro-con-su-historia\/"]}]},{"@type":"ImageObject","inLanguage":"es","@id":"https:\/\/www.noticiasradioreflejos.com.ar\/2021\/las-familias-de-saldungaray-tienen-un-libro-con-su-historia\/#primaryimage","url":"https:\/\/live.staticflickr.com\/65535\/52322898989_b47a887dc0_z.jpg","contentUrl":"https:\/\/live.staticflickr.com\/65535\/52322898989_b47a887dc0_z.jpg"},{"@type":"BreadcrumbList","@id":"https:\/\/www.noticiasradioreflejos.com.ar\/2021\/las-familias-de-saldungaray-tienen-un-libro-con-su-historia\/#breadcrumb","itemListElement":[{"@type":"ListItem","position":1,"name":"Portada","item":"https:\/\/www.noticiasradioreflejos.com.ar\/2021\/"},{"@type":"ListItem","position":2,"name":"Las familias de Saldungaray tienen un libro con su historia"}]},{"@type":"WebSite","@id":"https:\/\/www.noticiasradioreflejos.com.ar\/2021\/#website","url":"https:\/\/www.noticiasradioreflejos.com.ar\/2021\/","name":"Noticias Radio Reflejos","description":"Las noticias de mi comarca","potentialAction":[{"@type":"SearchAction","target":{"@type":"EntryPoint","urlTemplate":"https:\/\/www.noticiasradioreflejos.com.ar\/2021\/?s={search_term_string}"},"query-input":{"@type":"PropertyValueSpecification","valueRequired":true,"valueName":"search_term_string"}}],"inLanguage":"es"},{"@type":"Person","@id":"https:\/\/www.noticiasradioreflejos.com.ar\/2021\/#\/schema\/person\/ad82545263dcc5ec0996818884fd5fb1","name":"Arnaldo Botto","image":{"@type":"ImageObject","inLanguage":"es","@id":"https:\/\/www.noticiasradioreflejos.com.ar\/2021\/#\/schema\/person\/image\/","url":"https:\/\/secure.gravatar.com\/avatar\/55cb5e37c1efa326397366e6974cb338056df65cb50e7d64d1cf314e87504837?s=96&d=mm&r=g","contentUrl":"https:\/\/secure.gravatar.com\/avatar\/55cb5e37c1efa326397366e6974cb338056df65cb50e7d64d1cf314e87504837?s=96&d=mm&r=g","caption":"Arnaldo Botto"},"url":"https:\/\/www.noticiasradioreflejos.com.ar\/2021\/author\/arnaldo\/"}]}},"_links":{"self":[{"href":"https:\/\/www.noticiasradioreflejos.com.ar\/2021\/wp-json\/wp\/v2\/posts\/76974","targetHints":{"allow":["GET"]}}],"collection":[{"href":"https:\/\/www.noticiasradioreflejos.com.ar\/2021\/wp-json\/wp\/v2\/posts"}],"about":[{"href":"https:\/\/www.noticiasradioreflejos.com.ar\/2021\/wp-json\/wp\/v2\/types\/post"}],"author":[{"embeddable":true,"href":"https:\/\/www.noticiasradioreflejos.com.ar\/2021\/wp-json\/wp\/v2\/users\/3"}],"replies":[{"embeddable":true,"href":"https:\/\/www.noticiasradioreflejos.com.ar\/2021\/wp-json\/wp\/v2\/comments?post=76974"}],"version-history":[{"count":2,"href":"https:\/\/www.noticiasradioreflejos.com.ar\/2021\/wp-json\/wp\/v2\/posts\/76974\/revisions"}],"predecessor-version":[{"id":76991,"href":"https:\/\/www.noticiasradioreflejos.com.ar\/2021\/wp-json\/wp\/v2\/posts\/76974\/revisions\/76991"}],"wp:attachment":[{"href":"https:\/\/www.noticiasradioreflejos.com.ar\/2021\/wp-json\/wp\/v2\/media?parent=76974"}],"wp:term":[{"taxonomy":"category","embeddable":true,"href":"https:\/\/www.noticiasradioreflejos.com.ar\/2021\/wp-json\/wp\/v2\/categories?post=76974"},{"taxonomy":"post_tag","embeddable":true,"href":"https:\/\/www.noticiasradioreflejos.com.ar\/2021\/wp-json\/wp\/v2\/tags?post=76974"}],"curies":[{"name":"wp","href":"https:\/\/api.w.org\/{rel}","templated":true}]}}