{"id":76972,"date":"2022-08-30T18:06:14","date_gmt":"2022-08-30T18:06:14","guid":{"rendered":"http:\/\/www.noticiasradioreflejos.com.ar\/2021\/?p=76972"},"modified":"2022-08-30T18:06:14","modified_gmt":"2022-08-30T18:06:14","slug":"insinuar-que-el-ano-que-viene-se-pueden-arrancar-90-viviendas-es-demagogia","status":"publish","type":"post","link":"https:\/\/www.noticiasradioreflejos.com.ar\/2021\/insinuar-que-el-ano-que-viene-se-pueden-arrancar-90-viviendas-es-demagogia\/","title":{"rendered":"\u201cInsinuar que el a\u00f1o que viene se pueden arrancar 90 viviendas es demagogia\u201d"},"content":{"rendered":"<p>El edil de Juntos por el Cambio, <strong>Luis Castro<\/strong>, se refiri\u00f3 a los dichos del intendente <strong>Sergio Bordoni<\/strong> y se meti\u00f3 en el tema tierras. \u201cPrimero hay que llevar los servicios\u201d fustig\u00f3.<!--more--><\/p>\n<p>Fiel a su estilo, Luis Castro cay\u00f3 de lleno en el tema tierras y la potencialidad de generar viviendas dentro de la subdivisi\u00f3n de un macizo que tambi\u00e9n albergar\u00e1 al Club Ventana, la Terminal y un Polideportivo.<\/p>\n<p>Referido a esto, asegur\u00f3 que \u201chacer esos anuncios sabiendo la crisis habitacional y econ\u00f3mica que tenemos, anunciar o insinuar que el a\u00f1o que viene se pueden arrancar 90 viviendas es demagogia y no suma. Hay que trabajar con seriedad y que no es de un d\u00eda para el otro\u201d.<\/p>\n<p>Al mismo tiempo sostuvo que \u201cprimero hay que llevar todos los servicios a esas tierras. No es lo mismo llevarlas hasta all\u00e1, que llevarlas a las tierras que tenemos en Tornquist, pegadas al pueblo. Los tiempos y la burocracia tambi\u00e9n juegan un papel. Hay que ser cautos al momento de anunciar\u201d.<\/p>\n<p>Siguiendo en la charla, confirm\u00f3 que \u201cla semana pasada en el Concejo se trat\u00f3 el tema el expediente que ced\u00eda tierras municipales al Sindicato. Hubo alguna discusi\u00f3n, alguna desinteligencia\u2026 pero se dio m\u00e1s sobre la ausencia de informaci\u00f3n en el expediente y la actitud que tuvo el Sindicato, que si bien pidieron disculpas p\u00fablicas, no fueron las correctas\u201d.<\/p>\n<p>Y en esa l\u00ednea reiter\u00f3 que \u201cel d\u00e9ficit habitacional est\u00e1 en agenda en el distrito y todo el pa\u00eds. Pero m\u00e1s all\u00e1 de eso, lo tenemos que tratar con seriedad y sin demagogia. Principalmente porque estamos administrando bienes del estado\u201d.<\/p>\n<p>Yendo al detalle, mencion\u00f3 que \u201cel municipio cedi\u00f3 dos manzanas de tierras al Sindicato de Municipales para el Procrear. Ahora el Sindicato deber\u00e1 hacer un listado, que los afiliados se anotes y dem\u00e1s situaciones que solicita el Ministerio de H\u00e1bitat. De igual manera no est\u00e1n subdivididas esas parcelas\u201d.<\/p>\n<p>En tanto que \u201ccon respecto a Suteba, que es otro expediente aparte, ya hemos tenido reuniones y nos tenemos que volver a juntar donde tambi\u00e9n estar\u00e1 presente el intendente. Eso suceder\u00e1 en los pr\u00f3ximos d\u00edas. Ellos piden una manzana\u201d.<\/p>\n<p>Por \u00faltimo reconoci\u00f3 que \u201ccon la gente de la Agrupaci\u00f3n Ventania tuvimos una reuni\u00f3n. Hablamos de adherir a la Ley de H\u00e1bitat y luego cumplir con lo que dice la ley, creando los organismos que indican. A Tornquist le hace falta este amparo legal, ya que este Consejo Asesor al crearse democratizar\u00e1 lo que tiene que ver con el planeamiento, las tierras y las viviendas en el distrito. En los \u00faltimos a\u00f1os el manejo de bienes p\u00fablicos est\u00e1 siendo discrecional\u201d.<\/p>\n<p>&nbsp;<\/p>\n<p>&nbsp;<\/p>\n<p><iframe loading=\"lazy\" src=\"https:\/\/w.soundcloud.com\/player\/?url=https%3A\/\/api.soundcloud.com\/tracks\/1334161471&amp;color=%23ff5500&amp;auto_play=false&amp;hide_related=false&amp;show_comments=true&amp;show_user=true&amp;show_reposts=false&amp;show_teaser=true\" width=\"100%\" height=\"166\" frameborder=\"no\" scrolling=\"no\"><\/iframe><\/p>\n<div style=\"font-size: 10px; color: #cccccc; line-break: anywhere; word-break: normal; overflow: hidden; white-space: nowrap; text-overflow: ellipsis; font-family: Interstate,Lucida Grande,Lucida Sans Unicode,Lucida Sans,Garuda,Verdana,Tahoma,sans-serif; font-weight: 100;\"><a style=\"color: #cccccc; text-decoration: none;\" title=\"fmreflejos 103.7\" href=\"https:\/\/soundcloud.com\/fmreflejos-103-7\" target=\"_blank\" rel=\"noopener\">fmreflejos 103.7<\/a> \u00b7 <a style=\"color: #cccccc; text-decoration: none;\" title=\"Luis Castro\" href=\"https:\/\/soundcloud.com\/fmreflejos-103-7\/luis-castro-154873314\" target=\"_blank\" rel=\"noopener\">Luis Castro<\/a><\/div>\n","protected":false},"excerpt":{"rendered":"<p>El edil de Juntos por el Cambio, Luis Castro, se refiri\u00f3 a los dichos del intendente Sergio Bordoni y se meti\u00f3 en el tema tierras. \u201cPrimero hay que llevar los servicios\u201d fustig\u00f3.<\/p>\n","protected":false},"author":3,"featured_media":64985,"comment_status":"closed","ping_status":"closed","sticky":false,"template":"","format":"standard","meta":{"footnotes":""},"categories":[24],"tags":[48],"class_list":["post-76972","post","type-post","status-publish","format-standard","has-post-thumbnail","hentry","category-politica","tag-destacada"],"yoast_head":"<!-- This site is optimized with the Yoast SEO plugin v25.9 - https:\/\/yoast.com\/wordpress\/plugins\/seo\/ -->\n<title>\u201cInsinuar que el a\u00f1o que viene se pueden arrancar 90 viviendas es demagogia\u201d - Noticias Radio Reflejos<\/title>\n<meta name=\"robots\" content=\"index, follow, max-snippet:-1, max-image-preview:large, max-video-preview:-1\" \/>\n<link rel=\"canonical\" href=\"https:\/\/www.noticiasradioreflejos.com.ar\/2021\/insinuar-que-el-ano-que-viene-se-pueden-arrancar-90-viviendas-es-demagogia\/\" \/>\n<meta property=\"og:locale\" content=\"es_ES\" \/>\n<meta property=\"og:type\" content=\"article\" \/>\n<meta property=\"og:title\" content=\"\u201cInsinuar que el a\u00f1o que viene se pueden arrancar 90 viviendas es demagogia\u201d - Noticias Radio Reflejos\" \/>\n<meta property=\"og:description\" content=\"El edil de Juntos por el Cambio, Luis Castro, se refiri\u00f3 a los dichos del intendente Sergio Bordoni y se meti\u00f3 en el tema tierras. \u201cPrimero hay que llevar los servicios\u201d fustig\u00f3.\" \/>\n<meta property=\"og:url\" content=\"https:\/\/www.noticiasradioreflejos.com.ar\/2021\/insinuar-que-el-ano-que-viene-se-pueden-arrancar-90-viviendas-es-demagogia\/\" \/>\n<meta property=\"og:site_name\" content=\"Noticias Radio Reflejos\" \/>\n<meta property=\"article:published_time\" content=\"2022-08-30T18:06:14+00:00\" \/>\n<meta property=\"og:image\" content=\"https:\/\/www.noticiasradioreflejos.com.ar\/2021\/wp-content\/uploads\/2021\/11\/Sierra-de-la-Ventana-N.png\" \/>\n\t<meta property=\"og:image:width\" content=\"995\" \/>\n\t<meta property=\"og:image:height\" content=\"508\" \/>\n\t<meta property=\"og:image:type\" content=\"image\/png\" \/>\n<meta name=\"author\" content=\"Arnaldo Botto\" \/>\n<meta name=\"twitter:card\" content=\"summary_large_image\" \/>\n<script type=\"application\/ld+json\" class=\"yoast-schema-graph\">{\"@context\":\"https:\/\/schema.org\",\"@graph\":[{\"@type\":\"WebPage\",\"@id\":\"https:\/\/www.noticiasradioreflejos.com.ar\/2021\/insinuar-que-el-ano-que-viene-se-pueden-arrancar-90-viviendas-es-demagogia\/\",\"url\":\"https:\/\/www.noticiasradioreflejos.com.ar\/2021\/insinuar-que-el-ano-que-viene-se-pueden-arrancar-90-viviendas-es-demagogia\/\",\"name\":\"\u201cInsinuar que el a\u00f1o que viene se pueden arrancar 90 viviendas es demagogia\u201d - Noticias Radio Reflejos\",\"isPartOf\":{\"@id\":\"https:\/\/www.noticiasradioreflejos.com.ar\/2021\/#website\"},\"primaryImageOfPage\":{\"@id\":\"https:\/\/www.noticiasradioreflejos.com.ar\/2021\/insinuar-que-el-ano-que-viene-se-pueden-arrancar-90-viviendas-es-demagogia\/#primaryimage\"},\"image\":{\"@id\":\"https:\/\/www.noticiasradioreflejos.com.ar\/2021\/insinuar-que-el-ano-que-viene-se-pueden-arrancar-90-viviendas-es-demagogia\/#primaryimage\"},\"thumbnailUrl\":\"https:\/\/www.noticiasradioreflejos.com.ar\/2021\/wp-content\/uploads\/2021\/11\/Sierra-de-la-Ventana-N.png\",\"datePublished\":\"2022-08-30T18:06:14+00:00\",\"author\":{\"@id\":\"https:\/\/www.noticiasradioreflejos.com.ar\/2021\/#\/schema\/person\/ad82545263dcc5ec0996818884fd5fb1\"},\"breadcrumb\":{\"@id\":\"https:\/\/www.noticiasradioreflejos.com.ar\/2021\/insinuar-que-el-ano-que-viene-se-pueden-arrancar-90-viviendas-es-demagogia\/#breadcrumb\"},\"inLanguage\":\"es\",\"potentialAction\":[{\"@type\":\"ReadAction\",\"target\":[\"https:\/\/www.noticiasradioreflejos.com.ar\/2021\/insinuar-que-el-ano-que-viene-se-pueden-arrancar-90-viviendas-es-demagogia\/\"]}]},{\"@type\":\"ImageObject\",\"inLanguage\":\"es\",\"@id\":\"https:\/\/www.noticiasradioreflejos.com.ar\/2021\/insinuar-que-el-ano-que-viene-se-pueden-arrancar-90-viviendas-es-demagogia\/#primaryimage\",\"url\":\"https:\/\/www.noticiasradioreflejos.com.ar\/2021\/wp-content\/uploads\/2021\/11\/Sierra-de-la-Ventana-N.png\",\"contentUrl\":\"https:\/\/www.noticiasradioreflejos.com.ar\/2021\/wp-content\/uploads\/2021\/11\/Sierra-de-la-Ventana-N.png\",\"width\":995,\"height\":508},{\"@type\":\"BreadcrumbList\",\"@id\":\"https:\/\/www.noticiasradioreflejos.com.ar\/2021\/insinuar-que-el-ano-que-viene-se-pueden-arrancar-90-viviendas-es-demagogia\/#breadcrumb\",\"itemListElement\":[{\"@type\":\"ListItem\",\"position\":1,\"name\":\"Portada\",\"item\":\"https:\/\/www.noticiasradioreflejos.com.ar\/2021\/\"},{\"@type\":\"ListItem\",\"position\":2,\"name\":\"\u201cInsinuar que el a\u00f1o que viene se pueden arrancar 90 viviendas es demagogia\u201d\"}]},{\"@type\":\"WebSite\",\"@id\":\"https:\/\/www.noticiasradioreflejos.com.ar\/2021\/#website\",\"url\":\"https:\/\/www.noticiasradioreflejos.com.ar\/2021\/\",\"name\":\"Noticias Radio Reflejos\",\"description\":\"Las noticias de mi comarca\",\"potentialAction\":[{\"@type\":\"SearchAction\",\"target\":{\"@type\":\"EntryPoint\",\"urlTemplate\":\"https:\/\/www.noticiasradioreflejos.com.ar\/2021\/?s={search_term_string}\"},\"query-input\":{\"@type\":\"PropertyValueSpecification\",\"valueRequired\":true,\"valueName\":\"search_term_string\"}}],\"inLanguage\":\"es\"},{\"@type\":\"Person\",\"@id\":\"https:\/\/www.noticiasradioreflejos.com.ar\/2021\/#\/schema\/person\/ad82545263dcc5ec0996818884fd5fb1\",\"name\":\"Arnaldo Botto\",\"image\":{\"@type\":\"ImageObject\",\"inLanguage\":\"es\",\"@id\":\"https:\/\/www.noticiasradioreflejos.com.ar\/2021\/#\/schema\/person\/image\/\",\"url\":\"https:\/\/secure.gravatar.com\/avatar\/55cb5e37c1efa326397366e6974cb338056df65cb50e7d64d1cf314e87504837?s=96&d=mm&r=g\",\"contentUrl\":\"https:\/\/secure.gravatar.com\/avatar\/55cb5e37c1efa326397366e6974cb338056df65cb50e7d64d1cf314e87504837?s=96&d=mm&r=g\",\"caption\":\"Arnaldo Botto\"},\"url\":\"https:\/\/www.noticiasradioreflejos.com.ar\/2021\/author\/arnaldo\/\"}]}<\/script>\n<!-- \/ Yoast SEO plugin. -->","yoast_head_json":{"title":"\u201cInsinuar que el a\u00f1o que viene se pueden arrancar 90 viviendas es demagogia\u201d - Noticias Radio Reflejos","robots":{"index":"index","follow":"follow","max-snippet":"max-snippet:-1","max-image-preview":"max-image-preview:large","max-video-preview":"max-video-preview:-1"},"canonical":"https:\/\/www.noticiasradioreflejos.com.ar\/2021\/insinuar-que-el-ano-que-viene-se-pueden-arrancar-90-viviendas-es-demagogia\/","og_locale":"es_ES","og_type":"article","og_title":"\u201cInsinuar que el a\u00f1o que viene se pueden arrancar 90 viviendas es demagogia\u201d - Noticias Radio Reflejos","og_description":"El edil de Juntos por el Cambio, Luis Castro, se refiri\u00f3 a los dichos del intendente Sergio Bordoni y se meti\u00f3 en el tema tierras. \u201cPrimero hay que llevar los servicios\u201d fustig\u00f3.","og_url":"https:\/\/www.noticiasradioreflejos.com.ar\/2021\/insinuar-que-el-ano-que-viene-se-pueden-arrancar-90-viviendas-es-demagogia\/","og_site_name":"Noticias Radio Reflejos","article_published_time":"2022-08-30T18:06:14+00:00","og_image":[{"width":995,"height":508,"url":"https:\/\/www.noticiasradioreflejos.com.ar\/2021\/wp-content\/uploads\/2021\/11\/Sierra-de-la-Ventana-N.png","type":"image\/png"}],"author":"Arnaldo Botto","twitter_card":"summary_large_image","schema":{"@context":"https:\/\/schema.org","@graph":[{"@type":"WebPage","@id":"https:\/\/www.noticiasradioreflejos.com.ar\/2021\/insinuar-que-el-ano-que-viene-se-pueden-arrancar-90-viviendas-es-demagogia\/","url":"https:\/\/www.noticiasradioreflejos.com.ar\/2021\/insinuar-que-el-ano-que-viene-se-pueden-arrancar-90-viviendas-es-demagogia\/","name":"\u201cInsinuar que el a\u00f1o que viene se pueden arrancar 90 viviendas es demagogia\u201d - Noticias Radio Reflejos","isPartOf":{"@id":"https:\/\/www.noticiasradioreflejos.com.ar\/2021\/#website"},"primaryImageOfPage":{"@id":"https:\/\/www.noticiasradioreflejos.com.ar\/2021\/insinuar-que-el-ano-que-viene-se-pueden-arrancar-90-viviendas-es-demagogia\/#primaryimage"},"image":{"@id":"https:\/\/www.noticiasradioreflejos.com.ar\/2021\/insinuar-que-el-ano-que-viene-se-pueden-arrancar-90-viviendas-es-demagogia\/#primaryimage"},"thumbnailUrl":"https:\/\/www.noticiasradioreflejos.com.ar\/2021\/wp-content\/uploads\/2021\/11\/Sierra-de-la-Ventana-N.png","datePublished":"2022-08-30T18:06:14+00:00","author":{"@id":"https:\/\/www.noticiasradioreflejos.com.ar\/2021\/#\/schema\/person\/ad82545263dcc5ec0996818884fd5fb1"},"breadcrumb":{"@id":"https:\/\/www.noticiasradioreflejos.com.ar\/2021\/insinuar-que-el-ano-que-viene-se-pueden-arrancar-90-viviendas-es-demagogia\/#breadcrumb"},"inLanguage":"es","potentialAction":[{"@type":"ReadAction","target":["https:\/\/www.noticiasradioreflejos.com.ar\/2021\/insinuar-que-el-ano-que-viene-se-pueden-arrancar-90-viviendas-es-demagogia\/"]}]},{"@type":"ImageObject","inLanguage":"es","@id":"https:\/\/www.noticiasradioreflejos.com.ar\/2021\/insinuar-que-el-ano-que-viene-se-pueden-arrancar-90-viviendas-es-demagogia\/#primaryimage","url":"https:\/\/www.noticiasradioreflejos.com.ar\/2021\/wp-content\/uploads\/2021\/11\/Sierra-de-la-Ventana-N.png","contentUrl":"https:\/\/www.noticiasradioreflejos.com.ar\/2021\/wp-content\/uploads\/2021\/11\/Sierra-de-la-Ventana-N.png","width":995,"height":508},{"@type":"BreadcrumbList","@id":"https:\/\/www.noticiasradioreflejos.com.ar\/2021\/insinuar-que-el-ano-que-viene-se-pueden-arrancar-90-viviendas-es-demagogia\/#breadcrumb","itemListElement":[{"@type":"ListItem","position":1,"name":"Portada","item":"https:\/\/www.noticiasradioreflejos.com.ar\/2021\/"},{"@type":"ListItem","position":2,"name":"\u201cInsinuar que el a\u00f1o que viene se pueden arrancar 90 viviendas es demagogia\u201d"}]},{"@type":"WebSite","@id":"https:\/\/www.noticiasradioreflejos.com.ar\/2021\/#website","url":"https:\/\/www.noticiasradioreflejos.com.ar\/2021\/","name":"Noticias Radio Reflejos","description":"Las noticias de mi comarca","potentialAction":[{"@type":"SearchAction","target":{"@type":"EntryPoint","urlTemplate":"https:\/\/www.noticiasradioreflejos.com.ar\/2021\/?s={search_term_string}"},"query-input":{"@type":"PropertyValueSpecification","valueRequired":true,"valueName":"search_term_string"}}],"inLanguage":"es"},{"@type":"Person","@id":"https:\/\/www.noticiasradioreflejos.com.ar\/2021\/#\/schema\/person\/ad82545263dcc5ec0996818884fd5fb1","name":"Arnaldo Botto","image":{"@type":"ImageObject","inLanguage":"es","@id":"https:\/\/www.noticiasradioreflejos.com.ar\/2021\/#\/schema\/person\/image\/","url":"https:\/\/secure.gravatar.com\/avatar\/55cb5e37c1efa326397366e6974cb338056df65cb50e7d64d1cf314e87504837?s=96&d=mm&r=g","contentUrl":"https:\/\/secure.gravatar.com\/avatar\/55cb5e37c1efa326397366e6974cb338056df65cb50e7d64d1cf314e87504837?s=96&d=mm&r=g","caption":"Arnaldo Botto"},"url":"https:\/\/www.noticiasradioreflejos.com.ar\/2021\/author\/arnaldo\/"}]}},"_links":{"self":[{"href":"https:\/\/www.noticiasradioreflejos.com.ar\/2021\/wp-json\/wp\/v2\/posts\/76972","targetHints":{"allow":["GET"]}}],"collection":[{"href":"https:\/\/www.noticiasradioreflejos.com.ar\/2021\/wp-json\/wp\/v2\/posts"}],"about":[{"href":"https:\/\/www.noticiasradioreflejos.com.ar\/2021\/wp-json\/wp\/v2\/types\/post"}],"author":[{"embeddable":true,"href":"https:\/\/www.noticiasradioreflejos.com.ar\/2021\/wp-json\/wp\/v2\/users\/3"}],"replies":[{"embeddable":true,"href":"https:\/\/www.noticiasradioreflejos.com.ar\/2021\/wp-json\/wp\/v2\/comments?post=76972"}],"version-history":[{"count":2,"href":"https:\/\/www.noticiasradioreflejos.com.ar\/2021\/wp-json\/wp\/v2\/posts\/76972\/revisions"}],"predecessor-version":[{"id":76988,"href":"https:\/\/www.noticiasradioreflejos.com.ar\/2021\/wp-json\/wp\/v2\/posts\/76972\/revisions\/76988"}],"wp:featuredmedia":[{"embeddable":true,"href":"https:\/\/www.noticiasradioreflejos.com.ar\/2021\/wp-json\/wp\/v2\/media\/64985"}],"wp:attachment":[{"href":"https:\/\/www.noticiasradioreflejos.com.ar\/2021\/wp-json\/wp\/v2\/media?parent=76972"}],"wp:term":[{"taxonomy":"category","embeddable":true,"href":"https:\/\/www.noticiasradioreflejos.com.ar\/2021\/wp-json\/wp\/v2\/categories?post=76972"},{"taxonomy":"post_tag","embeddable":true,"href":"https:\/\/www.noticiasradioreflejos.com.ar\/2021\/wp-json\/wp\/v2\/tags?post=76972"}],"curies":[{"name":"wp","href":"https:\/\/api.w.org\/{rel}","templated":true}]}}