{"id":76967,"date":"2022-08-30T12:50:27","date_gmt":"2022-08-30T12:50:27","guid":{"rendered":"http:\/\/www.noticiasradioreflejos.com.ar\/2021\/?p=76967"},"modified":"2022-08-30T12:50:27","modified_gmt":"2022-08-30T12:50:27","slug":"larreta-no-acatara-el-fallo-para-sacar-la-policia-de-las-cercanias-de-la-casa-de-cristina-kirchner","status":"publish","type":"post","link":"https:\/\/www.noticiasradioreflejos.com.ar\/2021\/larreta-no-acatara-el-fallo-para-sacar-la-policia-de-las-cercanias-de-la-casa-de-cristina-kirchner\/","title":{"rendered":"Larreta no acatar\u00e1 el fallo para sacar la polic\u00eda de las cercan\u00edas de la casa de Cristina Kirchner"},"content":{"rendered":"<p>En una conferencia de prensa, el jefe de Gobierno porte\u00f1o atribuy\u00f3 la \u00abviolencia\u00bb al kirchnerismo y dijo que apel\u00f3 la decisi\u00f3n judicial que lo obliga a retirar a los efectivos de las inmediaciones de la vivienda de la Vicepresidenta. Agreg\u00f3 que est\u00e1 \u00aborgulloso\u00bb del accionar de la fuerza de seguridad que reprimi\u00f3 a los manifestantes.<!--more--><\/p>\n<figure class=\"mb-3\"><img decoding=\"async\" src=\"https:\/\/www.telam.com.ar\/thumbs\/bluesteel\/advf\/imagenes\/2022\/08\/630dfa2ea1e97_900.jpg\" alt=\"Larreta no acatar el fallo de Gallardo y recusar al juez\" width=\"100%\" height=\"100%\" \/><\/p>\n<div class=\"media-icons\"><\/div><figcaption>Larreta no acatar\u00e1 el fallo de Gallardo y recusar\u00e1 al juez.<\/figcaption><\/figure>\n<p>El jefe de Gobierno de la Ciudad de Buenos Aires, Horacio Rodr\u00edguez Larreta, anunci\u00f3 este martes que no acatar\u00e1 el fallo del juez Roberto Gallardo que ordena correr a la Polic\u00eda de la Ciudad de la custodia del domicilio de Cristina Kirchner.<\/p>\n<p>De hecho, dobl\u00f3 la apuesta y har\u00e1 todo lo contrario:<strong>\u00a0aumentar\u00e1 la presencia en la zona con inspectores de otras \u00e1reas<\/strong>, seg\u00fan anunci\u00f3 en un acto que comparti\u00f3 con su jefe de Gabinete, Felipe de Miguel, y su ministro de Seguridad, Marcelo D\u2019Alessandro.<\/p>\n<p>\u201cEste lunes<strong>\u00a0vimos c\u00f3mo un juez p\u00fablicamente alineado con el kirchnerismo y que no tiene ninguna competencia sobre el tema nos ordena liberar la calle<\/strong>, que no nos ocupemos m\u00e1s de la seguridad de la Ciudad de Buenos Aires, que es una responsabilidad constitucional. Nadie nos puede obligar a no cumplir con nuestras obligaciones\u201d, asegur\u00f3.<\/p>\n<h2 class=\"\">\u00abOrgulloso de la polic\u00eda<\/h2>\n<p>Durante una visita que realiz\u00f3 al Instituto Superior de Seguridad P\u00fablica de la Ciudad, Rodr\u00edguez Larreta dijo:\u00a0\u00ab<strong>Estoy orgulloso, lo hicieron con much\u00edsima responsabilidad, a\u00fan cuando fueron agredidos y terminamos con 20 efectivos heridos<\/strong>. No hubo un solo manifestante herido, lo cual es una muestra m\u00e1s del profesionalismo de la Polic\u00eda\u00bb, manifest\u00f3.<\/p>\n<p>Ayer, el juez Gallardo -con jurisdicci\u00f3n en el \u00e1mbito capitalino- orden\u00f3 al jefe de Gobierno porte\u00f1o que \u201ccese de forma inmediata la ejecuci\u00f3n de cualquier operatoria policial directa o indirectamente vinculada con la custodia\u201d del domicilio de la vicepresidenta, en cuyas puertas el s\u00e1bado pasado se desat\u00f3 una represi\u00f3n contra militantes del Frente de Todos (FdT).<\/p>\n<p>El titular del Juzgado de Primera Instancia en lo Contencioso, Administrativo y Tributario N\u00b0 2 de la ciudad de Buenos Aires dispuso la medida cautelar en el marco del tr\u00e1mite de una serie de recursos de amparo presentados durante el fin de semana por dirigentes vinculados al FdT.<\/p>\n<p>Al referirse al operativo policial del s\u00e1bado pasado, Rodr\u00edguez Larreta sostuvo que \u00absolo en la Argentina uno puede tomar como una provocaci\u00f3n el hecho de poner una valla\u00bb y destac\u00f3 el accionar de los efectivos de la Polic\u00eda porte\u00f1a.<\/p>\n<p>\u00abEstoy orgulloso, lo hicieron con much\u00edsima responsabilidad, a\u00fan cuando fueron agredidos y terminamos con 20 efectivos heridos. No hubo un solo manifestante herido, lo cual es una muestra m\u00e1s del profesionalismo de la Polic\u00eda\u00bb, manifest\u00f3.<\/p>\n<p>En cuanto al fallo del juez Gallardo indic\u00f3 que ya fue apelado y que el magistrado ser\u00e1 recusado: \u00abNadie nos puede obligar a no ejercer nuestras obligaciones, no nos vamos a correr de la obligaci\u00f3n de cuidar a los vecinos de la ciudad\u00bb, dijo el alcalde.<\/p>\n<p>En tanto, Rodr\u00edguez Larreta le pidi\u00f3 a la vicepresidenta que \u00abno siga incitando a las agresiones y a la violencia, y no siga con sus declaraciones echando nafta al fuego\u00bb.<\/p>\n<p>Tras argumentar que Cristina Kirchner se ocupa \u00absolamente de resolver sus problemas personales\u00bb, le reclam\u00f3 que \u00abse ocupen de trazar un rumbo para sacarnos a los argentinos de la situaci\u00f3n en la que estamos\u00bb.<\/p>\n","protected":false},"excerpt":{"rendered":"<p>En una conferencia de prensa, el jefe de Gobierno porte\u00f1o atribuy\u00f3 la \u00abviolencia\u00bb al kirchnerismo y dijo que apel\u00f3 la decisi\u00f3n judicial que lo obliga a retirar a los efectivos de las inmediaciones de la vivienda de la Vicepresidenta. Agreg\u00f3 que est\u00e1 \u00aborgulloso\u00bb del accionar de la fuerza de seguridad que reprimi\u00f3 a los manifestantes.<\/p>\n","protected":false},"author":3,"featured_media":0,"comment_status":"closed","ping_status":"closed","sticky":false,"template":"","format":"standard","meta":{"footnotes":""},"categories":[57,24],"tags":[],"class_list":["post-76967","post","type-post","status-publish","format-standard","hentry","category-judiciales","category-politica"],"yoast_head":"<!-- This site is optimized with the Yoast SEO plugin v25.9 - https:\/\/yoast.com\/wordpress\/plugins\/seo\/ -->\n<title>Larreta no acatar\u00e1 el fallo para sacar la polic\u00eda de las cercan\u00edas de la casa de Cristina Kirchner - Noticias Radio Reflejos<\/title>\n<meta name=\"robots\" content=\"index, follow, max-snippet:-1, max-image-preview:large, max-video-preview:-1\" \/>\n<link rel=\"canonical\" href=\"https:\/\/www.noticiasradioreflejos.com.ar\/2021\/larreta-no-acatara-el-fallo-para-sacar-la-policia-de-las-cercanias-de-la-casa-de-cristina-kirchner\/\" \/>\n<meta property=\"og:locale\" content=\"es_ES\" \/>\n<meta property=\"og:type\" content=\"article\" \/>\n<meta property=\"og:title\" content=\"Larreta no acatar\u00e1 el fallo para sacar la polic\u00eda de las cercan\u00edas de la casa de Cristina Kirchner - Noticias Radio Reflejos\" \/>\n<meta property=\"og:description\" content=\"En una conferencia de prensa, el jefe de Gobierno porte\u00f1o atribuy\u00f3 la \u00abviolencia\u00bb al kirchnerismo y dijo que apel\u00f3 la decisi\u00f3n judicial que lo obliga a retirar a los efectivos de las inmediaciones de la vivienda de la Vicepresidenta. Agreg\u00f3 que est\u00e1 \u00aborgulloso\u00bb del accionar de la fuerza de seguridad que reprimi\u00f3 a los manifestantes.\" \/>\n<meta property=\"og:url\" content=\"https:\/\/www.noticiasradioreflejos.com.ar\/2021\/larreta-no-acatara-el-fallo-para-sacar-la-policia-de-las-cercanias-de-la-casa-de-cristina-kirchner\/\" \/>\n<meta property=\"og:site_name\" content=\"Noticias Radio Reflejos\" \/>\n<meta property=\"article:published_time\" content=\"2022-08-30T12:50:27+00:00\" \/>\n<meta property=\"og:image\" content=\"https:\/\/www.telam.com.ar\/thumbs\/bluesteel\/advf\/imagenes\/2022\/08\/630dfa2ea1e97_900.jpg\" \/>\n<meta name=\"author\" content=\"Arnaldo Botto\" \/>\n<meta name=\"twitter:card\" content=\"summary_large_image\" \/>\n<script type=\"application\/ld+json\" class=\"yoast-schema-graph\">{\"@context\":\"https:\/\/schema.org\",\"@graph\":[{\"@type\":\"WebPage\",\"@id\":\"https:\/\/www.noticiasradioreflejos.com.ar\/2021\/larreta-no-acatara-el-fallo-para-sacar-la-policia-de-las-cercanias-de-la-casa-de-cristina-kirchner\/\",\"url\":\"https:\/\/www.noticiasradioreflejos.com.ar\/2021\/larreta-no-acatara-el-fallo-para-sacar-la-policia-de-las-cercanias-de-la-casa-de-cristina-kirchner\/\",\"name\":\"Larreta no acatar\u00e1 el fallo para sacar la polic\u00eda de las cercan\u00edas de la casa de Cristina Kirchner - Noticias Radio Reflejos\",\"isPartOf\":{\"@id\":\"https:\/\/www.noticiasradioreflejos.com.ar\/2021\/#website\"},\"primaryImageOfPage\":{\"@id\":\"https:\/\/www.noticiasradioreflejos.com.ar\/2021\/larreta-no-acatara-el-fallo-para-sacar-la-policia-de-las-cercanias-de-la-casa-de-cristina-kirchner\/#primaryimage\"},\"image\":{\"@id\":\"https:\/\/www.noticiasradioreflejos.com.ar\/2021\/larreta-no-acatara-el-fallo-para-sacar-la-policia-de-las-cercanias-de-la-casa-de-cristina-kirchner\/#primaryimage\"},\"thumbnailUrl\":\"https:\/\/www.telam.com.ar\/thumbs\/bluesteel\/advf\/imagenes\/2022\/08\/630dfa2ea1e97_900.jpg\",\"datePublished\":\"2022-08-30T12:50:27+00:00\",\"author\":{\"@id\":\"https:\/\/www.noticiasradioreflejos.com.ar\/2021\/#\/schema\/person\/ad82545263dcc5ec0996818884fd5fb1\"},\"breadcrumb\":{\"@id\":\"https:\/\/www.noticiasradioreflejos.com.ar\/2021\/larreta-no-acatara-el-fallo-para-sacar-la-policia-de-las-cercanias-de-la-casa-de-cristina-kirchner\/#breadcrumb\"},\"inLanguage\":\"es\",\"potentialAction\":[{\"@type\":\"ReadAction\",\"target\":[\"https:\/\/www.noticiasradioreflejos.com.ar\/2021\/larreta-no-acatara-el-fallo-para-sacar-la-policia-de-las-cercanias-de-la-casa-de-cristina-kirchner\/\"]}]},{\"@type\":\"ImageObject\",\"inLanguage\":\"es\",\"@id\":\"https:\/\/www.noticiasradioreflejos.com.ar\/2021\/larreta-no-acatara-el-fallo-para-sacar-la-policia-de-las-cercanias-de-la-casa-de-cristina-kirchner\/#primaryimage\",\"url\":\"https:\/\/www.telam.com.ar\/thumbs\/bluesteel\/advf\/imagenes\/2022\/08\/630dfa2ea1e97_900.jpg\",\"contentUrl\":\"https:\/\/www.telam.com.ar\/thumbs\/bluesteel\/advf\/imagenes\/2022\/08\/630dfa2ea1e97_900.jpg\"},{\"@type\":\"BreadcrumbList\",\"@id\":\"https:\/\/www.noticiasradioreflejos.com.ar\/2021\/larreta-no-acatara-el-fallo-para-sacar-la-policia-de-las-cercanias-de-la-casa-de-cristina-kirchner\/#breadcrumb\",\"itemListElement\":[{\"@type\":\"ListItem\",\"position\":1,\"name\":\"Portada\",\"item\":\"https:\/\/www.noticiasradioreflejos.com.ar\/2021\/\"},{\"@type\":\"ListItem\",\"position\":2,\"name\":\"Larreta no acatar\u00e1 el fallo para sacar la polic\u00eda de las cercan\u00edas de la casa de Cristina Kirchner\"}]},{\"@type\":\"WebSite\",\"@id\":\"https:\/\/www.noticiasradioreflejos.com.ar\/2021\/#website\",\"url\":\"https:\/\/www.noticiasradioreflejos.com.ar\/2021\/\",\"name\":\"Noticias Radio Reflejos\",\"description\":\"Las noticias de mi comarca\",\"potentialAction\":[{\"@type\":\"SearchAction\",\"target\":{\"@type\":\"EntryPoint\",\"urlTemplate\":\"https:\/\/www.noticiasradioreflejos.com.ar\/2021\/?s={search_term_string}\"},\"query-input\":{\"@type\":\"PropertyValueSpecification\",\"valueRequired\":true,\"valueName\":\"search_term_string\"}}],\"inLanguage\":\"es\"},{\"@type\":\"Person\",\"@id\":\"https:\/\/www.noticiasradioreflejos.com.ar\/2021\/#\/schema\/person\/ad82545263dcc5ec0996818884fd5fb1\",\"name\":\"Arnaldo Botto\",\"image\":{\"@type\":\"ImageObject\",\"inLanguage\":\"es\",\"@id\":\"https:\/\/www.noticiasradioreflejos.com.ar\/2021\/#\/schema\/person\/image\/\",\"url\":\"https:\/\/secure.gravatar.com\/avatar\/55cb5e37c1efa326397366e6974cb338056df65cb50e7d64d1cf314e87504837?s=96&d=mm&r=g\",\"contentUrl\":\"https:\/\/secure.gravatar.com\/avatar\/55cb5e37c1efa326397366e6974cb338056df65cb50e7d64d1cf314e87504837?s=96&d=mm&r=g\",\"caption\":\"Arnaldo Botto\"},\"url\":\"https:\/\/www.noticiasradioreflejos.com.ar\/2021\/author\/arnaldo\/\"}]}<\/script>\n<!-- \/ Yoast SEO plugin. -->","yoast_head_json":{"title":"Larreta no acatar\u00e1 el fallo para sacar la polic\u00eda de las cercan\u00edas de la casa de Cristina Kirchner - Noticias Radio Reflejos","robots":{"index":"index","follow":"follow","max-snippet":"max-snippet:-1","max-image-preview":"max-image-preview:large","max-video-preview":"max-video-preview:-1"},"canonical":"https:\/\/www.noticiasradioreflejos.com.ar\/2021\/larreta-no-acatara-el-fallo-para-sacar-la-policia-de-las-cercanias-de-la-casa-de-cristina-kirchner\/","og_locale":"es_ES","og_type":"article","og_title":"Larreta no acatar\u00e1 el fallo para sacar la polic\u00eda de las cercan\u00edas de la casa de Cristina Kirchner - Noticias Radio Reflejos","og_description":"En una conferencia de prensa, el jefe de Gobierno porte\u00f1o atribuy\u00f3 la \u00abviolencia\u00bb al kirchnerismo y dijo que apel\u00f3 la decisi\u00f3n judicial que lo obliga a retirar a los efectivos de las inmediaciones de la vivienda de la Vicepresidenta. Agreg\u00f3 que est\u00e1 \u00aborgulloso\u00bb del accionar de la fuerza de seguridad que reprimi\u00f3 a los manifestantes.","og_url":"https:\/\/www.noticiasradioreflejos.com.ar\/2021\/larreta-no-acatara-el-fallo-para-sacar-la-policia-de-las-cercanias-de-la-casa-de-cristina-kirchner\/","og_site_name":"Noticias Radio Reflejos","article_published_time":"2022-08-30T12:50:27+00:00","og_image":[{"url":"https:\/\/www.telam.com.ar\/thumbs\/bluesteel\/advf\/imagenes\/2022\/08\/630dfa2ea1e97_900.jpg","type":"","width":"","height":""}],"author":"Arnaldo Botto","twitter_card":"summary_large_image","schema":{"@context":"https:\/\/schema.org","@graph":[{"@type":"WebPage","@id":"https:\/\/www.noticiasradioreflejos.com.ar\/2021\/larreta-no-acatara-el-fallo-para-sacar-la-policia-de-las-cercanias-de-la-casa-de-cristina-kirchner\/","url":"https:\/\/www.noticiasradioreflejos.com.ar\/2021\/larreta-no-acatara-el-fallo-para-sacar-la-policia-de-las-cercanias-de-la-casa-de-cristina-kirchner\/","name":"Larreta no acatar\u00e1 el fallo para sacar la polic\u00eda de las cercan\u00edas de la casa de Cristina Kirchner - Noticias Radio Reflejos","isPartOf":{"@id":"https:\/\/www.noticiasradioreflejos.com.ar\/2021\/#website"},"primaryImageOfPage":{"@id":"https:\/\/www.noticiasradioreflejos.com.ar\/2021\/larreta-no-acatara-el-fallo-para-sacar-la-policia-de-las-cercanias-de-la-casa-de-cristina-kirchner\/#primaryimage"},"image":{"@id":"https:\/\/www.noticiasradioreflejos.com.ar\/2021\/larreta-no-acatara-el-fallo-para-sacar-la-policia-de-las-cercanias-de-la-casa-de-cristina-kirchner\/#primaryimage"},"thumbnailUrl":"https:\/\/www.telam.com.ar\/thumbs\/bluesteel\/advf\/imagenes\/2022\/08\/630dfa2ea1e97_900.jpg","datePublished":"2022-08-30T12:50:27+00:00","author":{"@id":"https:\/\/www.noticiasradioreflejos.com.ar\/2021\/#\/schema\/person\/ad82545263dcc5ec0996818884fd5fb1"},"breadcrumb":{"@id":"https:\/\/www.noticiasradioreflejos.com.ar\/2021\/larreta-no-acatara-el-fallo-para-sacar-la-policia-de-las-cercanias-de-la-casa-de-cristina-kirchner\/#breadcrumb"},"inLanguage":"es","potentialAction":[{"@type":"ReadAction","target":["https:\/\/www.noticiasradioreflejos.com.ar\/2021\/larreta-no-acatara-el-fallo-para-sacar-la-policia-de-las-cercanias-de-la-casa-de-cristina-kirchner\/"]}]},{"@type":"ImageObject","inLanguage":"es","@id":"https:\/\/www.noticiasradioreflejos.com.ar\/2021\/larreta-no-acatara-el-fallo-para-sacar-la-policia-de-las-cercanias-de-la-casa-de-cristina-kirchner\/#primaryimage","url":"https:\/\/www.telam.com.ar\/thumbs\/bluesteel\/advf\/imagenes\/2022\/08\/630dfa2ea1e97_900.jpg","contentUrl":"https:\/\/www.telam.com.ar\/thumbs\/bluesteel\/advf\/imagenes\/2022\/08\/630dfa2ea1e97_900.jpg"},{"@type":"BreadcrumbList","@id":"https:\/\/www.noticiasradioreflejos.com.ar\/2021\/larreta-no-acatara-el-fallo-para-sacar-la-policia-de-las-cercanias-de-la-casa-de-cristina-kirchner\/#breadcrumb","itemListElement":[{"@type":"ListItem","position":1,"name":"Portada","item":"https:\/\/www.noticiasradioreflejos.com.ar\/2021\/"},{"@type":"ListItem","position":2,"name":"Larreta no acatar\u00e1 el fallo para sacar la polic\u00eda de las cercan\u00edas de la casa de Cristina Kirchner"}]},{"@type":"WebSite","@id":"https:\/\/www.noticiasradioreflejos.com.ar\/2021\/#website","url":"https:\/\/www.noticiasradioreflejos.com.ar\/2021\/","name":"Noticias Radio Reflejos","description":"Las noticias de mi comarca","potentialAction":[{"@type":"SearchAction","target":{"@type":"EntryPoint","urlTemplate":"https:\/\/www.noticiasradioreflejos.com.ar\/2021\/?s={search_term_string}"},"query-input":{"@type":"PropertyValueSpecification","valueRequired":true,"valueName":"search_term_string"}}],"inLanguage":"es"},{"@type":"Person","@id":"https:\/\/www.noticiasradioreflejos.com.ar\/2021\/#\/schema\/person\/ad82545263dcc5ec0996818884fd5fb1","name":"Arnaldo Botto","image":{"@type":"ImageObject","inLanguage":"es","@id":"https:\/\/www.noticiasradioreflejos.com.ar\/2021\/#\/schema\/person\/image\/","url":"https:\/\/secure.gravatar.com\/avatar\/55cb5e37c1efa326397366e6974cb338056df65cb50e7d64d1cf314e87504837?s=96&d=mm&r=g","contentUrl":"https:\/\/secure.gravatar.com\/avatar\/55cb5e37c1efa326397366e6974cb338056df65cb50e7d64d1cf314e87504837?s=96&d=mm&r=g","caption":"Arnaldo Botto"},"url":"https:\/\/www.noticiasradioreflejos.com.ar\/2021\/author\/arnaldo\/"}]}},"_links":{"self":[{"href":"https:\/\/www.noticiasradioreflejos.com.ar\/2021\/wp-json\/wp\/v2\/posts\/76967","targetHints":{"allow":["GET"]}}],"collection":[{"href":"https:\/\/www.noticiasradioreflejos.com.ar\/2021\/wp-json\/wp\/v2\/posts"}],"about":[{"href":"https:\/\/www.noticiasradioreflejos.com.ar\/2021\/wp-json\/wp\/v2\/types\/post"}],"author":[{"embeddable":true,"href":"https:\/\/www.noticiasradioreflejos.com.ar\/2021\/wp-json\/wp\/v2\/users\/3"}],"replies":[{"embeddable":true,"href":"https:\/\/www.noticiasradioreflejos.com.ar\/2021\/wp-json\/wp\/v2\/comments?post=76967"}],"version-history":[{"count":2,"href":"https:\/\/www.noticiasradioreflejos.com.ar\/2021\/wp-json\/wp\/v2\/posts\/76967\/revisions"}],"predecessor-version":[{"id":76969,"href":"https:\/\/www.noticiasradioreflejos.com.ar\/2021\/wp-json\/wp\/v2\/posts\/76967\/revisions\/76969"}],"wp:attachment":[{"href":"https:\/\/www.noticiasradioreflejos.com.ar\/2021\/wp-json\/wp\/v2\/media?parent=76967"}],"wp:term":[{"taxonomy":"category","embeddable":true,"href":"https:\/\/www.noticiasradioreflejos.com.ar\/2021\/wp-json\/wp\/v2\/categories?post=76967"},{"taxonomy":"post_tag","embeddable":true,"href":"https:\/\/www.noticiasradioreflejos.com.ar\/2021\/wp-json\/wp\/v2\/tags?post=76967"}],"curies":[{"name":"wp","href":"https:\/\/api.w.org\/{rel}","templated":true}]}}