{"id":76963,"date":"2022-08-30T10:55:26","date_gmt":"2022-08-30T10:55:26","guid":{"rendered":"http:\/\/www.noticiasradioreflejos.com.ar\/2021\/?p=76963"},"modified":"2022-08-30T10:55:26","modified_gmt":"2022-08-30T10:55:26","slug":"como-funcionara-el-programa-puente-al-empleo","status":"publish","type":"post","link":"https:\/\/www.noticiasradioreflejos.com.ar\/2021\/como-funcionara-el-programa-puente-al-empleo\/","title":{"rendered":"C\u00f3mo funcionar\u00e1 el Programa \u00abPuente al Empleo\u00bb"},"content":{"rendered":"<p>De acuerdo a lo establecido en la creaci\u00f3n del Programa \u00abPuente al empleo\u00bb, los empleadores del sector privado que contraten nuevos trabajadores que participen en los programas sociales, educativos o de empleo lo har\u00e1n por un plazo de 12 meses.<!--more--><\/p>\n<figure class=\"mb-3\"><img decoding=\"async\" src=\"https:\/\/www.telam.com.ar\/thumbs\/bluesteel\/advf\/imagenes\/2021\/11\/619cd966efb3b_900.jpg\" alt=\"Para las relaciones laborales que se inicien en el Programa la reducci\u00f3n de las contribuciones patronales ser del 100\" width=\"100%\" height=\"100%\" \/><\/p>\n<div class=\"media-icons\"><\/div><figcaption>Para las relaciones laborales que se inicien en el Programa, la reducci\u00f3n de las contribuciones patronales ser\u00e1 del 100%.<\/figcaption><\/figure>\n<p>El Gobierno oficializ\u00f3 este martes la creaci\u00f3n del programa \u00abPuente al empleo\u00bb, que\u00a0<strong>busca transformar los planes sociales en empleo formal.<\/strong><\/p>\n<p>La iniciativa, que consta de 20 art\u00edculos y entrar\u00e1 en vigencia el 1 de octubre, fue publicada en el Bolet\u00edn Oficial a trav\u00e9s del decreto 551\/2022, firmado por el presidente Alberto Fern\u00e1ndez, el jefe de Gabinete, Juan Manzur; y los ministros Sergio Massa (Econom\u00eda), Claudio Moroni (Trabajo) y Juan Zabaleta (Desarrollo Social).<\/p>\n<p>El objetivo del Programa es \u00abtransformar de manera gradual y con un criterio federal a los programas sociales, educativos y de empleo en trabajo registrado de calidad\u00bb, destaca el decreto.<\/p>\n<p>Adem\u00e1s, remarca que apunta a \u00abmejorar la empleabilidad y la generaci\u00f3n de nuevas propuestas productivas y promover la inclusi\u00f3n social plena de aquellas personas que se encuentran en situaci\u00f3n de vulnerabilidad social y econ\u00f3mica\u00bb.<\/p>\n<h2 class=\"\">C\u00f3mo funcionar\u00e1 el programa<\/h2>\n<p>En el marco del Programa,\u00a0<strong>los empleadores del sector privado que contraten nuevos trabajadores<\/strong>\u00a0que participen en los programas sociales, educativos o de empleo<strong>\u00a0lo har\u00e1n por un plazo de 12 meses<\/strong>, seg\u00fan indica en sus art\u00edculos.<\/p>\n<figure class=\"mb-3\"><img decoding=\"async\" src=\"https:\/\/www.telam.com.ar\/thumbs\/bluesteel\/advf\/imagenes\/2021\/12\/61c0cdea4bb08_900.jpg\" alt=\"los empleadores que contraten nuevos trabajadores que participen en los programas sociales educativos o de empleo lo harn por un plazo de 12 meses\" width=\"100%\" height=\"100%\" \/><\/p>\n<div class=\"media-icons\"><\/div><figcaption>los empleadores que contraten nuevos trabajadores que participen en los programas sociales, educativos o de empleo lo har\u00e1n por un plazo de 12 meses.<\/figcaption><\/figure>\n<p>Durante el plazo en que se desarrolle la relaci\u00f3n laboral, el empleador, una vez que se acoja al Programa, deber\u00e1 considerar e imputar la asignaci\u00f3n dineraria de los programas sociales, educativos o de empleo a cuenta del pago de la remuneraci\u00f3n.<\/p>\n<p>Producida la discontinuidad del contrato de trabajo, los trabajadores\u00a0<strong>tendr\u00e1n la posibilidad de continuar percibiendo las asignaciones dinerarias que brindan dichos programas<\/strong>, si el n\u00famero de cotizaciones al Sistema de Seguridad Social no supera los 12 meses.<\/p>\n<p>En caso que el per\u00edodo de cotizaciones al Sistema de Seguridad Social se encuentre entre los ocho y los 12 meses, los trabajadores\u00a0<strong>podr\u00e1n optar entre la posibilidad de permanecer en el programa de origen o acceder a la prestaci\u00f3n por desempleo.<\/strong><\/p>\n<p>Para las relaciones laborales que se inicien en el marco del Programa, la reducci\u00f3n de las contribuciones patronales ser\u00e1 del 100%.<\/p>\n<p>Adem\u00e1s, el Decreto invita a las provincias, a la Ciudad Aut\u00f3noma de Buenos Aires y a los municipios a adherir o a dictar medidas de similar tenor para compatibilizar los programas sociales, educativos y de empleo locales con el trabajo registrado.<\/p>\n","protected":false},"excerpt":{"rendered":"<p>De acuerdo a lo establecido en la creaci\u00f3n del Programa \u00abPuente al empleo\u00bb, los empleadores del sector privado que contraten nuevos trabajadores que participen en los programas sociales, educativos o de empleo lo har\u00e1n por un plazo de 12 meses.<\/p>\n","protected":false},"author":3,"featured_media":0,"comment_status":"closed","ping_status":"closed","sticky":false,"template":"","format":"standard","meta":{"footnotes":""},"categories":[36,58],"tags":[],"class_list":["post-76963","post","type-post","status-publish","format-standard","hentry","category-economia","category-gobierno"],"yoast_head":"<!-- This site is optimized with the Yoast SEO plugin v25.9 - https:\/\/yoast.com\/wordpress\/plugins\/seo\/ -->\n<title>C\u00f3mo funcionar\u00e1 el Programa &quot;Puente al Empleo&quot; - Noticias Radio Reflejos<\/title>\n<meta name=\"robots\" content=\"index, follow, max-snippet:-1, max-image-preview:large, max-video-preview:-1\" \/>\n<link rel=\"canonical\" href=\"https:\/\/www.noticiasradioreflejos.com.ar\/2021\/como-funcionara-el-programa-puente-al-empleo\/\" \/>\n<meta property=\"og:locale\" content=\"es_ES\" \/>\n<meta property=\"og:type\" content=\"article\" \/>\n<meta property=\"og:title\" content=\"C\u00f3mo funcionar\u00e1 el Programa &quot;Puente al Empleo&quot; - Noticias Radio Reflejos\" \/>\n<meta property=\"og:description\" content=\"De acuerdo a lo establecido en la creaci\u00f3n del Programa \u00abPuente al empleo\u00bb, los empleadores del sector privado que contraten nuevos trabajadores que participen en los programas sociales, educativos o de empleo lo har\u00e1n por un plazo de 12 meses.\" \/>\n<meta property=\"og:url\" content=\"https:\/\/www.noticiasradioreflejos.com.ar\/2021\/como-funcionara-el-programa-puente-al-empleo\/\" \/>\n<meta property=\"og:site_name\" content=\"Noticias Radio Reflejos\" \/>\n<meta property=\"article:published_time\" content=\"2022-08-30T10:55:26+00:00\" \/>\n<meta property=\"og:image\" content=\"https:\/\/www.telam.com.ar\/thumbs\/bluesteel\/advf\/imagenes\/2021\/11\/619cd966efb3b_900.jpg\" \/>\n<meta name=\"author\" content=\"Arnaldo Botto\" \/>\n<meta name=\"twitter:card\" content=\"summary_large_image\" \/>\n<script type=\"application\/ld+json\" class=\"yoast-schema-graph\">{\"@context\":\"https:\/\/schema.org\",\"@graph\":[{\"@type\":\"WebPage\",\"@id\":\"https:\/\/www.noticiasradioreflejos.com.ar\/2021\/como-funcionara-el-programa-puente-al-empleo\/\",\"url\":\"https:\/\/www.noticiasradioreflejos.com.ar\/2021\/como-funcionara-el-programa-puente-al-empleo\/\",\"name\":\"C\u00f3mo funcionar\u00e1 el Programa \\\"Puente al Empleo\\\" - Noticias Radio Reflejos\",\"isPartOf\":{\"@id\":\"https:\/\/www.noticiasradioreflejos.com.ar\/2021\/#website\"},\"primaryImageOfPage\":{\"@id\":\"https:\/\/www.noticiasradioreflejos.com.ar\/2021\/como-funcionara-el-programa-puente-al-empleo\/#primaryimage\"},\"image\":{\"@id\":\"https:\/\/www.noticiasradioreflejos.com.ar\/2021\/como-funcionara-el-programa-puente-al-empleo\/#primaryimage\"},\"thumbnailUrl\":\"https:\/\/www.telam.com.ar\/thumbs\/bluesteel\/advf\/imagenes\/2021\/11\/619cd966efb3b_900.jpg\",\"datePublished\":\"2022-08-30T10:55:26+00:00\",\"author\":{\"@id\":\"https:\/\/www.noticiasradioreflejos.com.ar\/2021\/#\/schema\/person\/ad82545263dcc5ec0996818884fd5fb1\"},\"breadcrumb\":{\"@id\":\"https:\/\/www.noticiasradioreflejos.com.ar\/2021\/como-funcionara-el-programa-puente-al-empleo\/#breadcrumb\"},\"inLanguage\":\"es\",\"potentialAction\":[{\"@type\":\"ReadAction\",\"target\":[\"https:\/\/www.noticiasradioreflejos.com.ar\/2021\/como-funcionara-el-programa-puente-al-empleo\/\"]}]},{\"@type\":\"ImageObject\",\"inLanguage\":\"es\",\"@id\":\"https:\/\/www.noticiasradioreflejos.com.ar\/2021\/como-funcionara-el-programa-puente-al-empleo\/#primaryimage\",\"url\":\"https:\/\/www.telam.com.ar\/thumbs\/bluesteel\/advf\/imagenes\/2021\/11\/619cd966efb3b_900.jpg\",\"contentUrl\":\"https:\/\/www.telam.com.ar\/thumbs\/bluesteel\/advf\/imagenes\/2021\/11\/619cd966efb3b_900.jpg\"},{\"@type\":\"BreadcrumbList\",\"@id\":\"https:\/\/www.noticiasradioreflejos.com.ar\/2021\/como-funcionara-el-programa-puente-al-empleo\/#breadcrumb\",\"itemListElement\":[{\"@type\":\"ListItem\",\"position\":1,\"name\":\"Portada\",\"item\":\"https:\/\/www.noticiasradioreflejos.com.ar\/2021\/\"},{\"@type\":\"ListItem\",\"position\":2,\"name\":\"C\u00f3mo funcionar\u00e1 el Programa \u00abPuente al Empleo\u00bb\"}]},{\"@type\":\"WebSite\",\"@id\":\"https:\/\/www.noticiasradioreflejos.com.ar\/2021\/#website\",\"url\":\"https:\/\/www.noticiasradioreflejos.com.ar\/2021\/\",\"name\":\"Noticias Radio Reflejos\",\"description\":\"Las noticias de mi comarca\",\"potentialAction\":[{\"@type\":\"SearchAction\",\"target\":{\"@type\":\"EntryPoint\",\"urlTemplate\":\"https:\/\/www.noticiasradioreflejos.com.ar\/2021\/?s={search_term_string}\"},\"query-input\":{\"@type\":\"PropertyValueSpecification\",\"valueRequired\":true,\"valueName\":\"search_term_string\"}}],\"inLanguage\":\"es\"},{\"@type\":\"Person\",\"@id\":\"https:\/\/www.noticiasradioreflejos.com.ar\/2021\/#\/schema\/person\/ad82545263dcc5ec0996818884fd5fb1\",\"name\":\"Arnaldo Botto\",\"image\":{\"@type\":\"ImageObject\",\"inLanguage\":\"es\",\"@id\":\"https:\/\/www.noticiasradioreflejos.com.ar\/2021\/#\/schema\/person\/image\/\",\"url\":\"https:\/\/secure.gravatar.com\/avatar\/55cb5e37c1efa326397366e6974cb338056df65cb50e7d64d1cf314e87504837?s=96&d=mm&r=g\",\"contentUrl\":\"https:\/\/secure.gravatar.com\/avatar\/55cb5e37c1efa326397366e6974cb338056df65cb50e7d64d1cf314e87504837?s=96&d=mm&r=g\",\"caption\":\"Arnaldo Botto\"},\"url\":\"https:\/\/www.noticiasradioreflejos.com.ar\/2021\/author\/arnaldo\/\"}]}<\/script>\n<!-- \/ Yoast SEO plugin. -->","yoast_head_json":{"title":"C\u00f3mo funcionar\u00e1 el Programa \"Puente al Empleo\" - Noticias Radio Reflejos","robots":{"index":"index","follow":"follow","max-snippet":"max-snippet:-1","max-image-preview":"max-image-preview:large","max-video-preview":"max-video-preview:-1"},"canonical":"https:\/\/www.noticiasradioreflejos.com.ar\/2021\/como-funcionara-el-programa-puente-al-empleo\/","og_locale":"es_ES","og_type":"article","og_title":"C\u00f3mo funcionar\u00e1 el Programa \"Puente al Empleo\" - Noticias Radio Reflejos","og_description":"De acuerdo a lo establecido en la creaci\u00f3n del Programa \u00abPuente al empleo\u00bb, los empleadores del sector privado que contraten nuevos trabajadores que participen en los programas sociales, educativos o de empleo lo har\u00e1n por un plazo de 12 meses.","og_url":"https:\/\/www.noticiasradioreflejos.com.ar\/2021\/como-funcionara-el-programa-puente-al-empleo\/","og_site_name":"Noticias Radio Reflejos","article_published_time":"2022-08-30T10:55:26+00:00","og_image":[{"url":"https:\/\/www.telam.com.ar\/thumbs\/bluesteel\/advf\/imagenes\/2021\/11\/619cd966efb3b_900.jpg","type":"","width":"","height":""}],"author":"Arnaldo Botto","twitter_card":"summary_large_image","schema":{"@context":"https:\/\/schema.org","@graph":[{"@type":"WebPage","@id":"https:\/\/www.noticiasradioreflejos.com.ar\/2021\/como-funcionara-el-programa-puente-al-empleo\/","url":"https:\/\/www.noticiasradioreflejos.com.ar\/2021\/como-funcionara-el-programa-puente-al-empleo\/","name":"C\u00f3mo funcionar\u00e1 el Programa \"Puente al Empleo\" - Noticias Radio Reflejos","isPartOf":{"@id":"https:\/\/www.noticiasradioreflejos.com.ar\/2021\/#website"},"primaryImageOfPage":{"@id":"https:\/\/www.noticiasradioreflejos.com.ar\/2021\/como-funcionara-el-programa-puente-al-empleo\/#primaryimage"},"image":{"@id":"https:\/\/www.noticiasradioreflejos.com.ar\/2021\/como-funcionara-el-programa-puente-al-empleo\/#primaryimage"},"thumbnailUrl":"https:\/\/www.telam.com.ar\/thumbs\/bluesteel\/advf\/imagenes\/2021\/11\/619cd966efb3b_900.jpg","datePublished":"2022-08-30T10:55:26+00:00","author":{"@id":"https:\/\/www.noticiasradioreflejos.com.ar\/2021\/#\/schema\/person\/ad82545263dcc5ec0996818884fd5fb1"},"breadcrumb":{"@id":"https:\/\/www.noticiasradioreflejos.com.ar\/2021\/como-funcionara-el-programa-puente-al-empleo\/#breadcrumb"},"inLanguage":"es","potentialAction":[{"@type":"ReadAction","target":["https:\/\/www.noticiasradioreflejos.com.ar\/2021\/como-funcionara-el-programa-puente-al-empleo\/"]}]},{"@type":"ImageObject","inLanguage":"es","@id":"https:\/\/www.noticiasradioreflejos.com.ar\/2021\/como-funcionara-el-programa-puente-al-empleo\/#primaryimage","url":"https:\/\/www.telam.com.ar\/thumbs\/bluesteel\/advf\/imagenes\/2021\/11\/619cd966efb3b_900.jpg","contentUrl":"https:\/\/www.telam.com.ar\/thumbs\/bluesteel\/advf\/imagenes\/2021\/11\/619cd966efb3b_900.jpg"},{"@type":"BreadcrumbList","@id":"https:\/\/www.noticiasradioreflejos.com.ar\/2021\/como-funcionara-el-programa-puente-al-empleo\/#breadcrumb","itemListElement":[{"@type":"ListItem","position":1,"name":"Portada","item":"https:\/\/www.noticiasradioreflejos.com.ar\/2021\/"},{"@type":"ListItem","position":2,"name":"C\u00f3mo funcionar\u00e1 el Programa \u00abPuente al Empleo\u00bb"}]},{"@type":"WebSite","@id":"https:\/\/www.noticiasradioreflejos.com.ar\/2021\/#website","url":"https:\/\/www.noticiasradioreflejos.com.ar\/2021\/","name":"Noticias Radio Reflejos","description":"Las noticias de mi comarca","potentialAction":[{"@type":"SearchAction","target":{"@type":"EntryPoint","urlTemplate":"https:\/\/www.noticiasradioreflejos.com.ar\/2021\/?s={search_term_string}"},"query-input":{"@type":"PropertyValueSpecification","valueRequired":true,"valueName":"search_term_string"}}],"inLanguage":"es"},{"@type":"Person","@id":"https:\/\/www.noticiasradioreflejos.com.ar\/2021\/#\/schema\/person\/ad82545263dcc5ec0996818884fd5fb1","name":"Arnaldo Botto","image":{"@type":"ImageObject","inLanguage":"es","@id":"https:\/\/www.noticiasradioreflejos.com.ar\/2021\/#\/schema\/person\/image\/","url":"https:\/\/secure.gravatar.com\/avatar\/55cb5e37c1efa326397366e6974cb338056df65cb50e7d64d1cf314e87504837?s=96&d=mm&r=g","contentUrl":"https:\/\/secure.gravatar.com\/avatar\/55cb5e37c1efa326397366e6974cb338056df65cb50e7d64d1cf314e87504837?s=96&d=mm&r=g","caption":"Arnaldo Botto"},"url":"https:\/\/www.noticiasradioreflejos.com.ar\/2021\/author\/arnaldo\/"}]}},"_links":{"self":[{"href":"https:\/\/www.noticiasradioreflejos.com.ar\/2021\/wp-json\/wp\/v2\/posts\/76963","targetHints":{"allow":["GET"]}}],"collection":[{"href":"https:\/\/www.noticiasradioreflejos.com.ar\/2021\/wp-json\/wp\/v2\/posts"}],"about":[{"href":"https:\/\/www.noticiasradioreflejos.com.ar\/2021\/wp-json\/wp\/v2\/types\/post"}],"author":[{"embeddable":true,"href":"https:\/\/www.noticiasradioreflejos.com.ar\/2021\/wp-json\/wp\/v2\/users\/3"}],"replies":[{"embeddable":true,"href":"https:\/\/www.noticiasradioreflejos.com.ar\/2021\/wp-json\/wp\/v2\/comments?post=76963"}],"version-history":[{"count":1,"href":"https:\/\/www.noticiasradioreflejos.com.ar\/2021\/wp-json\/wp\/v2\/posts\/76963\/revisions"}],"predecessor-version":[{"id":76965,"href":"https:\/\/www.noticiasradioreflejos.com.ar\/2021\/wp-json\/wp\/v2\/posts\/76963\/revisions\/76965"}],"wp:attachment":[{"href":"https:\/\/www.noticiasradioreflejos.com.ar\/2021\/wp-json\/wp\/v2\/media?parent=76963"}],"wp:term":[{"taxonomy":"category","embeddable":true,"href":"https:\/\/www.noticiasradioreflejos.com.ar\/2021\/wp-json\/wp\/v2\/categories?post=76963"},{"taxonomy":"post_tag","embeddable":true,"href":"https:\/\/www.noticiasradioreflejos.com.ar\/2021\/wp-json\/wp\/v2\/tags?post=76963"}],"curies":[{"name":"wp","href":"https:\/\/api.w.org\/{rel}","templated":true}]}}