{"id":76961,"date":"2022-08-30T10:48:15","date_gmt":"2022-08-30T10:48:15","guid":{"rendered":"http:\/\/www.noticiasradioreflejos.com.ar\/2021\/?p=76961"},"modified":"2022-08-30T10:49:02","modified_gmt":"2022-08-30T10:49:02","slug":"massa-y-lammens-acordaron-precios-con-las-camaras-prestadoras-para-lanzar-el-previaje","status":"publish","type":"post","link":"https:\/\/www.noticiasradioreflejos.com.ar\/2021\/massa-y-lammens-acordaron-precios-con-las-camaras-prestadoras-para-lanzar-el-previaje\/","title":{"rendered":"Massa y Lammens acordaron precios con las c\u00e1maras prestadoras para lanzar el PreViaje"},"content":{"rendered":"<p>Durante un encuentro llevado a cabo este lunes, los ministros de Econom\u00eda y de Turismo y Deportes, junto con el secretario de Comercio, firmaron\u00a0\u00a0un acuerdo con las entidades representantes del sector privado para establecer un cuadro de tarifas m\u00e1ximas en los alojamientos que participen del programa.<!--more--><\/p>\n<figure class=\"mb-3\"><img decoding=\"async\" src=\"https:\/\/www.telam.com.ar\/thumbs\/bluesteel\/advf\/imagenes\/2022\/08\/630d264ea4542_900.jpg\" alt=\"Foto TW TurDepAR\" width=\"100%\" height=\"100%\" \/><\/p>\n<div class=\"media-icons\"><\/div><figcaption>Foto: TW @TurDepAR<\/figcaption><\/figure>\n<p>El ministro de Econom\u00eda,\u00a0<strong>Sergio Massa<\/strong>; su par de Turismo y Deportes,\u00a0<strong>Mat\u00edas Lammens<\/strong>; y el secretario de Comercio,\u00a0<strong>Mat\u00edas Tombolini<\/strong>, firmaron este lunes un acuerdo con las entidades representantes del sector hotelero para establecer tarifas m\u00e1ximas en los alojamientos que participen en la tercera edici\u00f3n del programa\u00a0<strong>PreViaje<\/strong>.<\/p>\n<p>\u00abCreemos en el programa, pero tambi\u00e9n creemos que no puede terminar jug\u00e1ndonos en contra en materia inflacionaria\u00bb, dijo Massa durante la firma el acuerdo.<\/p>\n<p>Ahora \u00abel sector tiene que hacer el esfuerzo a la par del Estado. El ordenamiento de precios nos va a ayudar a<strong>\u00a0bajar la expectativa inflacionaria<\/strong>\u00a0y es bueno que hagamos el esfuerzo juntos\u00bb, asegur\u00f3 Massa tras la reuni\u00f3n en la que se firm\u00f3 el convenio.<\/p>\n<p>Por su parte, Lammens destac\u00f3 que\u00a0<strong>\u00abeste programa ha resultado un \u00e9xito desde todo punto de vista<\/strong>. Est\u00e1 contenta la gente, que puede viajar; est\u00e1 contento el Estado nacional, que promueve la actividad y la formaliza; y est\u00e1 contento el sector tur\u00edstico porque representa casi 10 puntos del PBI y se ha visto muy fortalecido por PreViaje\u00bb.<\/p>\n<blockquote class=\"twitter-tweet\" data-width=\"500\" data-dnt=\"true\">\n<p lang=\"es\" dir=\"ltr\">Los ministros Sergio Massa y Mat\u00edas Lammens firmaron un acuerdo de precios con el sector hotelero. \ud83d\udece\ufe0f\ud83d\udcb3 <\/p>\n<p>\ud83d\udc49 <a href=\"https:\/\/t.co\/7ujRP2QHSV\">https:\/\/t.co\/7ujRP2QHSV<\/a><a href=\"https:\/\/twitter.com\/hashtag\/PreViaje?src=hash&amp;ref_src=twsrc%5Etfw\">#PreViaje<\/a> <a href=\"https:\/\/twitter.com\/hashtag\/PrimeroLaGente?src=hash&amp;ref_src=twsrc%5Etfw\">#PrimeroLaGente<\/a> \ud83c\udde6\ud83c\uddf7 <a href=\"https:\/\/t.co\/9JkZ0G6i5h\">pic.twitter.com\/9JkZ0G6i5h<\/a><\/p>\n<p>&mdash; Ministerio de Turismo y Deportes (@TurDepAR) <a href=\"https:\/\/twitter.com\/TurDepAR\/status\/1564351336333844480?ref_src=twsrc%5Etfw\">August 29, 2022<\/a><\/p><\/blockquote>\n<p><script async src=\"https:\/\/platform.twitter.com\/widgets.js\" charset=\"utf-8\"><\/script><\/p>\n<p>\u00abAgradecemos el compromiso del sector privado y el trabajo de Mat\u00edas Tombolini y todo su equipo: dimos un paso determinante para lanzar la\u00a0<strong>tercera etapa<\/strong>\u00ab, agreg\u00f3 Lammens, inform\u00f3 la cartera de Turismo a trav\u00e9s de un comunicado.<\/p>\n<p>A su turno, Tombolini destac\u00f3 que desde la Secretar\u00eda de Comercio que dirige\u00a0<strong>\u00abvamos a contribuir al ordenamiento de los precios<\/strong>, al control para evitar los abusos y a la posibilidad de que, de manera voluntaria, se vayan sumando cada vez m\u00e1s empresarios y empresarias a esta pol\u00edtica p\u00fablica que ha sido un \u00e9xito y un impulso para el sector tur\u00edstico\u00bb.<\/p>\n<p>Por el sector privado firmaron el acuerdo el presidente de la C\u00e1mara Argentina de Turismo,\u00a0<strong>Gustavo Hani<\/strong>; el titular de la Federaci\u00f3n Empresaria Hotelera Gastron\u00f3mica de la Rep\u00fablica Argentina (Fehgra),\u00a0<strong>Fernando Desbots<\/strong>; el presidente de la Asociaci\u00f3n de Hoteles de Turismo de la Rep\u00fablica Argentina (AHT),\u00a0<strong>Roberto Amengual<\/strong>; y el titular de la Asociaci\u00f3n de Hoteles, Restaurantes, Confiter\u00edas y Caf\u00e9s (Ahrcc),\u00a0<strong>Daniel Prieto<\/strong>, detall\u00f3 el Ministerio de Turismo en un comunicado.<\/p>\n<p>Al hablar durante el encuentro, Hani dijo que \u00abPreViaje nos permiti\u00f3 una reactivaci\u00f3n muy r\u00e1pida, adem\u00e1s de brindar\u00a0<strong>previsibilidad\u00a0<\/strong>y formalidad al sector. Vamos a trabajar codo a codo para que el acuerdo se cumpla porque\u00a0<strong>queremos que el programa siga siendo un \u00e9xito\u00bb.<\/strong><\/p>\n<blockquote class=\"\"><p>\u00abEste programa ha resultado un \u00e9xito desde todo punto de vista. Est\u00e1 contenta la gente, que puede viajar; est\u00e1 contento el Estado nacional, que promueve la actividad y la formaliza; y est\u00e1 contento el sector tur\u00edstico porque representa casi 10 puntos del PBI y se ha visto muy fortalecido por PreViaje\u00bb.<cite class=\"author\">Mat\u00edas Lammens<\/cite><\/p><\/blockquote>\n<p>De cara a la nueva edici\u00f3n del PreViaje, para el establecimiento de las tarifas m\u00e1ximas se tomaron como referencia las \u00faltimas disponibles de temporada baja en los principales destinos de cada provincia, es decir, la correspondiente a junio o julio de 2022, seg\u00fan las caracter\u00edsticas del lugar.<\/p>\n<p>De cara a este objetivo se llev\u00f3 adelante un\u00a0<strong>relevamiento de cerca de 200.000 precio<\/strong>s, explic\u00f3 el Ministerio de Turismo.<\/p>\n<p>La adhesi\u00f3n, mediante declaraci\u00f3n jurada, ser\u00e1 voluntaria para cada prestador tur\u00edstico y ser\u00e1 condici\u00f3n obligatoria para participar en este nuevo PreViaje.<\/p>\n<p>Por destino tur\u00edstico, los prestadores deber\u00e1n ajustarse a la tarifa m\u00e1xima establecida para cada categor\u00eda y tipo de establecimiento (1 a 5 estrellas). La fiscalizaci\u00f3n estar\u00e1 a cargo de la Secretar\u00eda de Comercio y los alojamientos que incumplan quedar\u00e1n excluidos tanto de la tercera como de futuras ediciones del programa.<\/p>\n<p>Durante las dos primeras ediciones un total de 5 millones de turistas se beneficiaron con el programa, con un impacto econ\u00f3mico de $165 mil millones.<\/p>\n<p>En esta ocasi\u00f3n, el programa ser\u00e1 para estimular los viajes por todo el pa\u00eds durante la denominada \u00abtemporada baja\u00bb.<\/p>\n","protected":false},"excerpt":{"rendered":"<p>Durante un encuentro llevado a cabo este lunes, los ministros de Econom\u00eda y de Turismo y Deportes, junto con el secretario de Comercio, firmaron\u00a0\u00a0un acuerdo con las entidades representantes del sector privado para establecer un cuadro de tarifas m\u00e1ximas en los alojamientos que participen del programa.<\/p>\n","protected":false},"author":3,"featured_media":58423,"comment_status":"closed","ping_status":"closed","sticky":false,"template":"","format":"standard","meta":{"footnotes":""},"categories":[58,24,33],"tags":[],"class_list":["post-76961","post","type-post","status-publish","format-standard","has-post-thumbnail","hentry","category-gobierno","category-politica","category-turismo"],"yoast_head":"<!-- This site is optimized with the Yoast SEO plugin v25.9 - https:\/\/yoast.com\/wordpress\/plugins\/seo\/ -->\n<title>Massa y Lammens acordaron precios con las c\u00e1maras prestadoras para lanzar el PreViaje - Noticias Radio Reflejos<\/title>\n<meta name=\"robots\" content=\"index, follow, max-snippet:-1, max-image-preview:large, max-video-preview:-1\" \/>\n<link rel=\"canonical\" href=\"https:\/\/www.noticiasradioreflejos.com.ar\/2021\/massa-y-lammens-acordaron-precios-con-las-camaras-prestadoras-para-lanzar-el-previaje\/\" \/>\n<meta property=\"og:locale\" content=\"es_ES\" \/>\n<meta property=\"og:type\" content=\"article\" \/>\n<meta property=\"og:title\" content=\"Massa y Lammens acordaron precios con las c\u00e1maras prestadoras para lanzar el PreViaje - Noticias Radio Reflejos\" \/>\n<meta property=\"og:description\" content=\"Durante un encuentro llevado a cabo este lunes, los ministros de Econom\u00eda y de Turismo y Deportes, junto con el secretario de Comercio, firmaron\u00a0\u00a0un acuerdo con las entidades representantes del sector privado para establecer un cuadro de tarifas m\u00e1ximas en los alojamientos que participen del programa.\" \/>\n<meta property=\"og:url\" content=\"https:\/\/www.noticiasradioreflejos.com.ar\/2021\/massa-y-lammens-acordaron-precios-con-las-camaras-prestadoras-para-lanzar-el-previaje\/\" \/>\n<meta property=\"og:site_name\" content=\"Noticias Radio Reflejos\" \/>\n<meta property=\"article:published_time\" content=\"2022-08-30T10:48:15+00:00\" \/>\n<meta property=\"article:modified_time\" content=\"2022-08-30T10:49:02+00:00\" \/>\n<meta property=\"og:image\" content=\"https:\/\/www.noticiasradioreflejos.com.ar\/2021\/wp-content\/uploads\/2021\/06\/previaje.jpg\" \/>\n\t<meta property=\"og:image:width\" content=\"1920\" \/>\n\t<meta property=\"og:image:height\" content=\"674\" \/>\n\t<meta property=\"og:image:type\" content=\"image\/jpeg\" \/>\n<meta name=\"author\" content=\"Arnaldo Botto\" \/>\n<meta name=\"twitter:card\" content=\"summary_large_image\" \/>\n<script type=\"application\/ld+json\" class=\"yoast-schema-graph\">{\"@context\":\"https:\/\/schema.org\",\"@graph\":[{\"@type\":\"WebPage\",\"@id\":\"https:\/\/www.noticiasradioreflejos.com.ar\/2021\/massa-y-lammens-acordaron-precios-con-las-camaras-prestadoras-para-lanzar-el-previaje\/\",\"url\":\"https:\/\/www.noticiasradioreflejos.com.ar\/2021\/massa-y-lammens-acordaron-precios-con-las-camaras-prestadoras-para-lanzar-el-previaje\/\",\"name\":\"Massa y Lammens acordaron precios con las c\u00e1maras prestadoras para lanzar el PreViaje - Noticias Radio Reflejos\",\"isPartOf\":{\"@id\":\"https:\/\/www.noticiasradioreflejos.com.ar\/2021\/#website\"},\"primaryImageOfPage\":{\"@id\":\"https:\/\/www.noticiasradioreflejos.com.ar\/2021\/massa-y-lammens-acordaron-precios-con-las-camaras-prestadoras-para-lanzar-el-previaje\/#primaryimage\"},\"image\":{\"@id\":\"https:\/\/www.noticiasradioreflejos.com.ar\/2021\/massa-y-lammens-acordaron-precios-con-las-camaras-prestadoras-para-lanzar-el-previaje\/#primaryimage\"},\"thumbnailUrl\":\"https:\/\/www.noticiasradioreflejos.com.ar\/2021\/wp-content\/uploads\/2021\/06\/previaje.jpg\",\"datePublished\":\"2022-08-30T10:48:15+00:00\",\"dateModified\":\"2022-08-30T10:49:02+00:00\",\"author\":{\"@id\":\"https:\/\/www.noticiasradioreflejos.com.ar\/2021\/#\/schema\/person\/ad82545263dcc5ec0996818884fd5fb1\"},\"breadcrumb\":{\"@id\":\"https:\/\/www.noticiasradioreflejos.com.ar\/2021\/massa-y-lammens-acordaron-precios-con-las-camaras-prestadoras-para-lanzar-el-previaje\/#breadcrumb\"},\"inLanguage\":\"es\",\"potentialAction\":[{\"@type\":\"ReadAction\",\"target\":[\"https:\/\/www.noticiasradioreflejos.com.ar\/2021\/massa-y-lammens-acordaron-precios-con-las-camaras-prestadoras-para-lanzar-el-previaje\/\"]}]},{\"@type\":\"ImageObject\",\"inLanguage\":\"es\",\"@id\":\"https:\/\/www.noticiasradioreflejos.com.ar\/2021\/massa-y-lammens-acordaron-precios-con-las-camaras-prestadoras-para-lanzar-el-previaje\/#primaryimage\",\"url\":\"https:\/\/www.noticiasradioreflejos.com.ar\/2021\/wp-content\/uploads\/2021\/06\/previaje.jpg\",\"contentUrl\":\"https:\/\/www.noticiasradioreflejos.com.ar\/2021\/wp-content\/uploads\/2021\/06\/previaje.jpg\",\"width\":1920,\"height\":674},{\"@type\":\"BreadcrumbList\",\"@id\":\"https:\/\/www.noticiasradioreflejos.com.ar\/2021\/massa-y-lammens-acordaron-precios-con-las-camaras-prestadoras-para-lanzar-el-previaje\/#breadcrumb\",\"itemListElement\":[{\"@type\":\"ListItem\",\"position\":1,\"name\":\"Portada\",\"item\":\"https:\/\/www.noticiasradioreflejos.com.ar\/2021\/\"},{\"@type\":\"ListItem\",\"position\":2,\"name\":\"Massa y Lammens acordaron precios con las c\u00e1maras prestadoras para lanzar el PreViaje\"}]},{\"@type\":\"WebSite\",\"@id\":\"https:\/\/www.noticiasradioreflejos.com.ar\/2021\/#website\",\"url\":\"https:\/\/www.noticiasradioreflejos.com.ar\/2021\/\",\"name\":\"Noticias Radio Reflejos\",\"description\":\"Las noticias de mi comarca\",\"potentialAction\":[{\"@type\":\"SearchAction\",\"target\":{\"@type\":\"EntryPoint\",\"urlTemplate\":\"https:\/\/www.noticiasradioreflejos.com.ar\/2021\/?s={search_term_string}\"},\"query-input\":{\"@type\":\"PropertyValueSpecification\",\"valueRequired\":true,\"valueName\":\"search_term_string\"}}],\"inLanguage\":\"es\"},{\"@type\":\"Person\",\"@id\":\"https:\/\/www.noticiasradioreflejos.com.ar\/2021\/#\/schema\/person\/ad82545263dcc5ec0996818884fd5fb1\",\"name\":\"Arnaldo Botto\",\"image\":{\"@type\":\"ImageObject\",\"inLanguage\":\"es\",\"@id\":\"https:\/\/www.noticiasradioreflejos.com.ar\/2021\/#\/schema\/person\/image\/\",\"url\":\"https:\/\/secure.gravatar.com\/avatar\/55cb5e37c1efa326397366e6974cb338056df65cb50e7d64d1cf314e87504837?s=96&d=mm&r=g\",\"contentUrl\":\"https:\/\/secure.gravatar.com\/avatar\/55cb5e37c1efa326397366e6974cb338056df65cb50e7d64d1cf314e87504837?s=96&d=mm&r=g\",\"caption\":\"Arnaldo Botto\"},\"url\":\"https:\/\/www.noticiasradioreflejos.com.ar\/2021\/author\/arnaldo\/\"}]}<\/script>\n<!-- \/ Yoast SEO plugin. -->","yoast_head_json":{"title":"Massa y Lammens acordaron precios con las c\u00e1maras prestadoras para lanzar el PreViaje - Noticias Radio Reflejos","robots":{"index":"index","follow":"follow","max-snippet":"max-snippet:-1","max-image-preview":"max-image-preview:large","max-video-preview":"max-video-preview:-1"},"canonical":"https:\/\/www.noticiasradioreflejos.com.ar\/2021\/massa-y-lammens-acordaron-precios-con-las-camaras-prestadoras-para-lanzar-el-previaje\/","og_locale":"es_ES","og_type":"article","og_title":"Massa y Lammens acordaron precios con las c\u00e1maras prestadoras para lanzar el PreViaje - Noticias Radio Reflejos","og_description":"Durante un encuentro llevado a cabo este lunes, los ministros de Econom\u00eda y de Turismo y Deportes, junto con el secretario de Comercio, firmaron\u00a0\u00a0un acuerdo con las entidades representantes del sector privado para establecer un cuadro de tarifas m\u00e1ximas en los alojamientos que participen del programa.","og_url":"https:\/\/www.noticiasradioreflejos.com.ar\/2021\/massa-y-lammens-acordaron-precios-con-las-camaras-prestadoras-para-lanzar-el-previaje\/","og_site_name":"Noticias Radio Reflejos","article_published_time":"2022-08-30T10:48:15+00:00","article_modified_time":"2022-08-30T10:49:02+00:00","og_image":[{"width":1920,"height":674,"url":"https:\/\/www.noticiasradioreflejos.com.ar\/2021\/wp-content\/uploads\/2021\/06\/previaje.jpg","type":"image\/jpeg"}],"author":"Arnaldo Botto","twitter_card":"summary_large_image","schema":{"@context":"https:\/\/schema.org","@graph":[{"@type":"WebPage","@id":"https:\/\/www.noticiasradioreflejos.com.ar\/2021\/massa-y-lammens-acordaron-precios-con-las-camaras-prestadoras-para-lanzar-el-previaje\/","url":"https:\/\/www.noticiasradioreflejos.com.ar\/2021\/massa-y-lammens-acordaron-precios-con-las-camaras-prestadoras-para-lanzar-el-previaje\/","name":"Massa y Lammens acordaron precios con las c\u00e1maras prestadoras para lanzar el PreViaje - Noticias Radio Reflejos","isPartOf":{"@id":"https:\/\/www.noticiasradioreflejos.com.ar\/2021\/#website"},"primaryImageOfPage":{"@id":"https:\/\/www.noticiasradioreflejos.com.ar\/2021\/massa-y-lammens-acordaron-precios-con-las-camaras-prestadoras-para-lanzar-el-previaje\/#primaryimage"},"image":{"@id":"https:\/\/www.noticiasradioreflejos.com.ar\/2021\/massa-y-lammens-acordaron-precios-con-las-camaras-prestadoras-para-lanzar-el-previaje\/#primaryimage"},"thumbnailUrl":"https:\/\/www.noticiasradioreflejos.com.ar\/2021\/wp-content\/uploads\/2021\/06\/previaje.jpg","datePublished":"2022-08-30T10:48:15+00:00","dateModified":"2022-08-30T10:49:02+00:00","author":{"@id":"https:\/\/www.noticiasradioreflejos.com.ar\/2021\/#\/schema\/person\/ad82545263dcc5ec0996818884fd5fb1"},"breadcrumb":{"@id":"https:\/\/www.noticiasradioreflejos.com.ar\/2021\/massa-y-lammens-acordaron-precios-con-las-camaras-prestadoras-para-lanzar-el-previaje\/#breadcrumb"},"inLanguage":"es","potentialAction":[{"@type":"ReadAction","target":["https:\/\/www.noticiasradioreflejos.com.ar\/2021\/massa-y-lammens-acordaron-precios-con-las-camaras-prestadoras-para-lanzar-el-previaje\/"]}]},{"@type":"ImageObject","inLanguage":"es","@id":"https:\/\/www.noticiasradioreflejos.com.ar\/2021\/massa-y-lammens-acordaron-precios-con-las-camaras-prestadoras-para-lanzar-el-previaje\/#primaryimage","url":"https:\/\/www.noticiasradioreflejos.com.ar\/2021\/wp-content\/uploads\/2021\/06\/previaje.jpg","contentUrl":"https:\/\/www.noticiasradioreflejos.com.ar\/2021\/wp-content\/uploads\/2021\/06\/previaje.jpg","width":1920,"height":674},{"@type":"BreadcrumbList","@id":"https:\/\/www.noticiasradioreflejos.com.ar\/2021\/massa-y-lammens-acordaron-precios-con-las-camaras-prestadoras-para-lanzar-el-previaje\/#breadcrumb","itemListElement":[{"@type":"ListItem","position":1,"name":"Portada","item":"https:\/\/www.noticiasradioreflejos.com.ar\/2021\/"},{"@type":"ListItem","position":2,"name":"Massa y Lammens acordaron precios con las c\u00e1maras prestadoras para lanzar el PreViaje"}]},{"@type":"WebSite","@id":"https:\/\/www.noticiasradioreflejos.com.ar\/2021\/#website","url":"https:\/\/www.noticiasradioreflejos.com.ar\/2021\/","name":"Noticias Radio Reflejos","description":"Las noticias de mi comarca","potentialAction":[{"@type":"SearchAction","target":{"@type":"EntryPoint","urlTemplate":"https:\/\/www.noticiasradioreflejos.com.ar\/2021\/?s={search_term_string}"},"query-input":{"@type":"PropertyValueSpecification","valueRequired":true,"valueName":"search_term_string"}}],"inLanguage":"es"},{"@type":"Person","@id":"https:\/\/www.noticiasradioreflejos.com.ar\/2021\/#\/schema\/person\/ad82545263dcc5ec0996818884fd5fb1","name":"Arnaldo Botto","image":{"@type":"ImageObject","inLanguage":"es","@id":"https:\/\/www.noticiasradioreflejos.com.ar\/2021\/#\/schema\/person\/image\/","url":"https:\/\/secure.gravatar.com\/avatar\/55cb5e37c1efa326397366e6974cb338056df65cb50e7d64d1cf314e87504837?s=96&d=mm&r=g","contentUrl":"https:\/\/secure.gravatar.com\/avatar\/55cb5e37c1efa326397366e6974cb338056df65cb50e7d64d1cf314e87504837?s=96&d=mm&r=g","caption":"Arnaldo Botto"},"url":"https:\/\/www.noticiasradioreflejos.com.ar\/2021\/author\/arnaldo\/"}]}},"_links":{"self":[{"href":"https:\/\/www.noticiasradioreflejos.com.ar\/2021\/wp-json\/wp\/v2\/posts\/76961","targetHints":{"allow":["GET"]}}],"collection":[{"href":"https:\/\/www.noticiasradioreflejos.com.ar\/2021\/wp-json\/wp\/v2\/posts"}],"about":[{"href":"https:\/\/www.noticiasradioreflejos.com.ar\/2021\/wp-json\/wp\/v2\/types\/post"}],"author":[{"embeddable":true,"href":"https:\/\/www.noticiasradioreflejos.com.ar\/2021\/wp-json\/wp\/v2\/users\/3"}],"replies":[{"embeddable":true,"href":"https:\/\/www.noticiasradioreflejos.com.ar\/2021\/wp-json\/wp\/v2\/comments?post=76961"}],"version-history":[{"count":1,"href":"https:\/\/www.noticiasradioreflejos.com.ar\/2021\/wp-json\/wp\/v2\/posts\/76961\/revisions"}],"predecessor-version":[{"id":76962,"href":"https:\/\/www.noticiasradioreflejos.com.ar\/2021\/wp-json\/wp\/v2\/posts\/76961\/revisions\/76962"}],"wp:featuredmedia":[{"embeddable":true,"href":"https:\/\/www.noticiasradioreflejos.com.ar\/2021\/wp-json\/wp\/v2\/media\/58423"}],"wp:attachment":[{"href":"https:\/\/www.noticiasradioreflejos.com.ar\/2021\/wp-json\/wp\/v2\/media?parent=76961"}],"wp:term":[{"taxonomy":"category","embeddable":true,"href":"https:\/\/www.noticiasradioreflejos.com.ar\/2021\/wp-json\/wp\/v2\/categories?post=76961"},{"taxonomy":"post_tag","embeddable":true,"href":"https:\/\/www.noticiasradioreflejos.com.ar\/2021\/wp-json\/wp\/v2\/tags?post=76961"}],"curies":[{"name":"wp","href":"https:\/\/api.w.org\/{rel}","templated":true}]}}