{"id":76953,"date":"2022-08-30T01:09:47","date_gmt":"2022-08-30T01:09:47","guid":{"rendered":"http:\/\/www.noticiasradioreflejos.com.ar\/2021\/?p=76953"},"modified":"2022-08-30T01:09:47","modified_gmt":"2022-08-30T01:09:47","slug":"tras-la-represion-ordenaron-a-larreta-que-cesen-los-operativos-policiales-en-la-casa-de-cristina-fernandez","status":"publish","type":"post","link":"https:\/\/www.noticiasradioreflejos.com.ar\/2021\/tras-la-represion-ordenaron-a-larreta-que-cesen-los-operativos-policiales-en-la-casa-de-cristina-fernandez\/","title":{"rendered":"Tras la represi\u00f3n, ordenaron a Larreta que cesen los operativos policiales en la casa de Cristina Fern\u00e1ndez"},"content":{"rendered":"<p>Se lo orden\u00f3 el juez Roberto Gallardo al jefe de Gobierno porte\u00f1o mediante una medida cautelar, en el marco del tr\u00e1mite de una serie de recursos de amparos presentados durante el fin de semana por dirigentes vinculados al Frente de Todos.<!--more--><\/p>\n<figure class=\"mb-3\"><img decoding=\"async\" src=\"https:\/\/www.telam.com.ar\/thumbs\/bluesteel\/advf\/imagenes\/2022\/08\/630a9db8554b8_900.jpg\" alt=\"Durante el fin de semana pasado la Polica de la Ciudad reprimi a manifestantes Foto Raul Ferrari\" width=\"100%\" height=\"100%\" \/><\/p>\n<div class=\"media-icons\"><\/div><figcaption>Durante el fin de semana pasado la Polic\u00eda de la Ciudad reprimi\u00f3 a manifestantes (Foto: Raul Ferrari).<\/figcaption><\/figure>\n<p><strong>(Telam)<\/strong> El juez <strong>Roberto Gallardo<\/strong>, con jurisdicci\u00f3n en el \u00e1mbito capitalino, le orden\u00f3 este lunes al jefe de Gobierno porte\u00f1o,\u00a0<strong>Horacio Rodr\u00edguez Larreta<\/strong>, que \u201ccese de forma inmediata la ejecuci\u00f3n de cualquier operatoria policial directa o indirectamente vinculada con la custodia\u201d del domicilio de la vicepresidenta\u00a0<strong>Cristina Fern\u00e1ndez de Kirchner<\/strong>, dado que eso corresponde a la seguridad federal, informaron fuentes judiciales.<\/p>\n<p>El titular del Juzgado de Primera Instancia en lo Contencioso, Administrativo y Tributario (CAYT) N\u00b0 2 de la Ciudad de Buenos Aires dispuso la medida cautelar en el marco del tr\u00e1mite de una serie de recursos de amparo presentados durante el fin de semana por dirigentes vinculados al\u00a0<strong>Frente de Todos<\/strong>, en un fallo al cual tuvo acceso T\u00e9lam.<\/p>\n<p>Gallardo dispuso \u201cordenar al se\u00f1or jefe de Gobierno de la Ciudad Aut\u00f3noma de Buenos Aires, Lic. Horacio Rodr\u00edguez Larreta, que por conducto del Ministerio de Seguridad de la Ciudad,\u00a0<strong>cese en forma inmediata la ejecuci\u00f3n de cualquier operatoria policial directa o indirectamente vinculada con la custodia de la persona, familia y\/o domicilio de la Se\u00f1ora Vicepresidenta de la Naci\u00f3n\u201d.<\/strong><\/p>\n<figure class=\"mb-3\"><img decoding=\"async\" src=\"https:\/\/www.telam.com.ar\/thumbs\/bluesteel\/advf\/imagenes\/2022\/08\/630a9db7c5548_900.jpg\" alt=\"Foto Pepe Mateos\" width=\"100%\" height=\"100%\" \/><\/p>\n<div class=\"media-icons\"><\/div><figcaption>(Foto: Pepe Mateos).<\/figcaption><\/figure>\n<p>En el segundo punto de la resoluci\u00f3n que emiti\u00f3 este lunes por la tarde ratific\u00f3 que \u201cla custodia de la persona y domicilio de la Vicepresidenta sito en esta ciudad, est\u00e1n a cargo de las autoridades de seguridad federales, que deben ejercer a esos efectos la unidad de comando y la coordinaci\u00f3n operativa con las fuerzas locales\u201d.<\/p>\n<p>A p\u00e1rrafo seguido estableci\u00f3 que \u201cla fuerza federal encargada de la custodia Presidencial ser\u00e1 la habilitada para determinar, en funci\u00f3n de las eventualidades espec\u00edficas, el radio territorial de cobertura y las modalidades que asuman los operativos de prevenci\u00f3n y\/o contenci\u00f3n en su caso\u201d.<\/p>\n<p>La decisi\u00f3n del juez Gallardo se conoci\u00f3 despu\u00e9s de que\u00a0<a href=\"https:\/\/www.telam.com.ar\/notas\/202208\/602945-vallado-casa-cristina.html\" target=\"_blank\" rel=\"noopener\">el s\u00e1bado pasado la polic\u00eda porte\u00f1a vallara los alrededores del edificio en el que reside la Vicepresidenta<\/a>, en la esquina de Juncal y Uruguay, lo que irrit\u00f3 a los manifestantes que desde hace d\u00edas se congregan en el lugar en defensa de la funcionaria, acusada en la llamada causa Vialidad y con un pedido de condena de 12 a\u00f1os de prisi\u00f3n.<\/p>\n<figure class=\"mb-3\"><img decoding=\"async\" src=\"https:\/\/www.telam.com.ar\/thumbs\/bluesteel\/advf\/imagenes\/2022\/08\/630a975a1bbf4_900.jpg\" alt=\"Foto Pepe Mateos\" width=\"100%\" height=\"100%\" \/><\/p>\n<div class=\"media-icons\"><\/div><figcaption>(Foto: Pepe Mateos).<\/figcaption><\/figure>\n<p><a href=\"https:\/\/www.telam.com.ar\/notas\/202208\/603000-policia-de-la-ciudad-represion-manifestantes-cristina-fernandez-de-kirchner.html\" target=\"_blank\" rel=\"noopener\">La polic\u00eda porte\u00f1a arroj\u00f3 granadas de gas lacrim\u00f3geno y empap\u00f3 a los manifestantes con chorros de agua<\/a>\u00a0disparados desde su camiones hidrantes, lo que deriv\u00f3 en m\u00faltiples denuncias del Frente de Todos pos la violencia de la represi\u00f3n.<\/p>\n<p>En las refriegas, hubo dirigentes de la alianza gobernante detenidos y\u00a0<a href=\"https:\/\/www.telam.com.ar\/notas\/202208\/603045-maximo-kirchner-policia-de-la-ciudad.html\" target=\"_blank\" rel=\"noopener\">hasta el diputado M\u00e1ximo Kirchner, jefe del PJ Bonarense, result\u00f3 golpeado por la polic\u00eda.<\/a><\/p>\n","protected":false},"excerpt":{"rendered":"<p>Se lo orden\u00f3 el juez Roberto Gallardo al jefe de Gobierno porte\u00f1o mediante una medida cautelar, en el marco del tr\u00e1mite de una serie de recursos de amparos presentados durante el fin de semana por dirigentes vinculados al Frente de Todos.<\/p>\n","protected":false},"author":3,"featured_media":0,"comment_status":"closed","ping_status":"closed","sticky":false,"template":"","format":"standard","meta":{"footnotes":""},"categories":[57],"tags":[],"class_list":["post-76953","post","type-post","status-publish","format-standard","hentry","category-judiciales"],"yoast_head":"<!-- This site is optimized with the Yoast SEO plugin v25.9 - https:\/\/yoast.com\/wordpress\/plugins\/seo\/ -->\n<title>Tras la represi\u00f3n, ordenaron a Larreta que cesen los operativos policiales en la casa de Cristina Fern\u00e1ndez - Noticias Radio Reflejos<\/title>\n<meta name=\"robots\" content=\"index, follow, max-snippet:-1, max-image-preview:large, max-video-preview:-1\" \/>\n<link rel=\"canonical\" href=\"https:\/\/www.noticiasradioreflejos.com.ar\/2021\/tras-la-represion-ordenaron-a-larreta-que-cesen-los-operativos-policiales-en-la-casa-de-cristina-fernandez\/\" \/>\n<meta property=\"og:locale\" content=\"es_ES\" \/>\n<meta property=\"og:type\" content=\"article\" \/>\n<meta property=\"og:title\" content=\"Tras la represi\u00f3n, ordenaron a Larreta que cesen los operativos policiales en la casa de Cristina Fern\u00e1ndez - Noticias Radio Reflejos\" \/>\n<meta property=\"og:description\" content=\"Se lo orden\u00f3 el juez Roberto Gallardo al jefe de Gobierno porte\u00f1o mediante una medida cautelar, en el marco del tr\u00e1mite de una serie de recursos de amparos presentados durante el fin de semana por dirigentes vinculados al Frente de Todos.\" \/>\n<meta property=\"og:url\" content=\"https:\/\/www.noticiasradioreflejos.com.ar\/2021\/tras-la-represion-ordenaron-a-larreta-que-cesen-los-operativos-policiales-en-la-casa-de-cristina-fernandez\/\" \/>\n<meta property=\"og:site_name\" content=\"Noticias Radio Reflejos\" \/>\n<meta property=\"article:published_time\" content=\"2022-08-30T01:09:47+00:00\" \/>\n<meta property=\"og:image\" content=\"https:\/\/www.telam.com.ar\/thumbs\/bluesteel\/advf\/imagenes\/2022\/08\/630a9db8554b8_900.jpg\" \/>\n<meta name=\"author\" content=\"Arnaldo Botto\" \/>\n<meta name=\"twitter:card\" content=\"summary_large_image\" \/>\n<script type=\"application\/ld+json\" class=\"yoast-schema-graph\">{\"@context\":\"https:\/\/schema.org\",\"@graph\":[{\"@type\":\"WebPage\",\"@id\":\"https:\/\/www.noticiasradioreflejos.com.ar\/2021\/tras-la-represion-ordenaron-a-larreta-que-cesen-los-operativos-policiales-en-la-casa-de-cristina-fernandez\/\",\"url\":\"https:\/\/www.noticiasradioreflejos.com.ar\/2021\/tras-la-represion-ordenaron-a-larreta-que-cesen-los-operativos-policiales-en-la-casa-de-cristina-fernandez\/\",\"name\":\"Tras la represi\u00f3n, ordenaron a Larreta que cesen los operativos policiales en la casa de Cristina Fern\u00e1ndez - Noticias Radio Reflejos\",\"isPartOf\":{\"@id\":\"https:\/\/www.noticiasradioreflejos.com.ar\/2021\/#website\"},\"primaryImageOfPage\":{\"@id\":\"https:\/\/www.noticiasradioreflejos.com.ar\/2021\/tras-la-represion-ordenaron-a-larreta-que-cesen-los-operativos-policiales-en-la-casa-de-cristina-fernandez\/#primaryimage\"},\"image\":{\"@id\":\"https:\/\/www.noticiasradioreflejos.com.ar\/2021\/tras-la-represion-ordenaron-a-larreta-que-cesen-los-operativos-policiales-en-la-casa-de-cristina-fernandez\/#primaryimage\"},\"thumbnailUrl\":\"https:\/\/www.telam.com.ar\/thumbs\/bluesteel\/advf\/imagenes\/2022\/08\/630a9db8554b8_900.jpg\",\"datePublished\":\"2022-08-30T01:09:47+00:00\",\"author\":{\"@id\":\"https:\/\/www.noticiasradioreflejos.com.ar\/2021\/#\/schema\/person\/ad82545263dcc5ec0996818884fd5fb1\"},\"breadcrumb\":{\"@id\":\"https:\/\/www.noticiasradioreflejos.com.ar\/2021\/tras-la-represion-ordenaron-a-larreta-que-cesen-los-operativos-policiales-en-la-casa-de-cristina-fernandez\/#breadcrumb\"},\"inLanguage\":\"es\",\"potentialAction\":[{\"@type\":\"ReadAction\",\"target\":[\"https:\/\/www.noticiasradioreflejos.com.ar\/2021\/tras-la-represion-ordenaron-a-larreta-que-cesen-los-operativos-policiales-en-la-casa-de-cristina-fernandez\/\"]}]},{\"@type\":\"ImageObject\",\"inLanguage\":\"es\",\"@id\":\"https:\/\/www.noticiasradioreflejos.com.ar\/2021\/tras-la-represion-ordenaron-a-larreta-que-cesen-los-operativos-policiales-en-la-casa-de-cristina-fernandez\/#primaryimage\",\"url\":\"https:\/\/www.telam.com.ar\/thumbs\/bluesteel\/advf\/imagenes\/2022\/08\/630a9db8554b8_900.jpg\",\"contentUrl\":\"https:\/\/www.telam.com.ar\/thumbs\/bluesteel\/advf\/imagenes\/2022\/08\/630a9db8554b8_900.jpg\"},{\"@type\":\"BreadcrumbList\",\"@id\":\"https:\/\/www.noticiasradioreflejos.com.ar\/2021\/tras-la-represion-ordenaron-a-larreta-que-cesen-los-operativos-policiales-en-la-casa-de-cristina-fernandez\/#breadcrumb\",\"itemListElement\":[{\"@type\":\"ListItem\",\"position\":1,\"name\":\"Portada\",\"item\":\"https:\/\/www.noticiasradioreflejos.com.ar\/2021\/\"},{\"@type\":\"ListItem\",\"position\":2,\"name\":\"Tras la represi\u00f3n, ordenaron a Larreta que cesen los operativos policiales en la casa de Cristina Fern\u00e1ndez\"}]},{\"@type\":\"WebSite\",\"@id\":\"https:\/\/www.noticiasradioreflejos.com.ar\/2021\/#website\",\"url\":\"https:\/\/www.noticiasradioreflejos.com.ar\/2021\/\",\"name\":\"Noticias Radio Reflejos\",\"description\":\"Las noticias de mi comarca\",\"potentialAction\":[{\"@type\":\"SearchAction\",\"target\":{\"@type\":\"EntryPoint\",\"urlTemplate\":\"https:\/\/www.noticiasradioreflejos.com.ar\/2021\/?s={search_term_string}\"},\"query-input\":{\"@type\":\"PropertyValueSpecification\",\"valueRequired\":true,\"valueName\":\"search_term_string\"}}],\"inLanguage\":\"es\"},{\"@type\":\"Person\",\"@id\":\"https:\/\/www.noticiasradioreflejos.com.ar\/2021\/#\/schema\/person\/ad82545263dcc5ec0996818884fd5fb1\",\"name\":\"Arnaldo Botto\",\"image\":{\"@type\":\"ImageObject\",\"inLanguage\":\"es\",\"@id\":\"https:\/\/www.noticiasradioreflejos.com.ar\/2021\/#\/schema\/person\/image\/\",\"url\":\"https:\/\/secure.gravatar.com\/avatar\/55cb5e37c1efa326397366e6974cb338056df65cb50e7d64d1cf314e87504837?s=96&d=mm&r=g\",\"contentUrl\":\"https:\/\/secure.gravatar.com\/avatar\/55cb5e37c1efa326397366e6974cb338056df65cb50e7d64d1cf314e87504837?s=96&d=mm&r=g\",\"caption\":\"Arnaldo Botto\"},\"url\":\"https:\/\/www.noticiasradioreflejos.com.ar\/2021\/author\/arnaldo\/\"}]}<\/script>\n<!-- \/ Yoast SEO plugin. -->","yoast_head_json":{"title":"Tras la represi\u00f3n, ordenaron a Larreta que cesen los operativos policiales en la casa de Cristina Fern\u00e1ndez - Noticias Radio Reflejos","robots":{"index":"index","follow":"follow","max-snippet":"max-snippet:-1","max-image-preview":"max-image-preview:large","max-video-preview":"max-video-preview:-1"},"canonical":"https:\/\/www.noticiasradioreflejos.com.ar\/2021\/tras-la-represion-ordenaron-a-larreta-que-cesen-los-operativos-policiales-en-la-casa-de-cristina-fernandez\/","og_locale":"es_ES","og_type":"article","og_title":"Tras la represi\u00f3n, ordenaron a Larreta que cesen los operativos policiales en la casa de Cristina Fern\u00e1ndez - Noticias Radio Reflejos","og_description":"Se lo orden\u00f3 el juez Roberto Gallardo al jefe de Gobierno porte\u00f1o mediante una medida cautelar, en el marco del tr\u00e1mite de una serie de recursos de amparos presentados durante el fin de semana por dirigentes vinculados al Frente de Todos.","og_url":"https:\/\/www.noticiasradioreflejos.com.ar\/2021\/tras-la-represion-ordenaron-a-larreta-que-cesen-los-operativos-policiales-en-la-casa-de-cristina-fernandez\/","og_site_name":"Noticias Radio Reflejos","article_published_time":"2022-08-30T01:09:47+00:00","og_image":[{"url":"https:\/\/www.telam.com.ar\/thumbs\/bluesteel\/advf\/imagenes\/2022\/08\/630a9db8554b8_900.jpg","type":"","width":"","height":""}],"author":"Arnaldo Botto","twitter_card":"summary_large_image","schema":{"@context":"https:\/\/schema.org","@graph":[{"@type":"WebPage","@id":"https:\/\/www.noticiasradioreflejos.com.ar\/2021\/tras-la-represion-ordenaron-a-larreta-que-cesen-los-operativos-policiales-en-la-casa-de-cristina-fernandez\/","url":"https:\/\/www.noticiasradioreflejos.com.ar\/2021\/tras-la-represion-ordenaron-a-larreta-que-cesen-los-operativos-policiales-en-la-casa-de-cristina-fernandez\/","name":"Tras la represi\u00f3n, ordenaron a Larreta que cesen los operativos policiales en la casa de Cristina Fern\u00e1ndez - Noticias Radio Reflejos","isPartOf":{"@id":"https:\/\/www.noticiasradioreflejos.com.ar\/2021\/#website"},"primaryImageOfPage":{"@id":"https:\/\/www.noticiasradioreflejos.com.ar\/2021\/tras-la-represion-ordenaron-a-larreta-que-cesen-los-operativos-policiales-en-la-casa-de-cristina-fernandez\/#primaryimage"},"image":{"@id":"https:\/\/www.noticiasradioreflejos.com.ar\/2021\/tras-la-represion-ordenaron-a-larreta-que-cesen-los-operativos-policiales-en-la-casa-de-cristina-fernandez\/#primaryimage"},"thumbnailUrl":"https:\/\/www.telam.com.ar\/thumbs\/bluesteel\/advf\/imagenes\/2022\/08\/630a9db8554b8_900.jpg","datePublished":"2022-08-30T01:09:47+00:00","author":{"@id":"https:\/\/www.noticiasradioreflejos.com.ar\/2021\/#\/schema\/person\/ad82545263dcc5ec0996818884fd5fb1"},"breadcrumb":{"@id":"https:\/\/www.noticiasradioreflejos.com.ar\/2021\/tras-la-represion-ordenaron-a-larreta-que-cesen-los-operativos-policiales-en-la-casa-de-cristina-fernandez\/#breadcrumb"},"inLanguage":"es","potentialAction":[{"@type":"ReadAction","target":["https:\/\/www.noticiasradioreflejos.com.ar\/2021\/tras-la-represion-ordenaron-a-larreta-que-cesen-los-operativos-policiales-en-la-casa-de-cristina-fernandez\/"]}]},{"@type":"ImageObject","inLanguage":"es","@id":"https:\/\/www.noticiasradioreflejos.com.ar\/2021\/tras-la-represion-ordenaron-a-larreta-que-cesen-los-operativos-policiales-en-la-casa-de-cristina-fernandez\/#primaryimage","url":"https:\/\/www.telam.com.ar\/thumbs\/bluesteel\/advf\/imagenes\/2022\/08\/630a9db8554b8_900.jpg","contentUrl":"https:\/\/www.telam.com.ar\/thumbs\/bluesteel\/advf\/imagenes\/2022\/08\/630a9db8554b8_900.jpg"},{"@type":"BreadcrumbList","@id":"https:\/\/www.noticiasradioreflejos.com.ar\/2021\/tras-la-represion-ordenaron-a-larreta-que-cesen-los-operativos-policiales-en-la-casa-de-cristina-fernandez\/#breadcrumb","itemListElement":[{"@type":"ListItem","position":1,"name":"Portada","item":"https:\/\/www.noticiasradioreflejos.com.ar\/2021\/"},{"@type":"ListItem","position":2,"name":"Tras la represi\u00f3n, ordenaron a Larreta que cesen los operativos policiales en la casa de Cristina Fern\u00e1ndez"}]},{"@type":"WebSite","@id":"https:\/\/www.noticiasradioreflejos.com.ar\/2021\/#website","url":"https:\/\/www.noticiasradioreflejos.com.ar\/2021\/","name":"Noticias Radio Reflejos","description":"Las noticias de mi comarca","potentialAction":[{"@type":"SearchAction","target":{"@type":"EntryPoint","urlTemplate":"https:\/\/www.noticiasradioreflejos.com.ar\/2021\/?s={search_term_string}"},"query-input":{"@type":"PropertyValueSpecification","valueRequired":true,"valueName":"search_term_string"}}],"inLanguage":"es"},{"@type":"Person","@id":"https:\/\/www.noticiasradioreflejos.com.ar\/2021\/#\/schema\/person\/ad82545263dcc5ec0996818884fd5fb1","name":"Arnaldo Botto","image":{"@type":"ImageObject","inLanguage":"es","@id":"https:\/\/www.noticiasradioreflejos.com.ar\/2021\/#\/schema\/person\/image\/","url":"https:\/\/secure.gravatar.com\/avatar\/55cb5e37c1efa326397366e6974cb338056df65cb50e7d64d1cf314e87504837?s=96&d=mm&r=g","contentUrl":"https:\/\/secure.gravatar.com\/avatar\/55cb5e37c1efa326397366e6974cb338056df65cb50e7d64d1cf314e87504837?s=96&d=mm&r=g","caption":"Arnaldo Botto"},"url":"https:\/\/www.noticiasradioreflejos.com.ar\/2021\/author\/arnaldo\/"}]}},"_links":{"self":[{"href":"https:\/\/www.noticiasradioreflejos.com.ar\/2021\/wp-json\/wp\/v2\/posts\/76953","targetHints":{"allow":["GET"]}}],"collection":[{"href":"https:\/\/www.noticiasradioreflejos.com.ar\/2021\/wp-json\/wp\/v2\/posts"}],"about":[{"href":"https:\/\/www.noticiasradioreflejos.com.ar\/2021\/wp-json\/wp\/v2\/types\/post"}],"author":[{"embeddable":true,"href":"https:\/\/www.noticiasradioreflejos.com.ar\/2021\/wp-json\/wp\/v2\/users\/3"}],"replies":[{"embeddable":true,"href":"https:\/\/www.noticiasradioreflejos.com.ar\/2021\/wp-json\/wp\/v2\/comments?post=76953"}],"version-history":[{"count":1,"href":"https:\/\/www.noticiasradioreflejos.com.ar\/2021\/wp-json\/wp\/v2\/posts\/76953\/revisions"}],"predecessor-version":[{"id":76955,"href":"https:\/\/www.noticiasradioreflejos.com.ar\/2021\/wp-json\/wp\/v2\/posts\/76953\/revisions\/76955"}],"wp:attachment":[{"href":"https:\/\/www.noticiasradioreflejos.com.ar\/2021\/wp-json\/wp\/v2\/media?parent=76953"}],"wp:term":[{"taxonomy":"category","embeddable":true,"href":"https:\/\/www.noticiasradioreflejos.com.ar\/2021\/wp-json\/wp\/v2\/categories?post=76953"},{"taxonomy":"post_tag","embeddable":true,"href":"https:\/\/www.noticiasradioreflejos.com.ar\/2021\/wp-json\/wp\/v2\/tags?post=76953"}],"curies":[{"name":"wp","href":"https:\/\/api.w.org\/{rel}","templated":true}]}}