{"id":76942,"date":"2022-08-29T19:40:52","date_gmt":"2022-08-29T19:40:52","guid":{"rendered":"http:\/\/www.noticiasradioreflejos.com.ar\/2021\/?p=76942"},"modified":"2022-08-29T20:06:31","modified_gmt":"2022-08-29T20:06:31","slug":"se-celebro-el-122-aniversario-de-saldungaray","status":"publish","type":"post","link":"https:\/\/www.noticiasradioreflejos.com.ar\/2021\/se-celebro-el-122-aniversario-de-saldungaray\/","title":{"rendered":"Se celebr\u00f3 el 122\u00b0 aniversario de Saldungaray"},"content":{"rendered":"<p>Se celebr\u00f3 esta ma\u00f1ana, un nuevo aniversario de la localidad de Saldungaray, con un acto que cont\u00f3 de dos instancias.<!--more--><\/p>\n<p><a title=\"aniversario\" href=\"https:\/\/www.flickr.com\/photos\/182279889@N02\/52320456648\/in\/dateposted-public\/\" data-flickr-embed=\"true\"><img loading=\"lazy\" decoding=\"async\" src=\"https:\/\/live.staticflickr.com\/65535\/52320456648_67d6fc8637_c.jpg\" alt=\"aniversario\" width=\"800\" height=\"600\" \/><\/a><script async src=\"\/\/embedr.flickr.com\/assets\/client-code.js\" charset=\"utf-8\"><\/script><\/p>\n<p>Pasadas las 9.30hs, el pabell\u00f3n nacional fue trasladado por autoridades locales, representantes de instituciones intermedias y educativas, como es tradici\u00f3n en dicha localidad, hasta el m\u00e1stil de la Plaza Independencia, donde se dio inicio al acto protocolar.<\/p>\n<p>En esta oportunidad, las palabras alusivas estuvieron a cargo del delegado local Gerardo Rolhman y el Secretario de Gobierno y Seguridad, Ezequiel Gabella; en representaci\u00f3n del intendente municipal Sergio Bordoni, quien por gestiones se encontraba en la ciudad de La Plata.<\/p>\n<p><a title=\"aniversario1\" href=\"https:\/\/www.flickr.com\/photos\/182279889@N02\/52320588005\/in\/dateposted-public\/\" data-flickr-embed=\"true\"><img loading=\"lazy\" decoding=\"async\" src=\"https:\/\/live.staticflickr.com\/65535\/52320588005_def4dd91e8_c.jpg\" alt=\"aniversario1\" width=\"800\" height=\"600\" \/><\/a><script async src=\"\/\/embedr.flickr.com\/assets\/client-code.js\" charset=\"utf-8\"><\/script><\/p>\n<p>En primera instancia Rolhman agradeci\u00f3 a todos los presentes y a las instituciones intermedias por toda la labor en la organizaci\u00f3n de este evento, y por el compromiso diario en pos del desarrollo local.<\/p>\n<p>En su turno, el Secretario de Gobierno y Seguridad, Ezequiel Gabella; destaco el sentido de pertenencia de la comunidad para con su localidad, y los alent\u00f3 a continuar so\u00f1ando y creyendo en grande. Durante su relato hizo menci\u00f3n, a que Saldungaray ha logrado obtener en estos \u00faltimos a\u00f1os, una carrera universitaria, siendo algo impensado para una localidad peque\u00f1a, pero gracias al esfuerzo mancomunado se ha consigui\u00f3. Adem\u00e1s, en la actualidad se est\u00e1 trabajando en viviendas, para dar respuesta al tan anhelado sue\u00f1o de la casa propia, para los vecinos.<\/p>\n<p>Para cerrar la primera parte del encuentro, el coro local cant\u00f3 el tradicional himno de la ciudad.<\/p>\n<p>Los presentes se dirigieron luego al Paseo H\u00e9roes de Malvinas, donde se agasaj\u00f3 a los combatientes y veteranos, por los 40 a\u00f1os de la gesta.<\/p>\n<p>En esta ocasi\u00f3n, el Pedro Bonansea (ex combatiente y vecino de Sierra de la Ventana) entreg\u00f3 junto a Alberto Plaza, diplomas a manera de reconocimiento a los veteranos de Malvinas, y se dej\u00f3 inaugurado un nuevo monolito, dise\u00f1ado y creado por artistas locales, en homenaje a todos aquellos que batallaron por la soberan\u00eda de nuestro pa\u00eds.<\/p>\n<p>Para finalizar, se escuch\u00f3 las estrofas de la marcha de Malvinas, interpretada por el coro \u201cLos Fortineros\u201d.<\/p>\n<p>Estuvieron presente, el Secretario de Producci\u00f3n, Comercio e Industria, Victor Ant\u00f3n; el Secretario de Turismo, Gustavo Sandobal; la Subsecretaria de Desarrollo Social, Mar\u00eda Graciela \u201cTita\u201d Musso, el Director de Planificaci\u00f3n y Desarrollo Tur\u00edstico, Jeremias Le\u00f3n; la Subsecretaria de Medio Ambiente, Melisa Herrada, el Subsecretario de Desarrollo Social de Saldungaray, Facundo Pereyra, la Delegada de Villa Ventana, Florencia Testa, y el Delegado de Sierra de la Ventana, Hugo Polvara.<\/p>\n<p>&nbsp;<\/p>\n<p><a title=\"aniversario7\" href=\"https:\/\/www.flickr.com\/photos\/182279889@N02\/52319347212\/in\/dateposted-public\/\" data-flickr-embed=\"true\"><img loading=\"lazy\" decoding=\"async\" src=\"https:\/\/live.staticflickr.com\/65535\/52319347212_d93dce268d_c.jpg\" alt=\"aniversario7\" width=\"800\" height=\"600\" \/><\/a><script async src=\"\/\/embedr.flickr.com\/assets\/client-code.js\" charset=\"utf-8\"><\/script><\/p>\n<p>&nbsp;<\/p>\n<p><a title=\"aniversario9\" href=\"https:\/\/www.flickr.com\/photos\/182279889@N02\/52320456798\/in\/dateposted-public\/\" data-flickr-embed=\"true\"><img loading=\"lazy\" decoding=\"async\" src=\"https:\/\/live.staticflickr.com\/65535\/52320456798_16c74f3030_c.jpg\" alt=\"aniversario9\" width=\"600\" height=\"800\" \/><\/a><script async src=\"\/\/embedr.flickr.com\/assets\/client-code.js\" charset=\"utf-8\"><\/script><\/p>\n<p><a title=\"aniversario13\" href=\"https:\/\/www.flickr.com\/photos\/182279889@N02\/52320588455\/in\/dateposted-public\/\" data-flickr-embed=\"true\"><img loading=\"lazy\" decoding=\"async\" src=\"https:\/\/live.staticflickr.com\/65535\/52320588455_4e8688d3f3_c.jpg\" alt=\"aniversario13\" width=\"800\" height=\"600\" \/><\/a><\/p>\n<h4>Comunicaci\u00f3n Tornquist Municipio<\/h4>\n","protected":false},"excerpt":{"rendered":"<p>Se celebr\u00f3 esta ma\u00f1ana, un nuevo aniversario de la localidad de Saldungaray, con un acto que cont\u00f3 de dos instancias.<\/p>\n","protected":false},"author":3,"featured_media":0,"comment_status":"closed","ping_status":"closed","sticky":false,"template":"","format":"standard","meta":{"footnotes":""},"categories":[28],"tags":[48],"class_list":["post-76942","post","type-post","status-publish","format-standard","hentry","category-municipales","tag-destacada"],"yoast_head":"<!-- This site is optimized with the Yoast SEO plugin v25.9 - https:\/\/yoast.com\/wordpress\/plugins\/seo\/ -->\n<title>Se celebr\u00f3 el 122\u00b0 aniversario de Saldungaray - Noticias Radio Reflejos<\/title>\n<meta name=\"robots\" content=\"index, follow, max-snippet:-1, max-image-preview:large, max-video-preview:-1\" \/>\n<link rel=\"canonical\" href=\"https:\/\/www.noticiasradioreflejos.com.ar\/2021\/se-celebro-el-122-aniversario-de-saldungaray\/\" \/>\n<meta property=\"og:locale\" content=\"es_ES\" \/>\n<meta property=\"og:type\" content=\"article\" \/>\n<meta property=\"og:title\" content=\"Se celebr\u00f3 el 122\u00b0 aniversario de Saldungaray - Noticias Radio Reflejos\" \/>\n<meta property=\"og:description\" content=\"Se celebr\u00f3 esta ma\u00f1ana, un nuevo aniversario de la localidad de Saldungaray, con un acto que cont\u00f3 de dos instancias.\" \/>\n<meta property=\"og:url\" content=\"https:\/\/www.noticiasradioreflejos.com.ar\/2021\/se-celebro-el-122-aniversario-de-saldungaray\/\" \/>\n<meta property=\"og:site_name\" content=\"Noticias Radio Reflejos\" \/>\n<meta property=\"article:published_time\" content=\"2022-08-29T19:40:52+00:00\" \/>\n<meta property=\"article:modified_time\" content=\"2022-08-29T20:06:31+00:00\" \/>\n<meta property=\"og:image\" content=\"https:\/\/live.staticflickr.com\/65535\/52320456648_67d6fc8637_c.jpg\" \/>\n<meta name=\"author\" content=\"Arnaldo Botto\" \/>\n<meta name=\"twitter:card\" content=\"summary_large_image\" \/>\n<script type=\"application\/ld+json\" class=\"yoast-schema-graph\">{\"@context\":\"https:\/\/schema.org\",\"@graph\":[{\"@type\":\"WebPage\",\"@id\":\"https:\/\/www.noticiasradioreflejos.com.ar\/2021\/se-celebro-el-122-aniversario-de-saldungaray\/\",\"url\":\"https:\/\/www.noticiasradioreflejos.com.ar\/2021\/se-celebro-el-122-aniversario-de-saldungaray\/\",\"name\":\"Se celebr\u00f3 el 122\u00b0 aniversario de Saldungaray - Noticias Radio Reflejos\",\"isPartOf\":{\"@id\":\"https:\/\/www.noticiasradioreflejos.com.ar\/2021\/#website\"},\"primaryImageOfPage\":{\"@id\":\"https:\/\/www.noticiasradioreflejos.com.ar\/2021\/se-celebro-el-122-aniversario-de-saldungaray\/#primaryimage\"},\"image\":{\"@id\":\"https:\/\/www.noticiasradioreflejos.com.ar\/2021\/se-celebro-el-122-aniversario-de-saldungaray\/#primaryimage\"},\"thumbnailUrl\":\"https:\/\/live.staticflickr.com\/65535\/52320456648_67d6fc8637_c.jpg\",\"datePublished\":\"2022-08-29T19:40:52+00:00\",\"dateModified\":\"2022-08-29T20:06:31+00:00\",\"author\":{\"@id\":\"https:\/\/www.noticiasradioreflejos.com.ar\/2021\/#\/schema\/person\/ad82545263dcc5ec0996818884fd5fb1\"},\"breadcrumb\":{\"@id\":\"https:\/\/www.noticiasradioreflejos.com.ar\/2021\/se-celebro-el-122-aniversario-de-saldungaray\/#breadcrumb\"},\"inLanguage\":\"es\",\"potentialAction\":[{\"@type\":\"ReadAction\",\"target\":[\"https:\/\/www.noticiasradioreflejos.com.ar\/2021\/se-celebro-el-122-aniversario-de-saldungaray\/\"]}]},{\"@type\":\"ImageObject\",\"inLanguage\":\"es\",\"@id\":\"https:\/\/www.noticiasradioreflejos.com.ar\/2021\/se-celebro-el-122-aniversario-de-saldungaray\/#primaryimage\",\"url\":\"https:\/\/live.staticflickr.com\/65535\/52320456648_67d6fc8637_c.jpg\",\"contentUrl\":\"https:\/\/live.staticflickr.com\/65535\/52320456648_67d6fc8637_c.jpg\"},{\"@type\":\"BreadcrumbList\",\"@id\":\"https:\/\/www.noticiasradioreflejos.com.ar\/2021\/se-celebro-el-122-aniversario-de-saldungaray\/#breadcrumb\",\"itemListElement\":[{\"@type\":\"ListItem\",\"position\":1,\"name\":\"Portada\",\"item\":\"https:\/\/www.noticiasradioreflejos.com.ar\/2021\/\"},{\"@type\":\"ListItem\",\"position\":2,\"name\":\"Se celebr\u00f3 el 122\u00b0 aniversario de Saldungaray\"}]},{\"@type\":\"WebSite\",\"@id\":\"https:\/\/www.noticiasradioreflejos.com.ar\/2021\/#website\",\"url\":\"https:\/\/www.noticiasradioreflejos.com.ar\/2021\/\",\"name\":\"Noticias Radio Reflejos\",\"description\":\"Las noticias de mi comarca\",\"potentialAction\":[{\"@type\":\"SearchAction\",\"target\":{\"@type\":\"EntryPoint\",\"urlTemplate\":\"https:\/\/www.noticiasradioreflejos.com.ar\/2021\/?s={search_term_string}\"},\"query-input\":{\"@type\":\"PropertyValueSpecification\",\"valueRequired\":true,\"valueName\":\"search_term_string\"}}],\"inLanguage\":\"es\"},{\"@type\":\"Person\",\"@id\":\"https:\/\/www.noticiasradioreflejos.com.ar\/2021\/#\/schema\/person\/ad82545263dcc5ec0996818884fd5fb1\",\"name\":\"Arnaldo Botto\",\"image\":{\"@type\":\"ImageObject\",\"inLanguage\":\"es\",\"@id\":\"https:\/\/www.noticiasradioreflejos.com.ar\/2021\/#\/schema\/person\/image\/\",\"url\":\"https:\/\/secure.gravatar.com\/avatar\/55cb5e37c1efa326397366e6974cb338056df65cb50e7d64d1cf314e87504837?s=96&d=mm&r=g\",\"contentUrl\":\"https:\/\/secure.gravatar.com\/avatar\/55cb5e37c1efa326397366e6974cb338056df65cb50e7d64d1cf314e87504837?s=96&d=mm&r=g\",\"caption\":\"Arnaldo Botto\"},\"url\":\"https:\/\/www.noticiasradioreflejos.com.ar\/2021\/author\/arnaldo\/\"}]}<\/script>\n<!-- \/ Yoast SEO plugin. -->","yoast_head_json":{"title":"Se celebr\u00f3 el 122\u00b0 aniversario de Saldungaray - Noticias Radio Reflejos","robots":{"index":"index","follow":"follow","max-snippet":"max-snippet:-1","max-image-preview":"max-image-preview:large","max-video-preview":"max-video-preview:-1"},"canonical":"https:\/\/www.noticiasradioreflejos.com.ar\/2021\/se-celebro-el-122-aniversario-de-saldungaray\/","og_locale":"es_ES","og_type":"article","og_title":"Se celebr\u00f3 el 122\u00b0 aniversario de Saldungaray - Noticias Radio Reflejos","og_description":"Se celebr\u00f3 esta ma\u00f1ana, un nuevo aniversario de la localidad de Saldungaray, con un acto que cont\u00f3 de dos instancias.","og_url":"https:\/\/www.noticiasradioreflejos.com.ar\/2021\/se-celebro-el-122-aniversario-de-saldungaray\/","og_site_name":"Noticias Radio Reflejos","article_published_time":"2022-08-29T19:40:52+00:00","article_modified_time":"2022-08-29T20:06:31+00:00","og_image":[{"url":"https:\/\/live.staticflickr.com\/65535\/52320456648_67d6fc8637_c.jpg","type":"","width":"","height":""}],"author":"Arnaldo Botto","twitter_card":"summary_large_image","schema":{"@context":"https:\/\/schema.org","@graph":[{"@type":"WebPage","@id":"https:\/\/www.noticiasradioreflejos.com.ar\/2021\/se-celebro-el-122-aniversario-de-saldungaray\/","url":"https:\/\/www.noticiasradioreflejos.com.ar\/2021\/se-celebro-el-122-aniversario-de-saldungaray\/","name":"Se celebr\u00f3 el 122\u00b0 aniversario de Saldungaray - Noticias Radio Reflejos","isPartOf":{"@id":"https:\/\/www.noticiasradioreflejos.com.ar\/2021\/#website"},"primaryImageOfPage":{"@id":"https:\/\/www.noticiasradioreflejos.com.ar\/2021\/se-celebro-el-122-aniversario-de-saldungaray\/#primaryimage"},"image":{"@id":"https:\/\/www.noticiasradioreflejos.com.ar\/2021\/se-celebro-el-122-aniversario-de-saldungaray\/#primaryimage"},"thumbnailUrl":"https:\/\/live.staticflickr.com\/65535\/52320456648_67d6fc8637_c.jpg","datePublished":"2022-08-29T19:40:52+00:00","dateModified":"2022-08-29T20:06:31+00:00","author":{"@id":"https:\/\/www.noticiasradioreflejos.com.ar\/2021\/#\/schema\/person\/ad82545263dcc5ec0996818884fd5fb1"},"breadcrumb":{"@id":"https:\/\/www.noticiasradioreflejos.com.ar\/2021\/se-celebro-el-122-aniversario-de-saldungaray\/#breadcrumb"},"inLanguage":"es","potentialAction":[{"@type":"ReadAction","target":["https:\/\/www.noticiasradioreflejos.com.ar\/2021\/se-celebro-el-122-aniversario-de-saldungaray\/"]}]},{"@type":"ImageObject","inLanguage":"es","@id":"https:\/\/www.noticiasradioreflejos.com.ar\/2021\/se-celebro-el-122-aniversario-de-saldungaray\/#primaryimage","url":"https:\/\/live.staticflickr.com\/65535\/52320456648_67d6fc8637_c.jpg","contentUrl":"https:\/\/live.staticflickr.com\/65535\/52320456648_67d6fc8637_c.jpg"},{"@type":"BreadcrumbList","@id":"https:\/\/www.noticiasradioreflejos.com.ar\/2021\/se-celebro-el-122-aniversario-de-saldungaray\/#breadcrumb","itemListElement":[{"@type":"ListItem","position":1,"name":"Portada","item":"https:\/\/www.noticiasradioreflejos.com.ar\/2021\/"},{"@type":"ListItem","position":2,"name":"Se celebr\u00f3 el 122\u00b0 aniversario de Saldungaray"}]},{"@type":"WebSite","@id":"https:\/\/www.noticiasradioreflejos.com.ar\/2021\/#website","url":"https:\/\/www.noticiasradioreflejos.com.ar\/2021\/","name":"Noticias Radio Reflejos","description":"Las noticias de mi comarca","potentialAction":[{"@type":"SearchAction","target":{"@type":"EntryPoint","urlTemplate":"https:\/\/www.noticiasradioreflejos.com.ar\/2021\/?s={search_term_string}"},"query-input":{"@type":"PropertyValueSpecification","valueRequired":true,"valueName":"search_term_string"}}],"inLanguage":"es"},{"@type":"Person","@id":"https:\/\/www.noticiasradioreflejos.com.ar\/2021\/#\/schema\/person\/ad82545263dcc5ec0996818884fd5fb1","name":"Arnaldo Botto","image":{"@type":"ImageObject","inLanguage":"es","@id":"https:\/\/www.noticiasradioreflejos.com.ar\/2021\/#\/schema\/person\/image\/","url":"https:\/\/secure.gravatar.com\/avatar\/55cb5e37c1efa326397366e6974cb338056df65cb50e7d64d1cf314e87504837?s=96&d=mm&r=g","contentUrl":"https:\/\/secure.gravatar.com\/avatar\/55cb5e37c1efa326397366e6974cb338056df65cb50e7d64d1cf314e87504837?s=96&d=mm&r=g","caption":"Arnaldo Botto"},"url":"https:\/\/www.noticiasradioreflejos.com.ar\/2021\/author\/arnaldo\/"}]}},"_links":{"self":[{"href":"https:\/\/www.noticiasradioreflejos.com.ar\/2021\/wp-json\/wp\/v2\/posts\/76942","targetHints":{"allow":["GET"]}}],"collection":[{"href":"https:\/\/www.noticiasradioreflejos.com.ar\/2021\/wp-json\/wp\/v2\/posts"}],"about":[{"href":"https:\/\/www.noticiasradioreflejos.com.ar\/2021\/wp-json\/wp\/v2\/types\/post"}],"author":[{"embeddable":true,"href":"https:\/\/www.noticiasradioreflejos.com.ar\/2021\/wp-json\/wp\/v2\/users\/3"}],"replies":[{"embeddable":true,"href":"https:\/\/www.noticiasradioreflejos.com.ar\/2021\/wp-json\/wp\/v2\/comments?post=76942"}],"version-history":[{"count":2,"href":"https:\/\/www.noticiasradioreflejos.com.ar\/2021\/wp-json\/wp\/v2\/posts\/76942\/revisions"}],"predecessor-version":[{"id":76950,"href":"https:\/\/www.noticiasradioreflejos.com.ar\/2021\/wp-json\/wp\/v2\/posts\/76942\/revisions\/76950"}],"wp:attachment":[{"href":"https:\/\/www.noticiasradioreflejos.com.ar\/2021\/wp-json\/wp\/v2\/media?parent=76942"}],"wp:term":[{"taxonomy":"category","embeddable":true,"href":"https:\/\/www.noticiasradioreflejos.com.ar\/2021\/wp-json\/wp\/v2\/categories?post=76942"},{"taxonomy":"post_tag","embeddable":true,"href":"https:\/\/www.noticiasradioreflejos.com.ar\/2021\/wp-json\/wp\/v2\/tags?post=76942"}],"curies":[{"name":"wp","href":"https:\/\/api.w.org\/{rel}","templated":true}]}}