{"id":76935,"date":"2022-08-29T17:55:38","date_gmt":"2022-08-29T17:55:38","guid":{"rendered":"http:\/\/www.noticiasradioreflejos.com.ar\/2021\/?p=76935"},"modified":"2022-08-29T17:55:38","modified_gmt":"2022-08-29T17:55:38","slug":"el-concejo-debe-adherir-a-la-ley-de-acceso-justo-al-habitat","status":"publish","type":"post","link":"https:\/\/www.noticiasradioreflejos.com.ar\/2021\/el-concejo-debe-adherir-a-la-ley-de-acceso-justo-al-habitat\/","title":{"rendered":"\u201cEl Concejo debe adherir a la Ley de acceso justo al h\u00e1bitat\u201d"},"content":{"rendered":"<p>As\u00ed lo remarcaron integrantes de la Agrupaci\u00f3n Ventania, los cuales explicaron en detalles todos los beneficios que esto traer\u00eda al distrito. Respecto a las viviendas, aseguraron que \u201cno hay un techo y tampoco hay una regulaci\u00f3n\u201d.<!--more--><\/p>\n<p>En una extensa charla, esta ma\u00f1ana <strong>Adriana Ferrari, Germ\u00e1n Mend\u00eda y el Licenciado Walter Andrada<\/strong>, explicaron en detalle c\u00f3mo favorecer\u00eda la adhesi\u00f3n a la Ley de acceso justo al h\u00e1bitat a todo el distrito.<\/p>\n<p>Iniciando la entrevista, y buscando dar un primer pantallazo, Mendia fue tajante: \u201cno hay un techo y tampoco hay una regularizaci\u00f3n de las viviendas\u201d. Agregando que \u201cgeneralmente en los lugares tur\u00edsticos se marca una l\u00ednea. En los comienzos en Villa Ventana se buscaban construir estilo caba\u00f1a, mucha madera\u2026 iban siguiendo una l\u00ednea. Hoy ves cualquier cosa. Desde conteiner hasta edificios art dec\u00f3\u201d.<\/p>\n<p>De la mano con esto, enfatiz\u00f3 que \u201cla pandemia dej\u00f3 a la vista la falta de planeamiento. Hoy nos moviliza el tema vivienda, pero tambi\u00e9n desnud\u00f3 la falta sanitaria, el transporte\u2026 Ac\u00e1 la opini\u00f3n de uno se toma como una oposici\u00f3n\u2026 hay que empezar a pensar como vecinos, que todos somos partes de este lugar\u201d.<\/p>\n<h4>Encuesta sobre la problem\u00e1tica del trasporte p\u00fablico dentro de la comarca<\/h4>\n<p style=\"margin: 12px auto 6px auto; font-family: Helvetica,Arial,Sans-serif; font-style: normal; font-variant: normal; font-weight: normal; font-size: 14px; line-height: normal; font-size-adjust: none; font-stretch: normal; -x-system-font: none; display: block;\"><a style=\"text-decoration: underline;\" title=\"View VENTANIA TRANSPORTE on Scribd\" href=\"https:\/\/www.scribd.com\/document\/589934576\/VENTANIA-TRANSPORTE#from_embed\">VENTANIA TRANSPORTE<\/a> by <a style=\"text-decoration: underline;\" title=\"View FM Reflejos Sierra de la Ventana's profile on Scribd\" href=\"https:\/\/es.scribd.com\/user\/128459674\/FM-Reflejos-Sierra-de-la-Ventana#from_embed\">FM Reflejos Sierra de la Ventana<\/a> on Scribd<\/p>\n<p><iframe loading=\"lazy\" id=\"doc_78391\" class=\"scribd_iframe_embed\" title=\"VENTANIA TRANSPORTE\" src=\"https:\/\/es.scribd.com\/embeds\/589934576\/content?start_page=1&amp;view_mode=scroll&amp;access_key=key-8uakPQdzFinaOFKP5rhZ\" width=\"100%\" height=\"600\" frameborder=\"0\" scrolling=\"no\" data-auto-height=\"false\" data-aspect-ratio=\"0.7080062794348508\"><\/iframe><br \/>\nBuscando dar cierre a esta idea, refiri\u00f3 a que \u201csi no tenemos un planeamiento vamos a tener muchos problemas de esto. El impacto lo recibe el vecino, no los turistas. Ellos vienen, disfrutan el lugar, hacen lo suyo, y se van. Los que nos quedamos somos los vecinos\u201d.<\/p>\n<p>Y por \u00faltimo, retomando ese concepto de que un disparador no es un ataque, agreg\u00f3 que \u201ctenemos que dejar de pensar en pol\u00edticas de pueblo y comenzar a pensar en pol\u00edticas de peque\u00f1as ciudades. Eso se logra trabajando en conjunto. No cada uno en su peque\u00f1o espacio. Hay mucho potencial pero est\u00e1 diseminado en todo el distrito\u201d.<\/p>\n<p>En otro pasaje de la charla, Andrada profundiz\u00f3 por varios minutos sobre la crisis habitacional que se vive en toda la comarca.<\/p>\n<p>En primer t\u00e9rmino aclar\u00f3 que \u201cesto que se ve en Sierra se ve en todo el pa\u00eds. C\u00f3mo se encarece la tierra o la vivienda, a trav\u00e9s de una l\u00f3gica global que hace llevar una masa de dinero enorme a la especulaci\u00f3n. Lo podes ver en Puerto Madero. Casas o departamentos vac\u00edos, porque se especula\u201d.<\/p>\n<p>Tomando como alternativa a esto no \u201cuna revoluci\u00f3n, sino que se use el instrumento que es la Ley Provincial 14449 que es la de acceso justo al h\u00e1bitat. Tiene 10 a\u00f1os. Fue impulsada por un colectivo de organizaciones sociales\u201d.<\/p>\n<p>Tras dar varios ejemplos y aristas que se generar\u00edan, resumi\u00f3 el trayecto burocr\u00e1tico en que \u201cel Concejo deber\u00eda adherirse a esta ley, y con esto, deber\u00eda crearse el registro de demanda habitacional, para que todas las familias que no tienen vivienda se inscriban\u201d.<\/p>\n<p>Al hacer esto, \u201cel Concejo le avisa al municipio lo que hace, y esto debe funcionar en alguna dependencia municipal. De la mano con esto se debe crear el Consejo Local de Vivienda y Habitat. Ah\u00ed deben participar miembros del ejecutivo, concejales, privados y ONGs. Agua, transporte, basurero\u2026 todo lo referido al h\u00e1bitat se podr\u00edan tratar ah\u00ed\u201d.<\/p>\n<p>Por \u00faltimo, remarcaron que \u201cnuestro relevamiento est\u00e1 a disposici\u00f3n del que lo quiera. El tel\u00e9fono para comunicarse con nosotros es el 291 4275819. Hacemos reuniones semanalmente, donde nos juntamos y tocamos diversas problem\u00e1ticas\u201d.<\/p>\n<p>&nbsp;<\/p>\n<p>&nbsp;<\/p>\n<p><iframe loading=\"lazy\" src=\"https:\/\/w.soundcloud.com\/player\/?url=https%3A\/\/api.soundcloud.com\/tracks\/1333472047&amp;color=%23ff5500&amp;auto_play=false&amp;hide_related=false&amp;show_comments=true&amp;show_user=true&amp;show_reposts=false&amp;show_teaser=true\" width=\"100%\" height=\"166\" frameborder=\"no\" scrolling=\"no\"><\/iframe><\/p>\n<div style=\"font-size: 10px; color: #cccccc; line-break: anywhere; word-break: normal; overflow: hidden; white-space: nowrap; text-overflow: ellipsis; font-family: Interstate,Lucida Grande,Lucida Sans Unicode,Lucida Sans,Garuda,Verdana,Tahoma,sans-serif; font-weight: 100;\"><a style=\"color: #cccccc; text-decoration: none;\" title=\"fmreflejos 103.7\" href=\"https:\/\/soundcloud.com\/fmreflejos-103-7\" target=\"_blank\" rel=\"noopener\">fmreflejos 103.7<\/a> \u00b7 <a style=\"color: #cccccc; text-decoration: none;\" title=\"Agrupaci\u00f3n Vantania Ley De Habitat\" href=\"https:\/\/soundcloud.com\/fmreflejos-103-7\/agrupacion-vantania-ley-de-habitad\" target=\"_blank\" rel=\"noopener\">Agrupaci\u00f3n Vantania Ley De Habitat<\/a><\/div>\n","protected":false},"excerpt":{"rendered":"<p>As\u00ed lo remarcaron integrantes de la Agrupaci\u00f3n Ventania, los cuales explicaron en detalles todos los beneficios que esto traer\u00eda al distrito. Respecto a las viviendas, aseguraron que \u201cno hay un techo y tampoco hay una regulaci\u00f3n\u201d.<\/p>\n","protected":false},"author":3,"featured_media":0,"comment_status":"closed","ping_status":"closed","sticky":false,"template":"","format":"standard","meta":{"footnotes":""},"categories":[28,24,26,33],"tags":[48],"class_list":["post-76935","post","type-post","status-publish","format-standard","hentry","category-municipales","category-politica","category-sociedad","category-turismo","tag-destacada"],"yoast_head":"<!-- This site is optimized with the Yoast SEO plugin v25.9 - https:\/\/yoast.com\/wordpress\/plugins\/seo\/ -->\n<title>\u201cEl Concejo debe adherir a la Ley de acceso justo al h\u00e1bitat\u201d - Noticias Radio Reflejos<\/title>\n<meta name=\"robots\" content=\"index, follow, max-snippet:-1, max-image-preview:large, max-video-preview:-1\" \/>\n<link rel=\"canonical\" href=\"https:\/\/www.noticiasradioreflejos.com.ar\/2021\/el-concejo-debe-adherir-a-la-ley-de-acceso-justo-al-habitat\/\" \/>\n<meta property=\"og:locale\" content=\"es_ES\" \/>\n<meta property=\"og:type\" content=\"article\" \/>\n<meta property=\"og:title\" content=\"\u201cEl Concejo debe adherir a la Ley de acceso justo al h\u00e1bitat\u201d - Noticias Radio Reflejos\" \/>\n<meta property=\"og:description\" content=\"As\u00ed lo remarcaron integrantes de la Agrupaci\u00f3n Ventania, los cuales explicaron en detalles todos los beneficios que esto traer\u00eda al distrito. Respecto a las viviendas, aseguraron que \u201cno hay un techo y tampoco hay una regulaci\u00f3n\u201d.\" \/>\n<meta property=\"og:url\" content=\"https:\/\/www.noticiasradioreflejos.com.ar\/2021\/el-concejo-debe-adherir-a-la-ley-de-acceso-justo-al-habitat\/\" \/>\n<meta property=\"og:site_name\" content=\"Noticias Radio Reflejos\" \/>\n<meta property=\"article:published_time\" content=\"2022-08-29T17:55:38+00:00\" \/>\n<meta property=\"og:image\" content=\"https:\/\/www.noticiasradioreflejos.com.ar\/2021\/wp-content\/uploads\/2021\/07\/logosol300x200.png\" \/>\n\t<meta property=\"og:image:width\" content=\"300\" \/>\n\t<meta property=\"og:image:height\" content=\"200\" \/>\n\t<meta property=\"og:image:type\" content=\"image\/png\" \/>\n<meta name=\"author\" content=\"Arnaldo Botto\" \/>\n<meta name=\"twitter:card\" content=\"summary_large_image\" \/>\n<script type=\"application\/ld+json\" class=\"yoast-schema-graph\">{\"@context\":\"https:\/\/schema.org\",\"@graph\":[{\"@type\":\"WebPage\",\"@id\":\"https:\/\/www.noticiasradioreflejos.com.ar\/2021\/el-concejo-debe-adherir-a-la-ley-de-acceso-justo-al-habitat\/\",\"url\":\"https:\/\/www.noticiasradioreflejos.com.ar\/2021\/el-concejo-debe-adherir-a-la-ley-de-acceso-justo-al-habitat\/\",\"name\":\"\u201cEl Concejo debe adherir a la Ley de acceso justo al h\u00e1bitat\u201d - Noticias Radio Reflejos\",\"isPartOf\":{\"@id\":\"https:\/\/www.noticiasradioreflejos.com.ar\/2021\/#website\"},\"datePublished\":\"2022-08-29T17:55:38+00:00\",\"author\":{\"@id\":\"https:\/\/www.noticiasradioreflejos.com.ar\/2021\/#\/schema\/person\/ad82545263dcc5ec0996818884fd5fb1\"},\"breadcrumb\":{\"@id\":\"https:\/\/www.noticiasradioreflejos.com.ar\/2021\/el-concejo-debe-adherir-a-la-ley-de-acceso-justo-al-habitat\/#breadcrumb\"},\"inLanguage\":\"es\",\"potentialAction\":[{\"@type\":\"ReadAction\",\"target\":[\"https:\/\/www.noticiasradioreflejos.com.ar\/2021\/el-concejo-debe-adherir-a-la-ley-de-acceso-justo-al-habitat\/\"]}]},{\"@type\":\"BreadcrumbList\",\"@id\":\"https:\/\/www.noticiasradioreflejos.com.ar\/2021\/el-concejo-debe-adherir-a-la-ley-de-acceso-justo-al-habitat\/#breadcrumb\",\"itemListElement\":[{\"@type\":\"ListItem\",\"position\":1,\"name\":\"Portada\",\"item\":\"https:\/\/www.noticiasradioreflejos.com.ar\/2021\/\"},{\"@type\":\"ListItem\",\"position\":2,\"name\":\"\u201cEl Concejo debe adherir a la Ley de acceso justo al h\u00e1bitat\u201d\"}]},{\"@type\":\"WebSite\",\"@id\":\"https:\/\/www.noticiasradioreflejos.com.ar\/2021\/#website\",\"url\":\"https:\/\/www.noticiasradioreflejos.com.ar\/2021\/\",\"name\":\"Noticias Radio Reflejos\",\"description\":\"Las noticias de mi comarca\",\"potentialAction\":[{\"@type\":\"SearchAction\",\"target\":{\"@type\":\"EntryPoint\",\"urlTemplate\":\"https:\/\/www.noticiasradioreflejos.com.ar\/2021\/?s={search_term_string}\"},\"query-input\":{\"@type\":\"PropertyValueSpecification\",\"valueRequired\":true,\"valueName\":\"search_term_string\"}}],\"inLanguage\":\"es\"},{\"@type\":\"Person\",\"@id\":\"https:\/\/www.noticiasradioreflejos.com.ar\/2021\/#\/schema\/person\/ad82545263dcc5ec0996818884fd5fb1\",\"name\":\"Arnaldo Botto\",\"image\":{\"@type\":\"ImageObject\",\"inLanguage\":\"es\",\"@id\":\"https:\/\/www.noticiasradioreflejos.com.ar\/2021\/#\/schema\/person\/image\/\",\"url\":\"https:\/\/secure.gravatar.com\/avatar\/55cb5e37c1efa326397366e6974cb338056df65cb50e7d64d1cf314e87504837?s=96&d=mm&r=g\",\"contentUrl\":\"https:\/\/secure.gravatar.com\/avatar\/55cb5e37c1efa326397366e6974cb338056df65cb50e7d64d1cf314e87504837?s=96&d=mm&r=g\",\"caption\":\"Arnaldo Botto\"},\"url\":\"https:\/\/www.noticiasradioreflejos.com.ar\/2021\/author\/arnaldo\/\"}]}<\/script>\n<!-- \/ Yoast SEO plugin. -->","yoast_head_json":{"title":"\u201cEl Concejo debe adherir a la Ley de acceso justo al h\u00e1bitat\u201d - Noticias Radio Reflejos","robots":{"index":"index","follow":"follow","max-snippet":"max-snippet:-1","max-image-preview":"max-image-preview:large","max-video-preview":"max-video-preview:-1"},"canonical":"https:\/\/www.noticiasradioreflejos.com.ar\/2021\/el-concejo-debe-adherir-a-la-ley-de-acceso-justo-al-habitat\/","og_locale":"es_ES","og_type":"article","og_title":"\u201cEl Concejo debe adherir a la Ley de acceso justo al h\u00e1bitat\u201d - Noticias Radio Reflejos","og_description":"As\u00ed lo remarcaron integrantes de la Agrupaci\u00f3n Ventania, los cuales explicaron en detalles todos los beneficios que esto traer\u00eda al distrito. Respecto a las viviendas, aseguraron que \u201cno hay un techo y tampoco hay una regulaci\u00f3n\u201d.","og_url":"https:\/\/www.noticiasradioreflejos.com.ar\/2021\/el-concejo-debe-adherir-a-la-ley-de-acceso-justo-al-habitat\/","og_site_name":"Noticias Radio Reflejos","article_published_time":"2022-08-29T17:55:38+00:00","og_image":[{"width":300,"height":200,"url":"https:\/\/www.noticiasradioreflejos.com.ar\/2021\/wp-content\/uploads\/2021\/07\/logosol300x200.png","type":"image\/png"}],"author":"Arnaldo Botto","twitter_card":"summary_large_image","schema":{"@context":"https:\/\/schema.org","@graph":[{"@type":"WebPage","@id":"https:\/\/www.noticiasradioreflejos.com.ar\/2021\/el-concejo-debe-adherir-a-la-ley-de-acceso-justo-al-habitat\/","url":"https:\/\/www.noticiasradioreflejos.com.ar\/2021\/el-concejo-debe-adherir-a-la-ley-de-acceso-justo-al-habitat\/","name":"\u201cEl Concejo debe adherir a la Ley de acceso justo al h\u00e1bitat\u201d - Noticias Radio Reflejos","isPartOf":{"@id":"https:\/\/www.noticiasradioreflejos.com.ar\/2021\/#website"},"datePublished":"2022-08-29T17:55:38+00:00","author":{"@id":"https:\/\/www.noticiasradioreflejos.com.ar\/2021\/#\/schema\/person\/ad82545263dcc5ec0996818884fd5fb1"},"breadcrumb":{"@id":"https:\/\/www.noticiasradioreflejos.com.ar\/2021\/el-concejo-debe-adherir-a-la-ley-de-acceso-justo-al-habitat\/#breadcrumb"},"inLanguage":"es","potentialAction":[{"@type":"ReadAction","target":["https:\/\/www.noticiasradioreflejos.com.ar\/2021\/el-concejo-debe-adherir-a-la-ley-de-acceso-justo-al-habitat\/"]}]},{"@type":"BreadcrumbList","@id":"https:\/\/www.noticiasradioreflejos.com.ar\/2021\/el-concejo-debe-adherir-a-la-ley-de-acceso-justo-al-habitat\/#breadcrumb","itemListElement":[{"@type":"ListItem","position":1,"name":"Portada","item":"https:\/\/www.noticiasradioreflejos.com.ar\/2021\/"},{"@type":"ListItem","position":2,"name":"\u201cEl Concejo debe adherir a la Ley de acceso justo al h\u00e1bitat\u201d"}]},{"@type":"WebSite","@id":"https:\/\/www.noticiasradioreflejos.com.ar\/2021\/#website","url":"https:\/\/www.noticiasradioreflejos.com.ar\/2021\/","name":"Noticias Radio Reflejos","description":"Las noticias de mi comarca","potentialAction":[{"@type":"SearchAction","target":{"@type":"EntryPoint","urlTemplate":"https:\/\/www.noticiasradioreflejos.com.ar\/2021\/?s={search_term_string}"},"query-input":{"@type":"PropertyValueSpecification","valueRequired":true,"valueName":"search_term_string"}}],"inLanguage":"es"},{"@type":"Person","@id":"https:\/\/www.noticiasradioreflejos.com.ar\/2021\/#\/schema\/person\/ad82545263dcc5ec0996818884fd5fb1","name":"Arnaldo Botto","image":{"@type":"ImageObject","inLanguage":"es","@id":"https:\/\/www.noticiasradioreflejos.com.ar\/2021\/#\/schema\/person\/image\/","url":"https:\/\/secure.gravatar.com\/avatar\/55cb5e37c1efa326397366e6974cb338056df65cb50e7d64d1cf314e87504837?s=96&d=mm&r=g","contentUrl":"https:\/\/secure.gravatar.com\/avatar\/55cb5e37c1efa326397366e6974cb338056df65cb50e7d64d1cf314e87504837?s=96&d=mm&r=g","caption":"Arnaldo Botto"},"url":"https:\/\/www.noticiasradioreflejos.com.ar\/2021\/author\/arnaldo\/"}]}},"_links":{"self":[{"href":"https:\/\/www.noticiasradioreflejos.com.ar\/2021\/wp-json\/wp\/v2\/posts\/76935","targetHints":{"allow":["GET"]}}],"collection":[{"href":"https:\/\/www.noticiasradioreflejos.com.ar\/2021\/wp-json\/wp\/v2\/posts"}],"about":[{"href":"https:\/\/www.noticiasradioreflejos.com.ar\/2021\/wp-json\/wp\/v2\/types\/post"}],"author":[{"embeddable":true,"href":"https:\/\/www.noticiasradioreflejos.com.ar\/2021\/wp-json\/wp\/v2\/users\/3"}],"replies":[{"embeddable":true,"href":"https:\/\/www.noticiasradioreflejos.com.ar\/2021\/wp-json\/wp\/v2\/comments?post=76935"}],"version-history":[{"count":2,"href":"https:\/\/www.noticiasradioreflejos.com.ar\/2021\/wp-json\/wp\/v2\/posts\/76935\/revisions"}],"predecessor-version":[{"id":76938,"href":"https:\/\/www.noticiasradioreflejos.com.ar\/2021\/wp-json\/wp\/v2\/posts\/76935\/revisions\/76938"}],"wp:attachment":[{"href":"https:\/\/www.noticiasradioreflejos.com.ar\/2021\/wp-json\/wp\/v2\/media?parent=76935"}],"wp:term":[{"taxonomy":"category","embeddable":true,"href":"https:\/\/www.noticiasradioreflejos.com.ar\/2021\/wp-json\/wp\/v2\/categories?post=76935"},{"taxonomy":"post_tag","embeddable":true,"href":"https:\/\/www.noticiasradioreflejos.com.ar\/2021\/wp-json\/wp\/v2\/tags?post=76935"}],"curies":[{"name":"wp","href":"https:\/\/api.w.org\/{rel}","templated":true}]}}