{"id":76933,"date":"2022-08-29T14:53:10","date_gmt":"2022-08-29T14:53:10","guid":{"rendered":"http:\/\/www.noticiasradioreflejos.com.ar\/2021\/?p=76933"},"modified":"2022-08-29T14:53:10","modified_gmt":"2022-08-29T14:53:10","slug":"se-cancelo-el-lanzamiento-de-la-mision-artemis-i-a-la-luna-por-un-problema-en-el-motor","status":"publish","type":"post","link":"https:\/\/www.noticiasradioreflejos.com.ar\/2021\/se-cancelo-el-lanzamiento-de-la-mision-artemis-i-a-la-luna-por-un-problema-en-el-motor\/","title":{"rendered":"Se cancel\u00f3 el lanzamiento de la misi\u00f3n Artemis I a la Luna por un problema en el motor"},"content":{"rendered":"<p>\u00abEl lanzamiento de #Artemis I ya no se llevar\u00e1 a cabo hoy en d\u00eda, ya que los equipos est\u00e1n trabajando en un problema con una purga del motor\u00bb, inform\u00f3 la agencia estadounidense a trav\u00e9s de su cuenta de Twitter.<!--more--><\/p>\n<figure class=\"mb-3\"><img decoding=\"async\" src=\"https:\/\/www.telam.com.ar\/thumbs\/bluesteel\/advf\/imagenes\/2022\/08\/62fa68aa9b897_900.jpg\" alt=\"Foto NASA\" width=\"100%\" height=\"100%\" \/><\/p>\n<div class=\"media-icons\"><\/div><figcaption>Foto: NASA.<\/figcaption><\/figure>\n<p>El lanzamiento a la Luna del cohete de la misi\u00f3n Artemis I, el m\u00e1s poderoso jam\u00e1s construido, que ten\u00eda previsto realizarse este lunes desde Cabo Ca\u00f1averal, en Florida, fue cancelado por problemas en un motor, inform\u00f3 la NASA.<\/p>\n<p>\u00abEl lanzamiento de #Artemis I ya no se llevar\u00e1 a cabo hoy en d\u00eda, ya que los equipos est\u00e1n trabajando en un problema con una purga del motor\u00bb, inform\u00f3 la agencia estadounidense a trav\u00e9s de su cuenta de Twitter.<\/p>\n<p>\u00abLos equipos continuar\u00e1n recopilando datos y los mantendremos informados sobre el momento del pr\u00f3ximo intento de lanzamiento\u00bb, se a\u00f1adi\u00f3.<\/p>\n<blockquote class=\"twitter-tweet\" data-width=\"500\" data-dnt=\"true\">\n<p lang=\"es\" dir=\"ltr\">El lanzamiento de <a href=\"https:\/\/twitter.com\/hashtag\/Artemis?src=hash&amp;ref_src=twsrc%5Etfw\">#Artemis<\/a> I ya no se realizar\u00e1 hoy, ya que los equipos est\u00e1n trabajando en un problema de sangrado del motor. Los equipos seguir\u00e1n recopilando datos y los mantendremos informados sobre el pr\u00f3ximo intento de lanzamiento. <a href=\"https:\/\/t.co\/hgv9Fe1QRC\">https:\/\/t.co\/hgv9Fe1QRC<\/a><\/p>\n<p>&mdash; NASA en espa\u00f1ol (@NASA_es) <a href=\"https:\/\/twitter.com\/NASA_es\/status\/1564234721701363713?ref_src=twsrc%5Etfw\">August 29, 2022<\/a><\/p><\/blockquote>\n<p><script async src=\"https:\/\/platform.twitter.com\/widgets.js\" charset=\"utf-8\"><\/script><\/p>\n<blockquote class=\"twitter-tweet\" data-twitter-extracted-i1661784651498131916=\"true\">\n<p dir=\"ltr\" lang=\"es\">El lanzamiento de\u00a0<a href=\"https:\/\/twitter.com\/hashtag\/Artemis?src=hash&amp;ref_src=twsrc%5Etfw\">#Artemis<\/a>\u00a0I ya no se realizar\u00e1 hoy, ya que los equipos est\u00e1n trabajando en un problema de sangrado del motor. Los equipos seguir\u00e1n recopilando datos y los mantendremos informados sobre el pr\u00f3ximo intento de lanzamiento.\u00a0<a href=\"https:\/\/t.co\/hgv9Fe1QRC\">https:\/\/t.co\/hgv9Fe1QRC<\/a><\/p>\n<p>\u2014 NASA en espa\u00f1ol (@NASA_es)\u00a0<a href=\"https:\/\/twitter.com\/NASA_es\/status\/1564234721701363713?ref_src=twsrc%5Etfw\">August 29, 2022<\/a><\/p><\/blockquote>\n<p>La directora de lanzamiento de la NASA, Charlie Blackwell-Thompson, decidi\u00f3 cancelar el vuelo de Artemis I luego de que<strong>\u00a0los ingenieros no pudieron resolver un problema suscitado en uno de los motores del cohete<\/strong>.<\/p>\n<p>El equipo t\u00e9cnico estuvo tratando de resolver \u00abun problema que condiciona uno de los motores RS-25 (motor 3) en la parte inferior de la etapa central del cohete\u00bb, hab\u00eda informado la NASA m\u00e1s temprano trav\u00e9s de su cuenta de Twitter.<\/p>\n<p>Tambi\u00e9n,<strong>\u00a0los ingenieros se encontraban evaluando lo que parece ser una grieta en el material del sistema de protecci\u00f3n t\u00e9rmica en una de las bridas<\/strong>, las juntas de conexi\u00f3n que funcionan como \u00abla costura de una camisa y se fijan en la parte superior e inferior del intertanque para que los dos tanques puedan unirse a \u00e9l\u00bb, agreg\u00f3 la agencia espacial estadounidense.<\/p>\n<p>La<strong>\u00a0pr\u00f3xima oportunidad de lanzamiento disponible\u00a0<\/strong>para la misi\u00f3n Artemis I es el<strong>\u00a0viernes a las 12.48 p. m. EDT (13.48 hora de Argentina)<\/strong>, pero depender\u00e1 del resultado de la reparaci\u00f3n del motor que hizo cancelar la cuenta regresiva para el despegue que estaba programado para hoy las 8.33 hora local (9.33 de Argentina).<\/p>\n<p>Cincuenta a\u00f1os despu\u00e9s del \u00faltimo vuelo de Apolo, se espera que la misi\u00f3n Artemis I marque el lanzamiento del programa estadounidense para volver a la Luna, y luego llevar al ser humano a Marte a bordo de la misma nave.<\/p>\n<p><strong>La misi\u00f3n busca poner en la \u00f3rbita de la Luna a la c\u00e1psula Orion, no tripulada, para asegurarse de que es segura para los futuros astronautas, entre los que figurar\u00e1 la primera mujer y la primera persona negra en pisar la superficie lunar<\/strong>.<\/p>\n","protected":false},"excerpt":{"rendered":"<p>\u00abEl lanzamiento de #Artemis I ya no se llevar\u00e1 a cabo hoy en d\u00eda, ya que los equipos est\u00e1n trabajando en un problema con una purga del motor\u00bb, inform\u00f3 la agencia estadounidense a trav\u00e9s de su cuenta de Twitter.<\/p>\n","protected":false},"author":3,"featured_media":0,"comment_status":"closed","ping_status":"closed","sticky":false,"template":"","format":"standard","meta":{"footnotes":""},"categories":[46],"tags":[],"class_list":["post-76933","post","type-post","status-publish","format-standard","hentry","category-ciencia-y-tecnologia"],"yoast_head":"<!-- This site is optimized with the Yoast SEO plugin v25.9 - https:\/\/yoast.com\/wordpress\/plugins\/seo\/ -->\n<title>Se cancel\u00f3 el lanzamiento de la misi\u00f3n Artemis I a la Luna por un problema en el motor - Noticias Radio Reflejos<\/title>\n<meta name=\"robots\" content=\"index, follow, max-snippet:-1, max-image-preview:large, max-video-preview:-1\" \/>\n<link rel=\"canonical\" href=\"https:\/\/www.noticiasradioreflejos.com.ar\/2021\/se-cancelo-el-lanzamiento-de-la-mision-artemis-i-a-la-luna-por-un-problema-en-el-motor\/\" \/>\n<meta property=\"og:locale\" content=\"es_ES\" \/>\n<meta property=\"og:type\" content=\"article\" \/>\n<meta property=\"og:title\" content=\"Se cancel\u00f3 el lanzamiento de la misi\u00f3n Artemis I a la Luna por un problema en el motor - Noticias Radio Reflejos\" \/>\n<meta property=\"og:description\" content=\"\u00abEl lanzamiento de #Artemis I ya no se llevar\u00e1 a cabo hoy en d\u00eda, ya que los equipos est\u00e1n trabajando en un problema con una purga del motor\u00bb, inform\u00f3 la agencia estadounidense a trav\u00e9s de su cuenta de Twitter.\" \/>\n<meta property=\"og:url\" content=\"https:\/\/www.noticiasradioreflejos.com.ar\/2021\/se-cancelo-el-lanzamiento-de-la-mision-artemis-i-a-la-luna-por-un-problema-en-el-motor\/\" \/>\n<meta property=\"og:site_name\" content=\"Noticias Radio Reflejos\" \/>\n<meta property=\"article:published_time\" content=\"2022-08-29T14:53:10+00:00\" \/>\n<meta property=\"og:image\" content=\"https:\/\/www.telam.com.ar\/thumbs\/bluesteel\/advf\/imagenes\/2022\/08\/62fa68aa9b897_900.jpg\" \/>\n<meta name=\"author\" content=\"Arnaldo Botto\" \/>\n<meta name=\"twitter:card\" content=\"summary_large_image\" \/>\n<script type=\"application\/ld+json\" class=\"yoast-schema-graph\">{\"@context\":\"https:\/\/schema.org\",\"@graph\":[{\"@type\":\"WebPage\",\"@id\":\"https:\/\/www.noticiasradioreflejos.com.ar\/2021\/se-cancelo-el-lanzamiento-de-la-mision-artemis-i-a-la-luna-por-un-problema-en-el-motor\/\",\"url\":\"https:\/\/www.noticiasradioreflejos.com.ar\/2021\/se-cancelo-el-lanzamiento-de-la-mision-artemis-i-a-la-luna-por-un-problema-en-el-motor\/\",\"name\":\"Se cancel\u00f3 el lanzamiento de la misi\u00f3n Artemis I a la Luna por un problema en el motor - Noticias Radio Reflejos\",\"isPartOf\":{\"@id\":\"https:\/\/www.noticiasradioreflejos.com.ar\/2021\/#website\"},\"primaryImageOfPage\":{\"@id\":\"https:\/\/www.noticiasradioreflejos.com.ar\/2021\/se-cancelo-el-lanzamiento-de-la-mision-artemis-i-a-la-luna-por-un-problema-en-el-motor\/#primaryimage\"},\"image\":{\"@id\":\"https:\/\/www.noticiasradioreflejos.com.ar\/2021\/se-cancelo-el-lanzamiento-de-la-mision-artemis-i-a-la-luna-por-un-problema-en-el-motor\/#primaryimage\"},\"thumbnailUrl\":\"https:\/\/www.telam.com.ar\/thumbs\/bluesteel\/advf\/imagenes\/2022\/08\/62fa68aa9b897_900.jpg\",\"datePublished\":\"2022-08-29T14:53:10+00:00\",\"author\":{\"@id\":\"https:\/\/www.noticiasradioreflejos.com.ar\/2021\/#\/schema\/person\/ad82545263dcc5ec0996818884fd5fb1\"},\"breadcrumb\":{\"@id\":\"https:\/\/www.noticiasradioreflejos.com.ar\/2021\/se-cancelo-el-lanzamiento-de-la-mision-artemis-i-a-la-luna-por-un-problema-en-el-motor\/#breadcrumb\"},\"inLanguage\":\"es\",\"potentialAction\":[{\"@type\":\"ReadAction\",\"target\":[\"https:\/\/www.noticiasradioreflejos.com.ar\/2021\/se-cancelo-el-lanzamiento-de-la-mision-artemis-i-a-la-luna-por-un-problema-en-el-motor\/\"]}]},{\"@type\":\"ImageObject\",\"inLanguage\":\"es\",\"@id\":\"https:\/\/www.noticiasradioreflejos.com.ar\/2021\/se-cancelo-el-lanzamiento-de-la-mision-artemis-i-a-la-luna-por-un-problema-en-el-motor\/#primaryimage\",\"url\":\"https:\/\/www.telam.com.ar\/thumbs\/bluesteel\/advf\/imagenes\/2022\/08\/62fa68aa9b897_900.jpg\",\"contentUrl\":\"https:\/\/www.telam.com.ar\/thumbs\/bluesteel\/advf\/imagenes\/2022\/08\/62fa68aa9b897_900.jpg\"},{\"@type\":\"BreadcrumbList\",\"@id\":\"https:\/\/www.noticiasradioreflejos.com.ar\/2021\/se-cancelo-el-lanzamiento-de-la-mision-artemis-i-a-la-luna-por-un-problema-en-el-motor\/#breadcrumb\",\"itemListElement\":[{\"@type\":\"ListItem\",\"position\":1,\"name\":\"Portada\",\"item\":\"https:\/\/www.noticiasradioreflejos.com.ar\/2021\/\"},{\"@type\":\"ListItem\",\"position\":2,\"name\":\"Se cancel\u00f3 el lanzamiento de la misi\u00f3n Artemis I a la Luna por un problema en el motor\"}]},{\"@type\":\"WebSite\",\"@id\":\"https:\/\/www.noticiasradioreflejos.com.ar\/2021\/#website\",\"url\":\"https:\/\/www.noticiasradioreflejos.com.ar\/2021\/\",\"name\":\"Noticias Radio Reflejos\",\"description\":\"Las noticias de mi comarca\",\"potentialAction\":[{\"@type\":\"SearchAction\",\"target\":{\"@type\":\"EntryPoint\",\"urlTemplate\":\"https:\/\/www.noticiasradioreflejos.com.ar\/2021\/?s={search_term_string}\"},\"query-input\":{\"@type\":\"PropertyValueSpecification\",\"valueRequired\":true,\"valueName\":\"search_term_string\"}}],\"inLanguage\":\"es\"},{\"@type\":\"Person\",\"@id\":\"https:\/\/www.noticiasradioreflejos.com.ar\/2021\/#\/schema\/person\/ad82545263dcc5ec0996818884fd5fb1\",\"name\":\"Arnaldo Botto\",\"image\":{\"@type\":\"ImageObject\",\"inLanguage\":\"es\",\"@id\":\"https:\/\/www.noticiasradioreflejos.com.ar\/2021\/#\/schema\/person\/image\/\",\"url\":\"https:\/\/secure.gravatar.com\/avatar\/55cb5e37c1efa326397366e6974cb338056df65cb50e7d64d1cf314e87504837?s=96&d=mm&r=g\",\"contentUrl\":\"https:\/\/secure.gravatar.com\/avatar\/55cb5e37c1efa326397366e6974cb338056df65cb50e7d64d1cf314e87504837?s=96&d=mm&r=g\",\"caption\":\"Arnaldo Botto\"},\"url\":\"https:\/\/www.noticiasradioreflejos.com.ar\/2021\/author\/arnaldo\/\"}]}<\/script>\n<!-- \/ Yoast SEO plugin. -->","yoast_head_json":{"title":"Se cancel\u00f3 el lanzamiento de la misi\u00f3n Artemis I a la Luna por un problema en el motor - Noticias Radio Reflejos","robots":{"index":"index","follow":"follow","max-snippet":"max-snippet:-1","max-image-preview":"max-image-preview:large","max-video-preview":"max-video-preview:-1"},"canonical":"https:\/\/www.noticiasradioreflejos.com.ar\/2021\/se-cancelo-el-lanzamiento-de-la-mision-artemis-i-a-la-luna-por-un-problema-en-el-motor\/","og_locale":"es_ES","og_type":"article","og_title":"Se cancel\u00f3 el lanzamiento de la misi\u00f3n Artemis I a la Luna por un problema en el motor - Noticias Radio Reflejos","og_description":"\u00abEl lanzamiento de #Artemis I ya no se llevar\u00e1 a cabo hoy en d\u00eda, ya que los equipos est\u00e1n trabajando en un problema con una purga del motor\u00bb, inform\u00f3 la agencia estadounidense a trav\u00e9s de su cuenta de Twitter.","og_url":"https:\/\/www.noticiasradioreflejos.com.ar\/2021\/se-cancelo-el-lanzamiento-de-la-mision-artemis-i-a-la-luna-por-un-problema-en-el-motor\/","og_site_name":"Noticias Radio Reflejos","article_published_time":"2022-08-29T14:53:10+00:00","og_image":[{"url":"https:\/\/www.telam.com.ar\/thumbs\/bluesteel\/advf\/imagenes\/2022\/08\/62fa68aa9b897_900.jpg","type":"","width":"","height":""}],"author":"Arnaldo Botto","twitter_card":"summary_large_image","schema":{"@context":"https:\/\/schema.org","@graph":[{"@type":"WebPage","@id":"https:\/\/www.noticiasradioreflejos.com.ar\/2021\/se-cancelo-el-lanzamiento-de-la-mision-artemis-i-a-la-luna-por-un-problema-en-el-motor\/","url":"https:\/\/www.noticiasradioreflejos.com.ar\/2021\/se-cancelo-el-lanzamiento-de-la-mision-artemis-i-a-la-luna-por-un-problema-en-el-motor\/","name":"Se cancel\u00f3 el lanzamiento de la misi\u00f3n Artemis I a la Luna por un problema en el motor - Noticias Radio Reflejos","isPartOf":{"@id":"https:\/\/www.noticiasradioreflejos.com.ar\/2021\/#website"},"primaryImageOfPage":{"@id":"https:\/\/www.noticiasradioreflejos.com.ar\/2021\/se-cancelo-el-lanzamiento-de-la-mision-artemis-i-a-la-luna-por-un-problema-en-el-motor\/#primaryimage"},"image":{"@id":"https:\/\/www.noticiasradioreflejos.com.ar\/2021\/se-cancelo-el-lanzamiento-de-la-mision-artemis-i-a-la-luna-por-un-problema-en-el-motor\/#primaryimage"},"thumbnailUrl":"https:\/\/www.telam.com.ar\/thumbs\/bluesteel\/advf\/imagenes\/2022\/08\/62fa68aa9b897_900.jpg","datePublished":"2022-08-29T14:53:10+00:00","author":{"@id":"https:\/\/www.noticiasradioreflejos.com.ar\/2021\/#\/schema\/person\/ad82545263dcc5ec0996818884fd5fb1"},"breadcrumb":{"@id":"https:\/\/www.noticiasradioreflejos.com.ar\/2021\/se-cancelo-el-lanzamiento-de-la-mision-artemis-i-a-la-luna-por-un-problema-en-el-motor\/#breadcrumb"},"inLanguage":"es","potentialAction":[{"@type":"ReadAction","target":["https:\/\/www.noticiasradioreflejos.com.ar\/2021\/se-cancelo-el-lanzamiento-de-la-mision-artemis-i-a-la-luna-por-un-problema-en-el-motor\/"]}]},{"@type":"ImageObject","inLanguage":"es","@id":"https:\/\/www.noticiasradioreflejos.com.ar\/2021\/se-cancelo-el-lanzamiento-de-la-mision-artemis-i-a-la-luna-por-un-problema-en-el-motor\/#primaryimage","url":"https:\/\/www.telam.com.ar\/thumbs\/bluesteel\/advf\/imagenes\/2022\/08\/62fa68aa9b897_900.jpg","contentUrl":"https:\/\/www.telam.com.ar\/thumbs\/bluesteel\/advf\/imagenes\/2022\/08\/62fa68aa9b897_900.jpg"},{"@type":"BreadcrumbList","@id":"https:\/\/www.noticiasradioreflejos.com.ar\/2021\/se-cancelo-el-lanzamiento-de-la-mision-artemis-i-a-la-luna-por-un-problema-en-el-motor\/#breadcrumb","itemListElement":[{"@type":"ListItem","position":1,"name":"Portada","item":"https:\/\/www.noticiasradioreflejos.com.ar\/2021\/"},{"@type":"ListItem","position":2,"name":"Se cancel\u00f3 el lanzamiento de la misi\u00f3n Artemis I a la Luna por un problema en el motor"}]},{"@type":"WebSite","@id":"https:\/\/www.noticiasradioreflejos.com.ar\/2021\/#website","url":"https:\/\/www.noticiasradioreflejos.com.ar\/2021\/","name":"Noticias Radio Reflejos","description":"Las noticias de mi comarca","potentialAction":[{"@type":"SearchAction","target":{"@type":"EntryPoint","urlTemplate":"https:\/\/www.noticiasradioreflejos.com.ar\/2021\/?s={search_term_string}"},"query-input":{"@type":"PropertyValueSpecification","valueRequired":true,"valueName":"search_term_string"}}],"inLanguage":"es"},{"@type":"Person","@id":"https:\/\/www.noticiasradioreflejos.com.ar\/2021\/#\/schema\/person\/ad82545263dcc5ec0996818884fd5fb1","name":"Arnaldo Botto","image":{"@type":"ImageObject","inLanguage":"es","@id":"https:\/\/www.noticiasradioreflejos.com.ar\/2021\/#\/schema\/person\/image\/","url":"https:\/\/secure.gravatar.com\/avatar\/55cb5e37c1efa326397366e6974cb338056df65cb50e7d64d1cf314e87504837?s=96&d=mm&r=g","contentUrl":"https:\/\/secure.gravatar.com\/avatar\/55cb5e37c1efa326397366e6974cb338056df65cb50e7d64d1cf314e87504837?s=96&d=mm&r=g","caption":"Arnaldo Botto"},"url":"https:\/\/www.noticiasradioreflejos.com.ar\/2021\/author\/arnaldo\/"}]}},"_links":{"self":[{"href":"https:\/\/www.noticiasradioreflejos.com.ar\/2021\/wp-json\/wp\/v2\/posts\/76933","targetHints":{"allow":["GET"]}}],"collection":[{"href":"https:\/\/www.noticiasradioreflejos.com.ar\/2021\/wp-json\/wp\/v2\/posts"}],"about":[{"href":"https:\/\/www.noticiasradioreflejos.com.ar\/2021\/wp-json\/wp\/v2\/types\/post"}],"author":[{"embeddable":true,"href":"https:\/\/www.noticiasradioreflejos.com.ar\/2021\/wp-json\/wp\/v2\/users\/3"}],"replies":[{"embeddable":true,"href":"https:\/\/www.noticiasradioreflejos.com.ar\/2021\/wp-json\/wp\/v2\/comments?post=76933"}],"version-history":[{"count":1,"href":"https:\/\/www.noticiasradioreflejos.com.ar\/2021\/wp-json\/wp\/v2\/posts\/76933\/revisions"}],"predecessor-version":[{"id":76934,"href":"https:\/\/www.noticiasradioreflejos.com.ar\/2021\/wp-json\/wp\/v2\/posts\/76933\/revisions\/76934"}],"wp:attachment":[{"href":"https:\/\/www.noticiasradioreflejos.com.ar\/2021\/wp-json\/wp\/v2\/media?parent=76933"}],"wp:term":[{"taxonomy":"category","embeddable":true,"href":"https:\/\/www.noticiasradioreflejos.com.ar\/2021\/wp-json\/wp\/v2\/categories?post=76933"},{"taxonomy":"post_tag","embeddable":true,"href":"https:\/\/www.noticiasradioreflejos.com.ar\/2021\/wp-json\/wp\/v2\/tags?post=76933"}],"curies":[{"name":"wp","href":"https:\/\/api.w.org\/{rel}","templated":true}]}}