{"id":76925,"date":"2022-08-29T11:11:05","date_gmt":"2022-08-29T11:11:05","guid":{"rendered":"http:\/\/www.noticiasradioreflejos.com.ar\/2021\/?p=76925"},"modified":"2022-08-29T11:11:05","modified_gmt":"2022-08-29T11:11:05","slug":"fragmentos-de-meteoritos-iluminaron-gran-parte-de-cordoba-santa-fe-y-santiago-del-estero","status":"publish","type":"post","link":"https:\/\/www.noticiasradioreflejos.com.ar\/2021\/fragmentos-de-meteoritos-iluminaron-gran-parte-de-cordoba-santa-fe-y-santiago-del-estero\/","title":{"rendered":"Fragmentos de meteoritos iluminaron gran parte de C\u00f3rdoba, Santa Fe y Santiago del Estero"},"content":{"rendered":"<p>En varias localidades del norte cordob\u00e9s y zonas de capital provincial se observ\u00f3 una luz entre azulina y verdosa que se desplazaba a gran velocidad. Especialistas explicaron que se trata de restos de materia de la actividad interplanetaria.<!--more--><\/p>\n<figure class=\"mb-3\"><img decoding=\"async\" src=\"https:\/\/www.telam.com.ar\/thumbs\/bluesteel\/advf\/imagenes\/2022\/08\/6308cf37f051c_900.jpg\" alt=\"Foto Archivo\" width=\"100%\" height=\"100%\" \/><\/p>\n<div class=\"media-icons\"><\/div><figcaption>Foto: Archivo.<\/figcaption><\/figure>\n<p>Un gran\u00a0<strong>b\u00f3lido proveniente del espacio<\/strong>\u00a0ilumin\u00f3 cerca de la medianoche varias localidades\u00a0de C\u00f3rdoba, Santa Fe y Santiago del Estero, fen\u00f3meno que llam\u00f3 la atenci\u00f3n de los pobladores que, en algunos casos, pudieron filmarlo y subirlo a las redes sociales, mientras especialistas explicaron que se trata de restos de materia de la actividad interplanetaria.<\/p>\n<p>A minutos del inicio del viernes se pudo observar una luminosidad, entre lo azulino y verdoso, que se desplazaba a gran velocidad y\u00a0<strong>en segundos desapareci\u00f3 al caer en alg\u00fan lugar de la tierra<\/strong>, seg\u00fan relataron los que pudieron registrar las im\u00e1genes con sus celulares e incluso por c\u00e1maras de seguridad.<\/p>\n<p>El fen\u00f3meno se observ\u00f3 en las localidades del norte provincial, particularmente en Jes\u00fas Mar\u00eda, Colonia Caroya, Villa del Totoral y Sinsacate, Dean Funes y Quilino, entre otros, adem\u00e1s de los barrios del noreste de la capital cordobesa.<\/p>\n<blockquote class=\"instagram-media\" style=\"background: #FFF; border: 0; border-radius: 3px; box-shadow: 0 0 1px 0 rgba(0,0,0,0.5),0 1px 10px 0 rgba(0,0,0,0.15); margin: 1px; max-width: 540px; min-width: 326px; padding: 0; width: calc(100% - 2px);\" data-instgrm-captioned=\"\" data-instgrm-permalink=\"https:\/\/www.instagram.com\/reel\/ChucjzoNzXX\/?utm_source=ig_embed&amp;utm_campaign=loading\" data-instgrm-version=\"14\">\n<div style=\"padding: 16px;\">\n<p>&nbsp;<\/p>\n<div style=\"display: flex; flex-direction: row; align-items: center;\">\n<div style=\"background-color: #f4f4f4; border-radius: 50%; flex-grow: 0; height: 40px; margin-right: 14px; width: 40px;\"><\/div>\n<div style=\"display: flex; flex-direction: column; flex-grow: 1; justify-content: center;\">\n<div style=\"background-color: #f4f4f4; border-radius: 4px; flex-grow: 0; height: 14px; margin-bottom: 6px; width: 100px;\"><\/div>\n<div style=\"background-color: #f4f4f4; border-radius: 4px; flex-grow: 0; height: 14px; width: 60px;\"><\/div>\n<\/div>\n<\/div>\n<div style=\"padding: 19% 0;\"><\/div>\n<div style=\"display: block; height: 50px; margin: 0 auto 12px; width: 50px;\"><\/div>\n<div style=\"padding-top: 8px;\">\n<div style=\"color: #3897f0; font-family: Arial,sans-serif; font-size: 14px; font-style: normal; font-weight: 550; line-height: 18px;\">Ver esta publicaci\u00f3n en Instagram<\/div>\n<\/div>\n<div style=\"padding: 12.5% 0;\"><\/div>\n<div style=\"display: flex; flex-direction: row; margin-bottom: 14px; align-items: center;\">\n<div>\n<div style=\"background-color: #f4f4f4; border-radius: 50%; height: 12.5px; width: 12.5px; transform: translateX(0px) translateY(7px);\"><\/div>\n<div style=\"background-color: #f4f4f4; height: 12.5px; transform: rotate(-45deg) translateX(3px) translateY(1px); width: 12.5px; flex-grow: 0; margin-right: 14px; margin-left: 2px;\"><\/div>\n<div style=\"background-color: #f4f4f4; border-radius: 50%; height: 12.5px; width: 12.5px; transform: translateX(9px) translateY(-18px);\"><\/div>\n<\/div>\n<div style=\"margin-left: 8px;\">\n<div style=\"background-color: #f4f4f4; border-radius: 50%; flex-grow: 0; height: 20px; width: 20px;\"><\/div>\n<div style=\"width: 0; height: 0; border-top: 2px solid transparent; border-left: 6px solid #f4f4f4; border-bottom: 2px solid transparent; transform: translateX(16px) translateY(-4px) rotate(30deg);\"><\/div>\n<\/div>\n<div style=\"margin-left: auto;\">\n<div style=\"width: 0px; border-top: 8px solid #F4F4F4; border-right: 8px solid transparent; transform: translateY(16px);\"><\/div>\n<div style=\"background-color: #f4f4f4; flex-grow: 0; height: 12px; width: 16px; transform: translateY(-4px);\"><\/div>\n<div style=\"width: 0; height: 0; border-top: 8px solid #F4F4F4; border-left: 8px solid transparent; transform: translateY(-4px) translateX(8px);\"><\/div>\n<\/div>\n<\/div>\n<div style=\"display: flex; flex-direction: column; flex-grow: 1; justify-content: center; margin-bottom: 24px;\">\n<div style=\"background-color: #f4f4f4; border-radius: 4px; flex-grow: 0; height: 14px; margin-bottom: 6px; width: 224px;\"><\/div>\n<div style=\"background-color: #f4f4f4; border-radius: 4px; flex-grow: 0; height: 14px; width: 144px;\"><\/div>\n<\/div>\n<p>&nbsp;<\/p>\n<p style=\"color: #c9c8cd; font-family: Arial,sans-serif; font-size: 14px; line-height: 17px; margin-bottom: 0; margin-top: 8px; overflow: hidden; padding: 8px 0 7px; text-align: center; text-overflow: ellipsis; white-space: nowrap;\"><a style=\"color: #c9c8cd; font-family: Arial,sans-serif; font-size: 14px; font-style: normal; font-weight: normal; line-height: 17px; text-decoration: none;\" href=\"https:\/\/www.instagram.com\/reel\/ChucjzoNzXX\/?utm_source=ig_embed&amp;utm_campaign=loading\" target=\"_blank\" rel=\"noopener\">Una publicaci\u00f3n compartida de Agencia Te\u0301lam (@agencia_telam)<\/a><\/p>\n<\/div>\n<\/blockquote>\n<p>&nbsp;<\/p>\n<p>El astr\u00f3nomo Jorge Coghlan, en declaraciones a la emisora local LV3 explic\u00f3 que se trat\u00f3 de\u00a0<strong>\u201cun b\u00f3lido, una roca de materia interplanetaria de cuando se form\u00f3 el sistema solar, la tierra y la luna\u201d.<\/strong><\/p>\n<p>Coghlan dijo que ingres\u00f3 a la tierra a gran velocidad y que \u201cel color verdoso es porque el compuesto es de magnesio que le da esa tonalidad. Va aumentando el brillo y luego se apaga. Dura segundos\u201d, detall\u00f3.<\/p>\n<p><strong>\u201cAl ingresar en la atm\u00f3sfera la roca se va rompiendo. El fragmento que cae es muy peque\u00f1o, se transforma en polvo que queda en el ambiente. Si cae alguna piedra puede caber en la mano\u201d<\/strong>, dijo al referirse al tama\u00f1o.<\/p>\n<h2 class=\"\">Se hizo de d\u00eda en plena noche<\/h2>\n<p>El b\u00f3lido, que ilumin\u00f3 tambi\u00e9n el cielo en\u00a0<strong>Santiago del Estero y Santa Fe,<\/strong>\u00a0\u00abfue bastante impresionante, ya que estos elementos vienen a una velocidad hipers\u00f3nica y seguro que se desintegro en el aire\u00bb ya que no hay un reporte de alguna explosi\u00f3n, dijo a T\u00e9lam\u00a0<strong>Mario Vesconi, presidente de la Asociaci\u00f3n Chaque\u00f1a de Astronom\u00eda (ACHA), investigador y especialista en geof\u00edsica.<\/strong><\/p>\n<p>Se trata de la<strong>\u00a0bola de fuego\u00a0<\/strong>que pudo ser vista anoche desde varios puntos de Santiago del Estero y es as\u00ed que se viralizaron videos sobre c\u00f3mo se\u00a0<strong>\u00abhace de d\u00eda\u00bb en plena noche,<\/strong>\u00a0lo cual sorprendi\u00f3 a muchos.<\/p>\n<p><strong>\u00abEste tipo de b\u00f3lidos se desintegra y es muy poco lo que termina llegando al suelo<\/strong>\u00ab, dijo Vesconi y a\u00f1adi\u00f3 que \u00abpor lo que vi en los videos y fotos es bastante impresionante\u00bb, pero hasta el momento lo que se sabe es que \u00ab<strong>no hubo una onda s\u00f3nica\u00bb<\/strong>, que es lo que se produce cuando hay\u00a0<strong>una explosi\u00f3n cercana, \u00abpero nadie lo report\u00f3\u00bb.<\/strong><\/p>\n<p>\u00abEs un evento muy normal lo de este b\u00f3lido, si era un meteorito met\u00e1lico tiene m\u00e1s chance de llegar a Tierra, ya que normalmente los meteoritos rocosos o las condritas tienden m\u00e1s a desintegrarse\u00bb, coment\u00f3 el especialista que descubri\u00f3 varios de los meteoritos ca\u00eddos en Campo de Cielo, un lugar \u00fanico que comparte Santiago del Estero y Chaco.<\/p>\n<p>\u00abHay que hacerse la idea que no porque haya mucha luz es un elemento grande, puede ser muy peque\u00f1o el fragmento\u00bb, coment\u00f3 y en ese aspecto dijo que \u00ablo que pasa que,\u00a0<strong>al convertirse esa masa en energ\u00eda, y al ir desintegr\u00e1ndose se produce esa luz tan impresionante, pero no quiere decir que sea grande\u00bb.<\/strong><\/p>\n<p>\u00abLo que vimos fue un b\u00f3lido,\u00a0<strong>una vez que llega al suelo reci\u00e9n ah\u00ed el termino cambia a meteorito<\/strong>, entonces no podr\u00edamos hablar de un meteorito si nadie encontr\u00f3 nada\u00bb, sostuvo.<\/p>\n<p>Si bien se lo vio en tres provincias, no hay muchos videos o fotos para poder \u00abanalizar la trayectoria, de d\u00f3nde vino, el \u00e1ngulo por el que fue entrando\u00bb, entonces \u00absi tuvi\u00e9ramos m\u00e1s im\u00e1genes podr\u00edamos delimitar m\u00e1s o menos el \u00e1rea de ca\u00edda, pero no tenemos mucha informaci\u00f3n\u00bb.<\/p>\n<p>Por lo tanto, sostuvo que \u00abfue uno de los tantos eventos, algunos son m\u00e1s fabulosos unos que otros\u00bb, pero \u00ab<strong>siempre estamos hablando de fragmentos chiquitos que en alg\u00fan momento se desintegran y es poco probable que haya llegado algo al suelo\u00bb<\/strong>.<\/p>\n<p>Vesconi dijo que si este evento hubiera sido de d\u00eda no se habr\u00eda percibido, ya que \u00abel sol te tapa este tipo de b\u00f3lido\u00bb, por eso \u00abnormalmente los avistajes son de noche, que ser\u00edan como las t\u00edpicas estrellitas fugaces, solo que esto es de mayor tama\u00f1o, por eso tan espectacular\u00bb.<\/p>\n<p>\u00abEstos elementos vienen a\u00a0<strong>velocidad hipers\u00f3nica<\/strong>, por ejemplo cuando un avi\u00f3n rompe la velocidad del sonido se produce la explosi\u00f3n y ac\u00e1 nadie report\u00f3 una explosi\u00f3n\u00bb, sostuvo y a\u00f1adi\u00f3 que \u00abpudo haber sido muy lejana\u00bb.<\/p>\n<p>\u00ab<strong>La luminosidad (del b\u00f3lido) comienza a verse a 80 o 120 kil\u00f3metros de altura,<\/strong>\u00a0puede ser muy impresionante a la vista, pero el objeto en s\u00ed muy peque\u00f1o\u00bb, consider\u00f3.<\/p>\n<p>\u00ab<strong>Son objetos peque\u00f1os con un desarrollo de energ\u00eda bastante importante,<\/strong>\u00a0entonces eso hace que el avistaje sea espectacular\u00bb, enfatiz\u00f3.<\/p>\n<p>Por eso con este tipo de b\u00f3lidos \u00aba no asustarse y a disfrutar\u00bb, dijo el especialista y remarc\u00f3 que \u00abla Tierra, los planetas y la Luna est\u00e1n permanentemente impactados por meteoritos, vivimos en una nube de b\u00f3lidos, que en alguno momento pueden convertirse en meteoritos en la tierra\u00bb.<\/p>\n<p>\u00abEs una cuesti\u00f3n de tiempo que algo de gran tama\u00f1o pegue contra la tierra, que no ser\u00eda lo com\u00fan, ya que lo com\u00fan son estos eventos que hay que disfrutarlo porque es muy impresionante ver\u00bb, acot\u00f3.<\/p>\n","protected":false},"excerpt":{"rendered":"<p>En varias localidades del norte cordob\u00e9s y zonas de capital provincial se observ\u00f3 una luz entre azulina y verdosa que se desplazaba a gran velocidad. Especialistas explicaron que se trata de restos de materia de la actividad interplanetaria.<\/p>\n","protected":false},"author":3,"featured_media":0,"comment_status":"closed","ping_status":"closed","sticky":false,"template":"","format":"standard","meta":{"footnotes":""},"categories":[46],"tags":[],"class_list":["post-76925","post","type-post","status-publish","format-standard","hentry","category-ciencia-y-tecnologia"],"yoast_head":"<!-- This site is optimized with the Yoast SEO plugin v25.9 - https:\/\/yoast.com\/wordpress\/plugins\/seo\/ -->\n<title>Fragmentos de meteoritos iluminaron gran parte de C\u00f3rdoba, Santa Fe y Santiago del Estero - Noticias Radio Reflejos<\/title>\n<meta name=\"robots\" content=\"index, follow, max-snippet:-1, max-image-preview:large, max-video-preview:-1\" \/>\n<link rel=\"canonical\" href=\"https:\/\/www.noticiasradioreflejos.com.ar\/2021\/fragmentos-de-meteoritos-iluminaron-gran-parte-de-cordoba-santa-fe-y-santiago-del-estero\/\" \/>\n<meta property=\"og:locale\" content=\"es_ES\" \/>\n<meta property=\"og:type\" content=\"article\" \/>\n<meta property=\"og:title\" content=\"Fragmentos de meteoritos iluminaron gran parte de C\u00f3rdoba, Santa Fe y Santiago del Estero - Noticias Radio Reflejos\" \/>\n<meta property=\"og:description\" content=\"En varias localidades del norte cordob\u00e9s y zonas de capital provincial se observ\u00f3 una luz entre azulina y verdosa que se desplazaba a gran velocidad. Especialistas explicaron que se trata de restos de materia de la actividad interplanetaria.\" \/>\n<meta property=\"og:url\" content=\"https:\/\/www.noticiasradioreflejos.com.ar\/2021\/fragmentos-de-meteoritos-iluminaron-gran-parte-de-cordoba-santa-fe-y-santiago-del-estero\/\" \/>\n<meta property=\"og:site_name\" content=\"Noticias Radio Reflejos\" \/>\n<meta property=\"article:published_time\" content=\"2022-08-29T11:11:05+00:00\" \/>\n<meta property=\"og:image\" content=\"https:\/\/www.telam.com.ar\/thumbs\/bluesteel\/advf\/imagenes\/2022\/08\/6308cf37f051c_900.jpg\" \/>\n<meta name=\"author\" content=\"Arnaldo Botto\" \/>\n<meta name=\"twitter:card\" content=\"summary_large_image\" \/>\n<script type=\"application\/ld+json\" class=\"yoast-schema-graph\">{\"@context\":\"https:\/\/schema.org\",\"@graph\":[{\"@type\":\"WebPage\",\"@id\":\"https:\/\/www.noticiasradioreflejos.com.ar\/2021\/fragmentos-de-meteoritos-iluminaron-gran-parte-de-cordoba-santa-fe-y-santiago-del-estero\/\",\"url\":\"https:\/\/www.noticiasradioreflejos.com.ar\/2021\/fragmentos-de-meteoritos-iluminaron-gran-parte-de-cordoba-santa-fe-y-santiago-del-estero\/\",\"name\":\"Fragmentos de meteoritos iluminaron gran parte de C\u00f3rdoba, Santa Fe y Santiago del Estero - Noticias Radio Reflejos\",\"isPartOf\":{\"@id\":\"https:\/\/www.noticiasradioreflejos.com.ar\/2021\/#website\"},\"primaryImageOfPage\":{\"@id\":\"https:\/\/www.noticiasradioreflejos.com.ar\/2021\/fragmentos-de-meteoritos-iluminaron-gran-parte-de-cordoba-santa-fe-y-santiago-del-estero\/#primaryimage\"},\"image\":{\"@id\":\"https:\/\/www.noticiasradioreflejos.com.ar\/2021\/fragmentos-de-meteoritos-iluminaron-gran-parte-de-cordoba-santa-fe-y-santiago-del-estero\/#primaryimage\"},\"thumbnailUrl\":\"https:\/\/www.telam.com.ar\/thumbs\/bluesteel\/advf\/imagenes\/2022\/08\/6308cf37f051c_900.jpg\",\"datePublished\":\"2022-08-29T11:11:05+00:00\",\"author\":{\"@id\":\"https:\/\/www.noticiasradioreflejos.com.ar\/2021\/#\/schema\/person\/ad82545263dcc5ec0996818884fd5fb1\"},\"breadcrumb\":{\"@id\":\"https:\/\/www.noticiasradioreflejos.com.ar\/2021\/fragmentos-de-meteoritos-iluminaron-gran-parte-de-cordoba-santa-fe-y-santiago-del-estero\/#breadcrumb\"},\"inLanguage\":\"es\",\"potentialAction\":[{\"@type\":\"ReadAction\",\"target\":[\"https:\/\/www.noticiasradioreflejos.com.ar\/2021\/fragmentos-de-meteoritos-iluminaron-gran-parte-de-cordoba-santa-fe-y-santiago-del-estero\/\"]}]},{\"@type\":\"ImageObject\",\"inLanguage\":\"es\",\"@id\":\"https:\/\/www.noticiasradioreflejos.com.ar\/2021\/fragmentos-de-meteoritos-iluminaron-gran-parte-de-cordoba-santa-fe-y-santiago-del-estero\/#primaryimage\",\"url\":\"https:\/\/www.telam.com.ar\/thumbs\/bluesteel\/advf\/imagenes\/2022\/08\/6308cf37f051c_900.jpg\",\"contentUrl\":\"https:\/\/www.telam.com.ar\/thumbs\/bluesteel\/advf\/imagenes\/2022\/08\/6308cf37f051c_900.jpg\"},{\"@type\":\"BreadcrumbList\",\"@id\":\"https:\/\/www.noticiasradioreflejos.com.ar\/2021\/fragmentos-de-meteoritos-iluminaron-gran-parte-de-cordoba-santa-fe-y-santiago-del-estero\/#breadcrumb\",\"itemListElement\":[{\"@type\":\"ListItem\",\"position\":1,\"name\":\"Portada\",\"item\":\"https:\/\/www.noticiasradioreflejos.com.ar\/2021\/\"},{\"@type\":\"ListItem\",\"position\":2,\"name\":\"Fragmentos de meteoritos iluminaron gran parte de C\u00f3rdoba, Santa Fe y Santiago del Estero\"}]},{\"@type\":\"WebSite\",\"@id\":\"https:\/\/www.noticiasradioreflejos.com.ar\/2021\/#website\",\"url\":\"https:\/\/www.noticiasradioreflejos.com.ar\/2021\/\",\"name\":\"Noticias Radio Reflejos\",\"description\":\"Las noticias de mi comarca\",\"potentialAction\":[{\"@type\":\"SearchAction\",\"target\":{\"@type\":\"EntryPoint\",\"urlTemplate\":\"https:\/\/www.noticiasradioreflejos.com.ar\/2021\/?s={search_term_string}\"},\"query-input\":{\"@type\":\"PropertyValueSpecification\",\"valueRequired\":true,\"valueName\":\"search_term_string\"}}],\"inLanguage\":\"es\"},{\"@type\":\"Person\",\"@id\":\"https:\/\/www.noticiasradioreflejos.com.ar\/2021\/#\/schema\/person\/ad82545263dcc5ec0996818884fd5fb1\",\"name\":\"Arnaldo Botto\",\"image\":{\"@type\":\"ImageObject\",\"inLanguage\":\"es\",\"@id\":\"https:\/\/www.noticiasradioreflejos.com.ar\/2021\/#\/schema\/person\/image\/\",\"url\":\"https:\/\/secure.gravatar.com\/avatar\/55cb5e37c1efa326397366e6974cb338056df65cb50e7d64d1cf314e87504837?s=96&d=mm&r=g\",\"contentUrl\":\"https:\/\/secure.gravatar.com\/avatar\/55cb5e37c1efa326397366e6974cb338056df65cb50e7d64d1cf314e87504837?s=96&d=mm&r=g\",\"caption\":\"Arnaldo Botto\"},\"url\":\"https:\/\/www.noticiasradioreflejos.com.ar\/2021\/author\/arnaldo\/\"}]}<\/script>\n<!-- \/ Yoast SEO plugin. -->","yoast_head_json":{"title":"Fragmentos de meteoritos iluminaron gran parte de C\u00f3rdoba, Santa Fe y Santiago del Estero - Noticias Radio Reflejos","robots":{"index":"index","follow":"follow","max-snippet":"max-snippet:-1","max-image-preview":"max-image-preview:large","max-video-preview":"max-video-preview:-1"},"canonical":"https:\/\/www.noticiasradioreflejos.com.ar\/2021\/fragmentos-de-meteoritos-iluminaron-gran-parte-de-cordoba-santa-fe-y-santiago-del-estero\/","og_locale":"es_ES","og_type":"article","og_title":"Fragmentos de meteoritos iluminaron gran parte de C\u00f3rdoba, Santa Fe y Santiago del Estero - Noticias Radio Reflejos","og_description":"En varias localidades del norte cordob\u00e9s y zonas de capital provincial se observ\u00f3 una luz entre azulina y verdosa que se desplazaba a gran velocidad. Especialistas explicaron que se trata de restos de materia de la actividad interplanetaria.","og_url":"https:\/\/www.noticiasradioreflejos.com.ar\/2021\/fragmentos-de-meteoritos-iluminaron-gran-parte-de-cordoba-santa-fe-y-santiago-del-estero\/","og_site_name":"Noticias Radio Reflejos","article_published_time":"2022-08-29T11:11:05+00:00","og_image":[{"url":"https:\/\/www.telam.com.ar\/thumbs\/bluesteel\/advf\/imagenes\/2022\/08\/6308cf37f051c_900.jpg","type":"","width":"","height":""}],"author":"Arnaldo Botto","twitter_card":"summary_large_image","schema":{"@context":"https:\/\/schema.org","@graph":[{"@type":"WebPage","@id":"https:\/\/www.noticiasradioreflejos.com.ar\/2021\/fragmentos-de-meteoritos-iluminaron-gran-parte-de-cordoba-santa-fe-y-santiago-del-estero\/","url":"https:\/\/www.noticiasradioreflejos.com.ar\/2021\/fragmentos-de-meteoritos-iluminaron-gran-parte-de-cordoba-santa-fe-y-santiago-del-estero\/","name":"Fragmentos de meteoritos iluminaron gran parte de C\u00f3rdoba, Santa Fe y Santiago del Estero - Noticias Radio Reflejos","isPartOf":{"@id":"https:\/\/www.noticiasradioreflejos.com.ar\/2021\/#website"},"primaryImageOfPage":{"@id":"https:\/\/www.noticiasradioreflejos.com.ar\/2021\/fragmentos-de-meteoritos-iluminaron-gran-parte-de-cordoba-santa-fe-y-santiago-del-estero\/#primaryimage"},"image":{"@id":"https:\/\/www.noticiasradioreflejos.com.ar\/2021\/fragmentos-de-meteoritos-iluminaron-gran-parte-de-cordoba-santa-fe-y-santiago-del-estero\/#primaryimage"},"thumbnailUrl":"https:\/\/www.telam.com.ar\/thumbs\/bluesteel\/advf\/imagenes\/2022\/08\/6308cf37f051c_900.jpg","datePublished":"2022-08-29T11:11:05+00:00","author":{"@id":"https:\/\/www.noticiasradioreflejos.com.ar\/2021\/#\/schema\/person\/ad82545263dcc5ec0996818884fd5fb1"},"breadcrumb":{"@id":"https:\/\/www.noticiasradioreflejos.com.ar\/2021\/fragmentos-de-meteoritos-iluminaron-gran-parte-de-cordoba-santa-fe-y-santiago-del-estero\/#breadcrumb"},"inLanguage":"es","potentialAction":[{"@type":"ReadAction","target":["https:\/\/www.noticiasradioreflejos.com.ar\/2021\/fragmentos-de-meteoritos-iluminaron-gran-parte-de-cordoba-santa-fe-y-santiago-del-estero\/"]}]},{"@type":"ImageObject","inLanguage":"es","@id":"https:\/\/www.noticiasradioreflejos.com.ar\/2021\/fragmentos-de-meteoritos-iluminaron-gran-parte-de-cordoba-santa-fe-y-santiago-del-estero\/#primaryimage","url":"https:\/\/www.telam.com.ar\/thumbs\/bluesteel\/advf\/imagenes\/2022\/08\/6308cf37f051c_900.jpg","contentUrl":"https:\/\/www.telam.com.ar\/thumbs\/bluesteel\/advf\/imagenes\/2022\/08\/6308cf37f051c_900.jpg"},{"@type":"BreadcrumbList","@id":"https:\/\/www.noticiasradioreflejos.com.ar\/2021\/fragmentos-de-meteoritos-iluminaron-gran-parte-de-cordoba-santa-fe-y-santiago-del-estero\/#breadcrumb","itemListElement":[{"@type":"ListItem","position":1,"name":"Portada","item":"https:\/\/www.noticiasradioreflejos.com.ar\/2021\/"},{"@type":"ListItem","position":2,"name":"Fragmentos de meteoritos iluminaron gran parte de C\u00f3rdoba, Santa Fe y Santiago del Estero"}]},{"@type":"WebSite","@id":"https:\/\/www.noticiasradioreflejos.com.ar\/2021\/#website","url":"https:\/\/www.noticiasradioreflejos.com.ar\/2021\/","name":"Noticias Radio Reflejos","description":"Las noticias de mi comarca","potentialAction":[{"@type":"SearchAction","target":{"@type":"EntryPoint","urlTemplate":"https:\/\/www.noticiasradioreflejos.com.ar\/2021\/?s={search_term_string}"},"query-input":{"@type":"PropertyValueSpecification","valueRequired":true,"valueName":"search_term_string"}}],"inLanguage":"es"},{"@type":"Person","@id":"https:\/\/www.noticiasradioreflejos.com.ar\/2021\/#\/schema\/person\/ad82545263dcc5ec0996818884fd5fb1","name":"Arnaldo Botto","image":{"@type":"ImageObject","inLanguage":"es","@id":"https:\/\/www.noticiasradioreflejos.com.ar\/2021\/#\/schema\/person\/image\/","url":"https:\/\/secure.gravatar.com\/avatar\/55cb5e37c1efa326397366e6974cb338056df65cb50e7d64d1cf314e87504837?s=96&d=mm&r=g","contentUrl":"https:\/\/secure.gravatar.com\/avatar\/55cb5e37c1efa326397366e6974cb338056df65cb50e7d64d1cf314e87504837?s=96&d=mm&r=g","caption":"Arnaldo Botto"},"url":"https:\/\/www.noticiasradioreflejos.com.ar\/2021\/author\/arnaldo\/"}]}},"_links":{"self":[{"href":"https:\/\/www.noticiasradioreflejos.com.ar\/2021\/wp-json\/wp\/v2\/posts\/76925","targetHints":{"allow":["GET"]}}],"collection":[{"href":"https:\/\/www.noticiasradioreflejos.com.ar\/2021\/wp-json\/wp\/v2\/posts"}],"about":[{"href":"https:\/\/www.noticiasradioreflejos.com.ar\/2021\/wp-json\/wp\/v2\/types\/post"}],"author":[{"embeddable":true,"href":"https:\/\/www.noticiasradioreflejos.com.ar\/2021\/wp-json\/wp\/v2\/users\/3"}],"replies":[{"embeddable":true,"href":"https:\/\/www.noticiasradioreflejos.com.ar\/2021\/wp-json\/wp\/v2\/comments?post=76925"}],"version-history":[{"count":1,"href":"https:\/\/www.noticiasradioreflejos.com.ar\/2021\/wp-json\/wp\/v2\/posts\/76925\/revisions"}],"predecessor-version":[{"id":76927,"href":"https:\/\/www.noticiasradioreflejos.com.ar\/2021\/wp-json\/wp\/v2\/posts\/76925\/revisions\/76927"}],"wp:attachment":[{"href":"https:\/\/www.noticiasradioreflejos.com.ar\/2021\/wp-json\/wp\/v2\/media?parent=76925"}],"wp:term":[{"taxonomy":"category","embeddable":true,"href":"https:\/\/www.noticiasradioreflejos.com.ar\/2021\/wp-json\/wp\/v2\/categories?post=76925"},{"taxonomy":"post_tag","embeddable":true,"href":"https:\/\/www.noticiasradioreflejos.com.ar\/2021\/wp-json\/wp\/v2\/tags?post=76925"}],"curies":[{"name":"wp","href":"https:\/\/api.w.org\/{rel}","templated":true}]}}