{"id":76916,"date":"2022-08-29T10:49:48","date_gmt":"2022-08-29T10:49:48","guid":{"rendered":"http:\/\/www.noticiasradioreflejos.com.ar\/2021\/?p=76916"},"modified":"2022-08-29T10:49:48","modified_gmt":"2022-08-29T10:49:48","slug":"comunicado-de-prensa-del-frente-grande","status":"publish","type":"post","link":"https:\/\/www.noticiasradioreflejos.com.ar\/2021\/comunicado-de-prensa-del-frente-grande\/","title":{"rendered":"Comunicado de Prensa del Frente Grande"},"content":{"rendered":"<p style=\"font-weight: 400;\">POR UNA PODER JUDICIAL INDEPENDIENTE<\/p>\n<p style=\"font-weight: 400;\">PARA UNA DEMOCRACIA VERDADERA<\/p>\n<p style=\"font-weight: 400;\">PORQUE UNA PAZ DURADERA SE CONSTRUYE CON JUSTICIA SOCIAL<!--more--><\/p>\n<p style=\"font-weight: 400;\">El Partido Frente Grande Sexta Secci\u00f3n expresa su m\u00e1s en\u00e9rgico repudio a la persecuci\u00f3n judicial y medi\u00e1tica por razones pol\u00edticas, contra la Vice Presidenta de la Naci\u00f3n, Cristina Fern\u00e1ndez de Kirchner, contra el presidente de nuestro partido, el Intendente Mario Secco, y dem\u00e1s\u00a0 dirigentes pol\u00edticos y sociales del campo nacional y popular, as\u00ed mismo, manifestamos nuestro rechazo a la violencia y represi\u00f3n ejercida contra una pacifica manifestaci\u00f3n y la presidente de nuestro partido a nivel provincial, la diputada Susana Gonz\u00e1lez, todas situaciones que quiebran el estado de derecho y vulneran el sistema democr\u00e1tico argentino.<\/p>\n<p style=\"font-weight: 400;\">Cotidianamente los ciudadanos tenemos diversas situaciones donde el poder judicial de nuestra Argentina es, arbitrario, lent\u00edsimo, ineficiente, y sobre todo injusto. As\u00ed todos tenemos en nuestra memoria y nuestro presente, una situaci\u00f3n donde la llamada justicia atenta contra nuestros derechos, garant\u00edas y debilita nuestra democracia.<\/p>\n<p style=\"font-weight: 400;\">\u00c9stas situaciones no son nuevas ya que las personas que acompa\u00f1an nuestra imagen de convocatoria han padecido los efectos de enfrentarse a los poderes concentrados y que solo buscan sus privilegios; a esos dirigentes nacionales tambi\u00e9n se los busc\u00f3 disciplinar, estigmatizar, y se les ejerci\u00f3 control social para evitar sus pol\u00edticas nacionales y populares e instalar un proyecto de pa\u00eds que intensifique la exclusi\u00f3n de las grandes mayor\u00edas.<\/p>\n<p style=\"font-weight: 400;\">A los que nos sentimos dolidos por \u00e9stas injusticias, y tambi\u00e9n a los afectados por el endeudamiento m\u00e1s grande de nuestra historia y causante de la presente crisis social y econ\u00f3mica, los deseamos convocar para fortalecer las instituciones, resolver la profunda crisis que padece nuestro pueblo, y lograr una democracia cada vez m\u00e1s participativa que evite los abusos de los poderes concentrados y del Estado.<\/p>\n<p style=\"font-weight: 400;\"><strong>Necesitamos encontrarnos en la acci\u00f3n y la reflexi\u00f3n colectivas con el objetivo de construir una \u00a0idea de futuro que congregue la esperanza, el bienestar, y la vigencia irrestricta\u00a0 del estado de derecho, y para eso,\u00a0<u>los invitamos una mateada vecinal y popular el domingo 4 de septiembre a las 17 horas en la Plaza Eva Per\u00f3n de Sierra de la Ventana.<\/u><\/strong><\/p>\n<p style=\"font-weight: 400;\">Porque nos une ese indestructible amor a la Patria, seguiremos poniendo el cuerpo a las ideas para construir Poder Popular y Unidad Pol\u00edtica.<\/p>\n<p style=\"font-weight: 400;\">PARTIDO FRENTE GRANDE SEXTA SECCI\u00d3N ELECTORAL.<\/p>\n<p style=\"font-weight: 400;\">PRENSA: 291-6490788<\/p>\n<p>&nbsp;<\/p>\n<p><a title=\"IMAGEN PARA ENCUENTRO 4 DE SEPTIEMBRE\" href=\"https:\/\/www.flickr.com\/photos\/182279889@N02\/52319416125\/in\/dateposted-public\/\" data-flickr-embed=\"true\"><img loading=\"lazy\" decoding=\"async\" class=\"aligncenter\" src=\"https:\/\/live.staticflickr.com\/65535\/52319416125_0f19f1f2f9.jpg\" alt=\"IMAGEN PARA ENCUENTRO 4 DE SEPTIEMBRE\" width=\"331\" height=\"500\" \/><\/a><\/p>\n<p>&nbsp;<\/p>\n<p>&nbsp;<\/p>\n<p>&nbsp;<\/p>\n<p><a title=\"frente grande\" href=\"https:\/\/www.flickr.com\/photos\/182279889@N02\/52318174387\/in\/dateposted-public\/\" data-flickr-embed=\"true\"><img loading=\"lazy\" decoding=\"async\" src=\"https:\/\/live.staticflickr.com\/65535\/52318174387_09bab8e30b.jpg\" alt=\"frente grande\" width=\"487\" height=\"70\" \/><\/a><script async src=\"\/\/embedr.flickr.com\/assets\/client-code.js\" charset=\"utf-8\"><\/script><\/p>\n","protected":false},"excerpt":{"rendered":"<p>POR UNA PODER JUDICIAL INDEPENDIENTE PARA UNA DEMOCRACIA VERDADERA PORQUE UNA PAZ DURADERA SE CONSTRUYE CON JUSTICIA SOCIAL<\/p>\n","protected":false},"author":3,"featured_media":0,"comment_status":"closed","ping_status":"closed","sticky":false,"template":"","format":"standard","meta":{"footnotes":""},"categories":[24],"tags":[],"class_list":["post-76916","post","type-post","status-publish","format-standard","hentry","category-politica"],"yoast_head":"<!-- This site is optimized with the Yoast SEO plugin v25.9 - https:\/\/yoast.com\/wordpress\/plugins\/seo\/ -->\n<title>Comunicado de Prensa del Frente Grande - Noticias Radio Reflejos<\/title>\n<meta name=\"robots\" content=\"index, follow, max-snippet:-1, max-image-preview:large, max-video-preview:-1\" \/>\n<link rel=\"canonical\" href=\"https:\/\/www.noticiasradioreflejos.com.ar\/2021\/comunicado-de-prensa-del-frente-grande\/\" \/>\n<meta property=\"og:locale\" content=\"es_ES\" \/>\n<meta property=\"og:type\" content=\"article\" \/>\n<meta property=\"og:title\" content=\"Comunicado de Prensa del Frente Grande - Noticias Radio Reflejos\" \/>\n<meta property=\"og:description\" content=\"POR UNA PODER JUDICIAL INDEPENDIENTE PARA UNA DEMOCRACIA VERDADERA PORQUE UNA PAZ DURADERA SE CONSTRUYE CON JUSTICIA SOCIAL\" \/>\n<meta property=\"og:url\" content=\"https:\/\/www.noticiasradioreflejos.com.ar\/2021\/comunicado-de-prensa-del-frente-grande\/\" \/>\n<meta property=\"og:site_name\" content=\"Noticias Radio Reflejos\" \/>\n<meta property=\"article:published_time\" content=\"2022-08-29T10:49:48+00:00\" \/>\n<meta property=\"og:image\" content=\"https:\/\/live.staticflickr.com\/65535\/52319416125_0f19f1f2f9.jpg\" \/>\n<meta name=\"author\" content=\"Arnaldo Botto\" \/>\n<meta name=\"twitter:card\" content=\"summary_large_image\" \/>\n<script type=\"application\/ld+json\" class=\"yoast-schema-graph\">{\"@context\":\"https:\/\/schema.org\",\"@graph\":[{\"@type\":\"WebPage\",\"@id\":\"https:\/\/www.noticiasradioreflejos.com.ar\/2021\/comunicado-de-prensa-del-frente-grande\/\",\"url\":\"https:\/\/www.noticiasradioreflejos.com.ar\/2021\/comunicado-de-prensa-del-frente-grande\/\",\"name\":\"Comunicado de Prensa del Frente Grande - Noticias Radio Reflejos\",\"isPartOf\":{\"@id\":\"https:\/\/www.noticiasradioreflejos.com.ar\/2021\/#website\"},\"primaryImageOfPage\":{\"@id\":\"https:\/\/www.noticiasradioreflejos.com.ar\/2021\/comunicado-de-prensa-del-frente-grande\/#primaryimage\"},\"image\":{\"@id\":\"https:\/\/www.noticiasradioreflejos.com.ar\/2021\/comunicado-de-prensa-del-frente-grande\/#primaryimage\"},\"thumbnailUrl\":\"https:\/\/live.staticflickr.com\/65535\/52319416125_0f19f1f2f9.jpg\",\"datePublished\":\"2022-08-29T10:49:48+00:00\",\"author\":{\"@id\":\"https:\/\/www.noticiasradioreflejos.com.ar\/2021\/#\/schema\/person\/ad82545263dcc5ec0996818884fd5fb1\"},\"breadcrumb\":{\"@id\":\"https:\/\/www.noticiasradioreflejos.com.ar\/2021\/comunicado-de-prensa-del-frente-grande\/#breadcrumb\"},\"inLanguage\":\"es\",\"potentialAction\":[{\"@type\":\"ReadAction\",\"target\":[\"https:\/\/www.noticiasradioreflejos.com.ar\/2021\/comunicado-de-prensa-del-frente-grande\/\"]}]},{\"@type\":\"ImageObject\",\"inLanguage\":\"es\",\"@id\":\"https:\/\/www.noticiasradioreflejos.com.ar\/2021\/comunicado-de-prensa-del-frente-grande\/#primaryimage\",\"url\":\"https:\/\/live.staticflickr.com\/65535\/52319416125_0f19f1f2f9.jpg\",\"contentUrl\":\"https:\/\/live.staticflickr.com\/65535\/52319416125_0f19f1f2f9.jpg\"},{\"@type\":\"BreadcrumbList\",\"@id\":\"https:\/\/www.noticiasradioreflejos.com.ar\/2021\/comunicado-de-prensa-del-frente-grande\/#breadcrumb\",\"itemListElement\":[{\"@type\":\"ListItem\",\"position\":1,\"name\":\"Portada\",\"item\":\"https:\/\/www.noticiasradioreflejos.com.ar\/2021\/\"},{\"@type\":\"ListItem\",\"position\":2,\"name\":\"Comunicado de Prensa del Frente Grande\"}]},{\"@type\":\"WebSite\",\"@id\":\"https:\/\/www.noticiasradioreflejos.com.ar\/2021\/#website\",\"url\":\"https:\/\/www.noticiasradioreflejos.com.ar\/2021\/\",\"name\":\"Noticias Radio Reflejos\",\"description\":\"Las noticias de mi comarca\",\"potentialAction\":[{\"@type\":\"SearchAction\",\"target\":{\"@type\":\"EntryPoint\",\"urlTemplate\":\"https:\/\/www.noticiasradioreflejos.com.ar\/2021\/?s={search_term_string}\"},\"query-input\":{\"@type\":\"PropertyValueSpecification\",\"valueRequired\":true,\"valueName\":\"search_term_string\"}}],\"inLanguage\":\"es\"},{\"@type\":\"Person\",\"@id\":\"https:\/\/www.noticiasradioreflejos.com.ar\/2021\/#\/schema\/person\/ad82545263dcc5ec0996818884fd5fb1\",\"name\":\"Arnaldo Botto\",\"image\":{\"@type\":\"ImageObject\",\"inLanguage\":\"es\",\"@id\":\"https:\/\/www.noticiasradioreflejos.com.ar\/2021\/#\/schema\/person\/image\/\",\"url\":\"https:\/\/secure.gravatar.com\/avatar\/55cb5e37c1efa326397366e6974cb338056df65cb50e7d64d1cf314e87504837?s=96&d=mm&r=g\",\"contentUrl\":\"https:\/\/secure.gravatar.com\/avatar\/55cb5e37c1efa326397366e6974cb338056df65cb50e7d64d1cf314e87504837?s=96&d=mm&r=g\",\"caption\":\"Arnaldo Botto\"},\"url\":\"https:\/\/www.noticiasradioreflejos.com.ar\/2021\/author\/arnaldo\/\"}]}<\/script>\n<!-- \/ Yoast SEO plugin. -->","yoast_head_json":{"title":"Comunicado de Prensa del Frente Grande - Noticias Radio Reflejos","robots":{"index":"index","follow":"follow","max-snippet":"max-snippet:-1","max-image-preview":"max-image-preview:large","max-video-preview":"max-video-preview:-1"},"canonical":"https:\/\/www.noticiasradioreflejos.com.ar\/2021\/comunicado-de-prensa-del-frente-grande\/","og_locale":"es_ES","og_type":"article","og_title":"Comunicado de Prensa del Frente Grande - Noticias Radio Reflejos","og_description":"POR UNA PODER JUDICIAL INDEPENDIENTE PARA UNA DEMOCRACIA VERDADERA PORQUE UNA PAZ DURADERA SE CONSTRUYE CON JUSTICIA SOCIAL","og_url":"https:\/\/www.noticiasradioreflejos.com.ar\/2021\/comunicado-de-prensa-del-frente-grande\/","og_site_name":"Noticias Radio Reflejos","article_published_time":"2022-08-29T10:49:48+00:00","og_image":[{"url":"https:\/\/live.staticflickr.com\/65535\/52319416125_0f19f1f2f9.jpg","type":"","width":"","height":""}],"author":"Arnaldo Botto","twitter_card":"summary_large_image","schema":{"@context":"https:\/\/schema.org","@graph":[{"@type":"WebPage","@id":"https:\/\/www.noticiasradioreflejos.com.ar\/2021\/comunicado-de-prensa-del-frente-grande\/","url":"https:\/\/www.noticiasradioreflejos.com.ar\/2021\/comunicado-de-prensa-del-frente-grande\/","name":"Comunicado de Prensa del Frente Grande - Noticias Radio Reflejos","isPartOf":{"@id":"https:\/\/www.noticiasradioreflejos.com.ar\/2021\/#website"},"primaryImageOfPage":{"@id":"https:\/\/www.noticiasradioreflejos.com.ar\/2021\/comunicado-de-prensa-del-frente-grande\/#primaryimage"},"image":{"@id":"https:\/\/www.noticiasradioreflejos.com.ar\/2021\/comunicado-de-prensa-del-frente-grande\/#primaryimage"},"thumbnailUrl":"https:\/\/live.staticflickr.com\/65535\/52319416125_0f19f1f2f9.jpg","datePublished":"2022-08-29T10:49:48+00:00","author":{"@id":"https:\/\/www.noticiasradioreflejos.com.ar\/2021\/#\/schema\/person\/ad82545263dcc5ec0996818884fd5fb1"},"breadcrumb":{"@id":"https:\/\/www.noticiasradioreflejos.com.ar\/2021\/comunicado-de-prensa-del-frente-grande\/#breadcrumb"},"inLanguage":"es","potentialAction":[{"@type":"ReadAction","target":["https:\/\/www.noticiasradioreflejos.com.ar\/2021\/comunicado-de-prensa-del-frente-grande\/"]}]},{"@type":"ImageObject","inLanguage":"es","@id":"https:\/\/www.noticiasradioreflejos.com.ar\/2021\/comunicado-de-prensa-del-frente-grande\/#primaryimage","url":"https:\/\/live.staticflickr.com\/65535\/52319416125_0f19f1f2f9.jpg","contentUrl":"https:\/\/live.staticflickr.com\/65535\/52319416125_0f19f1f2f9.jpg"},{"@type":"BreadcrumbList","@id":"https:\/\/www.noticiasradioreflejos.com.ar\/2021\/comunicado-de-prensa-del-frente-grande\/#breadcrumb","itemListElement":[{"@type":"ListItem","position":1,"name":"Portada","item":"https:\/\/www.noticiasradioreflejos.com.ar\/2021\/"},{"@type":"ListItem","position":2,"name":"Comunicado de Prensa del Frente Grande"}]},{"@type":"WebSite","@id":"https:\/\/www.noticiasradioreflejos.com.ar\/2021\/#website","url":"https:\/\/www.noticiasradioreflejos.com.ar\/2021\/","name":"Noticias Radio Reflejos","description":"Las noticias de mi comarca","potentialAction":[{"@type":"SearchAction","target":{"@type":"EntryPoint","urlTemplate":"https:\/\/www.noticiasradioreflejos.com.ar\/2021\/?s={search_term_string}"},"query-input":{"@type":"PropertyValueSpecification","valueRequired":true,"valueName":"search_term_string"}}],"inLanguage":"es"},{"@type":"Person","@id":"https:\/\/www.noticiasradioreflejos.com.ar\/2021\/#\/schema\/person\/ad82545263dcc5ec0996818884fd5fb1","name":"Arnaldo Botto","image":{"@type":"ImageObject","inLanguage":"es","@id":"https:\/\/www.noticiasradioreflejos.com.ar\/2021\/#\/schema\/person\/image\/","url":"https:\/\/secure.gravatar.com\/avatar\/55cb5e37c1efa326397366e6974cb338056df65cb50e7d64d1cf314e87504837?s=96&d=mm&r=g","contentUrl":"https:\/\/secure.gravatar.com\/avatar\/55cb5e37c1efa326397366e6974cb338056df65cb50e7d64d1cf314e87504837?s=96&d=mm&r=g","caption":"Arnaldo Botto"},"url":"https:\/\/www.noticiasradioreflejos.com.ar\/2021\/author\/arnaldo\/"}]}},"_links":{"self":[{"href":"https:\/\/www.noticiasradioreflejos.com.ar\/2021\/wp-json\/wp\/v2\/posts\/76916","targetHints":{"allow":["GET"]}}],"collection":[{"href":"https:\/\/www.noticiasradioreflejos.com.ar\/2021\/wp-json\/wp\/v2\/posts"}],"about":[{"href":"https:\/\/www.noticiasradioreflejos.com.ar\/2021\/wp-json\/wp\/v2\/types\/post"}],"author":[{"embeddable":true,"href":"https:\/\/www.noticiasradioreflejos.com.ar\/2021\/wp-json\/wp\/v2\/users\/3"}],"replies":[{"embeddable":true,"href":"https:\/\/www.noticiasradioreflejos.com.ar\/2021\/wp-json\/wp\/v2\/comments?post=76916"}],"version-history":[{"count":1,"href":"https:\/\/www.noticiasradioreflejos.com.ar\/2021\/wp-json\/wp\/v2\/posts\/76916\/revisions"}],"predecessor-version":[{"id":76917,"href":"https:\/\/www.noticiasradioreflejos.com.ar\/2021\/wp-json\/wp\/v2\/posts\/76916\/revisions\/76917"}],"wp:attachment":[{"href":"https:\/\/www.noticiasradioreflejos.com.ar\/2021\/wp-json\/wp\/v2\/media?parent=76916"}],"wp:term":[{"taxonomy":"category","embeddable":true,"href":"https:\/\/www.noticiasradioreflejos.com.ar\/2021\/wp-json\/wp\/v2\/categories?post=76916"},{"taxonomy":"post_tag","embeddable":true,"href":"https:\/\/www.noticiasradioreflejos.com.ar\/2021\/wp-json\/wp\/v2\/tags?post=76916"}],"curies":[{"name":"wp","href":"https:\/\/api.w.org\/{rel}","templated":true}]}}