{"id":76913,"date":"2022-08-29T10:45:15","date_gmt":"2022-08-29T10:45:15","guid":{"rendered":"http:\/\/www.noticiasradioreflejos.com.ar\/2021\/?p=76913"},"modified":"2022-08-29T10:45:15","modified_gmt":"2022-08-29T10:45:15","slug":"rural-bike-mas-de-300-corredores-disfrutaron-del-1-desafio-circuito-chico-en-tornquist","status":"publish","type":"post","link":"https:\/\/www.noticiasradioreflejos.com.ar\/2021\/rural-bike-mas-de-300-corredores-disfrutaron-del-1-desafio-circuito-chico-en-tornquist\/","title":{"rendered":"Rural Bike: M\u00e1s de 300 corredores disfrutaron del 1\u00b0 Desaf\u00edo Circuito Chico en Tornquist"},"content":{"rendered":"<p>Con la organizaci\u00f3n de la Subsecretar\u00eda de Deportes de Tornquist Municipio y la Escuelita de F\u00fatbol del Club Uni\u00f3n de Tornquist, se desarroll\u00f3 con \u00e9xito este domingo el 1\u00b0 Desaf\u00edo Circuito Chico de Rural Bike.<!--more--><\/p>\n<p><a title=\"1 Rural Bike DCC (11)\" href=\"https:\/\/www.flickr.com\/photos\/182279889@N02\/52319389309\/in\/dateposted-public\/\" data-flickr-embed=\"true\"><img loading=\"lazy\" decoding=\"async\" src=\"https:\/\/live.staticflickr.com\/65535\/52319389309_375804ec19_c.jpg\" alt=\"1 Rural Bike DCC (11)\" width=\"800\" height=\"533\" \/><\/a><\/p>\n<p>La jornada, a pleno sol y con base en la Escuela Primaria N\u00b0 10, cont\u00f3 con la participaci\u00f3n de 300 corredores del distrito anfitri\u00f3n y de ciudades de la regi\u00f3n y de las provincias de La Pampa y R\u00edo Negro, entre otras.<\/p>\n<p>La competencia fue fiscalizada por Bah\u00eda Corre y tuvo dos distancias, Competitivo 70K y Promocional 35K, y 20 categor\u00edas divididas por edad entre femeninas y masculinas. El circuito caracter\u00edstico rural, combin\u00f3 llanura, lomas y pasos de agua, dentro de un paisaje \u00fanico que solo las sierras del distrito de Tornquist ofrecen.<\/p>\n<p>En cuanto a los resultados generales, Yesica \u2018Chiquita\u2019 Andres Cantelmi fue la m\u00e1s r\u00e1pida en mujeres, con un tiempo de 2h 31m 03s, seguida por Carolina Solera (2h 21m 04s), y Nina Laborde (2h 28m 33s).<\/p>\n<p><a title=\"1 Rural Bike DCC (12)\" href=\"https:\/\/www.flickr.com\/photos\/182279889@N02\/52319406070\/in\/dateposted-public\/\" data-flickr-embed=\"true\"><img loading=\"lazy\" decoding=\"async\" src=\"https:\/\/live.staticflickr.com\/65535\/52319406070_50faf6e09e_c.jpg\" alt=\"1 Rural Bike DCC (12)\" width=\"800\" height=\"533\" \/><\/a><\/p>\n<p>En varones, el ganador fue Ignacio Wildbaum (2h 20m 07s), segundo culmin\u00f3 Justino Laffeuillade (2h 12m 14,05s), y, tercero, Daniel Lochbaum (2h 12m 14,22s).<\/p>\n<p>Durante el evento, estuvo presente el intendente Sergio Bordoni y la Subsecretaria de Deportes, Sof\u00eda Urriaga, quien agradeci\u00f3 al Club Uni\u00f3n, a la EP N\u00b0 10, a los participantes y a todos aquellos que hicieron posible la realizaci\u00f3n de la jornada.<\/p>\n<p>La actividad forma parte de la iniciativa del municipio de organizar, de manera articulada y conjunta con instituciones locales, jornadas deportivas. En ese marco, la pr\u00f3xima competencia ser\u00e1 el 11 de septiembre, con la carrera aventura \u2018Desaf\u00edo al Calvario\u2019, junto al Automoto Club Deportivo.<\/p>\n<p><a title=\"1 Rural Bike DCC (14)\" href=\"https:\/\/www.flickr.com\/photos\/182279889@N02\/52318965621\/in\/dateposted-public\/\" data-flickr-embed=\"true\"><img loading=\"lazy\" decoding=\"async\" src=\"https:\/\/live.staticflickr.com\/65535\/52318965621_87a2919f00_c.jpg\" alt=\"1 Rural Bike DCC (14)\" width=\"800\" height=\"533\" \/><\/a><\/p>\n<p>TODOS LOS RESULTADOS:<\/p>\n<p>Femenino 70K general: 1\u00b0 Yesica Andres Cantelmi, 2\u00b0 Carolina Solera, 3\u00b0 Nina Laborde;<\/p>\n<p>Masculino 70K general: 1\u00b0 Ignacio Wildbaum, 2\u00b0 Justino Laffeuillade, 3\u00b0 Daniel Lochbaum;<\/p>\n<p>Femenino 70K 18-39: 1\u00b0 Yesica Andres Cantelmi, 2\u00b0 Nina Laborde, 3\u00b0 Carolina Laborde;<\/p>\n<p>Femenino 70K 40-49: 1\u00b0 Carolina Solera, 2\u00b0 Luciana Hirtz, 3\u00b0 Lorena Bravo;<\/p>\n<p>Femenino 70K +50: 1\u00b0 Mar\u00eda Ballarena, 2\u00b0 Sandra Rodr\u00edguez, 3\u00b0 Betina Neila;<\/p>\n<p>Masculino 70K 30-34: 1\u00b0 Ignacio Wildbaum, 2\u00b0 Justino Laffeuillade, 3\u00b0 El\u00edas Spon;<\/p>\n<p>Masculino 70K 35-39: 1\u00b0 Daniel Lochbaum, 2\u00b0 Cristian Ring, 3\u00b0 Leonardo Coria;<\/p>\n<p>Masculino 70K 40-44: 1\u00b0 Emanuel Maggiora, 2\u00b0 Ricardo Piriz, 3\u00b0 Jorge Spon;<\/p>\n<p>Masculino 70K 45-49: 1\u00b0 Carlos Mendioroz, 2\u00b0 Pablo Camio, 3\u00b0 Sergio Churruca;<\/p>\n<p>Masculino 70K 50-54: 1\u00b0 Sandro Buffarini, 2\u00b0 Patricio Pelizzari, 3\u00b0 Fra Herr;<\/p>\n<p>Masculino 70K 55-59: 1\u00b0 Sergio Sedran, 2\u00b0 Osvaldo Cantera, 3\u00b0 Javier Allara;<\/p>\n<p>Masculino 70K 60-64: 1\u00b0 Daniel Moriset, 2\u00b0 Amilcar Peru;<\/p>\n<p>Masculino 70K 18-29: 1\u00b0 Tomas Mu\u00f1ecas, 2\u00b0 Juan Mendive, 3\u00b0 Emanuel Ancin;<\/p>\n<p>Femenino 35K 15-34: 1\u00b0 Giuliana Peru, 2\u00b0 Florencia Gerdes, 3\u00b0 Fiorella Brau;<\/p>\n<p>Femenino 35K 35-49: 1\u00b0 Paula Chiuffo, 2\u00b0 Viviana Rojas, 3\u00b0 Monica Storck;<\/p>\n<p>Femenino 35K +50: 1\u00b0 Mariel Iuri, 2\u00b0 Eliana Jordan;<\/p>\n<p>Masculino 35 K 15-34: 1\u00b0 Juan Alchu, 2\u00b0 Luciano Milano, 3\u00b0 Jesus Lopez;<\/p>\n<p>Masculino 35K 35-49: 1\u00b0 Alejandro San Roman, 2\u00b0 Gustavo Pedernera, 3\u00b0 Cristian Weiz;<\/p>\n<p>Masculino 35K +50: 1\u00b0 Andres Sabattini, 2\u00b0 Aldo Peralta, 3\u00b0 Julio Mendive;<\/p>\n<p>Masculino 35K -65: 1\u00b0 Jorge Metz, 2\u00b0 Andres Marcenac, 3\u00b0 Alejandro Salim;<\/p>\n<p>Masculino 35K +70: 1\u00b0 Juan Sarramide, 2\u00b0 Oscar Gonzalez, 3\u00b0 Julio Bianchimano.<\/p>\n<p>&nbsp;<\/p>\n<p><a title=\"1 Rural Bike DCC (1)\" href=\"https:\/\/www.flickr.com\/photos\/182279889@N02\/52319389479\/in\/dateposted-public\/\" data-flickr-embed=\"true\"><img loading=\"lazy\" decoding=\"async\" src=\"https:\/\/live.staticflickr.com\/65535\/52319389479_e072fd8f9b_c.jpg\" alt=\"1 Rural Bike DCC (1)\" width=\"800\" height=\"530\" \/><\/a><\/p>\n","protected":false},"excerpt":{"rendered":"<p>Con la organizaci\u00f3n de la Subsecretar\u00eda de Deportes de Tornquist Municipio y la Escuelita de F\u00fatbol del Club Uni\u00f3n de Tornquist, se desarroll\u00f3 con \u00e9xito este domingo el 1\u00b0 Desaf\u00edo Circuito Chico de Rural Bike.<\/p>\n","protected":false},"author":3,"featured_media":0,"comment_status":"closed","ping_status":"closed","sticky":false,"template":"","format":"standard","meta":{"footnotes":""},"categories":[27,28],"tags":[48],"class_list":["post-76913","post","type-post","status-publish","format-standard","hentry","category-deportes","category-municipales","tag-destacada"],"yoast_head":"<!-- This site is optimized with the Yoast SEO plugin v25.9 - https:\/\/yoast.com\/wordpress\/plugins\/seo\/ -->\n<title>Rural Bike: M\u00e1s de 300 corredores disfrutaron del 1\u00b0 Desaf\u00edo Circuito Chico en Tornquist - Noticias Radio Reflejos<\/title>\n<meta name=\"robots\" content=\"index, follow, max-snippet:-1, max-image-preview:large, max-video-preview:-1\" \/>\n<link rel=\"canonical\" href=\"https:\/\/www.noticiasradioreflejos.com.ar\/2021\/rural-bike-mas-de-300-corredores-disfrutaron-del-1-desafio-circuito-chico-en-tornquist\/\" \/>\n<meta property=\"og:locale\" content=\"es_ES\" \/>\n<meta property=\"og:type\" content=\"article\" \/>\n<meta property=\"og:title\" content=\"Rural Bike: M\u00e1s de 300 corredores disfrutaron del 1\u00b0 Desaf\u00edo Circuito Chico en Tornquist - Noticias Radio Reflejos\" \/>\n<meta property=\"og:description\" content=\"Con la organizaci\u00f3n de la Subsecretar\u00eda de Deportes de Tornquist Municipio y la Escuelita de F\u00fatbol del Club Uni\u00f3n de Tornquist, se desarroll\u00f3 con \u00e9xito este domingo el 1\u00b0 Desaf\u00edo Circuito Chico de Rural Bike.\" \/>\n<meta property=\"og:url\" content=\"https:\/\/www.noticiasradioreflejos.com.ar\/2021\/rural-bike-mas-de-300-corredores-disfrutaron-del-1-desafio-circuito-chico-en-tornquist\/\" \/>\n<meta property=\"og:site_name\" content=\"Noticias Radio Reflejos\" \/>\n<meta property=\"article:published_time\" content=\"2022-08-29T10:45:15+00:00\" \/>\n<meta property=\"og:image\" content=\"https:\/\/live.staticflickr.com\/65535\/52319389309_375804ec19_c.jpg\" \/>\n<meta name=\"author\" content=\"Arnaldo Botto\" \/>\n<meta name=\"twitter:card\" content=\"summary_large_image\" \/>\n<script type=\"application\/ld+json\" class=\"yoast-schema-graph\">{\"@context\":\"https:\/\/schema.org\",\"@graph\":[{\"@type\":\"WebPage\",\"@id\":\"https:\/\/www.noticiasradioreflejos.com.ar\/2021\/rural-bike-mas-de-300-corredores-disfrutaron-del-1-desafio-circuito-chico-en-tornquist\/\",\"url\":\"https:\/\/www.noticiasradioreflejos.com.ar\/2021\/rural-bike-mas-de-300-corredores-disfrutaron-del-1-desafio-circuito-chico-en-tornquist\/\",\"name\":\"Rural Bike: M\u00e1s de 300 corredores disfrutaron del 1\u00b0 Desaf\u00edo Circuito Chico en Tornquist - Noticias Radio Reflejos\",\"isPartOf\":{\"@id\":\"https:\/\/www.noticiasradioreflejos.com.ar\/2021\/#website\"},\"primaryImageOfPage\":{\"@id\":\"https:\/\/www.noticiasradioreflejos.com.ar\/2021\/rural-bike-mas-de-300-corredores-disfrutaron-del-1-desafio-circuito-chico-en-tornquist\/#primaryimage\"},\"image\":{\"@id\":\"https:\/\/www.noticiasradioreflejos.com.ar\/2021\/rural-bike-mas-de-300-corredores-disfrutaron-del-1-desafio-circuito-chico-en-tornquist\/#primaryimage\"},\"thumbnailUrl\":\"https:\/\/live.staticflickr.com\/65535\/52319389309_375804ec19_c.jpg\",\"datePublished\":\"2022-08-29T10:45:15+00:00\",\"author\":{\"@id\":\"https:\/\/www.noticiasradioreflejos.com.ar\/2021\/#\/schema\/person\/ad82545263dcc5ec0996818884fd5fb1\"},\"breadcrumb\":{\"@id\":\"https:\/\/www.noticiasradioreflejos.com.ar\/2021\/rural-bike-mas-de-300-corredores-disfrutaron-del-1-desafio-circuito-chico-en-tornquist\/#breadcrumb\"},\"inLanguage\":\"es\",\"potentialAction\":[{\"@type\":\"ReadAction\",\"target\":[\"https:\/\/www.noticiasradioreflejos.com.ar\/2021\/rural-bike-mas-de-300-corredores-disfrutaron-del-1-desafio-circuito-chico-en-tornquist\/\"]}]},{\"@type\":\"ImageObject\",\"inLanguage\":\"es\",\"@id\":\"https:\/\/www.noticiasradioreflejos.com.ar\/2021\/rural-bike-mas-de-300-corredores-disfrutaron-del-1-desafio-circuito-chico-en-tornquist\/#primaryimage\",\"url\":\"https:\/\/live.staticflickr.com\/65535\/52319389309_375804ec19_c.jpg\",\"contentUrl\":\"https:\/\/live.staticflickr.com\/65535\/52319389309_375804ec19_c.jpg\"},{\"@type\":\"BreadcrumbList\",\"@id\":\"https:\/\/www.noticiasradioreflejos.com.ar\/2021\/rural-bike-mas-de-300-corredores-disfrutaron-del-1-desafio-circuito-chico-en-tornquist\/#breadcrumb\",\"itemListElement\":[{\"@type\":\"ListItem\",\"position\":1,\"name\":\"Portada\",\"item\":\"https:\/\/www.noticiasradioreflejos.com.ar\/2021\/\"},{\"@type\":\"ListItem\",\"position\":2,\"name\":\"Rural Bike: M\u00e1s de 300 corredores disfrutaron del 1\u00b0 Desaf\u00edo Circuito Chico en Tornquist\"}]},{\"@type\":\"WebSite\",\"@id\":\"https:\/\/www.noticiasradioreflejos.com.ar\/2021\/#website\",\"url\":\"https:\/\/www.noticiasradioreflejos.com.ar\/2021\/\",\"name\":\"Noticias Radio Reflejos\",\"description\":\"Las noticias de mi comarca\",\"potentialAction\":[{\"@type\":\"SearchAction\",\"target\":{\"@type\":\"EntryPoint\",\"urlTemplate\":\"https:\/\/www.noticiasradioreflejos.com.ar\/2021\/?s={search_term_string}\"},\"query-input\":{\"@type\":\"PropertyValueSpecification\",\"valueRequired\":true,\"valueName\":\"search_term_string\"}}],\"inLanguage\":\"es\"},{\"@type\":\"Person\",\"@id\":\"https:\/\/www.noticiasradioreflejos.com.ar\/2021\/#\/schema\/person\/ad82545263dcc5ec0996818884fd5fb1\",\"name\":\"Arnaldo Botto\",\"image\":{\"@type\":\"ImageObject\",\"inLanguage\":\"es\",\"@id\":\"https:\/\/www.noticiasradioreflejos.com.ar\/2021\/#\/schema\/person\/image\/\",\"url\":\"https:\/\/secure.gravatar.com\/avatar\/55cb5e37c1efa326397366e6974cb338056df65cb50e7d64d1cf314e87504837?s=96&d=mm&r=g\",\"contentUrl\":\"https:\/\/secure.gravatar.com\/avatar\/55cb5e37c1efa326397366e6974cb338056df65cb50e7d64d1cf314e87504837?s=96&d=mm&r=g\",\"caption\":\"Arnaldo Botto\"},\"url\":\"https:\/\/www.noticiasradioreflejos.com.ar\/2021\/author\/arnaldo\/\"}]}<\/script>\n<!-- \/ Yoast SEO plugin. -->","yoast_head_json":{"title":"Rural Bike: M\u00e1s de 300 corredores disfrutaron del 1\u00b0 Desaf\u00edo Circuito Chico en Tornquist - Noticias Radio Reflejos","robots":{"index":"index","follow":"follow","max-snippet":"max-snippet:-1","max-image-preview":"max-image-preview:large","max-video-preview":"max-video-preview:-1"},"canonical":"https:\/\/www.noticiasradioreflejos.com.ar\/2021\/rural-bike-mas-de-300-corredores-disfrutaron-del-1-desafio-circuito-chico-en-tornquist\/","og_locale":"es_ES","og_type":"article","og_title":"Rural Bike: M\u00e1s de 300 corredores disfrutaron del 1\u00b0 Desaf\u00edo Circuito Chico en Tornquist - Noticias Radio Reflejos","og_description":"Con la organizaci\u00f3n de la Subsecretar\u00eda de Deportes de Tornquist Municipio y la Escuelita de F\u00fatbol del Club Uni\u00f3n de Tornquist, se desarroll\u00f3 con \u00e9xito este domingo el 1\u00b0 Desaf\u00edo Circuito Chico de Rural Bike.","og_url":"https:\/\/www.noticiasradioreflejos.com.ar\/2021\/rural-bike-mas-de-300-corredores-disfrutaron-del-1-desafio-circuito-chico-en-tornquist\/","og_site_name":"Noticias Radio Reflejos","article_published_time":"2022-08-29T10:45:15+00:00","og_image":[{"url":"https:\/\/live.staticflickr.com\/65535\/52319389309_375804ec19_c.jpg","type":"","width":"","height":""}],"author":"Arnaldo Botto","twitter_card":"summary_large_image","schema":{"@context":"https:\/\/schema.org","@graph":[{"@type":"WebPage","@id":"https:\/\/www.noticiasradioreflejos.com.ar\/2021\/rural-bike-mas-de-300-corredores-disfrutaron-del-1-desafio-circuito-chico-en-tornquist\/","url":"https:\/\/www.noticiasradioreflejos.com.ar\/2021\/rural-bike-mas-de-300-corredores-disfrutaron-del-1-desafio-circuito-chico-en-tornquist\/","name":"Rural Bike: M\u00e1s de 300 corredores disfrutaron del 1\u00b0 Desaf\u00edo Circuito Chico en Tornquist - Noticias Radio Reflejos","isPartOf":{"@id":"https:\/\/www.noticiasradioreflejos.com.ar\/2021\/#website"},"primaryImageOfPage":{"@id":"https:\/\/www.noticiasradioreflejos.com.ar\/2021\/rural-bike-mas-de-300-corredores-disfrutaron-del-1-desafio-circuito-chico-en-tornquist\/#primaryimage"},"image":{"@id":"https:\/\/www.noticiasradioreflejos.com.ar\/2021\/rural-bike-mas-de-300-corredores-disfrutaron-del-1-desafio-circuito-chico-en-tornquist\/#primaryimage"},"thumbnailUrl":"https:\/\/live.staticflickr.com\/65535\/52319389309_375804ec19_c.jpg","datePublished":"2022-08-29T10:45:15+00:00","author":{"@id":"https:\/\/www.noticiasradioreflejos.com.ar\/2021\/#\/schema\/person\/ad82545263dcc5ec0996818884fd5fb1"},"breadcrumb":{"@id":"https:\/\/www.noticiasradioreflejos.com.ar\/2021\/rural-bike-mas-de-300-corredores-disfrutaron-del-1-desafio-circuito-chico-en-tornquist\/#breadcrumb"},"inLanguage":"es","potentialAction":[{"@type":"ReadAction","target":["https:\/\/www.noticiasradioreflejos.com.ar\/2021\/rural-bike-mas-de-300-corredores-disfrutaron-del-1-desafio-circuito-chico-en-tornquist\/"]}]},{"@type":"ImageObject","inLanguage":"es","@id":"https:\/\/www.noticiasradioreflejos.com.ar\/2021\/rural-bike-mas-de-300-corredores-disfrutaron-del-1-desafio-circuito-chico-en-tornquist\/#primaryimage","url":"https:\/\/live.staticflickr.com\/65535\/52319389309_375804ec19_c.jpg","contentUrl":"https:\/\/live.staticflickr.com\/65535\/52319389309_375804ec19_c.jpg"},{"@type":"BreadcrumbList","@id":"https:\/\/www.noticiasradioreflejos.com.ar\/2021\/rural-bike-mas-de-300-corredores-disfrutaron-del-1-desafio-circuito-chico-en-tornquist\/#breadcrumb","itemListElement":[{"@type":"ListItem","position":1,"name":"Portada","item":"https:\/\/www.noticiasradioreflejos.com.ar\/2021\/"},{"@type":"ListItem","position":2,"name":"Rural Bike: M\u00e1s de 300 corredores disfrutaron del 1\u00b0 Desaf\u00edo Circuito Chico en Tornquist"}]},{"@type":"WebSite","@id":"https:\/\/www.noticiasradioreflejos.com.ar\/2021\/#website","url":"https:\/\/www.noticiasradioreflejos.com.ar\/2021\/","name":"Noticias Radio Reflejos","description":"Las noticias de mi comarca","potentialAction":[{"@type":"SearchAction","target":{"@type":"EntryPoint","urlTemplate":"https:\/\/www.noticiasradioreflejos.com.ar\/2021\/?s={search_term_string}"},"query-input":{"@type":"PropertyValueSpecification","valueRequired":true,"valueName":"search_term_string"}}],"inLanguage":"es"},{"@type":"Person","@id":"https:\/\/www.noticiasradioreflejos.com.ar\/2021\/#\/schema\/person\/ad82545263dcc5ec0996818884fd5fb1","name":"Arnaldo Botto","image":{"@type":"ImageObject","inLanguage":"es","@id":"https:\/\/www.noticiasradioreflejos.com.ar\/2021\/#\/schema\/person\/image\/","url":"https:\/\/secure.gravatar.com\/avatar\/55cb5e37c1efa326397366e6974cb338056df65cb50e7d64d1cf314e87504837?s=96&d=mm&r=g","contentUrl":"https:\/\/secure.gravatar.com\/avatar\/55cb5e37c1efa326397366e6974cb338056df65cb50e7d64d1cf314e87504837?s=96&d=mm&r=g","caption":"Arnaldo Botto"},"url":"https:\/\/www.noticiasradioreflejos.com.ar\/2021\/author\/arnaldo\/"}]}},"_links":{"self":[{"href":"https:\/\/www.noticiasradioreflejos.com.ar\/2021\/wp-json\/wp\/v2\/posts\/76913","targetHints":{"allow":["GET"]}}],"collection":[{"href":"https:\/\/www.noticiasradioreflejos.com.ar\/2021\/wp-json\/wp\/v2\/posts"}],"about":[{"href":"https:\/\/www.noticiasradioreflejos.com.ar\/2021\/wp-json\/wp\/v2\/types\/post"}],"author":[{"embeddable":true,"href":"https:\/\/www.noticiasradioreflejos.com.ar\/2021\/wp-json\/wp\/v2\/users\/3"}],"replies":[{"embeddable":true,"href":"https:\/\/www.noticiasradioreflejos.com.ar\/2021\/wp-json\/wp\/v2\/comments?post=76913"}],"version-history":[{"count":1,"href":"https:\/\/www.noticiasradioreflejos.com.ar\/2021\/wp-json\/wp\/v2\/posts\/76913\/revisions"}],"predecessor-version":[{"id":76915,"href":"https:\/\/www.noticiasradioreflejos.com.ar\/2021\/wp-json\/wp\/v2\/posts\/76913\/revisions\/76915"}],"wp:attachment":[{"href":"https:\/\/www.noticiasradioreflejos.com.ar\/2021\/wp-json\/wp\/v2\/media?parent=76913"}],"wp:term":[{"taxonomy":"category","embeddable":true,"href":"https:\/\/www.noticiasradioreflejos.com.ar\/2021\/wp-json\/wp\/v2\/categories?post=76913"},{"taxonomy":"post_tag","embeddable":true,"href":"https:\/\/www.noticiasradioreflejos.com.ar\/2021\/wp-json\/wp\/v2\/tags?post=76913"}],"curies":[{"name":"wp","href":"https:\/\/api.w.org\/{rel}","templated":true}]}}