{"id":76907,"date":"2022-08-28T20:34:08","date_gmt":"2022-08-28T20:34:08","guid":{"rendered":"http:\/\/www.noticiasradioreflejos.com.ar\/2021\/?p=76907"},"modified":"2022-08-29T12:36:09","modified_gmt":"2022-08-29T12:36:09","slug":"volco-un-camion-con-gas-butano-en-la-ruta-33","status":"publish","type":"post","link":"https:\/\/www.noticiasradioreflejos.com.ar\/2021\/volco-un-camion-con-gas-butano-en-la-ruta-33\/","title":{"rendered":"Volc\u00f3 un cami\u00f3n con gas butano en la ruta 33"},"content":{"rendered":"<p>Desde Defensa Civil de Bah\u00eda Blanca informa que siendo las 15:20 horas aproximadamente, se produce el despiste y vuelco de un cami\u00f3n con gas butano en Ruta 33 Km 37 aprox.<\/p>\n<p><!--more-->En el lugar, por causas que se desconocen un cami\u00f3n marca Mercedes conducido por el un masculino de 55 a\u00f1os cargado en su habano con gas butano perdi\u00f3 el control del mismo despistando y dando un par de vuelcos, quedando sobre la banquina, de costado sobre su lateral derecho.<\/p>\n<p>El mismo pertenece a la empresa Hipergas y se dirig\u00eda hacia Gral. Las Heras. Una ambulancia del servicio de emergencias SIEmPre atendi\u00f3 y traslado al conductor, quien se encontraba consciente, con escoriaciones m\u00faltiples y traumatismo en su miembro inferior izquierdo.<\/p>\n<p>Personal de polic\u00eda Ecol\u00f3gica verifico que el habano no tuviera da\u00f1os ni fugas que ocasionaran alg\u00fan peligro.<\/p>\n<p>Ma\u00f1ana por la ma\u00f1ana se comenzara con las maniobras y operaciones de trasbordo.<\/p>\n<p>Por tal motivo en el lugar permanecen personal de polic\u00eda Ecol\u00f3gica, polic\u00eda vial de Tornquist y de Bah\u00eda Blanca realizando el balizamiento y advertencia del accidente.<\/p>\n<p>La ruta permanece liberada, con circulaci\u00f3n en ambos sentidos ya que el cami\u00f3n se encuentra, sobre la banquina. En el lugar tambi\u00e9n trabajo personal de DEFENSA CIVIL<\/p>\n","protected":false},"excerpt":{"rendered":"<p>Desde Defensa Civil de Bah\u00eda Blanca informa que siendo las 15:20 horas aproximadamente, se produce el despiste y vuelco de un cami\u00f3n con gas butano en Ruta 33 Km 37 aprox.<\/p>\n","protected":false},"author":3,"featured_media":0,"comment_status":"closed","ping_status":"closed","sticky":false,"template":"","format":"standard","meta":{"footnotes":""},"categories":[29],"tags":[48],"class_list":["post-76907","post","type-post","status-publish","format-standard","hentry","category-policiales","tag-destacada"],"yoast_head":"<!-- This site is optimized with the Yoast SEO plugin v25.9 - https:\/\/yoast.com\/wordpress\/plugins\/seo\/ -->\n<title>Volc\u00f3 un cami\u00f3n con gas butano en la ruta 33 - Noticias Radio Reflejos<\/title>\n<meta name=\"robots\" content=\"index, follow, max-snippet:-1, max-image-preview:large, max-video-preview:-1\" \/>\n<link rel=\"canonical\" href=\"https:\/\/www.noticiasradioreflejos.com.ar\/2021\/volco-un-camion-con-gas-butano-en-la-ruta-33\/\" \/>\n<meta property=\"og:locale\" content=\"es_ES\" \/>\n<meta property=\"og:type\" content=\"article\" \/>\n<meta property=\"og:title\" content=\"Volc\u00f3 un cami\u00f3n con gas butano en la ruta 33 - Noticias Radio Reflejos\" \/>\n<meta property=\"og:description\" content=\"Desde Defensa Civil de Bah\u00eda Blanca informa que siendo las 15:20 horas aproximadamente, se produce el despiste y vuelco de un cami\u00f3n con gas butano en Ruta 33 Km 37 aprox.\" \/>\n<meta property=\"og:url\" content=\"https:\/\/www.noticiasradioreflejos.com.ar\/2021\/volco-un-camion-con-gas-butano-en-la-ruta-33\/\" \/>\n<meta property=\"og:site_name\" content=\"Noticias Radio Reflejos\" \/>\n<meta property=\"article:published_time\" content=\"2022-08-28T20:34:08+00:00\" \/>\n<meta property=\"article:modified_time\" content=\"2022-08-29T12:36:09+00:00\" \/>\n<meta property=\"og:image\" content=\"https:\/\/www.noticiasradioreflejos.com.ar\/2021\/wp-content\/uploads\/2021\/07\/logosol300x200.png\" \/>\n\t<meta property=\"og:image:width\" content=\"300\" \/>\n\t<meta property=\"og:image:height\" content=\"200\" \/>\n\t<meta property=\"og:image:type\" content=\"image\/png\" \/>\n<meta name=\"author\" content=\"Arnaldo Botto\" \/>\n<meta name=\"twitter:card\" content=\"summary_large_image\" \/>\n<script type=\"application\/ld+json\" class=\"yoast-schema-graph\">{\"@context\":\"https:\/\/schema.org\",\"@graph\":[{\"@type\":\"WebPage\",\"@id\":\"https:\/\/www.noticiasradioreflejos.com.ar\/2021\/volco-un-camion-con-gas-butano-en-la-ruta-33\/\",\"url\":\"https:\/\/www.noticiasradioreflejos.com.ar\/2021\/volco-un-camion-con-gas-butano-en-la-ruta-33\/\",\"name\":\"Volc\u00f3 un cami\u00f3n con gas butano en la ruta 33 - Noticias Radio Reflejos\",\"isPartOf\":{\"@id\":\"https:\/\/www.noticiasradioreflejos.com.ar\/2021\/#website\"},\"datePublished\":\"2022-08-28T20:34:08+00:00\",\"dateModified\":\"2022-08-29T12:36:09+00:00\",\"author\":{\"@id\":\"https:\/\/www.noticiasradioreflejos.com.ar\/2021\/#\/schema\/person\/ad82545263dcc5ec0996818884fd5fb1\"},\"breadcrumb\":{\"@id\":\"https:\/\/www.noticiasradioreflejos.com.ar\/2021\/volco-un-camion-con-gas-butano-en-la-ruta-33\/#breadcrumb\"},\"inLanguage\":\"es\",\"potentialAction\":[{\"@type\":\"ReadAction\",\"target\":[\"https:\/\/www.noticiasradioreflejos.com.ar\/2021\/volco-un-camion-con-gas-butano-en-la-ruta-33\/\"]}]},{\"@type\":\"BreadcrumbList\",\"@id\":\"https:\/\/www.noticiasradioreflejos.com.ar\/2021\/volco-un-camion-con-gas-butano-en-la-ruta-33\/#breadcrumb\",\"itemListElement\":[{\"@type\":\"ListItem\",\"position\":1,\"name\":\"Portada\",\"item\":\"https:\/\/www.noticiasradioreflejos.com.ar\/2021\/\"},{\"@type\":\"ListItem\",\"position\":2,\"name\":\"Volc\u00f3 un cami\u00f3n con gas butano en la ruta 33\"}]},{\"@type\":\"WebSite\",\"@id\":\"https:\/\/www.noticiasradioreflejos.com.ar\/2021\/#website\",\"url\":\"https:\/\/www.noticiasradioreflejos.com.ar\/2021\/\",\"name\":\"Noticias Radio Reflejos\",\"description\":\"Las noticias de mi comarca\",\"potentialAction\":[{\"@type\":\"SearchAction\",\"target\":{\"@type\":\"EntryPoint\",\"urlTemplate\":\"https:\/\/www.noticiasradioreflejos.com.ar\/2021\/?s={search_term_string}\"},\"query-input\":{\"@type\":\"PropertyValueSpecification\",\"valueRequired\":true,\"valueName\":\"search_term_string\"}}],\"inLanguage\":\"es\"},{\"@type\":\"Person\",\"@id\":\"https:\/\/www.noticiasradioreflejos.com.ar\/2021\/#\/schema\/person\/ad82545263dcc5ec0996818884fd5fb1\",\"name\":\"Arnaldo Botto\",\"image\":{\"@type\":\"ImageObject\",\"inLanguage\":\"es\",\"@id\":\"https:\/\/www.noticiasradioreflejos.com.ar\/2021\/#\/schema\/person\/image\/\",\"url\":\"https:\/\/secure.gravatar.com\/avatar\/55cb5e37c1efa326397366e6974cb338056df65cb50e7d64d1cf314e87504837?s=96&d=mm&r=g\",\"contentUrl\":\"https:\/\/secure.gravatar.com\/avatar\/55cb5e37c1efa326397366e6974cb338056df65cb50e7d64d1cf314e87504837?s=96&d=mm&r=g\",\"caption\":\"Arnaldo Botto\"},\"url\":\"https:\/\/www.noticiasradioreflejos.com.ar\/2021\/author\/arnaldo\/\"}]}<\/script>\n<!-- \/ Yoast SEO plugin. -->","yoast_head_json":{"title":"Volc\u00f3 un cami\u00f3n con gas butano en la ruta 33 - Noticias Radio Reflejos","robots":{"index":"index","follow":"follow","max-snippet":"max-snippet:-1","max-image-preview":"max-image-preview:large","max-video-preview":"max-video-preview:-1"},"canonical":"https:\/\/www.noticiasradioreflejos.com.ar\/2021\/volco-un-camion-con-gas-butano-en-la-ruta-33\/","og_locale":"es_ES","og_type":"article","og_title":"Volc\u00f3 un cami\u00f3n con gas butano en la ruta 33 - Noticias Radio Reflejos","og_description":"Desde Defensa Civil de Bah\u00eda Blanca informa que siendo las 15:20 horas aproximadamente, se produce el despiste y vuelco de un cami\u00f3n con gas butano en Ruta 33 Km 37 aprox.","og_url":"https:\/\/www.noticiasradioreflejos.com.ar\/2021\/volco-un-camion-con-gas-butano-en-la-ruta-33\/","og_site_name":"Noticias Radio Reflejos","article_published_time":"2022-08-28T20:34:08+00:00","article_modified_time":"2022-08-29T12:36:09+00:00","og_image":[{"width":300,"height":200,"url":"https:\/\/www.noticiasradioreflejos.com.ar\/2021\/wp-content\/uploads\/2021\/07\/logosol300x200.png","type":"image\/png"}],"author":"Arnaldo Botto","twitter_card":"summary_large_image","schema":{"@context":"https:\/\/schema.org","@graph":[{"@type":"WebPage","@id":"https:\/\/www.noticiasradioreflejos.com.ar\/2021\/volco-un-camion-con-gas-butano-en-la-ruta-33\/","url":"https:\/\/www.noticiasradioreflejos.com.ar\/2021\/volco-un-camion-con-gas-butano-en-la-ruta-33\/","name":"Volc\u00f3 un cami\u00f3n con gas butano en la ruta 33 - Noticias Radio Reflejos","isPartOf":{"@id":"https:\/\/www.noticiasradioreflejos.com.ar\/2021\/#website"},"datePublished":"2022-08-28T20:34:08+00:00","dateModified":"2022-08-29T12:36:09+00:00","author":{"@id":"https:\/\/www.noticiasradioreflejos.com.ar\/2021\/#\/schema\/person\/ad82545263dcc5ec0996818884fd5fb1"},"breadcrumb":{"@id":"https:\/\/www.noticiasradioreflejos.com.ar\/2021\/volco-un-camion-con-gas-butano-en-la-ruta-33\/#breadcrumb"},"inLanguage":"es","potentialAction":[{"@type":"ReadAction","target":["https:\/\/www.noticiasradioreflejos.com.ar\/2021\/volco-un-camion-con-gas-butano-en-la-ruta-33\/"]}]},{"@type":"BreadcrumbList","@id":"https:\/\/www.noticiasradioreflejos.com.ar\/2021\/volco-un-camion-con-gas-butano-en-la-ruta-33\/#breadcrumb","itemListElement":[{"@type":"ListItem","position":1,"name":"Portada","item":"https:\/\/www.noticiasradioreflejos.com.ar\/2021\/"},{"@type":"ListItem","position":2,"name":"Volc\u00f3 un cami\u00f3n con gas butano en la ruta 33"}]},{"@type":"WebSite","@id":"https:\/\/www.noticiasradioreflejos.com.ar\/2021\/#website","url":"https:\/\/www.noticiasradioreflejos.com.ar\/2021\/","name":"Noticias Radio Reflejos","description":"Las noticias de mi comarca","potentialAction":[{"@type":"SearchAction","target":{"@type":"EntryPoint","urlTemplate":"https:\/\/www.noticiasradioreflejos.com.ar\/2021\/?s={search_term_string}"},"query-input":{"@type":"PropertyValueSpecification","valueRequired":true,"valueName":"search_term_string"}}],"inLanguage":"es"},{"@type":"Person","@id":"https:\/\/www.noticiasradioreflejos.com.ar\/2021\/#\/schema\/person\/ad82545263dcc5ec0996818884fd5fb1","name":"Arnaldo Botto","image":{"@type":"ImageObject","inLanguage":"es","@id":"https:\/\/www.noticiasradioreflejos.com.ar\/2021\/#\/schema\/person\/image\/","url":"https:\/\/secure.gravatar.com\/avatar\/55cb5e37c1efa326397366e6974cb338056df65cb50e7d64d1cf314e87504837?s=96&d=mm&r=g","contentUrl":"https:\/\/secure.gravatar.com\/avatar\/55cb5e37c1efa326397366e6974cb338056df65cb50e7d64d1cf314e87504837?s=96&d=mm&r=g","caption":"Arnaldo Botto"},"url":"https:\/\/www.noticiasradioreflejos.com.ar\/2021\/author\/arnaldo\/"}]}},"_links":{"self":[{"href":"https:\/\/www.noticiasradioreflejos.com.ar\/2021\/wp-json\/wp\/v2\/posts\/76907","targetHints":{"allow":["GET"]}}],"collection":[{"href":"https:\/\/www.noticiasradioreflejos.com.ar\/2021\/wp-json\/wp\/v2\/posts"}],"about":[{"href":"https:\/\/www.noticiasradioreflejos.com.ar\/2021\/wp-json\/wp\/v2\/types\/post"}],"author":[{"embeddable":true,"href":"https:\/\/www.noticiasradioreflejos.com.ar\/2021\/wp-json\/wp\/v2\/users\/3"}],"replies":[{"embeddable":true,"href":"https:\/\/www.noticiasradioreflejos.com.ar\/2021\/wp-json\/wp\/v2\/comments?post=76907"}],"version-history":[{"count":3,"href":"https:\/\/www.noticiasradioreflejos.com.ar\/2021\/wp-json\/wp\/v2\/posts\/76907\/revisions"}],"predecessor-version":[{"id":76932,"href":"https:\/\/www.noticiasradioreflejos.com.ar\/2021\/wp-json\/wp\/v2\/posts\/76907\/revisions\/76932"}],"wp:attachment":[{"href":"https:\/\/www.noticiasradioreflejos.com.ar\/2021\/wp-json\/wp\/v2\/media?parent=76907"}],"wp:term":[{"taxonomy":"category","embeddable":true,"href":"https:\/\/www.noticiasradioreflejos.com.ar\/2021\/wp-json\/wp\/v2\/categories?post=76907"},{"taxonomy":"post_tag","embeddable":true,"href":"https:\/\/www.noticiasradioreflejos.com.ar\/2021\/wp-json\/wp\/v2\/tags?post=76907"}],"curies":[{"name":"wp","href":"https:\/\/api.w.org\/{rel}","templated":true}]}}