{"id":76904,"date":"2022-08-28T20:28:47","date_gmt":"2022-08-28T20:28:47","guid":{"rendered":"http:\/\/www.noticiasradioreflejos.com.ar\/2021\/?p=76904"},"modified":"2022-08-28T20:28:47","modified_gmt":"2022-08-28T20:28:47","slug":"la-ministra-de-las-mujeres-politicas-de-genero-y-diversidad-sexual-de-la-provincia-visito-la-region-sexta","status":"publish","type":"post","link":"https:\/\/www.noticiasradioreflejos.com.ar\/2021\/la-ministra-de-las-mujeres-politicas-de-genero-y-diversidad-sexual-de-la-provincia-visito-la-region-sexta\/","title":{"rendered":"La Ministra de las Mujeres, Pol\u00edticas de G\u00e9nero y Diversidad Sexual de la provincia visit\u00f3 la regi\u00f3n sexta"},"content":{"rendered":"<p>Estela Diaz, junto a la Directora Regional, Silvia Zaballa, recorrieron los municipios de Pellegrini, Salliquel\u00f3 y Tres Lomas.<!--more--><\/p>\n<p><a title=\"IMG_1627\" href=\"https:\/\/www.flickr.com\/photos\/182279889@N02\/52316738147\/in\/dateposted-public\/\" data-flickr-embed=\"true\"><img loading=\"lazy\" decoding=\"async\" src=\"https:\/\/live.staticflickr.com\/65535\/52316738147_e975aa0b77_c.jpg\" alt=\"IMG_1627\" width=\"762\" height=\"514\" \/><\/a><\/p>\n<p>En Pellegrini, fueron recibidas por el intendente Guillermo Pacheco y su equipo de gobierno. Las trabajadoras y trabajadores del municipio est\u00e1n por iniciar el curso de formaci\u00f3n para formadoras y formadores en el marco de la\u00a0 Ley Micaela. Y realizaron una adaptaci\u00f3n local del programa provincial para promover la equidad laboral \u201cOficios sin Prejuicios\u201d.<\/p>\n<p>\u201cTrabajamos para construir un gobierno de cercan\u00eda, solidario, transparente y que construya un Estado presente. En la provincia de Buenos Aires, un territorio tan amplio, la tarea es construirlo en los 135 municipios que la componen, en las localidades m\u00e1s pobladas y en las menos pobladas\u201d se\u00f1al\u00f3 Estela D\u00edaz en di\u00e1logo con organizaciones pol\u00edticas de la localidad.<\/p>\n<p>En Salliquel\u00f3, fue recibida por el intendente Juan Miguel Nosetti con quien particip\u00f3 de la Mesa Local Intersectorial. \u201cLa violencia por razones de g\u00e9nero est\u00e1 instalada en nuestra sociedad, es hist\u00f3rica y es estructural. La desigualdad de g\u00e9nero est\u00e1 absolutamente enraizada y todav\u00eda se viven situaciones de desigualdad en lo laboral, en lo econ\u00f3mico, en lo social y en lo deportivo. La violencia es un s\u00edntoma de esas desigualdades. Esos son los temas que como Ministerio abordamos. El Estado tiene que estar presente y hay que dar respuesta\u201d se\u00f1al\u00f3 la Ministra.<\/p>\n<p><a title=\"IMG_1628\" href=\"https:\/\/www.flickr.com\/photos\/182279889@N02\/52317983050\/in\/dateposted-public\/\" data-flickr-embed=\"true\"><img loading=\"lazy\" decoding=\"async\" src=\"https:\/\/live.staticflickr.com\/65535\/52317983050_ff975f87be_c.jpg\" alt=\"IMG_1628\" width=\"785\" height=\"523\" \/><\/a><\/p>\n<p>&nbsp;<\/p>\n<p>Luego, visitaron el emprendimiento textil creado a partir del programa \u201cComunidades sin Violencias\u201d que produce prendas de trabajo con maquinaria de \u00faltima generaci\u00f3n. Trabajan en el emprendimiento mujeres que se encuentran en el proceso de salida de las violencias y quienes son sost\u00e9n de hogar. El Ministerio brind\u00f3 apoyo econ\u00f3mico para que se tomen equipos interdisciplinarios y para constituir un emprendimiento textil para garantizar el acceso al trabajo y la autonom\u00eda econ\u00f3mica.<\/p>\n<p>Finalmente, en la Escuela N\u00b01, dialogaron con estudiantes y docentes que realizaron actividades en el marco de la semana de la ESI sobre el cuidado del cuerpo, la salud, el ejercicio de los derechos, la perspectiva de g\u00e9nero y de diversidad.<\/p>\n<p>El d\u00eda viernes, recorrieron el municipio de Tres Lomas,\u00a0 fueron recibidas por el intendente Jorge Carrera, y visitaron el Museo Municipal que funciona en la antigua Estaci\u00f3n Provincial, un espacio cultural donde se realizan muestras y actividades art\u00edsticas. Luego, participaron de la jornada \u201cReconstruyendo\u201d con escuelas secundarias, en la Escuela T\u00e9cnica N\u00b01. Junto a estudiantes secundarios se llev\u00f3 adelante un taller de promoci\u00f3n y sensibilizaci\u00f3n sobre educaci\u00f3n sexual integral donde se analizaron letras de canciones, las representaciones, estereotipos y se hizo una puesta en com\u00fan. \u201cLa escuela es y tiene que ser cada vez m\u00e1s inclusiva e igualitaria. Que se analicen las canciones no es para no escucharlas o no bailar, sino para que las problematicemos. De eso se trata, de poder pensar en qu\u00e9 nos est\u00e1n diciendo, es un derecho de las y los estudiantes. Lo que pretendemos es desnaturalizar estereotipos para construir m\u00e1s igualdad, no discriminar y no desconocernos en las diferencias\u201d se\u00f1al\u00f3 la Ministra<\/p>\n<p><a title=\"IMG_1629\" href=\"https:\/\/www.flickr.com\/photos\/182279889@N02\/52317983480\/in\/dateposted-public\/\" data-flickr-embed=\"true\"><img loading=\"lazy\" decoding=\"async\" src=\"https:\/\/live.staticflickr.com\/65535\/52317983480_6f9ecb1388_c.jpg\" alt=\"IMG_1629\" width=\"780\" height=\"516\" \/><\/a><\/p>\n","protected":false},"excerpt":{"rendered":"<p>Estela Diaz, junto a la Directora Regional, Silvia Zaballa, recorrieron los municipios de Pellegrini, Salliquel\u00f3 y Tres Lomas.<\/p>\n","protected":false},"author":3,"featured_media":0,"comment_status":"closed","ping_status":"closed","sticky":false,"template":"","format":"standard","meta":{"footnotes":""},"categories":[58,24],"tags":[],"class_list":["post-76904","post","type-post","status-publish","format-standard","hentry","category-gobierno","category-politica"],"yoast_head":"<!-- This site is optimized with the Yoast SEO plugin v25.9 - https:\/\/yoast.com\/wordpress\/plugins\/seo\/ -->\n<title>La Ministra de las Mujeres, Pol\u00edticas de G\u00e9nero y Diversidad Sexual de la provincia visit\u00f3 la regi\u00f3n sexta - Noticias Radio Reflejos<\/title>\n<meta name=\"robots\" content=\"index, follow, max-snippet:-1, max-image-preview:large, max-video-preview:-1\" \/>\n<link rel=\"canonical\" href=\"https:\/\/www.noticiasradioreflejos.com.ar\/2021\/la-ministra-de-las-mujeres-politicas-de-genero-y-diversidad-sexual-de-la-provincia-visito-la-region-sexta\/\" \/>\n<meta property=\"og:locale\" content=\"es_ES\" \/>\n<meta property=\"og:type\" content=\"article\" \/>\n<meta property=\"og:title\" content=\"La Ministra de las Mujeres, Pol\u00edticas de G\u00e9nero y Diversidad Sexual de la provincia visit\u00f3 la regi\u00f3n sexta - Noticias Radio Reflejos\" \/>\n<meta property=\"og:description\" content=\"Estela Diaz, junto a la Directora Regional, Silvia Zaballa, recorrieron los municipios de Pellegrini, Salliquel\u00f3 y Tres Lomas.\" \/>\n<meta property=\"og:url\" content=\"https:\/\/www.noticiasradioreflejos.com.ar\/2021\/la-ministra-de-las-mujeres-politicas-de-genero-y-diversidad-sexual-de-la-provincia-visito-la-region-sexta\/\" \/>\n<meta property=\"og:site_name\" content=\"Noticias Radio Reflejos\" \/>\n<meta property=\"article:published_time\" content=\"2022-08-28T20:28:47+00:00\" \/>\n<meta property=\"og:image\" content=\"https:\/\/live.staticflickr.com\/65535\/52316738147_e975aa0b77_c.jpg\" \/>\n<meta name=\"author\" content=\"Arnaldo Botto\" \/>\n<meta name=\"twitter:card\" content=\"summary_large_image\" \/>\n<script type=\"application\/ld+json\" class=\"yoast-schema-graph\">{\"@context\":\"https:\/\/schema.org\",\"@graph\":[{\"@type\":\"WebPage\",\"@id\":\"https:\/\/www.noticiasradioreflejos.com.ar\/2021\/la-ministra-de-las-mujeres-politicas-de-genero-y-diversidad-sexual-de-la-provincia-visito-la-region-sexta\/\",\"url\":\"https:\/\/www.noticiasradioreflejos.com.ar\/2021\/la-ministra-de-las-mujeres-politicas-de-genero-y-diversidad-sexual-de-la-provincia-visito-la-region-sexta\/\",\"name\":\"La Ministra de las Mujeres, Pol\u00edticas de G\u00e9nero y Diversidad Sexual de la provincia visit\u00f3 la regi\u00f3n sexta - Noticias Radio Reflejos\",\"isPartOf\":{\"@id\":\"https:\/\/www.noticiasradioreflejos.com.ar\/2021\/#website\"},\"primaryImageOfPage\":{\"@id\":\"https:\/\/www.noticiasradioreflejos.com.ar\/2021\/la-ministra-de-las-mujeres-politicas-de-genero-y-diversidad-sexual-de-la-provincia-visito-la-region-sexta\/#primaryimage\"},\"image\":{\"@id\":\"https:\/\/www.noticiasradioreflejos.com.ar\/2021\/la-ministra-de-las-mujeres-politicas-de-genero-y-diversidad-sexual-de-la-provincia-visito-la-region-sexta\/#primaryimage\"},\"thumbnailUrl\":\"https:\/\/live.staticflickr.com\/65535\/52316738147_e975aa0b77_c.jpg\",\"datePublished\":\"2022-08-28T20:28:47+00:00\",\"author\":{\"@id\":\"https:\/\/www.noticiasradioreflejos.com.ar\/2021\/#\/schema\/person\/ad82545263dcc5ec0996818884fd5fb1\"},\"breadcrumb\":{\"@id\":\"https:\/\/www.noticiasradioreflejos.com.ar\/2021\/la-ministra-de-las-mujeres-politicas-de-genero-y-diversidad-sexual-de-la-provincia-visito-la-region-sexta\/#breadcrumb\"},\"inLanguage\":\"es\",\"potentialAction\":[{\"@type\":\"ReadAction\",\"target\":[\"https:\/\/www.noticiasradioreflejos.com.ar\/2021\/la-ministra-de-las-mujeres-politicas-de-genero-y-diversidad-sexual-de-la-provincia-visito-la-region-sexta\/\"]}]},{\"@type\":\"ImageObject\",\"inLanguage\":\"es\",\"@id\":\"https:\/\/www.noticiasradioreflejos.com.ar\/2021\/la-ministra-de-las-mujeres-politicas-de-genero-y-diversidad-sexual-de-la-provincia-visito-la-region-sexta\/#primaryimage\",\"url\":\"https:\/\/live.staticflickr.com\/65535\/52316738147_e975aa0b77_c.jpg\",\"contentUrl\":\"https:\/\/live.staticflickr.com\/65535\/52316738147_e975aa0b77_c.jpg\"},{\"@type\":\"BreadcrumbList\",\"@id\":\"https:\/\/www.noticiasradioreflejos.com.ar\/2021\/la-ministra-de-las-mujeres-politicas-de-genero-y-diversidad-sexual-de-la-provincia-visito-la-region-sexta\/#breadcrumb\",\"itemListElement\":[{\"@type\":\"ListItem\",\"position\":1,\"name\":\"Portada\",\"item\":\"https:\/\/www.noticiasradioreflejos.com.ar\/2021\/\"},{\"@type\":\"ListItem\",\"position\":2,\"name\":\"La Ministra de las Mujeres, Pol\u00edticas de G\u00e9nero y Diversidad Sexual de la provincia visit\u00f3 la regi\u00f3n sexta\"}]},{\"@type\":\"WebSite\",\"@id\":\"https:\/\/www.noticiasradioreflejos.com.ar\/2021\/#website\",\"url\":\"https:\/\/www.noticiasradioreflejos.com.ar\/2021\/\",\"name\":\"Noticias Radio Reflejos\",\"description\":\"Las noticias de mi comarca\",\"potentialAction\":[{\"@type\":\"SearchAction\",\"target\":{\"@type\":\"EntryPoint\",\"urlTemplate\":\"https:\/\/www.noticiasradioreflejos.com.ar\/2021\/?s={search_term_string}\"},\"query-input\":{\"@type\":\"PropertyValueSpecification\",\"valueRequired\":true,\"valueName\":\"search_term_string\"}}],\"inLanguage\":\"es\"},{\"@type\":\"Person\",\"@id\":\"https:\/\/www.noticiasradioreflejos.com.ar\/2021\/#\/schema\/person\/ad82545263dcc5ec0996818884fd5fb1\",\"name\":\"Arnaldo Botto\",\"image\":{\"@type\":\"ImageObject\",\"inLanguage\":\"es\",\"@id\":\"https:\/\/www.noticiasradioreflejos.com.ar\/2021\/#\/schema\/person\/image\/\",\"url\":\"https:\/\/secure.gravatar.com\/avatar\/55cb5e37c1efa326397366e6974cb338056df65cb50e7d64d1cf314e87504837?s=96&d=mm&r=g\",\"contentUrl\":\"https:\/\/secure.gravatar.com\/avatar\/55cb5e37c1efa326397366e6974cb338056df65cb50e7d64d1cf314e87504837?s=96&d=mm&r=g\",\"caption\":\"Arnaldo Botto\"},\"url\":\"https:\/\/www.noticiasradioreflejos.com.ar\/2021\/author\/arnaldo\/\"}]}<\/script>\n<!-- \/ Yoast SEO plugin. -->","yoast_head_json":{"title":"La Ministra de las Mujeres, Pol\u00edticas de G\u00e9nero y Diversidad Sexual de la provincia visit\u00f3 la regi\u00f3n sexta - Noticias Radio Reflejos","robots":{"index":"index","follow":"follow","max-snippet":"max-snippet:-1","max-image-preview":"max-image-preview:large","max-video-preview":"max-video-preview:-1"},"canonical":"https:\/\/www.noticiasradioreflejos.com.ar\/2021\/la-ministra-de-las-mujeres-politicas-de-genero-y-diversidad-sexual-de-la-provincia-visito-la-region-sexta\/","og_locale":"es_ES","og_type":"article","og_title":"La Ministra de las Mujeres, Pol\u00edticas de G\u00e9nero y Diversidad Sexual de la provincia visit\u00f3 la regi\u00f3n sexta - Noticias Radio Reflejos","og_description":"Estela Diaz, junto a la Directora Regional, Silvia Zaballa, recorrieron los municipios de Pellegrini, Salliquel\u00f3 y Tres Lomas.","og_url":"https:\/\/www.noticiasradioreflejos.com.ar\/2021\/la-ministra-de-las-mujeres-politicas-de-genero-y-diversidad-sexual-de-la-provincia-visito-la-region-sexta\/","og_site_name":"Noticias Radio Reflejos","article_published_time":"2022-08-28T20:28:47+00:00","og_image":[{"url":"https:\/\/live.staticflickr.com\/65535\/52316738147_e975aa0b77_c.jpg","type":"","width":"","height":""}],"author":"Arnaldo Botto","twitter_card":"summary_large_image","schema":{"@context":"https:\/\/schema.org","@graph":[{"@type":"WebPage","@id":"https:\/\/www.noticiasradioreflejos.com.ar\/2021\/la-ministra-de-las-mujeres-politicas-de-genero-y-diversidad-sexual-de-la-provincia-visito-la-region-sexta\/","url":"https:\/\/www.noticiasradioreflejos.com.ar\/2021\/la-ministra-de-las-mujeres-politicas-de-genero-y-diversidad-sexual-de-la-provincia-visito-la-region-sexta\/","name":"La Ministra de las Mujeres, Pol\u00edticas de G\u00e9nero y Diversidad Sexual de la provincia visit\u00f3 la regi\u00f3n sexta - Noticias Radio Reflejos","isPartOf":{"@id":"https:\/\/www.noticiasradioreflejos.com.ar\/2021\/#website"},"primaryImageOfPage":{"@id":"https:\/\/www.noticiasradioreflejos.com.ar\/2021\/la-ministra-de-las-mujeres-politicas-de-genero-y-diversidad-sexual-de-la-provincia-visito-la-region-sexta\/#primaryimage"},"image":{"@id":"https:\/\/www.noticiasradioreflejos.com.ar\/2021\/la-ministra-de-las-mujeres-politicas-de-genero-y-diversidad-sexual-de-la-provincia-visito-la-region-sexta\/#primaryimage"},"thumbnailUrl":"https:\/\/live.staticflickr.com\/65535\/52316738147_e975aa0b77_c.jpg","datePublished":"2022-08-28T20:28:47+00:00","author":{"@id":"https:\/\/www.noticiasradioreflejos.com.ar\/2021\/#\/schema\/person\/ad82545263dcc5ec0996818884fd5fb1"},"breadcrumb":{"@id":"https:\/\/www.noticiasradioreflejos.com.ar\/2021\/la-ministra-de-las-mujeres-politicas-de-genero-y-diversidad-sexual-de-la-provincia-visito-la-region-sexta\/#breadcrumb"},"inLanguage":"es","potentialAction":[{"@type":"ReadAction","target":["https:\/\/www.noticiasradioreflejos.com.ar\/2021\/la-ministra-de-las-mujeres-politicas-de-genero-y-diversidad-sexual-de-la-provincia-visito-la-region-sexta\/"]}]},{"@type":"ImageObject","inLanguage":"es","@id":"https:\/\/www.noticiasradioreflejos.com.ar\/2021\/la-ministra-de-las-mujeres-politicas-de-genero-y-diversidad-sexual-de-la-provincia-visito-la-region-sexta\/#primaryimage","url":"https:\/\/live.staticflickr.com\/65535\/52316738147_e975aa0b77_c.jpg","contentUrl":"https:\/\/live.staticflickr.com\/65535\/52316738147_e975aa0b77_c.jpg"},{"@type":"BreadcrumbList","@id":"https:\/\/www.noticiasradioreflejos.com.ar\/2021\/la-ministra-de-las-mujeres-politicas-de-genero-y-diversidad-sexual-de-la-provincia-visito-la-region-sexta\/#breadcrumb","itemListElement":[{"@type":"ListItem","position":1,"name":"Portada","item":"https:\/\/www.noticiasradioreflejos.com.ar\/2021\/"},{"@type":"ListItem","position":2,"name":"La Ministra de las Mujeres, Pol\u00edticas de G\u00e9nero y Diversidad Sexual de la provincia visit\u00f3 la regi\u00f3n sexta"}]},{"@type":"WebSite","@id":"https:\/\/www.noticiasradioreflejos.com.ar\/2021\/#website","url":"https:\/\/www.noticiasradioreflejos.com.ar\/2021\/","name":"Noticias Radio Reflejos","description":"Las noticias de mi comarca","potentialAction":[{"@type":"SearchAction","target":{"@type":"EntryPoint","urlTemplate":"https:\/\/www.noticiasradioreflejos.com.ar\/2021\/?s={search_term_string}"},"query-input":{"@type":"PropertyValueSpecification","valueRequired":true,"valueName":"search_term_string"}}],"inLanguage":"es"},{"@type":"Person","@id":"https:\/\/www.noticiasradioreflejos.com.ar\/2021\/#\/schema\/person\/ad82545263dcc5ec0996818884fd5fb1","name":"Arnaldo Botto","image":{"@type":"ImageObject","inLanguage":"es","@id":"https:\/\/www.noticiasradioreflejos.com.ar\/2021\/#\/schema\/person\/image\/","url":"https:\/\/secure.gravatar.com\/avatar\/55cb5e37c1efa326397366e6974cb338056df65cb50e7d64d1cf314e87504837?s=96&d=mm&r=g","contentUrl":"https:\/\/secure.gravatar.com\/avatar\/55cb5e37c1efa326397366e6974cb338056df65cb50e7d64d1cf314e87504837?s=96&d=mm&r=g","caption":"Arnaldo Botto"},"url":"https:\/\/www.noticiasradioreflejos.com.ar\/2021\/author\/arnaldo\/"}]}},"_links":{"self":[{"href":"https:\/\/www.noticiasradioreflejos.com.ar\/2021\/wp-json\/wp\/v2\/posts\/76904","targetHints":{"allow":["GET"]}}],"collection":[{"href":"https:\/\/www.noticiasradioreflejos.com.ar\/2021\/wp-json\/wp\/v2\/posts"}],"about":[{"href":"https:\/\/www.noticiasradioreflejos.com.ar\/2021\/wp-json\/wp\/v2\/types\/post"}],"author":[{"embeddable":true,"href":"https:\/\/www.noticiasradioreflejos.com.ar\/2021\/wp-json\/wp\/v2\/users\/3"}],"replies":[{"embeddable":true,"href":"https:\/\/www.noticiasradioreflejos.com.ar\/2021\/wp-json\/wp\/v2\/comments?post=76904"}],"version-history":[{"count":1,"href":"https:\/\/www.noticiasradioreflejos.com.ar\/2021\/wp-json\/wp\/v2\/posts\/76904\/revisions"}],"predecessor-version":[{"id":76906,"href":"https:\/\/www.noticiasradioreflejos.com.ar\/2021\/wp-json\/wp\/v2\/posts\/76904\/revisions\/76906"}],"wp:attachment":[{"href":"https:\/\/www.noticiasradioreflejos.com.ar\/2021\/wp-json\/wp\/v2\/media?parent=76904"}],"wp:term":[{"taxonomy":"category","embeddable":true,"href":"https:\/\/www.noticiasradioreflejos.com.ar\/2021\/wp-json\/wp\/v2\/categories?post=76904"},{"taxonomy":"post_tag","embeddable":true,"href":"https:\/\/www.noticiasradioreflejos.com.ar\/2021\/wp-json\/wp\/v2\/tags?post=76904"}],"curies":[{"name":"wp","href":"https:\/\/api.w.org\/{rel}","templated":true}]}}