{"id":76900,"date":"2022-08-28T13:00:47","date_gmt":"2022-08-28T13:00:47","guid":{"rendered":"http:\/\/www.noticiasradioreflejos.com.ar\/2021\/?p=76900"},"modified":"2022-08-28T13:00:47","modified_gmt":"2022-08-28T13:00:47","slug":"se-lanza-artemis-i-a-la-luna-del-cohete-mas-poderoso-a-los-maniquies-que-buscan-hacer-historia","status":"publish","type":"post","link":"https:\/\/www.noticiasradioreflejos.com.ar\/2021\/se-lanza-artemis-i-a-la-luna-del-cohete-mas-poderoso-a-los-maniquies-que-buscan-hacer-historia\/","title":{"rendered":"Se lanza Artemis I a la Luna: del cohete m\u00e1s poderoso a los maniqu\u00edes que buscan hacer historia"},"content":{"rendered":"<p>Se trata de la primera prueba de vuelo sin tripulaci\u00f3n para establecer la presencia humana a largo plazo en el sat\u00e9lite. Esperan la asistencia de 100.000 personas al lanzamiento, para sentir el ruido del estallido y la \u00abvibraci\u00f3n en el pecho\u00bb del cohete m\u00e1s poderoso de la historia, describi\u00f3 a T\u00e9lam Pablo de Le\u00f3n, cient\u00edfico argentino en la NASA.<!--more--><\/p>\n<figure class=\"mb-3\"><img decoding=\"async\" src=\"https:\/\/www.telam.com.ar\/thumbs\/bluesteel\/advf\/imagenes\/2022\/08\/630a5e0b81235_900.jpg\" alt=\"La misin tendr una duracin total de 42 das 3 horas y 20 minutos Foto Prensa \" width=\"100%\" height=\"100%\" \/><\/p>\n<div class=\"media-icons\"><\/div><figcaption>La misi\u00f3n tendr\u00e1 una duraci\u00f3n total de 42 d\u00edas, 3 horas y 20 minutos. \/\/Foto Prensa<\/figcaption><\/figure>\n<p>I<br \/>\n<strong>Este lunes viajar\u00e1 hacia la Luna la misi\u00f3n Artemis I,<\/strong>\u00a0la primera prueba de vuelo sin tripulaci\u00f3n que prepara el camino para establecer la presencia humana a largo plazo en el sat\u00e9lite, y se espera que asistan m\u00e1s de 100.000 personas al lanzamiento en el\u00a0<strong>Centro Espacial Kennedy de la NASA, en Florida, Estados Unidos<\/strong>, para sentir el ruido del estallido y la \u00abvibraci\u00f3n en el pecho\u00bb del cohete m\u00e1s poderoso de la historia, describi\u00f3 a T\u00e9lam Pablo de Le\u00f3n, cient\u00edfico argentino en ese organismo estadounidense.<\/p>\n<p>Si el programa Apolo convirti\u00f3 en 1969 a Neil Armstrong en el primer ser humano en pisar la Luna, ahora\u00a0<strong>la NASA busca llevar para el 2025 \u00aba la primera mujer y primera persona de color\u00bb,\u00a0<\/strong>seg\u00fan inform\u00f3.<\/p>\n<p>\u00abLa misi\u00f3n que va a despegar el lunes es parte de un\u00a0<strong>programa m\u00e1s grande de la NASA y marca el retorno a la Luna despu\u00e9s de m\u00e1s de 50 a\u00f1os\u00bb,<\/strong>\u00a0explica a T\u00e9lam De Le\u00f3n desde Dakota del Norte, donde dirige el Laboratorio de Vuelos Espaciales Tripulados.<\/p>\n<p>El ingeniero aeroespacial, oriundo de Ca\u00f1uelas, adelanta que \u00ablas misiones del programa Artemis van a propiciar estad\u00edas prolongadas en la Luna que van a terminar con el establecimiento de bases permanentes\u00bb.<\/p>\n<p>Tuvieron que pasar 50 a\u00f1os de la \u00faltima vez que un hombre camin\u00f3 por nuestro sat\u00e9lite, en 1972, para que la NASA creara la continuaci\u00f3n del programa Apolo y lo bautizara Artemis en honor a Artemisa, la hermana gemela de Apolo y diosa de la Luna, la caza y la naturaleza en la mitolog\u00eda griega.<\/p>\n<p>\u00ab<strong>Este programa permitir\u00e1 probar las tecnolog\u00edas que van a servir para la exploraci\u00f3n tripulada de Marte, que es el otro gran objetivo\u00bb, c<\/strong>ontin\u00faa De Le\u00f3n, quien es investigador en la NASA hace m\u00e1s de 30 a\u00f1os.<\/p>\n<p>Y detalla: \u00abLa Luna, como est\u00e1 nada m\u00e1s a tres d\u00edas de la Tierra, y no a casi un a\u00f1o como Marte, va a permitir probar todas estas tecnolog\u00edas, muchas de ellas cr\u00edticas, cerca de casa\u00bb.<\/p>\n<figure class=\"mb-3\"><img decoding=\"async\" src=\"https:\/\/www.telam.com.ar\/thumbs\/bluesteel\/advf\/imagenes\/2022\/08\/630a5e0badd39_900.jpg\" alt=\"La nave viajar 450000 kilmetros desde la Tierra Foto Prensa \" width=\"100%\" height=\"100%\" \/><\/p>\n<div class=\"media-icons\"><\/div><figcaption>La nave viajar\u00e1 450.000 kil\u00f3metros desde la Tierra. \/\/Foto Prensa<\/figcaption><\/figure>\n<p>Por su parte,\u00a0<strong>Ra\u00fal Kulichevsky, director ejecutivo y t\u00e9cnico de la Comisi\u00f3n Nacional de Actividades Espaciales (Conae),\u00a0<\/strong>comenta a T\u00e9lam que \u00abahora es volver a la Luna pero como un paso intermedio hacia la exploraci\u00f3n a la posibilidad de que el hombre pueda vivir en otros planetas\u00bb.<\/p>\n<p>\u00abM\u00e1s all\u00e1 de todos los desaf\u00edos tecnol\u00f3gicos, hay todav\u00eda much\u00edsimo para estudiar c\u00f3mo va a reaccionar el organismo del ser humano al vivir de manera permanente en condiciones de ingravidez\u00bb, a\u00f1ade el ingeniero aeron\u00e1utico.<\/p>\n<p>El objetivo no es s\u00f3lo utilizar a la Luna como trampol\u00edn a otros planetas, sino que tambi\u00e9n nuestro sat\u00e9lite natural tiene recursos para la producci\u00f3n de ox\u00edgeno y agua que podr\u00edan ser utilizados.<\/p>\n<p>\u00abLa miner\u00eda espacial es algo que ya hace mucho tiempo que se viene pensando y la Luna es el elemento m\u00e1s cercano que tenemos\u00bb, sostiene De Le\u00f3n.<\/p>\n<h2 class=\"\">C\u00f3mo ser\u00e1 la misi\u00f3n<\/h2>\n<p>El plan m\u00e1s ambicioso de la NASA para explorar la Luna comenzar\u00e1 este 29 de agosto, si el clima acompa\u00f1a, con\u00a0<strong>la misi\u00f3n Artemis I que ya est\u00e1 en la plataforma de lanzamiento de Cabo Ca\u00f1averal,<\/strong>\u00a0en la costa este de Estados Unidos, y\u00a0<strong>tendr\u00e1 una duraci\u00f3n total de 42 d\u00edas, 3 horas y 20 minutos.<\/strong><\/p>\n<p><strong>El despegue<\/strong>\u00a0tendr\u00e1 una ventana de dos horas desde las 8:33 EDT hasta las 10:33 EDT, por lo que el lanzamiento tiene que ocurrir necesariamente en ese lapso o se postergar\u00e1 el vuelo hasta el 2 o el 5 de septiembre.<\/p>\n<p>\u00abEso es porque hay que lanzar en un momento determinado. No se lanza a donde est\u00e1 la Luna, se lanza a donde la Luna va a estar cuando la nave llegue a ese lugar, entonces hay todo un tema de mec\u00e1nica celeste, que es una especie de danza entre cuerpos celestes\u00bb, explica De Le\u00f3n.<\/p>\n<figure class=\"mb-3\"><img decoding=\"async\" src=\"https:\/\/www.telam.com.ar\/thumbs\/bluesteel\/advf\/imagenes\/2022\/08\/630a7875da268_900.jpg\" alt=\"Telam SE\" width=\"100%\" height=\"100%\" \/><\/p>\n<div class=\"media-icons\"><\/div><figcaption><\/figcaption><\/figure>\n<p>Seg\u00fan los \u00faltimos reportes meteorol\u00f3gicos,<strong>\u00a0se prev\u00e9 un 70% de posibilidades de condiciones clim\u00e1ticas favorables\u00a0<\/strong>para el lanzamiento este lunes, mientras que la principal preocupaci\u00f3n es la lluvia dispersa.<\/p>\n<p><strong>Artemis I es la primera prueba integrada de los sistemas de exploraci\u00f3n del espacio profundo de la NASA:<\/strong>\u00a0la nave espacial Orion, el cohete del Sistema de Lanzamiento Espacial (SLS) y los sistemas terrestres en el Centro Espacial Kennedy en Florida que mantendr\u00e1n la comunicaci\u00f3n a medida que la nave se desplace rumbo a la Luna.<\/p>\n<p><strong>Orion<\/strong>\u00a0volar\u00e1 m\u00e1s lejos de lo que jam\u00e1s haya volado ninguna nave espacial construida para humanos, superando el r\u00e9cord de distancia del Apolo 13.<\/p>\n<p><strong>La nave viajar\u00e1 450.000 kil\u00f3metros desde la Tierra,<\/strong>\u00a0<strong>alcanzar\u00e1 64.000 kil\u00f3metros m\u00e1s all\u00e1 del lado oculto de la Luna<\/strong>\u00a0y volver\u00e1 a la Tierra para sumergirse en el oc\u00e9ano Pac\u00edfico frente a la costa de California, seg\u00fan inform\u00f3 la NASA.<\/p>\n<p>Como\u00a0<strong>el vuelo no es tripulado<\/strong>, viajar\u00e1 en el asiento del comandante el\u00a0<strong>maniqu\u00ed \u00abMoonikin Campos\u00bb<\/strong>, bautizado as\u00ed en memoria de Arturo Campos, el ingeniero que tuvo un rol clave en el regreso seguro del Apolo 13 a la Tierra.<\/p>\n<p>Moonikin vestir\u00e1 con el traje completo de astronauta y estar\u00e1 acompa\u00f1ado por dos torsos llamados Helga y Zohar, que ocupar\u00e1n los dos asientos inferiores de la nave y medir\u00e1n la radiaci\u00f3n espacial que los astronautas pueden experimentar.<\/p>\n<p><strong>En la parte inferior de Ori\u00f3n<\/strong>\u00a0estar\u00e1 el\u00a0<strong>m\u00f3dulo de servicio\u00a0<\/strong>elaborado por la Agencia Espacial Europea (ESA), un cilindro de 4 metros de altura y de di\u00e1metro y un peso de 13 toneladas que le\u00a0<strong>proporcionar\u00e1 electricidad a la nave y la impulsar\u00e1 hacia su \u00f3rbita lunar.<\/strong><\/p>\n<figure class=\"mb-3\"><img decoding=\"async\" src=\"https:\/\/www.telam.com.ar\/thumbs\/bluesteel\/advf\/imagenes\/2022\/08\/630a5e0b97ea2_900.jpg\" alt=\"La nave alcanzar 64000 kilmetros ms all del lado oculto de la Luna Foto Prensa \" width=\"100%\" height=\"100%\" \/><\/p>\n<div class=\"media-icons\"><\/div><figcaption>La nave alcanzar\u00e1 64.000 kil\u00f3metros m\u00e1s all\u00e1 del lado oculto de la Luna. \/\/Foto Prensa<\/figcaption><\/figure>\n<p>Para el despegue,\u00a0<strong>se utilizar\u00e1 el Sistema de Lanzamiento Espacial<\/strong>\u00a0(SLS), el cohete m\u00e1s poderoso de la NASA con una altura 98 metros y que marca \u00abun antes y un despu\u00e9s en todo lo que es la actividad espacial internacional\u00bb, considera Kulichevsky.<\/p>\n<p>Se espera que el lanzamiento sea \u00abverdaderamente impresionante\u00bb, cuenta De Le\u00f3n y se entusiasma al imaginar lo que vivir\u00e1 el lunes.<\/p>\n<p>\u00ab<strong>El lugar m\u00e1s cercano que pod\u00e9s estar del cohete es a tres millas que vendr\u00edan a ser m\u00e1s o menos 5 kil\u00f3metros<\/strong>\u00a0por la onda de choque y el sonido\u00bb, precisa y advierte que \u00aba\u00fan as\u00ed, en el momento del despegue, se siente la vibraci\u00f3n en el pecho que entra en resonancia con el cohete, es una sensaci\u00f3n indescriptible\u00bb.<\/p>\n<p>Seg\u00fan la Oficina de Turismo de la Costa Espacial de Florida, se esperan m\u00e1s de 100.000 visitantes para presenciar el lanzamiento del lunes por la ma\u00f1ana.<\/p>\n<h2 class=\"\">Muchas expectativas<\/h2>\n<p>Sobre c\u00f3mo se viven las horas previas en los pasillos de la NASA, De Le\u00f3n comenta que \u00abhay much\u00edsima expectativa, pero tambi\u00e9n hay preocupaci\u00f3n porque la NASA hace mucho tiempo que no hace este tipo de misiones de espacio profundo y que no se lanza un cohete tan grande\u00bb.<\/p>\n<p>Reci\u00e9n para el 2024 se espera la primera misi\u00f3n tripulada con cuatro astronautas, la Artemis II, que tambi\u00e9n navegar\u00e1 alrededor de la Luna.<\/p>\n<p>Y se prev\u00e9 que sea Artemis III la misi\u00f3n que logre el regreso del ser humano a la Luna en 2025, cuando otros cuatro astronautas desciendan en la superficie inexplorada del polo sur lunar.<\/p>\n<p>Pero todo depender\u00e1 de c\u00f3mo resulte el lanzamiento de prueba este lunes, cuando tres maniqu\u00eds y unas 100.000 personas en la costa del centro espacial sientan en el pecho las vibraciones del despegue m\u00e1s poderoso de la historia.<\/p>\n","protected":false},"excerpt":{"rendered":"<p>Se trata de la primera prueba de vuelo sin tripulaci\u00f3n para establecer la presencia humana a largo plazo en el sat\u00e9lite. Esperan la asistencia de 100.000 personas al lanzamiento, para sentir el ruido del estallido y la \u00abvibraci\u00f3n en el pecho\u00bb del cohete m\u00e1s poderoso de la historia, describi\u00f3 a T\u00e9lam Pablo de Le\u00f3n, cient\u00edfico [&hellip;]<\/p>\n","protected":false},"author":3,"featured_media":0,"comment_status":"closed","ping_status":"closed","sticky":false,"template":"","format":"standard","meta":{"footnotes":""},"categories":[46],"tags":[],"class_list":["post-76900","post","type-post","status-publish","format-standard","hentry","category-ciencia-y-tecnologia"],"yoast_head":"<!-- This site is optimized with the Yoast SEO plugin v25.9 - https:\/\/yoast.com\/wordpress\/plugins\/seo\/ -->\n<title>Se lanza Artemis I a la Luna: del cohete m\u00e1s poderoso a los maniqu\u00edes que buscan hacer historia - Noticias Radio Reflejos<\/title>\n<meta name=\"robots\" content=\"index, follow, max-snippet:-1, max-image-preview:large, max-video-preview:-1\" \/>\n<link rel=\"canonical\" href=\"https:\/\/www.noticiasradioreflejos.com.ar\/2021\/se-lanza-artemis-i-a-la-luna-del-cohete-mas-poderoso-a-los-maniquies-que-buscan-hacer-historia\/\" \/>\n<meta property=\"og:locale\" content=\"es_ES\" \/>\n<meta property=\"og:type\" content=\"article\" \/>\n<meta property=\"og:title\" content=\"Se lanza Artemis I a la Luna: del cohete m\u00e1s poderoso a los maniqu\u00edes que buscan hacer historia - Noticias Radio Reflejos\" \/>\n<meta property=\"og:description\" content=\"Se trata de la primera prueba de vuelo sin tripulaci\u00f3n para establecer la presencia humana a largo plazo en el sat\u00e9lite. Esperan la asistencia de 100.000 personas al lanzamiento, para sentir el ruido del estallido y la \u00abvibraci\u00f3n en el pecho\u00bb del cohete m\u00e1s poderoso de la historia, describi\u00f3 a T\u00e9lam Pablo de Le\u00f3n, cient\u00edfico [&hellip;]\" \/>\n<meta property=\"og:url\" content=\"https:\/\/www.noticiasradioreflejos.com.ar\/2021\/se-lanza-artemis-i-a-la-luna-del-cohete-mas-poderoso-a-los-maniquies-que-buscan-hacer-historia\/\" \/>\n<meta property=\"og:site_name\" content=\"Noticias Radio Reflejos\" \/>\n<meta property=\"article:published_time\" content=\"2022-08-28T13:00:47+00:00\" \/>\n<meta property=\"og:image\" content=\"https:\/\/www.telam.com.ar\/thumbs\/bluesteel\/advf\/imagenes\/2022\/08\/630a5e0b81235_900.jpg\" \/>\n<meta name=\"author\" content=\"Arnaldo Botto\" \/>\n<meta name=\"twitter:card\" content=\"summary_large_image\" \/>\n<script type=\"application\/ld+json\" class=\"yoast-schema-graph\">{\"@context\":\"https:\/\/schema.org\",\"@graph\":[{\"@type\":\"WebPage\",\"@id\":\"https:\/\/www.noticiasradioreflejos.com.ar\/2021\/se-lanza-artemis-i-a-la-luna-del-cohete-mas-poderoso-a-los-maniquies-que-buscan-hacer-historia\/\",\"url\":\"https:\/\/www.noticiasradioreflejos.com.ar\/2021\/se-lanza-artemis-i-a-la-luna-del-cohete-mas-poderoso-a-los-maniquies-que-buscan-hacer-historia\/\",\"name\":\"Se lanza Artemis I a la Luna: del cohete m\u00e1s poderoso a los maniqu\u00edes que buscan hacer historia - Noticias Radio Reflejos\",\"isPartOf\":{\"@id\":\"https:\/\/www.noticiasradioreflejos.com.ar\/2021\/#website\"},\"primaryImageOfPage\":{\"@id\":\"https:\/\/www.noticiasradioreflejos.com.ar\/2021\/se-lanza-artemis-i-a-la-luna-del-cohete-mas-poderoso-a-los-maniquies-que-buscan-hacer-historia\/#primaryimage\"},\"image\":{\"@id\":\"https:\/\/www.noticiasradioreflejos.com.ar\/2021\/se-lanza-artemis-i-a-la-luna-del-cohete-mas-poderoso-a-los-maniquies-que-buscan-hacer-historia\/#primaryimage\"},\"thumbnailUrl\":\"https:\/\/www.telam.com.ar\/thumbs\/bluesteel\/advf\/imagenes\/2022\/08\/630a5e0b81235_900.jpg\",\"datePublished\":\"2022-08-28T13:00:47+00:00\",\"author\":{\"@id\":\"https:\/\/www.noticiasradioreflejos.com.ar\/2021\/#\/schema\/person\/ad82545263dcc5ec0996818884fd5fb1\"},\"breadcrumb\":{\"@id\":\"https:\/\/www.noticiasradioreflejos.com.ar\/2021\/se-lanza-artemis-i-a-la-luna-del-cohete-mas-poderoso-a-los-maniquies-que-buscan-hacer-historia\/#breadcrumb\"},\"inLanguage\":\"es\",\"potentialAction\":[{\"@type\":\"ReadAction\",\"target\":[\"https:\/\/www.noticiasradioreflejos.com.ar\/2021\/se-lanza-artemis-i-a-la-luna-del-cohete-mas-poderoso-a-los-maniquies-que-buscan-hacer-historia\/\"]}]},{\"@type\":\"ImageObject\",\"inLanguage\":\"es\",\"@id\":\"https:\/\/www.noticiasradioreflejos.com.ar\/2021\/se-lanza-artemis-i-a-la-luna-del-cohete-mas-poderoso-a-los-maniquies-que-buscan-hacer-historia\/#primaryimage\",\"url\":\"https:\/\/www.telam.com.ar\/thumbs\/bluesteel\/advf\/imagenes\/2022\/08\/630a5e0b81235_900.jpg\",\"contentUrl\":\"https:\/\/www.telam.com.ar\/thumbs\/bluesteel\/advf\/imagenes\/2022\/08\/630a5e0b81235_900.jpg\"},{\"@type\":\"BreadcrumbList\",\"@id\":\"https:\/\/www.noticiasradioreflejos.com.ar\/2021\/se-lanza-artemis-i-a-la-luna-del-cohete-mas-poderoso-a-los-maniquies-que-buscan-hacer-historia\/#breadcrumb\",\"itemListElement\":[{\"@type\":\"ListItem\",\"position\":1,\"name\":\"Portada\",\"item\":\"https:\/\/www.noticiasradioreflejos.com.ar\/2021\/\"},{\"@type\":\"ListItem\",\"position\":2,\"name\":\"Se lanza Artemis I a la Luna: del cohete m\u00e1s poderoso a los maniqu\u00edes que buscan hacer historia\"}]},{\"@type\":\"WebSite\",\"@id\":\"https:\/\/www.noticiasradioreflejos.com.ar\/2021\/#website\",\"url\":\"https:\/\/www.noticiasradioreflejos.com.ar\/2021\/\",\"name\":\"Noticias Radio Reflejos\",\"description\":\"Las noticias de mi comarca\",\"potentialAction\":[{\"@type\":\"SearchAction\",\"target\":{\"@type\":\"EntryPoint\",\"urlTemplate\":\"https:\/\/www.noticiasradioreflejos.com.ar\/2021\/?s={search_term_string}\"},\"query-input\":{\"@type\":\"PropertyValueSpecification\",\"valueRequired\":true,\"valueName\":\"search_term_string\"}}],\"inLanguage\":\"es\"},{\"@type\":\"Person\",\"@id\":\"https:\/\/www.noticiasradioreflejos.com.ar\/2021\/#\/schema\/person\/ad82545263dcc5ec0996818884fd5fb1\",\"name\":\"Arnaldo Botto\",\"image\":{\"@type\":\"ImageObject\",\"inLanguage\":\"es\",\"@id\":\"https:\/\/www.noticiasradioreflejos.com.ar\/2021\/#\/schema\/person\/image\/\",\"url\":\"https:\/\/secure.gravatar.com\/avatar\/55cb5e37c1efa326397366e6974cb338056df65cb50e7d64d1cf314e87504837?s=96&d=mm&r=g\",\"contentUrl\":\"https:\/\/secure.gravatar.com\/avatar\/55cb5e37c1efa326397366e6974cb338056df65cb50e7d64d1cf314e87504837?s=96&d=mm&r=g\",\"caption\":\"Arnaldo Botto\"},\"url\":\"https:\/\/www.noticiasradioreflejos.com.ar\/2021\/author\/arnaldo\/\"}]}<\/script>\n<!-- \/ Yoast SEO plugin. -->","yoast_head_json":{"title":"Se lanza Artemis I a la Luna: del cohete m\u00e1s poderoso a los maniqu\u00edes que buscan hacer historia - Noticias Radio Reflejos","robots":{"index":"index","follow":"follow","max-snippet":"max-snippet:-1","max-image-preview":"max-image-preview:large","max-video-preview":"max-video-preview:-1"},"canonical":"https:\/\/www.noticiasradioreflejos.com.ar\/2021\/se-lanza-artemis-i-a-la-luna-del-cohete-mas-poderoso-a-los-maniquies-que-buscan-hacer-historia\/","og_locale":"es_ES","og_type":"article","og_title":"Se lanza Artemis I a la Luna: del cohete m\u00e1s poderoso a los maniqu\u00edes que buscan hacer historia - Noticias Radio Reflejos","og_description":"Se trata de la primera prueba de vuelo sin tripulaci\u00f3n para establecer la presencia humana a largo plazo en el sat\u00e9lite. Esperan la asistencia de 100.000 personas al lanzamiento, para sentir el ruido del estallido y la \u00abvibraci\u00f3n en el pecho\u00bb del cohete m\u00e1s poderoso de la historia, describi\u00f3 a T\u00e9lam Pablo de Le\u00f3n, cient\u00edfico [&hellip;]","og_url":"https:\/\/www.noticiasradioreflejos.com.ar\/2021\/se-lanza-artemis-i-a-la-luna-del-cohete-mas-poderoso-a-los-maniquies-que-buscan-hacer-historia\/","og_site_name":"Noticias Radio Reflejos","article_published_time":"2022-08-28T13:00:47+00:00","og_image":[{"url":"https:\/\/www.telam.com.ar\/thumbs\/bluesteel\/advf\/imagenes\/2022\/08\/630a5e0b81235_900.jpg","type":"","width":"","height":""}],"author":"Arnaldo Botto","twitter_card":"summary_large_image","schema":{"@context":"https:\/\/schema.org","@graph":[{"@type":"WebPage","@id":"https:\/\/www.noticiasradioreflejos.com.ar\/2021\/se-lanza-artemis-i-a-la-luna-del-cohete-mas-poderoso-a-los-maniquies-que-buscan-hacer-historia\/","url":"https:\/\/www.noticiasradioreflejos.com.ar\/2021\/se-lanza-artemis-i-a-la-luna-del-cohete-mas-poderoso-a-los-maniquies-que-buscan-hacer-historia\/","name":"Se lanza Artemis I a la Luna: del cohete m\u00e1s poderoso a los maniqu\u00edes que buscan hacer historia - Noticias Radio Reflejos","isPartOf":{"@id":"https:\/\/www.noticiasradioreflejos.com.ar\/2021\/#website"},"primaryImageOfPage":{"@id":"https:\/\/www.noticiasradioreflejos.com.ar\/2021\/se-lanza-artemis-i-a-la-luna-del-cohete-mas-poderoso-a-los-maniquies-que-buscan-hacer-historia\/#primaryimage"},"image":{"@id":"https:\/\/www.noticiasradioreflejos.com.ar\/2021\/se-lanza-artemis-i-a-la-luna-del-cohete-mas-poderoso-a-los-maniquies-que-buscan-hacer-historia\/#primaryimage"},"thumbnailUrl":"https:\/\/www.telam.com.ar\/thumbs\/bluesteel\/advf\/imagenes\/2022\/08\/630a5e0b81235_900.jpg","datePublished":"2022-08-28T13:00:47+00:00","author":{"@id":"https:\/\/www.noticiasradioreflejos.com.ar\/2021\/#\/schema\/person\/ad82545263dcc5ec0996818884fd5fb1"},"breadcrumb":{"@id":"https:\/\/www.noticiasradioreflejos.com.ar\/2021\/se-lanza-artemis-i-a-la-luna-del-cohete-mas-poderoso-a-los-maniquies-que-buscan-hacer-historia\/#breadcrumb"},"inLanguage":"es","potentialAction":[{"@type":"ReadAction","target":["https:\/\/www.noticiasradioreflejos.com.ar\/2021\/se-lanza-artemis-i-a-la-luna-del-cohete-mas-poderoso-a-los-maniquies-que-buscan-hacer-historia\/"]}]},{"@type":"ImageObject","inLanguage":"es","@id":"https:\/\/www.noticiasradioreflejos.com.ar\/2021\/se-lanza-artemis-i-a-la-luna-del-cohete-mas-poderoso-a-los-maniquies-que-buscan-hacer-historia\/#primaryimage","url":"https:\/\/www.telam.com.ar\/thumbs\/bluesteel\/advf\/imagenes\/2022\/08\/630a5e0b81235_900.jpg","contentUrl":"https:\/\/www.telam.com.ar\/thumbs\/bluesteel\/advf\/imagenes\/2022\/08\/630a5e0b81235_900.jpg"},{"@type":"BreadcrumbList","@id":"https:\/\/www.noticiasradioreflejos.com.ar\/2021\/se-lanza-artemis-i-a-la-luna-del-cohete-mas-poderoso-a-los-maniquies-que-buscan-hacer-historia\/#breadcrumb","itemListElement":[{"@type":"ListItem","position":1,"name":"Portada","item":"https:\/\/www.noticiasradioreflejos.com.ar\/2021\/"},{"@type":"ListItem","position":2,"name":"Se lanza Artemis I a la Luna: del cohete m\u00e1s poderoso a los maniqu\u00edes que buscan hacer historia"}]},{"@type":"WebSite","@id":"https:\/\/www.noticiasradioreflejos.com.ar\/2021\/#website","url":"https:\/\/www.noticiasradioreflejos.com.ar\/2021\/","name":"Noticias Radio Reflejos","description":"Las noticias de mi comarca","potentialAction":[{"@type":"SearchAction","target":{"@type":"EntryPoint","urlTemplate":"https:\/\/www.noticiasradioreflejos.com.ar\/2021\/?s={search_term_string}"},"query-input":{"@type":"PropertyValueSpecification","valueRequired":true,"valueName":"search_term_string"}}],"inLanguage":"es"},{"@type":"Person","@id":"https:\/\/www.noticiasradioreflejos.com.ar\/2021\/#\/schema\/person\/ad82545263dcc5ec0996818884fd5fb1","name":"Arnaldo Botto","image":{"@type":"ImageObject","inLanguage":"es","@id":"https:\/\/www.noticiasradioreflejos.com.ar\/2021\/#\/schema\/person\/image\/","url":"https:\/\/secure.gravatar.com\/avatar\/55cb5e37c1efa326397366e6974cb338056df65cb50e7d64d1cf314e87504837?s=96&d=mm&r=g","contentUrl":"https:\/\/secure.gravatar.com\/avatar\/55cb5e37c1efa326397366e6974cb338056df65cb50e7d64d1cf314e87504837?s=96&d=mm&r=g","caption":"Arnaldo Botto"},"url":"https:\/\/www.noticiasradioreflejos.com.ar\/2021\/author\/arnaldo\/"}]}},"_links":{"self":[{"href":"https:\/\/www.noticiasradioreflejos.com.ar\/2021\/wp-json\/wp\/v2\/posts\/76900","targetHints":{"allow":["GET"]}}],"collection":[{"href":"https:\/\/www.noticiasradioreflejos.com.ar\/2021\/wp-json\/wp\/v2\/posts"}],"about":[{"href":"https:\/\/www.noticiasradioreflejos.com.ar\/2021\/wp-json\/wp\/v2\/types\/post"}],"author":[{"embeddable":true,"href":"https:\/\/www.noticiasradioreflejos.com.ar\/2021\/wp-json\/wp\/v2\/users\/3"}],"replies":[{"embeddable":true,"href":"https:\/\/www.noticiasradioreflejos.com.ar\/2021\/wp-json\/wp\/v2\/comments?post=76900"}],"version-history":[{"count":1,"href":"https:\/\/www.noticiasradioreflejos.com.ar\/2021\/wp-json\/wp\/v2\/posts\/76900\/revisions"}],"predecessor-version":[{"id":76902,"href":"https:\/\/www.noticiasradioreflejos.com.ar\/2021\/wp-json\/wp\/v2\/posts\/76900\/revisions\/76902"}],"wp:attachment":[{"href":"https:\/\/www.noticiasradioreflejos.com.ar\/2021\/wp-json\/wp\/v2\/media?parent=76900"}],"wp:term":[{"taxonomy":"category","embeddable":true,"href":"https:\/\/www.noticiasradioreflejos.com.ar\/2021\/wp-json\/wp\/v2\/categories?post=76900"},{"taxonomy":"post_tag","embeddable":true,"href":"https:\/\/www.noticiasradioreflejos.com.ar\/2021\/wp-json\/wp\/v2\/tags?post=76900"}],"curies":[{"name":"wp","href":"https:\/\/api.w.org\/{rel}","templated":true}]}}