{"id":76893,"date":"2022-08-27T14:16:19","date_gmt":"2022-08-27T14:16:19","guid":{"rendered":"http:\/\/www.noticiasradioreflejos.com.ar\/2021\/?p=76893"},"modified":"2022-08-27T14:19:09","modified_gmt":"2022-08-27T14:19:09","slug":"segun-la-autopsia-el-sr-conti-murio-por-ahogamiento","status":"publish","type":"post","link":"https:\/\/www.noticiasradioreflejos.com.ar\/2021\/segun-la-autopsia-el-sr-conti-murio-por-ahogamiento\/","title":{"rendered":"\u201cSeg\u00fan la autopsia el Sr. Conti muri\u00f3 por ahogamiento\u201d"},"content":{"rendered":"<p><strong><em>As\u00ed lo confirm\u00f3 el Jefe de Polic\u00eda de Sierra de la Ventana, Franco Ragni. \u201cEn el lugar del hecho se encuentra un telegrama, aunque no puedo remitir mayores datos\u201d asegur\u00f3.<\/em><\/strong><\/p>\n<p>Poco a poco el fat\u00eddico hecho que conmovi\u00f3 el viernes por la tarde a toda la comarca comienza a tener cierta luz. En las primeras horas de este s\u00e1bado se tuvieron los resultados de la autopsia y la misma arroj\u00f3 que la muerte de Roberto Conti se produjo por ahogamiento.<\/p>\n<p>As\u00ed lo confirm\u00f3 el Jefe de Polic\u00eda de Sierra de la Ventana, Franco Ragni. \u201cLa autopsia se practic\u00f3 anoche en el Hospital de Tornquist. La misma se hizo por el Dr. Sebasti\u00e1n Ducasa, donde refiere que la muerte se produce por ahogamiento. Sin ser perito en la materia se observaban ciertos golpes en el cuerpo, pero seg\u00fan el resultado final de la autopsia firmado por el doctor especialista, la misma se produjo por ahogamiento\u201d.<\/p>\n<p>De igual manera, y retratando la escena del fat\u00eddico desenlace, el efectivo de la fuerza de seguridad refiri\u00f3 que \u201cla camioneta estaba con la llave puesta, el tel\u00e9fono celular, documentaci\u00f3n\u2026 no hace presuponer delito o robo. En el lugar del hecho se encuentra un telegrama, aunque no puedo remitir mayores datos y la causa se encuentra en plena etapa de investigaci\u00f3n\u201d.<\/p>\n<p>Realizando una cronolog\u00eda de lo sucedido, Ragni cont\u00f3 que \u201ctodo sucede ayer por la tarde, pasadas las 14:30. Se acercan familiares del se\u00f1or Roberto Conti, un vecino de Villa Ventana. Dan cuenta que habr\u00eda salido con destino a Sierra alrededor de las 10 de la ma\u00f1ana para hacer diversos tr\u00e1mites, y que desde entonces no habr\u00edan tenido m\u00e1s comunicaci\u00f3n. Sobre las 12:30 mostr\u00f3 por \u00faltima vez una conexi\u00f3n a WhatsApp\u201d.<\/p>\n<p>Siguiendo con el relato, asegur\u00f3 que \u201cse logra divisar la camioneta en la cual circulaba el se\u00f1or Conti mediante las c\u00e1maras. Pasadas las 17 la camioneta es avistada a unos dos kil\u00f3metros del cruce de las rutas 72-76, en sentido Sierra de la Ventana \u2013 Coronel Su\u00e1rez, estacionada a la vera de la ruta. Nos apersonamos al lugar junto con el jefe comunal y los jefes de las dependencias y logramos divisar en el agua al se\u00f1or Conti\u201d.<\/p>\n<p>Precisando ese momento, \u201cse hizo un rastrillaje y no se logra dar, y desde arriba del puente se logra ver al se\u00f1or dentro del agua. Seg\u00fan el peritaje, el puente posee unos 17, 18 metros de altura ese puente\u201d.<\/p>\n<p>Por \u00faltimo, y comentando el marco de este tipo de situaciones, el Jefe de Polic\u00eda remarc\u00f3 que \u201cen investigaciones relacionadas con este tipo de causas nunca se descarta nada. Por eso una vez que se encontr\u00f3 al se\u00f1or Conti esto se caratula con la instrucci\u00f3n de la ayudant\u00eda fiscal de Tornquist como Averiguaci\u00f3n de Causal de Muerte\u201d.<\/p>\n<p>Al mismo tiempo refiri\u00f3 que \u201ccada vez que se acerca una persona y da cuenta que un familiar o conocido est\u00e1 ausente, se entabla todo un protocolo de b\u00fasqueda. Eso conlleva un relevamiento completo de las c\u00e1maras de seguridad, el inmediato aviso a la cadena de mando para que est\u00e9 enterada y a las dependencias aleda\u00f1as\u201d.<\/p>\n<p>Escuch\u00e1 la entrevista completa:<\/p>\n<p><iframe loading=\"lazy\" title=\"Franco Ragni - Caso Conti by fmreflejos 103.7\" width=\"500\" height=\"400\" scrolling=\"no\" frameborder=\"no\" src=\"https:\/\/w.soundcloud.com\/player\/?visual=true&#038;url=https%3A%2F%2Fapi.soundcloud.com%2Ftracks%2F1332372013&#038;show_artwork=true&#038;maxheight=750&#038;maxwidth=500\"><\/iframe><\/p>\n<p>&nbsp;<\/p>\n","protected":false},"excerpt":{"rendered":"<p>As\u00ed lo confirm\u00f3 el Jefe de Polic\u00eda de Sierra de la Ventana, Franco Ragni. \u201cEn el lugar del hecho se encuentra un telegrama, aunque no puedo remitir mayores datos\u201d asegur\u00f3. Poco a poco el fat\u00eddico hecho que conmovi\u00f3 el viernes por la tarde a toda la comarca comienza a tener cierta luz. En las primeras [&hellip;]<\/p>\n","protected":false},"author":3,"featured_media":76894,"comment_status":"closed","ping_status":"closed","sticky":false,"template":"","format":"standard","meta":{"footnotes":""},"categories":[29],"tags":[48],"class_list":["post-76893","post","type-post","status-publish","format-standard","has-post-thumbnail","hentry","category-policiales","tag-destacada"],"yoast_head":"<!-- This site is optimized with the Yoast SEO plugin v25.9 - https:\/\/yoast.com\/wordpress\/plugins\/seo\/ -->\n<title>\u201cSeg\u00fan la autopsia el Sr. Conti muri\u00f3 por ahogamiento\u201d - Noticias Radio Reflejos<\/title>\n<meta name=\"robots\" content=\"index, follow, max-snippet:-1, max-image-preview:large, max-video-preview:-1\" \/>\n<link rel=\"canonical\" href=\"https:\/\/www.noticiasradioreflejos.com.ar\/2021\/segun-la-autopsia-el-sr-conti-murio-por-ahogamiento\/\" \/>\n<meta property=\"og:locale\" content=\"es_ES\" \/>\n<meta property=\"og:type\" content=\"article\" \/>\n<meta property=\"og:title\" content=\"\u201cSeg\u00fan la autopsia el Sr. Conti muri\u00f3 por ahogamiento\u201d - Noticias Radio Reflejos\" \/>\n<meta property=\"og:description\" content=\"As\u00ed lo confirm\u00f3 el Jefe de Polic\u00eda de Sierra de la Ventana, Franco Ragni. \u201cEn el lugar del hecho se encuentra un telegrama, aunque no puedo remitir mayores datos\u201d asegur\u00f3. Poco a poco el fat\u00eddico hecho que conmovi\u00f3 el viernes por la tarde a toda la comarca comienza a tener cierta luz. En las primeras [&hellip;]\" \/>\n<meta property=\"og:url\" content=\"https:\/\/www.noticiasradioreflejos.com.ar\/2021\/segun-la-autopsia-el-sr-conti-murio-por-ahogamiento\/\" \/>\n<meta property=\"og:site_name\" content=\"Noticias Radio Reflejos\" \/>\n<meta property=\"article:published_time\" content=\"2022-08-27T14:16:19+00:00\" \/>\n<meta property=\"article:modified_time\" content=\"2022-08-27T14:19:09+00:00\" \/>\n<meta property=\"og:image\" content=\"https:\/\/www.noticiasradioreflejos.com.ar\/2021\/wp-content\/uploads\/2022\/08\/22-8-27-Franco-Ragni.jpg\" \/>\n\t<meta property=\"og:image:width\" content=\"1000\" \/>\n\t<meta property=\"og:image:height\" content=\"600\" \/>\n\t<meta property=\"og:image:type\" content=\"image\/jpeg\" \/>\n<meta name=\"author\" content=\"Arnaldo Botto\" \/>\n<meta name=\"twitter:card\" content=\"summary_large_image\" \/>\n<script type=\"application\/ld+json\" class=\"yoast-schema-graph\">{\"@context\":\"https:\/\/schema.org\",\"@graph\":[{\"@type\":\"WebPage\",\"@id\":\"https:\/\/www.noticiasradioreflejos.com.ar\/2021\/segun-la-autopsia-el-sr-conti-murio-por-ahogamiento\/\",\"url\":\"https:\/\/www.noticiasradioreflejos.com.ar\/2021\/segun-la-autopsia-el-sr-conti-murio-por-ahogamiento\/\",\"name\":\"\u201cSeg\u00fan la autopsia el Sr. Conti muri\u00f3 por ahogamiento\u201d - Noticias Radio Reflejos\",\"isPartOf\":{\"@id\":\"https:\/\/www.noticiasradioreflejos.com.ar\/2021\/#website\"},\"primaryImageOfPage\":{\"@id\":\"https:\/\/www.noticiasradioreflejos.com.ar\/2021\/segun-la-autopsia-el-sr-conti-murio-por-ahogamiento\/#primaryimage\"},\"image\":{\"@id\":\"https:\/\/www.noticiasradioreflejos.com.ar\/2021\/segun-la-autopsia-el-sr-conti-murio-por-ahogamiento\/#primaryimage\"},\"thumbnailUrl\":\"https:\/\/www.noticiasradioreflejos.com.ar\/2021\/wp-content\/uploads\/2022\/08\/22-8-27-Franco-Ragni.jpg\",\"datePublished\":\"2022-08-27T14:16:19+00:00\",\"dateModified\":\"2022-08-27T14:19:09+00:00\",\"author\":{\"@id\":\"https:\/\/www.noticiasradioreflejos.com.ar\/2021\/#\/schema\/person\/ad82545263dcc5ec0996818884fd5fb1\"},\"breadcrumb\":{\"@id\":\"https:\/\/www.noticiasradioreflejos.com.ar\/2021\/segun-la-autopsia-el-sr-conti-murio-por-ahogamiento\/#breadcrumb\"},\"inLanguage\":\"es\",\"potentialAction\":[{\"@type\":\"ReadAction\",\"target\":[\"https:\/\/www.noticiasradioreflejos.com.ar\/2021\/segun-la-autopsia-el-sr-conti-murio-por-ahogamiento\/\"]}]},{\"@type\":\"ImageObject\",\"inLanguage\":\"es\",\"@id\":\"https:\/\/www.noticiasradioreflejos.com.ar\/2021\/segun-la-autopsia-el-sr-conti-murio-por-ahogamiento\/#primaryimage\",\"url\":\"https:\/\/www.noticiasradioreflejos.com.ar\/2021\/wp-content\/uploads\/2022\/08\/22-8-27-Franco-Ragni.jpg\",\"contentUrl\":\"https:\/\/www.noticiasradioreflejos.com.ar\/2021\/wp-content\/uploads\/2022\/08\/22-8-27-Franco-Ragni.jpg\",\"width\":1000,\"height\":600},{\"@type\":\"BreadcrumbList\",\"@id\":\"https:\/\/www.noticiasradioreflejos.com.ar\/2021\/segun-la-autopsia-el-sr-conti-murio-por-ahogamiento\/#breadcrumb\",\"itemListElement\":[{\"@type\":\"ListItem\",\"position\":1,\"name\":\"Portada\",\"item\":\"https:\/\/www.noticiasradioreflejos.com.ar\/2021\/\"},{\"@type\":\"ListItem\",\"position\":2,\"name\":\"\u201cSeg\u00fan la autopsia el Sr. Conti muri\u00f3 por ahogamiento\u201d\"}]},{\"@type\":\"WebSite\",\"@id\":\"https:\/\/www.noticiasradioreflejos.com.ar\/2021\/#website\",\"url\":\"https:\/\/www.noticiasradioreflejos.com.ar\/2021\/\",\"name\":\"Noticias Radio Reflejos\",\"description\":\"Las noticias de mi comarca\",\"potentialAction\":[{\"@type\":\"SearchAction\",\"target\":{\"@type\":\"EntryPoint\",\"urlTemplate\":\"https:\/\/www.noticiasradioreflejos.com.ar\/2021\/?s={search_term_string}\"},\"query-input\":{\"@type\":\"PropertyValueSpecification\",\"valueRequired\":true,\"valueName\":\"search_term_string\"}}],\"inLanguage\":\"es\"},{\"@type\":\"Person\",\"@id\":\"https:\/\/www.noticiasradioreflejos.com.ar\/2021\/#\/schema\/person\/ad82545263dcc5ec0996818884fd5fb1\",\"name\":\"Arnaldo Botto\",\"image\":{\"@type\":\"ImageObject\",\"inLanguage\":\"es\",\"@id\":\"https:\/\/www.noticiasradioreflejos.com.ar\/2021\/#\/schema\/person\/image\/\",\"url\":\"https:\/\/secure.gravatar.com\/avatar\/55cb5e37c1efa326397366e6974cb338056df65cb50e7d64d1cf314e87504837?s=96&d=mm&r=g\",\"contentUrl\":\"https:\/\/secure.gravatar.com\/avatar\/55cb5e37c1efa326397366e6974cb338056df65cb50e7d64d1cf314e87504837?s=96&d=mm&r=g\",\"caption\":\"Arnaldo Botto\"},\"url\":\"https:\/\/www.noticiasradioreflejos.com.ar\/2021\/author\/arnaldo\/\"}]}<\/script>\n<!-- \/ Yoast SEO plugin. -->","yoast_head_json":{"title":"\u201cSeg\u00fan la autopsia el Sr. Conti muri\u00f3 por ahogamiento\u201d - Noticias Radio Reflejos","robots":{"index":"index","follow":"follow","max-snippet":"max-snippet:-1","max-image-preview":"max-image-preview:large","max-video-preview":"max-video-preview:-1"},"canonical":"https:\/\/www.noticiasradioreflejos.com.ar\/2021\/segun-la-autopsia-el-sr-conti-murio-por-ahogamiento\/","og_locale":"es_ES","og_type":"article","og_title":"\u201cSeg\u00fan la autopsia el Sr. Conti muri\u00f3 por ahogamiento\u201d - Noticias Radio Reflejos","og_description":"As\u00ed lo confirm\u00f3 el Jefe de Polic\u00eda de Sierra de la Ventana, Franco Ragni. \u201cEn el lugar del hecho se encuentra un telegrama, aunque no puedo remitir mayores datos\u201d asegur\u00f3. Poco a poco el fat\u00eddico hecho que conmovi\u00f3 el viernes por la tarde a toda la comarca comienza a tener cierta luz. En las primeras [&hellip;]","og_url":"https:\/\/www.noticiasradioreflejos.com.ar\/2021\/segun-la-autopsia-el-sr-conti-murio-por-ahogamiento\/","og_site_name":"Noticias Radio Reflejos","article_published_time":"2022-08-27T14:16:19+00:00","article_modified_time":"2022-08-27T14:19:09+00:00","og_image":[{"width":1000,"height":600,"url":"https:\/\/www.noticiasradioreflejos.com.ar\/2021\/wp-content\/uploads\/2022\/08\/22-8-27-Franco-Ragni.jpg","type":"image\/jpeg"}],"author":"Arnaldo Botto","twitter_card":"summary_large_image","schema":{"@context":"https:\/\/schema.org","@graph":[{"@type":"WebPage","@id":"https:\/\/www.noticiasradioreflejos.com.ar\/2021\/segun-la-autopsia-el-sr-conti-murio-por-ahogamiento\/","url":"https:\/\/www.noticiasradioreflejos.com.ar\/2021\/segun-la-autopsia-el-sr-conti-murio-por-ahogamiento\/","name":"\u201cSeg\u00fan la autopsia el Sr. Conti muri\u00f3 por ahogamiento\u201d - Noticias Radio Reflejos","isPartOf":{"@id":"https:\/\/www.noticiasradioreflejos.com.ar\/2021\/#website"},"primaryImageOfPage":{"@id":"https:\/\/www.noticiasradioreflejos.com.ar\/2021\/segun-la-autopsia-el-sr-conti-murio-por-ahogamiento\/#primaryimage"},"image":{"@id":"https:\/\/www.noticiasradioreflejos.com.ar\/2021\/segun-la-autopsia-el-sr-conti-murio-por-ahogamiento\/#primaryimage"},"thumbnailUrl":"https:\/\/www.noticiasradioreflejos.com.ar\/2021\/wp-content\/uploads\/2022\/08\/22-8-27-Franco-Ragni.jpg","datePublished":"2022-08-27T14:16:19+00:00","dateModified":"2022-08-27T14:19:09+00:00","author":{"@id":"https:\/\/www.noticiasradioreflejos.com.ar\/2021\/#\/schema\/person\/ad82545263dcc5ec0996818884fd5fb1"},"breadcrumb":{"@id":"https:\/\/www.noticiasradioreflejos.com.ar\/2021\/segun-la-autopsia-el-sr-conti-murio-por-ahogamiento\/#breadcrumb"},"inLanguage":"es","potentialAction":[{"@type":"ReadAction","target":["https:\/\/www.noticiasradioreflejos.com.ar\/2021\/segun-la-autopsia-el-sr-conti-murio-por-ahogamiento\/"]}]},{"@type":"ImageObject","inLanguage":"es","@id":"https:\/\/www.noticiasradioreflejos.com.ar\/2021\/segun-la-autopsia-el-sr-conti-murio-por-ahogamiento\/#primaryimage","url":"https:\/\/www.noticiasradioreflejos.com.ar\/2021\/wp-content\/uploads\/2022\/08\/22-8-27-Franco-Ragni.jpg","contentUrl":"https:\/\/www.noticiasradioreflejos.com.ar\/2021\/wp-content\/uploads\/2022\/08\/22-8-27-Franco-Ragni.jpg","width":1000,"height":600},{"@type":"BreadcrumbList","@id":"https:\/\/www.noticiasradioreflejos.com.ar\/2021\/segun-la-autopsia-el-sr-conti-murio-por-ahogamiento\/#breadcrumb","itemListElement":[{"@type":"ListItem","position":1,"name":"Portada","item":"https:\/\/www.noticiasradioreflejos.com.ar\/2021\/"},{"@type":"ListItem","position":2,"name":"\u201cSeg\u00fan la autopsia el Sr. Conti muri\u00f3 por ahogamiento\u201d"}]},{"@type":"WebSite","@id":"https:\/\/www.noticiasradioreflejos.com.ar\/2021\/#website","url":"https:\/\/www.noticiasradioreflejos.com.ar\/2021\/","name":"Noticias Radio Reflejos","description":"Las noticias de mi comarca","potentialAction":[{"@type":"SearchAction","target":{"@type":"EntryPoint","urlTemplate":"https:\/\/www.noticiasradioreflejos.com.ar\/2021\/?s={search_term_string}"},"query-input":{"@type":"PropertyValueSpecification","valueRequired":true,"valueName":"search_term_string"}}],"inLanguage":"es"},{"@type":"Person","@id":"https:\/\/www.noticiasradioreflejos.com.ar\/2021\/#\/schema\/person\/ad82545263dcc5ec0996818884fd5fb1","name":"Arnaldo Botto","image":{"@type":"ImageObject","inLanguage":"es","@id":"https:\/\/www.noticiasradioreflejos.com.ar\/2021\/#\/schema\/person\/image\/","url":"https:\/\/secure.gravatar.com\/avatar\/55cb5e37c1efa326397366e6974cb338056df65cb50e7d64d1cf314e87504837?s=96&d=mm&r=g","contentUrl":"https:\/\/secure.gravatar.com\/avatar\/55cb5e37c1efa326397366e6974cb338056df65cb50e7d64d1cf314e87504837?s=96&d=mm&r=g","caption":"Arnaldo Botto"},"url":"https:\/\/www.noticiasradioreflejos.com.ar\/2021\/author\/arnaldo\/"}]}},"_links":{"self":[{"href":"https:\/\/www.noticiasradioreflejos.com.ar\/2021\/wp-json\/wp\/v2\/posts\/76893","targetHints":{"allow":["GET"]}}],"collection":[{"href":"https:\/\/www.noticiasradioreflejos.com.ar\/2021\/wp-json\/wp\/v2\/posts"}],"about":[{"href":"https:\/\/www.noticiasradioreflejos.com.ar\/2021\/wp-json\/wp\/v2\/types\/post"}],"author":[{"embeddable":true,"href":"https:\/\/www.noticiasradioreflejos.com.ar\/2021\/wp-json\/wp\/v2\/users\/3"}],"replies":[{"embeddable":true,"href":"https:\/\/www.noticiasradioreflejos.com.ar\/2021\/wp-json\/wp\/v2\/comments?post=76893"}],"version-history":[{"count":1,"href":"https:\/\/www.noticiasradioreflejos.com.ar\/2021\/wp-json\/wp\/v2\/posts\/76893\/revisions"}],"predecessor-version":[{"id":76895,"href":"https:\/\/www.noticiasradioreflejos.com.ar\/2021\/wp-json\/wp\/v2\/posts\/76893\/revisions\/76895"}],"wp:featuredmedia":[{"embeddable":true,"href":"https:\/\/www.noticiasradioreflejos.com.ar\/2021\/wp-json\/wp\/v2\/media\/76894"}],"wp:attachment":[{"href":"https:\/\/www.noticiasradioreflejos.com.ar\/2021\/wp-json\/wp\/v2\/media?parent=76893"}],"wp:term":[{"taxonomy":"category","embeddable":true,"href":"https:\/\/www.noticiasradioreflejos.com.ar\/2021\/wp-json\/wp\/v2\/categories?post=76893"},{"taxonomy":"post_tag","embeddable":true,"href":"https:\/\/www.noticiasradioreflejos.com.ar\/2021\/wp-json\/wp\/v2\/tags?post=76893"}],"curies":[{"name":"wp","href":"https:\/\/api.w.org\/{rel}","templated":true}]}}