{"id":76890,"date":"2022-08-27T11:37:43","date_gmt":"2022-08-27T11:37:43","guid":{"rendered":"http:\/\/www.noticiasradioreflejos.com.ar\/2021\/?p=76890"},"modified":"2022-08-27T11:37:43","modified_gmt":"2022-08-27T11:37:43","slug":"el-fdt-realizara-marchas-en-plazas-de-todo-el-pais-en-respaldo-a-la-vicepresidenta","status":"publish","type":"post","link":"https:\/\/www.noticiasradioreflejos.com.ar\/2021\/el-fdt-realizara-marchas-en-plazas-de-todo-el-pais-en-respaldo-a-la-vicepresidenta\/","title":{"rendered":"El FDT realizar\u00e1 marchas en plazas de todo el pa\u00eds en respaldo a la vicepresidenta"},"content":{"rendered":"<p>Habr\u00e1 encuentros y movilizaciones de las distintas expresiones del Frente de todos bajo la consigna \u00abSi vienen por ella, vienen por tus derechos\u00bb, luego del pedido de condena contra la expresidenta en el marco de la causa Vialidad.<!--more--><\/p>\n<figure class=\"mb-3\"><img decoding=\"async\" src=\"https:\/\/www.telam.com.ar\/thumbs\/bluesteel\/advf\/imagenes\/2022\/08\/6308de1558736_900.jpg\" alt=\"Foto Daniel Davobe\" width=\"100%\" height=\"100%\" \/><\/p>\n<div class=\"media-icons\"><\/div><figcaption>Foto: Daniel Davobe.<\/figcaption><\/figure>\n<p>Las distintas expresiones del Frente de Todos (FDT) realizar\u00e1n este sa\u00e1bdo encuentros y movilizaciones en distintas plazas del pa\u00eds, con epicentro en la ciudad de Buenos Aires y distintos municipios del conurbano bonaerense, en respaldo de la vicepresidenta Cristina Fern\u00e1ndez de Kirchner, luego de que esta semana el fiscal de la causa Vialidad pidiera para la exmandataria 12 a\u00f1os de prisi\u00f3n e inhabilitaci\u00f3n para ejercer cargos p\u00fablicos.<\/p>\n<p>Bajo las consignas<strong>\u00a0\u00abA Cristina la defiende el pueblo\u00bb<\/strong>\u00a0y<strong>\u00a0\u00abSi vienen por ella, vienen por tus derechos\u00bb<\/strong>, una de las manifestaciones principales ser\u00e1 la organizada por el FDT porte\u00f1o, que convoc\u00f3 a congregarse desde las 15 en el\u00a0<strong>Parque Lezama<\/strong>, del barrio porte\u00f1o de San Telmo.<\/p>\n<p>La convocatoria fue definida en un multitudinario<a href=\"https:\/\/www.telam.com.ar\/notas\/202208\/602817-frente-de-todos-ciudad-buenos-aires-respaldo-cristina-fernandez-de-kirchner.html\" target=\"_blank\" rel=\"noopener\">\u00a0\u00abcongreso abierto\u00bb del PJ porte\u00f1o<\/a>\u00a0que se reuni\u00f3 el jueves en su sede de la calle San Jos\u00e9, encabezado por el senador nacional y presidente del partido en CABA,\u00a0<strong>Mariano Recalde<\/strong>, y el presidente del congreso partidario,\u00a0<strong>V\u00edctor Santa Mar\u00eda<\/strong>, entre otros dirigentes, que resolvi\u00f3 marchar el jueves por la noche mismo al domicilio de Fern\u00e1ndez de Kirchner, en el barrio porte\u00f1o de Recoleta.<\/p>\n<p>&nbsp;<\/p>\n<figure class=\"mb-3\"><img decoding=\"async\" src=\"https:\/\/www.telam.com.ar\/thumbs\/bluesteel\/advf\/imagenes\/2022\/08\/63081322d77dd_900.jpg\" alt=\"Foto Alejandro Santa Cruz\" width=\"100%\" height=\"100%\" \/><\/p>\n<div class=\"media-icons\"><\/div><figcaption>Foto: Alejandro Santa Cruz.<\/figcaption><\/figure>\n<p>Tambi\u00e9n participaron del congreso -y posterior marcha- Santa Mar\u00eda; la diputada nacional\u00a0<strong>Mara Brawer<\/strong>; los legisladores porte\u00f1os\u00a0<strong>Franco Vitali<\/strong>\u00a0y\u00a0<strong>Juan Modarelli<\/strong>; y referentes del FDT de CABA como\u00a0<strong>H\u00e9ctor Recalde<\/strong>\u00a0y\u00a0<strong>Lorena Pokoik<\/strong>; entre muchos otros.<\/p>\n<p>Se sumaron as\u00ed a los militantes de diversas organizaciones sociales, pol\u00edticas y estudiantiles que mantienen una\u00a0<a href=\"https:\/\/www.telam.com.ar\/notas\/202208\/602830-cristina-juicio-casa-recoleta-apoyo-militancia-kirchnerismo.html\" target=\"_blank\" rel=\"noopener\">vigilia frente al domicilio<\/a>\u00a0desde el lunes, luego de que el fiscal Diego Luciani, en el marco del juicio denominado Vialidad, solicitara para la vicepresidenta una condena a 12 a\u00f1os de prisi\u00f3n e inhabilitaci\u00f3n para ejercer cargos p\u00fablicos.<\/p>\n<p>Para este s\u00e1bado, se esperan\u00a0<strong>movilizaciones similares en otras plazas de la ciudad de Buenos Aires y en distintos puntos del conurbano bonaerense y del resto del pa\u00eds<\/strong>, donde se multiplicar\u00e1n los mensajes en apoyo a Cristina Kirchner.<\/p>\n<p>Tambi\u00e9n a las 15, en el\u00a0<strong>Parque Chacabuco<\/strong>, el juez porte\u00f1o\u00a0<strong>Juan Mar\u00eda Ramos Padilla<\/strong>\u00a0y el dirigente peronista\u00a0<strong>Jorge Rachid\u00a0<\/strong>realizar\u00e1n un acto en reclamo de una \u00abdemocratizaci\u00f3n de la Justicia\u00bb, una \u00abJusticia independiente\u00bb y la \u00abrenuncia de la totalidad de los integrantes\u00bb de la Corte Suprema.<\/p>\n<figure class=\"mb-3\"><img decoding=\"async\" src=\"https:\/\/www.telam.com.ar\/thumbs\/bluesteel\/advf\/imagenes\/2022\/08\/6307f2bb771f0_900.jpg\" alt=\"Foto Alejandro Santa Cruz\" width=\"100%\" height=\"100%\" \/><\/p>\n<div class=\"media-icons\"><\/div><figcaption>Foto: Alejandro Santa Cruz.<\/figcaption><\/figure>\n<p>Por su parte, la Comuna 15 tambi\u00e9n organiza un encuentro en defensa de la exmandataria, con la consigna\u00a0<strong>\u00abContra el pelot\u00f3n de fusilamiento medi\u00e1tico y judicial\u00bb<\/strong>, del que participar\u00e1n la abogada Graciana Pe\u00f1afort; los diputados\u00a0<strong>Rodolfo Tailhade<\/strong>\u00a0y\u00a0<strong>Paula Penacca<\/strong>; la concejal\u00a0<strong>Luciana Guzm\u00e1n<\/strong>, la exjueza\u00a0<strong>Marita Roqueta<\/strong>\u00a0y la legisladora porte\u00f1a\u00a0<strong>Berenice Ia\u00f1ez<\/strong>.<\/p>\n<h2 class=\"\">Provincia de Buenos Aires<\/h2>\n<p>Sin un epicentro, en la provincia de Buenos Aires habr\u00e1 actos en la mayor\u00eda de los municipios del conurbano con la misma consigna \u00abEn defensa de Cristina\u00bb, en respuesta al\u00a0<a href=\"https:\/\/www.telam.com.ar\/notas\/202208\/602777-pj-bonaerense-apoyo-cristina-fernandez-de-kirchner.html\" target=\"_blank\" rel=\"noopener\">llamado de \u00abalerta y movilizaci\u00f3n\u00bb que decret\u00f3 en La Plata el PJ bonaerense<\/a>, que comanda el diputado\u00a0<strong>M\u00e1ximo Kirchner<\/strong>.<\/p>\n<p>En\u00a0<strong>La Plata<\/strong>, el acto central ser\u00e1 a partir de las 15 en Plaza Belgrano; en\u00a0<strong>Vicente L\u00f3pez<\/strong>, el FDT se reunir\u00e1 a las 11 en Plaza Alem; en\u00a0<strong>San Mart\u00edn<\/strong>, el encuentro ser\u00e1 a las 16 en la Plaza Central; en\u00a0<strong>Tres de Febrero<\/strong>, a las 11 en la Plaza de la Unidad Nacional; en\u00a0<strong>Avellaneda<\/strong>, a las 10.30 en la Plaza Alsina; y en\u00a0<strong>Monte Grande<\/strong>, a las 17 en Plaza Mitre; entre otras m\u00faltiples convocatorias.<\/p>\n<figure class=\"mb-3\"><img decoding=\"async\" src=\"https:\/\/www.telam.com.ar\/thumbs\/bluesteel\/advf\/imagenes\/2022\/08\/6306c49d99eef_900.jpg\" alt=\"Foto Ran Ferrari\" width=\"100%\" height=\"100%\" \/><\/p>\n<div class=\"media-icons\"><\/div><figcaption>Foto: Ra\u00fan Ferrari.<\/figcaption><\/figure>\n<p>Tambi\u00e9n habr\u00e1 encuentros en algunos puntos del\u00a0<strong>interior de la provincia de Buenos Aires<\/strong>, a pesar de no ser gobernados por intendentes del Frente de Todos, como es el caso de\u00a0<strong>Mar del Plata<\/strong>, donde habr\u00e1 una marcha organizada por el FDT a las 11 en la Plaza de la Revoluci\u00f3n de Mayo.<\/p>\n<h2 class=\"\">En todo el pa\u00eds<\/h2>\n<p>Con lemas como\u00a0<strong>\u00abBasta de lawfare\u00bb y \u00abEl Cristinazo\u00bb<\/strong>, habr\u00e1 tambi\u00e9n marchas de apoyo en las provincias de La\u00a0<strong>Pampa, Misiones, La Rioja, San Luis, Tierra del Fuego, Neuqu\u00e9n y Catamarca<\/strong>, entre otras.<\/p>\n<p>En\u00a0<strong>La Pampa<\/strong>, el acto ser\u00e1 a las 16 en el sal\u00f3n de eventos de Tel\u00e9n; en San Luis, a las 18 en la Plaza Pringles de la capital provincial; y en Tierra del Fuego, los militantes realizar\u00e1n a partir de las 16 una caravana en Ushuaia, R\u00edo Grande y Tolhuin.<\/p>\n<p>En tanto, en\u00a0<strong>Neuqu\u00e9n<\/strong>, el Partido Justicialista junto a las fuerzas pol\u00edticas que integran el Frente de Todos de la provincia convoc\u00f3 a movilizarse este s\u00e1bado a las 18 respaldo a la vicepresidenta frente al Monumento a Eva Per\u00f3n, en el microcentro de la ciudad de Neuqu\u00e9n, con la consigna \u00abMarchamos para apoyar a nuestra compa\u00f1era y conductora Cristina Fern\u00e1ndez de Kirchner, porque Cristina somos todos, todas y todes\u00bb.<\/p>\n<p>A su vez, en\u00a0<strong>Catamarca<\/strong>, el Partido Justicialista junto a organizaciones pol\u00edticas convocaron a movilizarse este s\u00e1bado a las 17 a la plaza La Alameda de la capital provincial en apoyo a la expresidenta en el marco de la actividad que denominaron como \u00abPlaza Compa\u00f1era-Todos con Cristina\u00bb.<\/p>\n<p>Adem\u00e1s, este viernes a las 18 se realizar\u00e1 una concentraci\u00f3n en la Plaza Belgrano de\u00a0<strong>San Salvador de Jujuy<\/strong>.<\/p>\n<p>En\u00a0<strong>Formosa<\/strong>, la agrupaci\u00f3n La C\u00e1mpora se concentrar\u00e1 a partir de las 18 en la Plaza San Mart\u00edn de la capital provincial, donde montar\u00e1n una radio abierta \u00abpara bancar a Cristina\u00bb.<\/p>\n<p>Las manifestaciones en respaldo a la vicepresidenta se organizan este s\u00e1bado tambi\u00e9n en otros pa\u00edses, donde militantes del FDT se congregar\u00e1n en Espa\u00f1a, Francia, Alemania, Holanda, Suiza, Italia, Portugal, Brasil y Australia.<\/p>\n<h2 class=\"\">En todo el mundo<\/h2>\n<p>Las manifestaciones en respaldo a la vicepresidenta se organizan este s\u00e1bado tambi\u00e9n en otros pa\u00edses, donde\u00a0<strong>militantes del FDT se congregar\u00e1n en Espa\u00f1a, Francia, Alemania, Holanda, Suiza, Italia, Portugal, Brasil y Australia<\/strong>.<\/p>\n","protected":false},"excerpt":{"rendered":"<p>Habr\u00e1 encuentros y movilizaciones de las distintas expresiones del Frente de todos bajo la consigna \u00abSi vienen por ella, vienen por tus derechos\u00bb, luego del pedido de condena contra la expresidenta en el marco de la causa Vialidad.<\/p>\n","protected":false},"author":3,"featured_media":0,"comment_status":"closed","ping_status":"closed","sticky":false,"template":"","format":"standard","meta":{"footnotes":""},"categories":[24],"tags":[],"class_list":["post-76890","post","type-post","status-publish","format-standard","hentry","category-politica"],"yoast_head":"<!-- This site is optimized with the Yoast SEO plugin v25.9 - https:\/\/yoast.com\/wordpress\/plugins\/seo\/ -->\n<title>El FDT realizar\u00e1 marchas en plazas de todo el pa\u00eds en respaldo a la vicepresidenta - Noticias Radio Reflejos<\/title>\n<meta name=\"robots\" content=\"index, follow, max-snippet:-1, max-image-preview:large, max-video-preview:-1\" \/>\n<link rel=\"canonical\" href=\"https:\/\/www.noticiasradioreflejos.com.ar\/2021\/el-fdt-realizara-marchas-en-plazas-de-todo-el-pais-en-respaldo-a-la-vicepresidenta\/\" \/>\n<meta property=\"og:locale\" content=\"es_ES\" \/>\n<meta property=\"og:type\" content=\"article\" \/>\n<meta property=\"og:title\" content=\"El FDT realizar\u00e1 marchas en plazas de todo el pa\u00eds en respaldo a la vicepresidenta - Noticias Radio Reflejos\" \/>\n<meta property=\"og:description\" content=\"Habr\u00e1 encuentros y movilizaciones de las distintas expresiones del Frente de todos bajo la consigna \u00abSi vienen por ella, vienen por tus derechos\u00bb, luego del pedido de condena contra la expresidenta en el marco de la causa Vialidad.\" \/>\n<meta property=\"og:url\" content=\"https:\/\/www.noticiasradioreflejos.com.ar\/2021\/el-fdt-realizara-marchas-en-plazas-de-todo-el-pais-en-respaldo-a-la-vicepresidenta\/\" \/>\n<meta property=\"og:site_name\" content=\"Noticias Radio Reflejos\" \/>\n<meta property=\"article:published_time\" content=\"2022-08-27T11:37:43+00:00\" \/>\n<meta property=\"og:image\" content=\"https:\/\/www.telam.com.ar\/thumbs\/bluesteel\/advf\/imagenes\/2022\/08\/6308de1558736_900.jpg\" \/>\n<meta name=\"author\" content=\"Arnaldo Botto\" \/>\n<meta name=\"twitter:card\" content=\"summary_large_image\" \/>\n<script type=\"application\/ld+json\" class=\"yoast-schema-graph\">{\"@context\":\"https:\/\/schema.org\",\"@graph\":[{\"@type\":\"WebPage\",\"@id\":\"https:\/\/www.noticiasradioreflejos.com.ar\/2021\/el-fdt-realizara-marchas-en-plazas-de-todo-el-pais-en-respaldo-a-la-vicepresidenta\/\",\"url\":\"https:\/\/www.noticiasradioreflejos.com.ar\/2021\/el-fdt-realizara-marchas-en-plazas-de-todo-el-pais-en-respaldo-a-la-vicepresidenta\/\",\"name\":\"El FDT realizar\u00e1 marchas en plazas de todo el pa\u00eds en respaldo a la vicepresidenta - Noticias Radio Reflejos\",\"isPartOf\":{\"@id\":\"https:\/\/www.noticiasradioreflejos.com.ar\/2021\/#website\"},\"primaryImageOfPage\":{\"@id\":\"https:\/\/www.noticiasradioreflejos.com.ar\/2021\/el-fdt-realizara-marchas-en-plazas-de-todo-el-pais-en-respaldo-a-la-vicepresidenta\/#primaryimage\"},\"image\":{\"@id\":\"https:\/\/www.noticiasradioreflejos.com.ar\/2021\/el-fdt-realizara-marchas-en-plazas-de-todo-el-pais-en-respaldo-a-la-vicepresidenta\/#primaryimage\"},\"thumbnailUrl\":\"https:\/\/www.telam.com.ar\/thumbs\/bluesteel\/advf\/imagenes\/2022\/08\/6308de1558736_900.jpg\",\"datePublished\":\"2022-08-27T11:37:43+00:00\",\"author\":{\"@id\":\"https:\/\/www.noticiasradioreflejos.com.ar\/2021\/#\/schema\/person\/ad82545263dcc5ec0996818884fd5fb1\"},\"breadcrumb\":{\"@id\":\"https:\/\/www.noticiasradioreflejos.com.ar\/2021\/el-fdt-realizara-marchas-en-plazas-de-todo-el-pais-en-respaldo-a-la-vicepresidenta\/#breadcrumb\"},\"inLanguage\":\"es\",\"potentialAction\":[{\"@type\":\"ReadAction\",\"target\":[\"https:\/\/www.noticiasradioreflejos.com.ar\/2021\/el-fdt-realizara-marchas-en-plazas-de-todo-el-pais-en-respaldo-a-la-vicepresidenta\/\"]}]},{\"@type\":\"ImageObject\",\"inLanguage\":\"es\",\"@id\":\"https:\/\/www.noticiasradioreflejos.com.ar\/2021\/el-fdt-realizara-marchas-en-plazas-de-todo-el-pais-en-respaldo-a-la-vicepresidenta\/#primaryimage\",\"url\":\"https:\/\/www.telam.com.ar\/thumbs\/bluesteel\/advf\/imagenes\/2022\/08\/6308de1558736_900.jpg\",\"contentUrl\":\"https:\/\/www.telam.com.ar\/thumbs\/bluesteel\/advf\/imagenes\/2022\/08\/6308de1558736_900.jpg\"},{\"@type\":\"BreadcrumbList\",\"@id\":\"https:\/\/www.noticiasradioreflejos.com.ar\/2021\/el-fdt-realizara-marchas-en-plazas-de-todo-el-pais-en-respaldo-a-la-vicepresidenta\/#breadcrumb\",\"itemListElement\":[{\"@type\":\"ListItem\",\"position\":1,\"name\":\"Portada\",\"item\":\"https:\/\/www.noticiasradioreflejos.com.ar\/2021\/\"},{\"@type\":\"ListItem\",\"position\":2,\"name\":\"El FDT realizar\u00e1 marchas en plazas de todo el pa\u00eds en respaldo a la vicepresidenta\"}]},{\"@type\":\"WebSite\",\"@id\":\"https:\/\/www.noticiasradioreflejos.com.ar\/2021\/#website\",\"url\":\"https:\/\/www.noticiasradioreflejos.com.ar\/2021\/\",\"name\":\"Noticias Radio Reflejos\",\"description\":\"Las noticias de mi comarca\",\"potentialAction\":[{\"@type\":\"SearchAction\",\"target\":{\"@type\":\"EntryPoint\",\"urlTemplate\":\"https:\/\/www.noticiasradioreflejos.com.ar\/2021\/?s={search_term_string}\"},\"query-input\":{\"@type\":\"PropertyValueSpecification\",\"valueRequired\":true,\"valueName\":\"search_term_string\"}}],\"inLanguage\":\"es\"},{\"@type\":\"Person\",\"@id\":\"https:\/\/www.noticiasradioreflejos.com.ar\/2021\/#\/schema\/person\/ad82545263dcc5ec0996818884fd5fb1\",\"name\":\"Arnaldo Botto\",\"image\":{\"@type\":\"ImageObject\",\"inLanguage\":\"es\",\"@id\":\"https:\/\/www.noticiasradioreflejos.com.ar\/2021\/#\/schema\/person\/image\/\",\"url\":\"https:\/\/secure.gravatar.com\/avatar\/55cb5e37c1efa326397366e6974cb338056df65cb50e7d64d1cf314e87504837?s=96&d=mm&r=g\",\"contentUrl\":\"https:\/\/secure.gravatar.com\/avatar\/55cb5e37c1efa326397366e6974cb338056df65cb50e7d64d1cf314e87504837?s=96&d=mm&r=g\",\"caption\":\"Arnaldo Botto\"},\"url\":\"https:\/\/www.noticiasradioreflejos.com.ar\/2021\/author\/arnaldo\/\"}]}<\/script>\n<!-- \/ Yoast SEO plugin. -->","yoast_head_json":{"title":"El FDT realizar\u00e1 marchas en plazas de todo el pa\u00eds en respaldo a la vicepresidenta - Noticias Radio Reflejos","robots":{"index":"index","follow":"follow","max-snippet":"max-snippet:-1","max-image-preview":"max-image-preview:large","max-video-preview":"max-video-preview:-1"},"canonical":"https:\/\/www.noticiasradioreflejos.com.ar\/2021\/el-fdt-realizara-marchas-en-plazas-de-todo-el-pais-en-respaldo-a-la-vicepresidenta\/","og_locale":"es_ES","og_type":"article","og_title":"El FDT realizar\u00e1 marchas en plazas de todo el pa\u00eds en respaldo a la vicepresidenta - Noticias Radio Reflejos","og_description":"Habr\u00e1 encuentros y movilizaciones de las distintas expresiones del Frente de todos bajo la consigna \u00abSi vienen por ella, vienen por tus derechos\u00bb, luego del pedido de condena contra la expresidenta en el marco de la causa Vialidad.","og_url":"https:\/\/www.noticiasradioreflejos.com.ar\/2021\/el-fdt-realizara-marchas-en-plazas-de-todo-el-pais-en-respaldo-a-la-vicepresidenta\/","og_site_name":"Noticias Radio Reflejos","article_published_time":"2022-08-27T11:37:43+00:00","og_image":[{"url":"https:\/\/www.telam.com.ar\/thumbs\/bluesteel\/advf\/imagenes\/2022\/08\/6308de1558736_900.jpg","type":"","width":"","height":""}],"author":"Arnaldo Botto","twitter_card":"summary_large_image","schema":{"@context":"https:\/\/schema.org","@graph":[{"@type":"WebPage","@id":"https:\/\/www.noticiasradioreflejos.com.ar\/2021\/el-fdt-realizara-marchas-en-plazas-de-todo-el-pais-en-respaldo-a-la-vicepresidenta\/","url":"https:\/\/www.noticiasradioreflejos.com.ar\/2021\/el-fdt-realizara-marchas-en-plazas-de-todo-el-pais-en-respaldo-a-la-vicepresidenta\/","name":"El FDT realizar\u00e1 marchas en plazas de todo el pa\u00eds en respaldo a la vicepresidenta - Noticias Radio Reflejos","isPartOf":{"@id":"https:\/\/www.noticiasradioreflejos.com.ar\/2021\/#website"},"primaryImageOfPage":{"@id":"https:\/\/www.noticiasradioreflejos.com.ar\/2021\/el-fdt-realizara-marchas-en-plazas-de-todo-el-pais-en-respaldo-a-la-vicepresidenta\/#primaryimage"},"image":{"@id":"https:\/\/www.noticiasradioreflejos.com.ar\/2021\/el-fdt-realizara-marchas-en-plazas-de-todo-el-pais-en-respaldo-a-la-vicepresidenta\/#primaryimage"},"thumbnailUrl":"https:\/\/www.telam.com.ar\/thumbs\/bluesteel\/advf\/imagenes\/2022\/08\/6308de1558736_900.jpg","datePublished":"2022-08-27T11:37:43+00:00","author":{"@id":"https:\/\/www.noticiasradioreflejos.com.ar\/2021\/#\/schema\/person\/ad82545263dcc5ec0996818884fd5fb1"},"breadcrumb":{"@id":"https:\/\/www.noticiasradioreflejos.com.ar\/2021\/el-fdt-realizara-marchas-en-plazas-de-todo-el-pais-en-respaldo-a-la-vicepresidenta\/#breadcrumb"},"inLanguage":"es","potentialAction":[{"@type":"ReadAction","target":["https:\/\/www.noticiasradioreflejos.com.ar\/2021\/el-fdt-realizara-marchas-en-plazas-de-todo-el-pais-en-respaldo-a-la-vicepresidenta\/"]}]},{"@type":"ImageObject","inLanguage":"es","@id":"https:\/\/www.noticiasradioreflejos.com.ar\/2021\/el-fdt-realizara-marchas-en-plazas-de-todo-el-pais-en-respaldo-a-la-vicepresidenta\/#primaryimage","url":"https:\/\/www.telam.com.ar\/thumbs\/bluesteel\/advf\/imagenes\/2022\/08\/6308de1558736_900.jpg","contentUrl":"https:\/\/www.telam.com.ar\/thumbs\/bluesteel\/advf\/imagenes\/2022\/08\/6308de1558736_900.jpg"},{"@type":"BreadcrumbList","@id":"https:\/\/www.noticiasradioreflejos.com.ar\/2021\/el-fdt-realizara-marchas-en-plazas-de-todo-el-pais-en-respaldo-a-la-vicepresidenta\/#breadcrumb","itemListElement":[{"@type":"ListItem","position":1,"name":"Portada","item":"https:\/\/www.noticiasradioreflejos.com.ar\/2021\/"},{"@type":"ListItem","position":2,"name":"El FDT realizar\u00e1 marchas en plazas de todo el pa\u00eds en respaldo a la vicepresidenta"}]},{"@type":"WebSite","@id":"https:\/\/www.noticiasradioreflejos.com.ar\/2021\/#website","url":"https:\/\/www.noticiasradioreflejos.com.ar\/2021\/","name":"Noticias Radio Reflejos","description":"Las noticias de mi comarca","potentialAction":[{"@type":"SearchAction","target":{"@type":"EntryPoint","urlTemplate":"https:\/\/www.noticiasradioreflejos.com.ar\/2021\/?s={search_term_string}"},"query-input":{"@type":"PropertyValueSpecification","valueRequired":true,"valueName":"search_term_string"}}],"inLanguage":"es"},{"@type":"Person","@id":"https:\/\/www.noticiasradioreflejos.com.ar\/2021\/#\/schema\/person\/ad82545263dcc5ec0996818884fd5fb1","name":"Arnaldo Botto","image":{"@type":"ImageObject","inLanguage":"es","@id":"https:\/\/www.noticiasradioreflejos.com.ar\/2021\/#\/schema\/person\/image\/","url":"https:\/\/secure.gravatar.com\/avatar\/55cb5e37c1efa326397366e6974cb338056df65cb50e7d64d1cf314e87504837?s=96&d=mm&r=g","contentUrl":"https:\/\/secure.gravatar.com\/avatar\/55cb5e37c1efa326397366e6974cb338056df65cb50e7d64d1cf314e87504837?s=96&d=mm&r=g","caption":"Arnaldo Botto"},"url":"https:\/\/www.noticiasradioreflejos.com.ar\/2021\/author\/arnaldo\/"}]}},"_links":{"self":[{"href":"https:\/\/www.noticiasradioreflejos.com.ar\/2021\/wp-json\/wp\/v2\/posts\/76890","targetHints":{"allow":["GET"]}}],"collection":[{"href":"https:\/\/www.noticiasradioreflejos.com.ar\/2021\/wp-json\/wp\/v2\/posts"}],"about":[{"href":"https:\/\/www.noticiasradioreflejos.com.ar\/2021\/wp-json\/wp\/v2\/types\/post"}],"author":[{"embeddable":true,"href":"https:\/\/www.noticiasradioreflejos.com.ar\/2021\/wp-json\/wp\/v2\/users\/3"}],"replies":[{"embeddable":true,"href":"https:\/\/www.noticiasradioreflejos.com.ar\/2021\/wp-json\/wp\/v2\/comments?post=76890"}],"version-history":[{"count":1,"href":"https:\/\/www.noticiasradioreflejos.com.ar\/2021\/wp-json\/wp\/v2\/posts\/76890\/revisions"}],"predecessor-version":[{"id":76892,"href":"https:\/\/www.noticiasradioreflejos.com.ar\/2021\/wp-json\/wp\/v2\/posts\/76890\/revisions\/76892"}],"wp:attachment":[{"href":"https:\/\/www.noticiasradioreflejos.com.ar\/2021\/wp-json\/wp\/v2\/media?parent=76890"}],"wp:term":[{"taxonomy":"category","embeddable":true,"href":"https:\/\/www.noticiasradioreflejos.com.ar\/2021\/wp-json\/wp\/v2\/categories?post=76890"},{"taxonomy":"post_tag","embeddable":true,"href":"https:\/\/www.noticiasradioreflejos.com.ar\/2021\/wp-json\/wp\/v2\/tags?post=76890"}],"curies":[{"name":"wp","href":"https:\/\/api.w.org\/{rel}","templated":true}]}}