{"id":76877,"date":"2022-08-27T11:21:59","date_gmt":"2022-08-27T11:21:59","guid":{"rendered":"http:\/\/www.noticiasradioreflejos.com.ar\/2021\/?p=76877"},"modified":"2022-08-27T11:21:59","modified_gmt":"2022-08-27T11:21:59","slug":"pedido-de-audiencia-con-el-intendente-por-emergencia-habitacional-y-el-transporte-de-pasajeros","status":"publish","type":"post","link":"https:\/\/www.noticiasradioreflejos.com.ar\/2021\/pedido-de-audiencia-con-el-intendente-por-emergencia-habitacional-y-el-transporte-de-pasajeros\/","title":{"rendered":"Pedido de audiencia con el intendente por emergencia habitacional y el transporte de pasajeros."},"content":{"rendered":"<h4>A nuestros vecinos y vecinas:<\/h4>\n<div dir=\"auto\">Queremos comentarles sobre el estado de situaci\u00f3n de los proyectos por la falta de viviendas y del servicio p\u00fablico de transporte de pasajeros de la Comarca. Desde la Agrupaci\u00f3n Ventania presentamos dos notas al Intendente Sergio Bordoni el 10 de agosto \u00faltimo. A\u00fan no tuvimos respuesta.<\/div>\n<p><!--more--><\/p>\n<div dir=\"auto\">En la primera de ellas solicitamos una audiencia con el fin de tratar el proceso de adhesi\u00f3n e implementaci\u00f3n de la Ley 14.449 de Acceso Justo al H\u00e1bitat de la Provincia de Buenos Aires en el Municipio de Tornquist.<\/div>\n<div dir=\"auto\">Como ustedes saben, desde hace meses estamos impulsando la implementaci\u00f3n efectiva a nivel local de dicha norma. Esto permitir\u00e1 a las familias poder acceder a lotes para construcci\u00f3n de vivienda \u00fanica, familiar y permanente. De esta manera abordamos la crisis habitacional que vive nuestra comunidad. Esta situaci\u00f3n es dram\u00e1tica para las familias. A la vez, genera un enorme trastorno para los comerciantes que no encuentran mano de obra para contratar.<\/div>\n<div dir=\"auto\">Conversamos con distintas organizaciones empresariales y sociales del distrito. Tambi\u00e9n con los y las concejalas para que el Municipio se adhiera a la normativa, cree el Registro de Demanda Habitacional y el Consejo Local de H\u00e1bitat y Vivienda. La respuesta es m\u00e1s que positiva.<\/div>\n<div dir=\"auto\">En la segunda nota se solicita al Municipio de Tornquist que instalen nuevas garitas de parada de veh\u00edculos. Los trabajadores y trabajadoras, estudiantes y docentes, e incluso turistas, que hacemos dedo al costado de la ruta sabemos de la necesidad de contar con mobiliario urbano que sirva como refugio de la lluvia, el viento, el sol y est\u00e9n iluminados. Pedimos, tambi\u00e9n, que se acondicione la infraestructura existente que no cumple estas condiciones.<\/div>\n<div dir=\"auto\">Este pedido surge de la Encuesta de satisfacci\u00f3n y diagn\u00f3stico del transporte p\u00fablico en el partido de Tornquist para conocer la opini\u00f3n de los vecinos y vecinas. A la fecha, el 95,9% de los encuestados respondi\u00f3 que le \u201cparece correcto que se presente un pedido al intendente para que se construyan nuevas garitas y se pida que las existentes tengan luz el\u00e9ctrica y un mejor reparo del viento\u201d.<\/div>\n<div dir=\"auto\">Estamos trabajando con profesionales especialistas en Desarrollo Territorial para acercar propuestas realistas que se puedan llevar a cabo. No hay que inventar nada, pero s\u00ed necesitamos generar y construir espacios de articulaci\u00f3n entre todos los sectores de nuestro querido distrito.<\/div>\n<div dir=\"auto\">Creemos importante resaltar que los mejores resultados para los vecinos y vecinas surgen de los acuerdos entre todos los sectores. Nadie tiene la verdad absoluta ni la capacidad econ\u00f3mica para llevar adelante estas pol\u00edticas. Dentro de la responsabilidad que le cabe a cada uno, pedimos que se abran espacios a la participaci\u00f3n ciudadana.<\/div>\n<div dir=\"auto\">El desarrollo de la comunidad es tarea de todos y todas. Nosotros, con todo respeto y humildad, estamos peticionando para ejercer el Derecho a una vivienda digna. Lo hacemos asumiendo la responsabilidad ciudadana de participar y ofrecer alternativas sensatas, ajustadas a derecho y en beneficio de todos. No se pide nada gratis y, adem\u00e1s, la aplicaci\u00f3n de la Ley supone beneficios para todos. Ya sea el sector p\u00fablico, el privado y de la sociedad civil.<\/div>\n<div dir=\"auto\">Para terminar, te comentamos que, sii a\u00fan no contestaste la encuesta de transporte, pod\u00e9s hacerlo en este enlace:<\/div>\n<div dir=\"auto\"><a href=\"https:\/\/forms.gle\/Sz15zNu3Hc8bk7Px8\" target=\"_blank\" rel=\"noopener\" data-saferedirecturl=\"https:\/\/www.google.com\/url?q=https:\/\/forms.gle\/Sz15zNu3Hc8bk7Px8&amp;source=gmail&amp;ust=1661685278996000&amp;usg=AOvVaw31J4tPfxLCbdm2jDeATjhS\">https:\/\/forms.gle\/<wbr \/>Sz15zNu3Hc8bk7Px8<\/a><\/div>\n<div dir=\"auto\">Adem\u00e1s, dejamos copias de las notas presentadas en Mesa de Entradas, donde solicitamos reuni\u00f3n con el Intendente Sergio Bordoni.<\/div>\n<div dir=\"auto\">Estamos en contacto.<\/div>\n<div dir=\"auto\">German Mendia Adriana Ferrari<\/div>\n<div dir=\"auto\">\u00a0 -Agrupaci\u00f3n Ventania-<\/div>\n","protected":false},"excerpt":{"rendered":"<p>A nuestros vecinos y vecinas: Queremos comentarles sobre el estado de situaci\u00f3n de los proyectos por la falta de viviendas y del servicio p\u00fablico de transporte de pasajeros de la Comarca. Desde la Agrupaci\u00f3n Ventania presentamos dos notas al Intendente Sergio Bordoni el 10 de agosto \u00faltimo. A\u00fan no tuvimos respuesta.<\/p>\n","protected":false},"author":3,"featured_media":76878,"comment_status":"closed","ping_status":"closed","sticky":false,"template":"","format":"standard","meta":{"footnotes":""},"categories":[24],"tags":[],"class_list":["post-76877","post","type-post","status-publish","format-standard","has-post-thumbnail","hentry","category-politica"],"yoast_head":"<!-- This site is optimized with the Yoast SEO plugin v25.9 - https:\/\/yoast.com\/wordpress\/plugins\/seo\/ -->\n<title>Pedido de audiencia con el intendente por emergencia habitacional y el transporte de pasajeros. - Noticias Radio Reflejos<\/title>\n<meta name=\"robots\" content=\"index, follow, max-snippet:-1, max-image-preview:large, max-video-preview:-1\" \/>\n<link rel=\"canonical\" href=\"https:\/\/www.noticiasradioreflejos.com.ar\/2021\/pedido-de-audiencia-con-el-intendente-por-emergencia-habitacional-y-el-transporte-de-pasajeros\/\" \/>\n<meta property=\"og:locale\" content=\"es_ES\" \/>\n<meta property=\"og:type\" content=\"article\" \/>\n<meta property=\"og:title\" content=\"Pedido de audiencia con el intendente por emergencia habitacional y el transporte de pasajeros. - Noticias Radio Reflejos\" \/>\n<meta property=\"og:description\" content=\"A nuestros vecinos y vecinas: Queremos comentarles sobre el estado de situaci\u00f3n de los proyectos por la falta de viviendas y del servicio p\u00fablico de transporte de pasajeros de la Comarca. Desde la Agrupaci\u00f3n Ventania presentamos dos notas al Intendente Sergio Bordoni el 10 de agosto \u00faltimo. A\u00fan no tuvimos respuesta.\" \/>\n<meta property=\"og:url\" content=\"https:\/\/www.noticiasradioreflejos.com.ar\/2021\/pedido-de-audiencia-con-el-intendente-por-emergencia-habitacional-y-el-transporte-de-pasajeros\/\" \/>\n<meta property=\"og:site_name\" content=\"Noticias Radio Reflejos\" \/>\n<meta property=\"article:published_time\" content=\"2022-08-27T11:21:59+00:00\" \/>\n<meta property=\"og:image\" content=\"https:\/\/www.noticiasradioreflejos.com.ar\/2021\/wp-content\/uploads\/2022\/08\/agrup2.png\" \/>\n\t<meta property=\"og:image:width\" content=\"1210\" \/>\n\t<meta property=\"og:image:height\" content=\"1197\" \/>\n\t<meta property=\"og:image:type\" content=\"image\/png\" \/>\n<meta name=\"author\" content=\"Arnaldo Botto\" \/>\n<meta name=\"twitter:card\" content=\"summary_large_image\" \/>\n<script type=\"application\/ld+json\" class=\"yoast-schema-graph\">{\"@context\":\"https:\/\/schema.org\",\"@graph\":[{\"@type\":\"WebPage\",\"@id\":\"https:\/\/www.noticiasradioreflejos.com.ar\/2021\/pedido-de-audiencia-con-el-intendente-por-emergencia-habitacional-y-el-transporte-de-pasajeros\/\",\"url\":\"https:\/\/www.noticiasradioreflejos.com.ar\/2021\/pedido-de-audiencia-con-el-intendente-por-emergencia-habitacional-y-el-transporte-de-pasajeros\/\",\"name\":\"Pedido de audiencia con el intendente por emergencia habitacional y el transporte de pasajeros. - Noticias Radio Reflejos\",\"isPartOf\":{\"@id\":\"https:\/\/www.noticiasradioreflejos.com.ar\/2021\/#website\"},\"primaryImageOfPage\":{\"@id\":\"https:\/\/www.noticiasradioreflejos.com.ar\/2021\/pedido-de-audiencia-con-el-intendente-por-emergencia-habitacional-y-el-transporte-de-pasajeros\/#primaryimage\"},\"image\":{\"@id\":\"https:\/\/www.noticiasradioreflejos.com.ar\/2021\/pedido-de-audiencia-con-el-intendente-por-emergencia-habitacional-y-el-transporte-de-pasajeros\/#primaryimage\"},\"thumbnailUrl\":\"https:\/\/www.noticiasradioreflejos.com.ar\/2021\/wp-content\/uploads\/2022\/08\/agrup2.png\",\"datePublished\":\"2022-08-27T11:21:59+00:00\",\"author\":{\"@id\":\"https:\/\/www.noticiasradioreflejos.com.ar\/2021\/#\/schema\/person\/ad82545263dcc5ec0996818884fd5fb1\"},\"breadcrumb\":{\"@id\":\"https:\/\/www.noticiasradioreflejos.com.ar\/2021\/pedido-de-audiencia-con-el-intendente-por-emergencia-habitacional-y-el-transporte-de-pasajeros\/#breadcrumb\"},\"inLanguage\":\"es\",\"potentialAction\":[{\"@type\":\"ReadAction\",\"target\":[\"https:\/\/www.noticiasradioreflejos.com.ar\/2021\/pedido-de-audiencia-con-el-intendente-por-emergencia-habitacional-y-el-transporte-de-pasajeros\/\"]}]},{\"@type\":\"ImageObject\",\"inLanguage\":\"es\",\"@id\":\"https:\/\/www.noticiasradioreflejos.com.ar\/2021\/pedido-de-audiencia-con-el-intendente-por-emergencia-habitacional-y-el-transporte-de-pasajeros\/#primaryimage\",\"url\":\"https:\/\/www.noticiasradioreflejos.com.ar\/2021\/wp-content\/uploads\/2022\/08\/agrup2.png\",\"contentUrl\":\"https:\/\/www.noticiasradioreflejos.com.ar\/2021\/wp-content\/uploads\/2022\/08\/agrup2.png\",\"width\":1210,\"height\":1197},{\"@type\":\"BreadcrumbList\",\"@id\":\"https:\/\/www.noticiasradioreflejos.com.ar\/2021\/pedido-de-audiencia-con-el-intendente-por-emergencia-habitacional-y-el-transporte-de-pasajeros\/#breadcrumb\",\"itemListElement\":[{\"@type\":\"ListItem\",\"position\":1,\"name\":\"Portada\",\"item\":\"https:\/\/www.noticiasradioreflejos.com.ar\/2021\/\"},{\"@type\":\"ListItem\",\"position\":2,\"name\":\"Pedido de audiencia con el intendente por emergencia habitacional y el transporte de pasajeros.\"}]},{\"@type\":\"WebSite\",\"@id\":\"https:\/\/www.noticiasradioreflejos.com.ar\/2021\/#website\",\"url\":\"https:\/\/www.noticiasradioreflejos.com.ar\/2021\/\",\"name\":\"Noticias Radio Reflejos\",\"description\":\"Las noticias de mi comarca\",\"potentialAction\":[{\"@type\":\"SearchAction\",\"target\":{\"@type\":\"EntryPoint\",\"urlTemplate\":\"https:\/\/www.noticiasradioreflejos.com.ar\/2021\/?s={search_term_string}\"},\"query-input\":{\"@type\":\"PropertyValueSpecification\",\"valueRequired\":true,\"valueName\":\"search_term_string\"}}],\"inLanguage\":\"es\"},{\"@type\":\"Person\",\"@id\":\"https:\/\/www.noticiasradioreflejos.com.ar\/2021\/#\/schema\/person\/ad82545263dcc5ec0996818884fd5fb1\",\"name\":\"Arnaldo Botto\",\"image\":{\"@type\":\"ImageObject\",\"inLanguage\":\"es\",\"@id\":\"https:\/\/www.noticiasradioreflejos.com.ar\/2021\/#\/schema\/person\/image\/\",\"url\":\"https:\/\/secure.gravatar.com\/avatar\/55cb5e37c1efa326397366e6974cb338056df65cb50e7d64d1cf314e87504837?s=96&d=mm&r=g\",\"contentUrl\":\"https:\/\/secure.gravatar.com\/avatar\/55cb5e37c1efa326397366e6974cb338056df65cb50e7d64d1cf314e87504837?s=96&d=mm&r=g\",\"caption\":\"Arnaldo Botto\"},\"url\":\"https:\/\/www.noticiasradioreflejos.com.ar\/2021\/author\/arnaldo\/\"}]}<\/script>\n<!-- \/ Yoast SEO plugin. -->","yoast_head_json":{"title":"Pedido de audiencia con el intendente por emergencia habitacional y el transporte de pasajeros. - Noticias Radio Reflejos","robots":{"index":"index","follow":"follow","max-snippet":"max-snippet:-1","max-image-preview":"max-image-preview:large","max-video-preview":"max-video-preview:-1"},"canonical":"https:\/\/www.noticiasradioreflejos.com.ar\/2021\/pedido-de-audiencia-con-el-intendente-por-emergencia-habitacional-y-el-transporte-de-pasajeros\/","og_locale":"es_ES","og_type":"article","og_title":"Pedido de audiencia con el intendente por emergencia habitacional y el transporte de pasajeros. - Noticias Radio Reflejos","og_description":"A nuestros vecinos y vecinas: Queremos comentarles sobre el estado de situaci\u00f3n de los proyectos por la falta de viviendas y del servicio p\u00fablico de transporte de pasajeros de la Comarca. Desde la Agrupaci\u00f3n Ventania presentamos dos notas al Intendente Sergio Bordoni el 10 de agosto \u00faltimo. A\u00fan no tuvimos respuesta.","og_url":"https:\/\/www.noticiasradioreflejos.com.ar\/2021\/pedido-de-audiencia-con-el-intendente-por-emergencia-habitacional-y-el-transporte-de-pasajeros\/","og_site_name":"Noticias Radio Reflejos","article_published_time":"2022-08-27T11:21:59+00:00","og_image":[{"width":1210,"height":1197,"url":"https:\/\/www.noticiasradioreflejos.com.ar\/2021\/wp-content\/uploads\/2022\/08\/agrup2.png","type":"image\/png"}],"author":"Arnaldo Botto","twitter_card":"summary_large_image","schema":{"@context":"https:\/\/schema.org","@graph":[{"@type":"WebPage","@id":"https:\/\/www.noticiasradioreflejos.com.ar\/2021\/pedido-de-audiencia-con-el-intendente-por-emergencia-habitacional-y-el-transporte-de-pasajeros\/","url":"https:\/\/www.noticiasradioreflejos.com.ar\/2021\/pedido-de-audiencia-con-el-intendente-por-emergencia-habitacional-y-el-transporte-de-pasajeros\/","name":"Pedido de audiencia con el intendente por emergencia habitacional y el transporte de pasajeros. - Noticias Radio Reflejos","isPartOf":{"@id":"https:\/\/www.noticiasradioreflejos.com.ar\/2021\/#website"},"primaryImageOfPage":{"@id":"https:\/\/www.noticiasradioreflejos.com.ar\/2021\/pedido-de-audiencia-con-el-intendente-por-emergencia-habitacional-y-el-transporte-de-pasajeros\/#primaryimage"},"image":{"@id":"https:\/\/www.noticiasradioreflejos.com.ar\/2021\/pedido-de-audiencia-con-el-intendente-por-emergencia-habitacional-y-el-transporte-de-pasajeros\/#primaryimage"},"thumbnailUrl":"https:\/\/www.noticiasradioreflejos.com.ar\/2021\/wp-content\/uploads\/2022\/08\/agrup2.png","datePublished":"2022-08-27T11:21:59+00:00","author":{"@id":"https:\/\/www.noticiasradioreflejos.com.ar\/2021\/#\/schema\/person\/ad82545263dcc5ec0996818884fd5fb1"},"breadcrumb":{"@id":"https:\/\/www.noticiasradioreflejos.com.ar\/2021\/pedido-de-audiencia-con-el-intendente-por-emergencia-habitacional-y-el-transporte-de-pasajeros\/#breadcrumb"},"inLanguage":"es","potentialAction":[{"@type":"ReadAction","target":["https:\/\/www.noticiasradioreflejos.com.ar\/2021\/pedido-de-audiencia-con-el-intendente-por-emergencia-habitacional-y-el-transporte-de-pasajeros\/"]}]},{"@type":"ImageObject","inLanguage":"es","@id":"https:\/\/www.noticiasradioreflejos.com.ar\/2021\/pedido-de-audiencia-con-el-intendente-por-emergencia-habitacional-y-el-transporte-de-pasajeros\/#primaryimage","url":"https:\/\/www.noticiasradioreflejos.com.ar\/2021\/wp-content\/uploads\/2022\/08\/agrup2.png","contentUrl":"https:\/\/www.noticiasradioreflejos.com.ar\/2021\/wp-content\/uploads\/2022\/08\/agrup2.png","width":1210,"height":1197},{"@type":"BreadcrumbList","@id":"https:\/\/www.noticiasradioreflejos.com.ar\/2021\/pedido-de-audiencia-con-el-intendente-por-emergencia-habitacional-y-el-transporte-de-pasajeros\/#breadcrumb","itemListElement":[{"@type":"ListItem","position":1,"name":"Portada","item":"https:\/\/www.noticiasradioreflejos.com.ar\/2021\/"},{"@type":"ListItem","position":2,"name":"Pedido de audiencia con el intendente por emergencia habitacional y el transporte de pasajeros."}]},{"@type":"WebSite","@id":"https:\/\/www.noticiasradioreflejos.com.ar\/2021\/#website","url":"https:\/\/www.noticiasradioreflejos.com.ar\/2021\/","name":"Noticias Radio Reflejos","description":"Las noticias de mi comarca","potentialAction":[{"@type":"SearchAction","target":{"@type":"EntryPoint","urlTemplate":"https:\/\/www.noticiasradioreflejos.com.ar\/2021\/?s={search_term_string}"},"query-input":{"@type":"PropertyValueSpecification","valueRequired":true,"valueName":"search_term_string"}}],"inLanguage":"es"},{"@type":"Person","@id":"https:\/\/www.noticiasradioreflejos.com.ar\/2021\/#\/schema\/person\/ad82545263dcc5ec0996818884fd5fb1","name":"Arnaldo Botto","image":{"@type":"ImageObject","inLanguage":"es","@id":"https:\/\/www.noticiasradioreflejos.com.ar\/2021\/#\/schema\/person\/image\/","url":"https:\/\/secure.gravatar.com\/avatar\/55cb5e37c1efa326397366e6974cb338056df65cb50e7d64d1cf314e87504837?s=96&d=mm&r=g","contentUrl":"https:\/\/secure.gravatar.com\/avatar\/55cb5e37c1efa326397366e6974cb338056df65cb50e7d64d1cf314e87504837?s=96&d=mm&r=g","caption":"Arnaldo Botto"},"url":"https:\/\/www.noticiasradioreflejos.com.ar\/2021\/author\/arnaldo\/"}]}},"_links":{"self":[{"href":"https:\/\/www.noticiasradioreflejos.com.ar\/2021\/wp-json\/wp\/v2\/posts\/76877","targetHints":{"allow":["GET"]}}],"collection":[{"href":"https:\/\/www.noticiasradioreflejos.com.ar\/2021\/wp-json\/wp\/v2\/posts"}],"about":[{"href":"https:\/\/www.noticiasradioreflejos.com.ar\/2021\/wp-json\/wp\/v2\/types\/post"}],"author":[{"embeddable":true,"href":"https:\/\/www.noticiasradioreflejos.com.ar\/2021\/wp-json\/wp\/v2\/users\/3"}],"replies":[{"embeddable":true,"href":"https:\/\/www.noticiasradioreflejos.com.ar\/2021\/wp-json\/wp\/v2\/comments?post=76877"}],"version-history":[{"count":1,"href":"https:\/\/www.noticiasradioreflejos.com.ar\/2021\/wp-json\/wp\/v2\/posts\/76877\/revisions"}],"predecessor-version":[{"id":76879,"href":"https:\/\/www.noticiasradioreflejos.com.ar\/2021\/wp-json\/wp\/v2\/posts\/76877\/revisions\/76879"}],"wp:featuredmedia":[{"embeddable":true,"href":"https:\/\/www.noticiasradioreflejos.com.ar\/2021\/wp-json\/wp\/v2\/media\/76878"}],"wp:attachment":[{"href":"https:\/\/www.noticiasradioreflejos.com.ar\/2021\/wp-json\/wp\/v2\/media?parent=76877"}],"wp:term":[{"taxonomy":"category","embeddable":true,"href":"https:\/\/www.noticiasradioreflejos.com.ar\/2021\/wp-json\/wp\/v2\/categories?post=76877"},{"taxonomy":"post_tag","embeddable":true,"href":"https:\/\/www.noticiasradioreflejos.com.ar\/2021\/wp-json\/wp\/v2\/tags?post=76877"}],"curies":[{"name":"wp","href":"https:\/\/api.w.org\/{rel}","templated":true}]}}