{"id":76872,"date":"2022-08-27T00:37:38","date_gmt":"2022-08-27T00:37:38","guid":{"rendered":"http:\/\/www.noticiasradioreflejos.com.ar\/2021\/?p=76872"},"modified":"2022-08-27T00:37:38","modified_gmt":"2022-08-27T00:37:38","slug":"estela-diaz-trabajamos-para-construir-un-gobierno-de-cercania-solidario-transparente","status":"publish","type":"post","link":"https:\/\/www.noticiasradioreflejos.com.ar\/2021\/estela-diaz-trabajamos-para-construir-un-gobierno-de-cercania-solidario-transparente\/","title":{"rendered":"Estela D\u00edaz: \u201cTrabajamos para construir un gobierno de cercan\u00eda, solidario, transparente\u201d"},"content":{"rendered":"<p>En el marco de la recorrida por la Regi\u00f3n Sexta, la ministra de las Mujeres, Pol\u00edticas de G\u00e9nero y Diversidad Sexual Estela D\u00edaz visit\u00f3 los municipios de Pellegrini, Salliquel\u00f3 y Tres Lomas, donde junto a su equipo particip\u00f3 de diversas actividades. Ayer, Estela D\u00edaz en la localidad de Am\u00e9rica, inaugur\u00f3 el mural \u201cEllas no estaban pintadas\u201d en la Escuela de Educaci\u00f3n Secundaria N\u00b05.<!--more--><\/p>\n<p><b>Pellegrini<\/b><\/p>\n<p>En Pellegrini, la Ministra fue recibida por el intendente Guillermo Pacheco y su equipo de gobierno, con quienes conversaron sobre las articulaciones para los abordajes de las situaciones de violencias por razones de g\u00e9nero. Las trabajadoras y trabajadores del municipio est\u00e1n por iniciar el curso de formaci\u00f3n para formadoras y formadores en el marco de la en Ley Micaela. Y realizaron una adaptaci\u00f3n local del programa provincial para promover la equidad laboral \u201cOficios sin Prejuicios\u201d.\u00a0 Acompa\u00f1aron la recorrida la directora de Regi\u00f3n Sexta Silvia Zaballa y la directora provincial de Comunicaci\u00f3n Luc\u00eda Garc\u00eda Itzigsohn.<\/p>\n<p>\u201cTrabajamos para construir un gobierno de cercan\u00eda, solidario, transparente y que construya un Estado presente. En la provincia de Buenos Aires, un territorio tan amplio, la tarea es construirlo en los 135 municipios que la componen, en las localidades m\u00e1s pobladas y en las menos pobladas\u201d se\u00f1al\u00f3 Estela D\u00edaz en di\u00e1logo con organizaciones pol\u00edticas de la localidad.<\/p>\n<p><b>Salliquel\u00f3<\/b><\/p>\n<p>En Salliquel\u00f3, fue recibida por el intendente Juan Miguel Nosetti con quien particip\u00f3 de la Mesa Local Intersectorial.<\/p>\n<p>\u201cLa violencia por razones de g\u00e9nero est\u00e1 instalada en nuestra sociedad, es hist\u00f3rica y es estructural. La desigualdad de g\u00e9nero est\u00e1 absolutamente enraizada y todav\u00eda se viven situaciones de desigualdad en lo laboral, en lo econ\u00f3mico, en lo social y en lo deportivo. La violencia es un s\u00edntoma de esas desigualdades. Esos son los temas que como Ministerio abordamos. El Estado tiene que estar presente y hay que dar respuesta\u201d se\u00f1al\u00f3 la Ministra.<\/p>\n<p>La Mesa Local de Salliquel\u00f3 se re\u00fane mensualmente y est\u00e1 integrada por las instituciones que trabajan la comisar\u00eda de la Mujer, la justicia, organizaciones, concejalas y concejales y el \u00e1rea de g\u00e9nero. En la reuni\u00f3n la coordinadora de Desarrollo Social y Educaci\u00f3n Patricia Montero, la coordinadora de la Oficina de G\u00e9nero y Diversidad Eliana Alonso, las concejalas Rosalba Vargas y Antonella Botazzi hicieron un balance de lo trabajado, valoraron las herramientas que brinda el Ministerio, tanto econ\u00f3micas que permitieron armar el equipo del \u00e1rea como t\u00e9cnicas en el acompa\u00f1amiento de la gesti\u00f3n.<\/p>\n<p>Luego, Estela D\u00edaz visit\u00f3 el emprendimiento textil creado a partir del programa \u201cComunidades sin Violencias\u201d que produce prendas de trabajo con maquinaria de \u00faltima generaci\u00f3n. Trabajan en el emprendimiento mujeres que se encuentran en el proceso de salida de las violencias y quienes son sost\u00e9n de hogar. El Ministerio brind\u00f3 apoyo econ\u00f3mico para que se tomen equipos interdisciplinarios y para constituir un emprendimiento textil para garantizar el acceso al trabajo y la autonom\u00eda econ\u00f3mica.<\/p>\n<p>En la Escuela N\u00b01 Estela D\u00edaz dialog\u00f3 con estudiantes y docentes que realizaron actividades en el marco de la semana de la ESI sobre el cuidado del cuerpo, la salud, el ejercicio de los derechos, la perspectiva de g\u00e9nero y de diversidad. \u201cLa ESI contribuye a la formaci\u00f3n y la reflexi\u00f3n de c\u00f3mo nos vinculamos, c\u00f3mo crecemos y c\u00f3mo pensamos nuestro futuro\u201d destac\u00f3 la Ministra en di\u00e1logo con las y los estudiantes.<\/p>\n<p>Finalmente, se realiz\u00f3 una conferencia de prensa con medios locales, donde se dieron detalles sobre las pol\u00edticas del Ministerio y la situaci\u00f3n contextual. \u201cLlevamos visitados 16 municipios de los 22 que componen la Regi\u00f3n Sexta. La territorialidad es un mandato de nuestra gesti\u00f3n y trabajamos para seguir construyendo la cercan\u00eda. Articulamos e impulsamos pol\u00edticas de conjunto para llegar a todas las y los bonaerenses\u201d indic\u00f3 Estela D\u00edaz.<\/p>\n<p><b>Tres Lomas<\/b><\/p>\n<p>En la localidad de Tres Lomas, la ministra fue recibida por el intendente Jorge Carrera, con quien visit\u00f3 el Museo Municipal que funciona en la antigua Estaci\u00f3n Provincial, un espacio cultural donde se realizan muestras y actividades art\u00edsticas.<\/p>\n<p>Luego, participaron de la jornada \u201cReconstruyendo\u201d con escuelas secundarias, en la Escuela T\u00e9cnica N\u00b01.<\/p>\n<p>Junto a estudiantes secundarios se llev\u00f3 adelante un taller de promoci\u00f3n y sensibilizaci\u00f3n sobre educaci\u00f3n sexual integral donde se analizaron letras de canciones, las representaciones, estereotipos y se hizo una puesta en com\u00fan.<\/p>\n<p>\u201cLa escuela es y tiene que ser cada vez m\u00e1s inclusiva e igualitaria. Que se analicen las canciones no es para no escucharlas o no bailar, sino para que las problematicemos. De eso se trata, de poder pensar en qu\u00e9 nos est\u00e1n diciendo, es un derecho de las y los estudiantes. Lo que pretendemos es desnaturalizar estereotipos para construir m\u00e1s igualdad, no discriminar y no desconocernos en las diferencias\u201d se\u00f1al\u00f3 la Ministra.<\/p>\n<div dir=\"ltr\"><\/div>\n<div dir=\"ltr\">Link de fotos:\u00a0<a href=\"https:\/\/bit.ly\/3KoxFiB\" target=\"_blank\" rel=\"noopener\" data-saferedirecturl=\"https:\/\/www.google.com\/url?q=https:\/\/bit.ly\/3KoxFiB&amp;source=gmail&amp;ust=1661642986887000&amp;usg=AOvVaw1ZRq2KOI8_sZ67f_4nNFjz\">https:\/\/bit.ly\/3KoxFiB<\/a><\/div>\n<div dir=\"ltr\"><\/div>\n<div dir=\"ltr\"><\/div>\n<div>Estamos en redes sociales como MinMujeresPBA en\u00a0<a href=\"https:\/\/twitter.com\/MinMujeresPBA\" target=\"_blank\" rel=\"noopener\" data-saferedirecturl=\"https:\/\/www.google.com\/url?q=https:\/\/twitter.com\/MinMujeresPBA&amp;source=gmail&amp;ust=1661642986887000&amp;usg=AOvVaw1NEiXv3GrYFaoMnuCTVcyv\">Twitter<\/a>,\u00a0<a href=\"https:\/\/www.facebook.com\/MinMujeresPBA\/\" target=\"_blank\" rel=\"noopener\" data-saferedirecturl=\"https:\/\/www.google.com\/url?q=https:\/\/www.facebook.com\/MinMujeresPBA\/&amp;source=gmail&amp;ust=1661642986887000&amp;usg=AOvVaw0UhYbETOv1lrvF_JVW75Xw\">Facebook\u00a0\u00a0<\/a>e\u00a0<a href=\"https:\/\/www.instagram.com\/minmujerespba\/?hl=es-la\" target=\"_blank\" rel=\"noopener\" data-saferedirecturl=\"https:\/\/www.google.com\/url?q=https:\/\/www.instagram.com\/minmujerespba\/?hl%3Des-la&amp;source=gmail&amp;ust=1661642986887000&amp;usg=AOvVaw1V8lYpT1a3LGN6b8ifMI8-\">Instagram<\/a><\/div>\n<div dir=\"ltr\"><\/div>\n<div dir=\"ltr\"><img loading=\"lazy\" decoding=\"async\" class=\"CToWUd\" src=\"https:\/\/ci3.googleusercontent.com\/mail-sig\/AIorK4wLGIulQyBYM0ims_qo4DxNusz3UA7oU9o3CQxt6vQUdFjD_-lAkhUoeTyKaU_aSXdOhcP8Owg\" width=\"200\" height=\"20\" data-bit=\"iit\" \/><\/div>\n<p>&nbsp;<\/p>\n<div dir=\"ltr\"><img loading=\"lazy\" decoding=\"async\" class=\"CToWUd a6T\" tabindex=\"0\" src=\"https:\/\/ci3.googleusercontent.com\/mail-sig\/AIorK4wOj1mtRAEdCb-KV0PjL7mZ7Yw_1hhRdVaLQqNZp8kBZtPB-FqSYDgmVzQeXGZt5izrRbabkz8\" width=\"420\" height=\"102\" data-bit=\"iit\" \/><\/div>\n","protected":false},"excerpt":{"rendered":"<p>En el marco de la recorrida por la Regi\u00f3n Sexta, la ministra de las Mujeres, Pol\u00edticas de G\u00e9nero y Diversidad Sexual Estela D\u00edaz visit\u00f3 los municipios de Pellegrini, Salliquel\u00f3 y Tres Lomas, donde junto a su equipo particip\u00f3 de diversas actividades. Ayer, Estela D\u00edaz en la localidad de Am\u00e9rica, inaugur\u00f3 el mural \u201cEllas no estaban [&hellip;]<\/p>\n","protected":false},"author":3,"featured_media":0,"comment_status":"closed","ping_status":"closed","sticky":false,"template":"","format":"standard","meta":{"footnotes":""},"categories":[58,24],"tags":[],"class_list":["post-76872","post","type-post","status-publish","format-standard","hentry","category-gobierno","category-politica"],"yoast_head":"<!-- This site is optimized with the Yoast SEO plugin v25.9 - https:\/\/yoast.com\/wordpress\/plugins\/seo\/ -->\n<title>Estela D\u00edaz: \u201cTrabajamos para construir un gobierno de cercan\u00eda, solidario, transparente\u201d - Noticias Radio Reflejos<\/title>\n<meta name=\"robots\" content=\"index, follow, max-snippet:-1, max-image-preview:large, max-video-preview:-1\" \/>\n<link rel=\"canonical\" href=\"https:\/\/www.noticiasradioreflejos.com.ar\/2021\/estela-diaz-trabajamos-para-construir-un-gobierno-de-cercania-solidario-transparente\/\" \/>\n<meta property=\"og:locale\" content=\"es_ES\" \/>\n<meta property=\"og:type\" content=\"article\" \/>\n<meta property=\"og:title\" content=\"Estela D\u00edaz: \u201cTrabajamos para construir un gobierno de cercan\u00eda, solidario, transparente\u201d - Noticias Radio Reflejos\" \/>\n<meta property=\"og:description\" content=\"En el marco de la recorrida por la Regi\u00f3n Sexta, la ministra de las Mujeres, Pol\u00edticas de G\u00e9nero y Diversidad Sexual Estela D\u00edaz visit\u00f3 los municipios de Pellegrini, Salliquel\u00f3 y Tres Lomas, donde junto a su equipo particip\u00f3 de diversas actividades. Ayer, Estela D\u00edaz en la localidad de Am\u00e9rica, inaugur\u00f3 el mural \u201cEllas no estaban [&hellip;]\" \/>\n<meta property=\"og:url\" content=\"https:\/\/www.noticiasradioreflejos.com.ar\/2021\/estela-diaz-trabajamos-para-construir-un-gobierno-de-cercania-solidario-transparente\/\" \/>\n<meta property=\"og:site_name\" content=\"Noticias Radio Reflejos\" \/>\n<meta property=\"article:published_time\" content=\"2022-08-27T00:37:38+00:00\" \/>\n<meta property=\"og:image\" content=\"https:\/\/ci3.googleusercontent.com\/mail-sig\/AIorK4wLGIulQyBYM0ims_qo4DxNusz3UA7oU9o3CQxt6vQUdFjD_-lAkhUoeTyKaU_aSXdOhcP8Owg\" \/>\n<meta name=\"author\" content=\"Arnaldo Botto\" \/>\n<meta name=\"twitter:card\" content=\"summary_large_image\" \/>\n<script type=\"application\/ld+json\" class=\"yoast-schema-graph\">{\"@context\":\"https:\/\/schema.org\",\"@graph\":[{\"@type\":\"WebPage\",\"@id\":\"https:\/\/www.noticiasradioreflejos.com.ar\/2021\/estela-diaz-trabajamos-para-construir-un-gobierno-de-cercania-solidario-transparente\/\",\"url\":\"https:\/\/www.noticiasradioreflejos.com.ar\/2021\/estela-diaz-trabajamos-para-construir-un-gobierno-de-cercania-solidario-transparente\/\",\"name\":\"Estela D\u00edaz: \u201cTrabajamos para construir un gobierno de cercan\u00eda, solidario, transparente\u201d - Noticias Radio Reflejos\",\"isPartOf\":{\"@id\":\"https:\/\/www.noticiasradioreflejos.com.ar\/2021\/#website\"},\"primaryImageOfPage\":{\"@id\":\"https:\/\/www.noticiasradioreflejos.com.ar\/2021\/estela-diaz-trabajamos-para-construir-un-gobierno-de-cercania-solidario-transparente\/#primaryimage\"},\"image\":{\"@id\":\"https:\/\/www.noticiasradioreflejos.com.ar\/2021\/estela-diaz-trabajamos-para-construir-un-gobierno-de-cercania-solidario-transparente\/#primaryimage\"},\"thumbnailUrl\":\"https:\/\/ci3.googleusercontent.com\/mail-sig\/AIorK4wLGIulQyBYM0ims_qo4DxNusz3UA7oU9o3CQxt6vQUdFjD_-lAkhUoeTyKaU_aSXdOhcP8Owg\",\"datePublished\":\"2022-08-27T00:37:38+00:00\",\"author\":{\"@id\":\"https:\/\/www.noticiasradioreflejos.com.ar\/2021\/#\/schema\/person\/ad82545263dcc5ec0996818884fd5fb1\"},\"breadcrumb\":{\"@id\":\"https:\/\/www.noticiasradioreflejos.com.ar\/2021\/estela-diaz-trabajamos-para-construir-un-gobierno-de-cercania-solidario-transparente\/#breadcrumb\"},\"inLanguage\":\"es\",\"potentialAction\":[{\"@type\":\"ReadAction\",\"target\":[\"https:\/\/www.noticiasradioreflejos.com.ar\/2021\/estela-diaz-trabajamos-para-construir-un-gobierno-de-cercania-solidario-transparente\/\"]}]},{\"@type\":\"ImageObject\",\"inLanguage\":\"es\",\"@id\":\"https:\/\/www.noticiasradioreflejos.com.ar\/2021\/estela-diaz-trabajamos-para-construir-un-gobierno-de-cercania-solidario-transparente\/#primaryimage\",\"url\":\"https:\/\/ci3.googleusercontent.com\/mail-sig\/AIorK4wLGIulQyBYM0ims_qo4DxNusz3UA7oU9o3CQxt6vQUdFjD_-lAkhUoeTyKaU_aSXdOhcP8Owg\",\"contentUrl\":\"https:\/\/ci3.googleusercontent.com\/mail-sig\/AIorK4wLGIulQyBYM0ims_qo4DxNusz3UA7oU9o3CQxt6vQUdFjD_-lAkhUoeTyKaU_aSXdOhcP8Owg\"},{\"@type\":\"BreadcrumbList\",\"@id\":\"https:\/\/www.noticiasradioreflejos.com.ar\/2021\/estela-diaz-trabajamos-para-construir-un-gobierno-de-cercania-solidario-transparente\/#breadcrumb\",\"itemListElement\":[{\"@type\":\"ListItem\",\"position\":1,\"name\":\"Portada\",\"item\":\"https:\/\/www.noticiasradioreflejos.com.ar\/2021\/\"},{\"@type\":\"ListItem\",\"position\":2,\"name\":\"Estela D\u00edaz: \u201cTrabajamos para construir un gobierno de cercan\u00eda, solidario, transparente\u201d\"}]},{\"@type\":\"WebSite\",\"@id\":\"https:\/\/www.noticiasradioreflejos.com.ar\/2021\/#website\",\"url\":\"https:\/\/www.noticiasradioreflejos.com.ar\/2021\/\",\"name\":\"Noticias Radio Reflejos\",\"description\":\"Las noticias de mi comarca\",\"potentialAction\":[{\"@type\":\"SearchAction\",\"target\":{\"@type\":\"EntryPoint\",\"urlTemplate\":\"https:\/\/www.noticiasradioreflejos.com.ar\/2021\/?s={search_term_string}\"},\"query-input\":{\"@type\":\"PropertyValueSpecification\",\"valueRequired\":true,\"valueName\":\"search_term_string\"}}],\"inLanguage\":\"es\"},{\"@type\":\"Person\",\"@id\":\"https:\/\/www.noticiasradioreflejos.com.ar\/2021\/#\/schema\/person\/ad82545263dcc5ec0996818884fd5fb1\",\"name\":\"Arnaldo Botto\",\"image\":{\"@type\":\"ImageObject\",\"inLanguage\":\"es\",\"@id\":\"https:\/\/www.noticiasradioreflejos.com.ar\/2021\/#\/schema\/person\/image\/\",\"url\":\"https:\/\/secure.gravatar.com\/avatar\/55cb5e37c1efa326397366e6974cb338056df65cb50e7d64d1cf314e87504837?s=96&d=mm&r=g\",\"contentUrl\":\"https:\/\/secure.gravatar.com\/avatar\/55cb5e37c1efa326397366e6974cb338056df65cb50e7d64d1cf314e87504837?s=96&d=mm&r=g\",\"caption\":\"Arnaldo Botto\"},\"url\":\"https:\/\/www.noticiasradioreflejos.com.ar\/2021\/author\/arnaldo\/\"}]}<\/script>\n<!-- \/ Yoast SEO plugin. -->","yoast_head_json":{"title":"Estela D\u00edaz: \u201cTrabajamos para construir un gobierno de cercan\u00eda, solidario, transparente\u201d - Noticias Radio Reflejos","robots":{"index":"index","follow":"follow","max-snippet":"max-snippet:-1","max-image-preview":"max-image-preview:large","max-video-preview":"max-video-preview:-1"},"canonical":"https:\/\/www.noticiasradioreflejos.com.ar\/2021\/estela-diaz-trabajamos-para-construir-un-gobierno-de-cercania-solidario-transparente\/","og_locale":"es_ES","og_type":"article","og_title":"Estela D\u00edaz: \u201cTrabajamos para construir un gobierno de cercan\u00eda, solidario, transparente\u201d - Noticias Radio Reflejos","og_description":"En el marco de la recorrida por la Regi\u00f3n Sexta, la ministra de las Mujeres, Pol\u00edticas de G\u00e9nero y Diversidad Sexual Estela D\u00edaz visit\u00f3 los municipios de Pellegrini, Salliquel\u00f3 y Tres Lomas, donde junto a su equipo particip\u00f3 de diversas actividades. Ayer, Estela D\u00edaz en la localidad de Am\u00e9rica, inaugur\u00f3 el mural \u201cEllas no estaban [&hellip;]","og_url":"https:\/\/www.noticiasradioreflejos.com.ar\/2021\/estela-diaz-trabajamos-para-construir-un-gobierno-de-cercania-solidario-transparente\/","og_site_name":"Noticias Radio Reflejos","article_published_time":"2022-08-27T00:37:38+00:00","og_image":[{"url":"https:\/\/ci3.googleusercontent.com\/mail-sig\/AIorK4wLGIulQyBYM0ims_qo4DxNusz3UA7oU9o3CQxt6vQUdFjD_-lAkhUoeTyKaU_aSXdOhcP8Owg","type":"","width":"","height":""}],"author":"Arnaldo Botto","twitter_card":"summary_large_image","schema":{"@context":"https:\/\/schema.org","@graph":[{"@type":"WebPage","@id":"https:\/\/www.noticiasradioreflejos.com.ar\/2021\/estela-diaz-trabajamos-para-construir-un-gobierno-de-cercania-solidario-transparente\/","url":"https:\/\/www.noticiasradioreflejos.com.ar\/2021\/estela-diaz-trabajamos-para-construir-un-gobierno-de-cercania-solidario-transparente\/","name":"Estela D\u00edaz: \u201cTrabajamos para construir un gobierno de cercan\u00eda, solidario, transparente\u201d - Noticias Radio Reflejos","isPartOf":{"@id":"https:\/\/www.noticiasradioreflejos.com.ar\/2021\/#website"},"primaryImageOfPage":{"@id":"https:\/\/www.noticiasradioreflejos.com.ar\/2021\/estela-diaz-trabajamos-para-construir-un-gobierno-de-cercania-solidario-transparente\/#primaryimage"},"image":{"@id":"https:\/\/www.noticiasradioreflejos.com.ar\/2021\/estela-diaz-trabajamos-para-construir-un-gobierno-de-cercania-solidario-transparente\/#primaryimage"},"thumbnailUrl":"https:\/\/ci3.googleusercontent.com\/mail-sig\/AIorK4wLGIulQyBYM0ims_qo4DxNusz3UA7oU9o3CQxt6vQUdFjD_-lAkhUoeTyKaU_aSXdOhcP8Owg","datePublished":"2022-08-27T00:37:38+00:00","author":{"@id":"https:\/\/www.noticiasradioreflejos.com.ar\/2021\/#\/schema\/person\/ad82545263dcc5ec0996818884fd5fb1"},"breadcrumb":{"@id":"https:\/\/www.noticiasradioreflejos.com.ar\/2021\/estela-diaz-trabajamos-para-construir-un-gobierno-de-cercania-solidario-transparente\/#breadcrumb"},"inLanguage":"es","potentialAction":[{"@type":"ReadAction","target":["https:\/\/www.noticiasradioreflejos.com.ar\/2021\/estela-diaz-trabajamos-para-construir-un-gobierno-de-cercania-solidario-transparente\/"]}]},{"@type":"ImageObject","inLanguage":"es","@id":"https:\/\/www.noticiasradioreflejos.com.ar\/2021\/estela-diaz-trabajamos-para-construir-un-gobierno-de-cercania-solidario-transparente\/#primaryimage","url":"https:\/\/ci3.googleusercontent.com\/mail-sig\/AIorK4wLGIulQyBYM0ims_qo4DxNusz3UA7oU9o3CQxt6vQUdFjD_-lAkhUoeTyKaU_aSXdOhcP8Owg","contentUrl":"https:\/\/ci3.googleusercontent.com\/mail-sig\/AIorK4wLGIulQyBYM0ims_qo4DxNusz3UA7oU9o3CQxt6vQUdFjD_-lAkhUoeTyKaU_aSXdOhcP8Owg"},{"@type":"BreadcrumbList","@id":"https:\/\/www.noticiasradioreflejos.com.ar\/2021\/estela-diaz-trabajamos-para-construir-un-gobierno-de-cercania-solidario-transparente\/#breadcrumb","itemListElement":[{"@type":"ListItem","position":1,"name":"Portada","item":"https:\/\/www.noticiasradioreflejos.com.ar\/2021\/"},{"@type":"ListItem","position":2,"name":"Estela D\u00edaz: \u201cTrabajamos para construir un gobierno de cercan\u00eda, solidario, transparente\u201d"}]},{"@type":"WebSite","@id":"https:\/\/www.noticiasradioreflejos.com.ar\/2021\/#website","url":"https:\/\/www.noticiasradioreflejos.com.ar\/2021\/","name":"Noticias Radio Reflejos","description":"Las noticias de mi comarca","potentialAction":[{"@type":"SearchAction","target":{"@type":"EntryPoint","urlTemplate":"https:\/\/www.noticiasradioreflejos.com.ar\/2021\/?s={search_term_string}"},"query-input":{"@type":"PropertyValueSpecification","valueRequired":true,"valueName":"search_term_string"}}],"inLanguage":"es"},{"@type":"Person","@id":"https:\/\/www.noticiasradioreflejos.com.ar\/2021\/#\/schema\/person\/ad82545263dcc5ec0996818884fd5fb1","name":"Arnaldo Botto","image":{"@type":"ImageObject","inLanguage":"es","@id":"https:\/\/www.noticiasradioreflejos.com.ar\/2021\/#\/schema\/person\/image\/","url":"https:\/\/secure.gravatar.com\/avatar\/55cb5e37c1efa326397366e6974cb338056df65cb50e7d64d1cf314e87504837?s=96&d=mm&r=g","contentUrl":"https:\/\/secure.gravatar.com\/avatar\/55cb5e37c1efa326397366e6974cb338056df65cb50e7d64d1cf314e87504837?s=96&d=mm&r=g","caption":"Arnaldo Botto"},"url":"https:\/\/www.noticiasradioreflejos.com.ar\/2021\/author\/arnaldo\/"}]}},"_links":{"self":[{"href":"https:\/\/www.noticiasradioreflejos.com.ar\/2021\/wp-json\/wp\/v2\/posts\/76872","targetHints":{"allow":["GET"]}}],"collection":[{"href":"https:\/\/www.noticiasradioreflejos.com.ar\/2021\/wp-json\/wp\/v2\/posts"}],"about":[{"href":"https:\/\/www.noticiasradioreflejos.com.ar\/2021\/wp-json\/wp\/v2\/types\/post"}],"author":[{"embeddable":true,"href":"https:\/\/www.noticiasradioreflejos.com.ar\/2021\/wp-json\/wp\/v2\/users\/3"}],"replies":[{"embeddable":true,"href":"https:\/\/www.noticiasradioreflejos.com.ar\/2021\/wp-json\/wp\/v2\/comments?post=76872"}],"version-history":[{"count":1,"href":"https:\/\/www.noticiasradioreflejos.com.ar\/2021\/wp-json\/wp\/v2\/posts\/76872\/revisions"}],"predecessor-version":[{"id":76873,"href":"https:\/\/www.noticiasradioreflejos.com.ar\/2021\/wp-json\/wp\/v2\/posts\/76872\/revisions\/76873"}],"wp:attachment":[{"href":"https:\/\/www.noticiasradioreflejos.com.ar\/2021\/wp-json\/wp\/v2\/media?parent=76872"}],"wp:term":[{"taxonomy":"category","embeddable":true,"href":"https:\/\/www.noticiasradioreflejos.com.ar\/2021\/wp-json\/wp\/v2\/categories?post=76872"},{"taxonomy":"post_tag","embeddable":true,"href":"https:\/\/www.noticiasradioreflejos.com.ar\/2021\/wp-json\/wp\/v2\/tags?post=76872"}],"curies":[{"name":"wp","href":"https:\/\/api.w.org\/{rel}","templated":true}]}}