{"id":76866,"date":"2022-08-26T23:45:57","date_gmt":"2022-08-26T23:45:57","guid":{"rendered":"http:\/\/www.noticiasradioreflejos.com.ar\/2021\/?p=76866"},"modified":"2022-08-27T00:19:24","modified_gmt":"2022-08-27T00:19:24","slug":"encontraron-el-cuerpo-sin-vida-del-comerciante-de-villa-ventana","status":"publish","type":"post","link":"https:\/\/www.noticiasradioreflejos.com.ar\/2021\/encontraron-el-cuerpo-sin-vida-del-comerciante-de-villa-ventana\/","title":{"rendered":"Encontraron el cuerpo sin vida del comerciante de Villa Ventana."},"content":{"rendered":"<p><strong> Roberto Conti<\/strong> de 64 a\u00f1os era buscado desde la tarde de hoy por la polic\u00eda local y Bomberos Voluntarios de Villa y Sierra de la Ventana.<!--more--><\/p>\n<p><a title=\"aso Conti (2)\" href=\"https:\/\/www.flickr.com\/photos\/182279889@N02\/52313241616\/in\/dateposted-public\/\" data-flickr-embed=\"true\"><img loading=\"lazy\" decoding=\"async\" class=\"alignleft\" src=\"https:\/\/live.staticflickr.com\/65535\/52313241616_29226aa85b_c.jpg\" alt=\"aso Conti (2)\" width=\"300\" height=\"479\" \/><\/a>El comerciante de Villa Ventana se ausent\u00f3 en horas del mediod\u00eda de su domicilio en Pillahuinco 1100, saliendo en una camioneta S10 gris con dominio AD086KP. La polic\u00eda emiti\u00f3 un parte de b\u00fasqueda de personas dando detalles de su vestimenta y contextura f\u00edsica, para dar con su paradero a las 17 hs aproximadamente.<\/p>\n<p>Cerca de las 18 hs. el veh\u00edculo fue encontrado con las puertas abiertas al margen de la ruta 76, pr\u00f3ximo al puente sobre el r\u00edo Sauce Grande; inmediatamente se centraron en la b\u00fasqueda mediante rastrillajes en las inmediaciones del lugar, hasta que minutos despu\u00e9s,\u00a0 encuentran su cuerpo sin vida en aguas del r\u00edo.<\/p>\n<p>De acuerdo a las primeras observaciones de los peritos, se tratar\u00eda de un suicidio.<\/p>\n<p>Las autoridades confirman en forma extraoficial que en el veh\u00edculo se encontr\u00f3 un telegrama de una empleada que informaba a Conti que le iniciaban acciones legales por abuso sexual, su celular y una caja con dinero en efectivo.<\/p>\n<p>Se descarta que hubiesen intervenido terceras personas.<\/p>\n<p>Conti salt\u00f3 del puente a una altura de 20 metros, cayendo sobre las ramas de los \u00e1rboles lo que le provoc\u00f3 un severo traumatismo de cr\u00e1neo, y posteriormente su cuerpo qued\u00f3 en las aguas del R\u00edo Sauce Grande. En estos momentos se esta realizando la autopsia y no se descarta que haya perecido ahogado.<\/p>\n<p><a title=\"aso Conti (1)\" href=\"https:\/\/www.flickr.com\/photos\/182279889@N02\/52313671099\/in\/dateposted-public\/\" data-flickr-embed=\"true\"><img loading=\"lazy\" decoding=\"async\" src=\"https:\/\/live.staticflickr.com\/65535\/52313671099_5acd27cd83_c.jpg\" alt=\"aso Conti (1)\" width=\"575\" height=\"729\" \/><\/a><\/p>\n<p>&nbsp;<\/p>\n","protected":false},"excerpt":{"rendered":"<p>Roberto Conti de 64 a\u00f1os era buscado desde la tarde de hoy por la polic\u00eda local y Bomberos Voluntarios de Villa y Sierra de la Ventana.<\/p>\n","protected":false},"author":3,"featured_media":0,"comment_status":"closed","ping_status":"closed","sticky":false,"template":"","format":"standard","meta":{"footnotes":""},"categories":[29],"tags":[48],"class_list":["post-76866","post","type-post","status-publish","format-standard","hentry","category-policiales","tag-destacada"],"yoast_head":"<!-- This site is optimized with the Yoast SEO plugin v25.9 - https:\/\/yoast.com\/wordpress\/plugins\/seo\/ -->\n<title>Encontraron el cuerpo sin vida del comerciante de Villa Ventana. - Noticias Radio Reflejos<\/title>\n<meta name=\"robots\" content=\"index, follow, max-snippet:-1, max-image-preview:large, max-video-preview:-1\" \/>\n<link rel=\"canonical\" href=\"https:\/\/www.noticiasradioreflejos.com.ar\/2021\/encontraron-el-cuerpo-sin-vida-del-comerciante-de-villa-ventana\/\" \/>\n<meta property=\"og:locale\" content=\"es_ES\" \/>\n<meta property=\"og:type\" content=\"article\" \/>\n<meta property=\"og:title\" content=\"Encontraron el cuerpo sin vida del comerciante de Villa Ventana. - Noticias Radio Reflejos\" \/>\n<meta property=\"og:description\" content=\"Roberto Conti de 64 a\u00f1os era buscado desde la tarde de hoy por la polic\u00eda local y Bomberos Voluntarios de Villa y Sierra de la Ventana.\" \/>\n<meta property=\"og:url\" content=\"https:\/\/www.noticiasradioreflejos.com.ar\/2021\/encontraron-el-cuerpo-sin-vida-del-comerciante-de-villa-ventana\/\" \/>\n<meta property=\"og:site_name\" content=\"Noticias Radio Reflejos\" \/>\n<meta property=\"article:published_time\" content=\"2022-08-26T23:45:57+00:00\" \/>\n<meta property=\"article:modified_time\" content=\"2022-08-27T00:19:24+00:00\" \/>\n<meta property=\"og:image\" content=\"https:\/\/live.staticflickr.com\/65535\/52313241616_29226aa85b_c.jpg\" \/>\n<meta name=\"author\" content=\"Arnaldo Botto\" \/>\n<meta name=\"twitter:card\" content=\"summary_large_image\" \/>\n<script type=\"application\/ld+json\" class=\"yoast-schema-graph\">{\"@context\":\"https:\/\/schema.org\",\"@graph\":[{\"@type\":\"WebPage\",\"@id\":\"https:\/\/www.noticiasradioreflejos.com.ar\/2021\/encontraron-el-cuerpo-sin-vida-del-comerciante-de-villa-ventana\/\",\"url\":\"https:\/\/www.noticiasradioreflejos.com.ar\/2021\/encontraron-el-cuerpo-sin-vida-del-comerciante-de-villa-ventana\/\",\"name\":\"Encontraron el cuerpo sin vida del comerciante de Villa Ventana. - Noticias Radio Reflejos\",\"isPartOf\":{\"@id\":\"https:\/\/www.noticiasradioreflejos.com.ar\/2021\/#website\"},\"primaryImageOfPage\":{\"@id\":\"https:\/\/www.noticiasradioreflejos.com.ar\/2021\/encontraron-el-cuerpo-sin-vida-del-comerciante-de-villa-ventana\/#primaryimage\"},\"image\":{\"@id\":\"https:\/\/www.noticiasradioreflejos.com.ar\/2021\/encontraron-el-cuerpo-sin-vida-del-comerciante-de-villa-ventana\/#primaryimage\"},\"thumbnailUrl\":\"https:\/\/live.staticflickr.com\/65535\/52313241616_29226aa85b_c.jpg\",\"datePublished\":\"2022-08-26T23:45:57+00:00\",\"dateModified\":\"2022-08-27T00:19:24+00:00\",\"author\":{\"@id\":\"https:\/\/www.noticiasradioreflejos.com.ar\/2021\/#\/schema\/person\/ad82545263dcc5ec0996818884fd5fb1\"},\"breadcrumb\":{\"@id\":\"https:\/\/www.noticiasradioreflejos.com.ar\/2021\/encontraron-el-cuerpo-sin-vida-del-comerciante-de-villa-ventana\/#breadcrumb\"},\"inLanguage\":\"es\",\"potentialAction\":[{\"@type\":\"ReadAction\",\"target\":[\"https:\/\/www.noticiasradioreflejos.com.ar\/2021\/encontraron-el-cuerpo-sin-vida-del-comerciante-de-villa-ventana\/\"]}]},{\"@type\":\"ImageObject\",\"inLanguage\":\"es\",\"@id\":\"https:\/\/www.noticiasradioreflejos.com.ar\/2021\/encontraron-el-cuerpo-sin-vida-del-comerciante-de-villa-ventana\/#primaryimage\",\"url\":\"https:\/\/live.staticflickr.com\/65535\/52313241616_29226aa85b_c.jpg\",\"contentUrl\":\"https:\/\/live.staticflickr.com\/65535\/52313241616_29226aa85b_c.jpg\"},{\"@type\":\"BreadcrumbList\",\"@id\":\"https:\/\/www.noticiasradioreflejos.com.ar\/2021\/encontraron-el-cuerpo-sin-vida-del-comerciante-de-villa-ventana\/#breadcrumb\",\"itemListElement\":[{\"@type\":\"ListItem\",\"position\":1,\"name\":\"Portada\",\"item\":\"https:\/\/www.noticiasradioreflejos.com.ar\/2021\/\"},{\"@type\":\"ListItem\",\"position\":2,\"name\":\"Encontraron el cuerpo sin vida del comerciante de Villa Ventana.\"}]},{\"@type\":\"WebSite\",\"@id\":\"https:\/\/www.noticiasradioreflejos.com.ar\/2021\/#website\",\"url\":\"https:\/\/www.noticiasradioreflejos.com.ar\/2021\/\",\"name\":\"Noticias Radio Reflejos\",\"description\":\"Las noticias de mi comarca\",\"potentialAction\":[{\"@type\":\"SearchAction\",\"target\":{\"@type\":\"EntryPoint\",\"urlTemplate\":\"https:\/\/www.noticiasradioreflejos.com.ar\/2021\/?s={search_term_string}\"},\"query-input\":{\"@type\":\"PropertyValueSpecification\",\"valueRequired\":true,\"valueName\":\"search_term_string\"}}],\"inLanguage\":\"es\"},{\"@type\":\"Person\",\"@id\":\"https:\/\/www.noticiasradioreflejos.com.ar\/2021\/#\/schema\/person\/ad82545263dcc5ec0996818884fd5fb1\",\"name\":\"Arnaldo Botto\",\"image\":{\"@type\":\"ImageObject\",\"inLanguage\":\"es\",\"@id\":\"https:\/\/www.noticiasradioreflejos.com.ar\/2021\/#\/schema\/person\/image\/\",\"url\":\"https:\/\/secure.gravatar.com\/avatar\/55cb5e37c1efa326397366e6974cb338056df65cb50e7d64d1cf314e87504837?s=96&d=mm&r=g\",\"contentUrl\":\"https:\/\/secure.gravatar.com\/avatar\/55cb5e37c1efa326397366e6974cb338056df65cb50e7d64d1cf314e87504837?s=96&d=mm&r=g\",\"caption\":\"Arnaldo Botto\"},\"url\":\"https:\/\/www.noticiasradioreflejos.com.ar\/2021\/author\/arnaldo\/\"}]}<\/script>\n<!-- \/ Yoast SEO plugin. -->","yoast_head_json":{"title":"Encontraron el cuerpo sin vida del comerciante de Villa Ventana. - Noticias Radio Reflejos","robots":{"index":"index","follow":"follow","max-snippet":"max-snippet:-1","max-image-preview":"max-image-preview:large","max-video-preview":"max-video-preview:-1"},"canonical":"https:\/\/www.noticiasradioreflejos.com.ar\/2021\/encontraron-el-cuerpo-sin-vida-del-comerciante-de-villa-ventana\/","og_locale":"es_ES","og_type":"article","og_title":"Encontraron el cuerpo sin vida del comerciante de Villa Ventana. - Noticias Radio Reflejos","og_description":"Roberto Conti de 64 a\u00f1os era buscado desde la tarde de hoy por la polic\u00eda local y Bomberos Voluntarios de Villa y Sierra de la Ventana.","og_url":"https:\/\/www.noticiasradioreflejos.com.ar\/2021\/encontraron-el-cuerpo-sin-vida-del-comerciante-de-villa-ventana\/","og_site_name":"Noticias Radio Reflejos","article_published_time":"2022-08-26T23:45:57+00:00","article_modified_time":"2022-08-27T00:19:24+00:00","og_image":[{"url":"https:\/\/live.staticflickr.com\/65535\/52313241616_29226aa85b_c.jpg","type":"","width":"","height":""}],"author":"Arnaldo Botto","twitter_card":"summary_large_image","schema":{"@context":"https:\/\/schema.org","@graph":[{"@type":"WebPage","@id":"https:\/\/www.noticiasradioreflejos.com.ar\/2021\/encontraron-el-cuerpo-sin-vida-del-comerciante-de-villa-ventana\/","url":"https:\/\/www.noticiasradioreflejos.com.ar\/2021\/encontraron-el-cuerpo-sin-vida-del-comerciante-de-villa-ventana\/","name":"Encontraron el cuerpo sin vida del comerciante de Villa Ventana. - Noticias Radio Reflejos","isPartOf":{"@id":"https:\/\/www.noticiasradioreflejos.com.ar\/2021\/#website"},"primaryImageOfPage":{"@id":"https:\/\/www.noticiasradioreflejos.com.ar\/2021\/encontraron-el-cuerpo-sin-vida-del-comerciante-de-villa-ventana\/#primaryimage"},"image":{"@id":"https:\/\/www.noticiasradioreflejos.com.ar\/2021\/encontraron-el-cuerpo-sin-vida-del-comerciante-de-villa-ventana\/#primaryimage"},"thumbnailUrl":"https:\/\/live.staticflickr.com\/65535\/52313241616_29226aa85b_c.jpg","datePublished":"2022-08-26T23:45:57+00:00","dateModified":"2022-08-27T00:19:24+00:00","author":{"@id":"https:\/\/www.noticiasradioreflejos.com.ar\/2021\/#\/schema\/person\/ad82545263dcc5ec0996818884fd5fb1"},"breadcrumb":{"@id":"https:\/\/www.noticiasradioreflejos.com.ar\/2021\/encontraron-el-cuerpo-sin-vida-del-comerciante-de-villa-ventana\/#breadcrumb"},"inLanguage":"es","potentialAction":[{"@type":"ReadAction","target":["https:\/\/www.noticiasradioreflejos.com.ar\/2021\/encontraron-el-cuerpo-sin-vida-del-comerciante-de-villa-ventana\/"]}]},{"@type":"ImageObject","inLanguage":"es","@id":"https:\/\/www.noticiasradioreflejos.com.ar\/2021\/encontraron-el-cuerpo-sin-vida-del-comerciante-de-villa-ventana\/#primaryimage","url":"https:\/\/live.staticflickr.com\/65535\/52313241616_29226aa85b_c.jpg","contentUrl":"https:\/\/live.staticflickr.com\/65535\/52313241616_29226aa85b_c.jpg"},{"@type":"BreadcrumbList","@id":"https:\/\/www.noticiasradioreflejos.com.ar\/2021\/encontraron-el-cuerpo-sin-vida-del-comerciante-de-villa-ventana\/#breadcrumb","itemListElement":[{"@type":"ListItem","position":1,"name":"Portada","item":"https:\/\/www.noticiasradioreflejos.com.ar\/2021\/"},{"@type":"ListItem","position":2,"name":"Encontraron el cuerpo sin vida del comerciante de Villa Ventana."}]},{"@type":"WebSite","@id":"https:\/\/www.noticiasradioreflejos.com.ar\/2021\/#website","url":"https:\/\/www.noticiasradioreflejos.com.ar\/2021\/","name":"Noticias Radio Reflejos","description":"Las noticias de mi comarca","potentialAction":[{"@type":"SearchAction","target":{"@type":"EntryPoint","urlTemplate":"https:\/\/www.noticiasradioreflejos.com.ar\/2021\/?s={search_term_string}"},"query-input":{"@type":"PropertyValueSpecification","valueRequired":true,"valueName":"search_term_string"}}],"inLanguage":"es"},{"@type":"Person","@id":"https:\/\/www.noticiasradioreflejos.com.ar\/2021\/#\/schema\/person\/ad82545263dcc5ec0996818884fd5fb1","name":"Arnaldo Botto","image":{"@type":"ImageObject","inLanguage":"es","@id":"https:\/\/www.noticiasradioreflejos.com.ar\/2021\/#\/schema\/person\/image\/","url":"https:\/\/secure.gravatar.com\/avatar\/55cb5e37c1efa326397366e6974cb338056df65cb50e7d64d1cf314e87504837?s=96&d=mm&r=g","contentUrl":"https:\/\/secure.gravatar.com\/avatar\/55cb5e37c1efa326397366e6974cb338056df65cb50e7d64d1cf314e87504837?s=96&d=mm&r=g","caption":"Arnaldo Botto"},"url":"https:\/\/www.noticiasradioreflejos.com.ar\/2021\/author\/arnaldo\/"}]}},"_links":{"self":[{"href":"https:\/\/www.noticiasradioreflejos.com.ar\/2021\/wp-json\/wp\/v2\/posts\/76866","targetHints":{"allow":["GET"]}}],"collection":[{"href":"https:\/\/www.noticiasradioreflejos.com.ar\/2021\/wp-json\/wp\/v2\/posts"}],"about":[{"href":"https:\/\/www.noticiasradioreflejos.com.ar\/2021\/wp-json\/wp\/v2\/types\/post"}],"author":[{"embeddable":true,"href":"https:\/\/www.noticiasradioreflejos.com.ar\/2021\/wp-json\/wp\/v2\/users\/3"}],"replies":[{"embeddable":true,"href":"https:\/\/www.noticiasradioreflejos.com.ar\/2021\/wp-json\/wp\/v2\/comments?post=76866"}],"version-history":[{"count":4,"href":"https:\/\/www.noticiasradioreflejos.com.ar\/2021\/wp-json\/wp\/v2\/posts\/76866\/revisions"}],"predecessor-version":[{"id":76871,"href":"https:\/\/www.noticiasradioreflejos.com.ar\/2021\/wp-json\/wp\/v2\/posts\/76866\/revisions\/76871"}],"wp:attachment":[{"href":"https:\/\/www.noticiasradioreflejos.com.ar\/2021\/wp-json\/wp\/v2\/media?parent=76866"}],"wp:term":[{"taxonomy":"category","embeddable":true,"href":"https:\/\/www.noticiasradioreflejos.com.ar\/2021\/wp-json\/wp\/v2\/categories?post=76866"},{"taxonomy":"post_tag","embeddable":true,"href":"https:\/\/www.noticiasradioreflejos.com.ar\/2021\/wp-json\/wp\/v2\/tags?post=76866"}],"curies":[{"name":"wp","href":"https:\/\/api.w.org\/{rel}","templated":true}]}}