{"id":76827,"date":"2022-08-26T18:07:09","date_gmt":"2022-08-26T18:07:09","guid":{"rendered":"http:\/\/www.noticiasradioreflejos.com.ar\/2021\/?p=76827"},"modified":"2022-08-26T18:07:09","modified_gmt":"2022-08-26T18:07:09","slug":"la-cooperativa-obrera-de-tornquist-intervino-la-via-publica-sin-permiso-ocasiono-accidentes-y-no-se-hizo-cargo","status":"publish","type":"post","link":"https:\/\/www.noticiasradioreflejos.com.ar\/2021\/la-cooperativa-obrera-de-tornquist-intervino-la-via-publica-sin-permiso-ocasiono-accidentes-y-no-se-hizo-cargo\/","title":{"rendered":"La Cooperativa Obrera de Tornquist intervino la v\u00eda p\u00fablica sin permiso, ocasion\u00f3 accidentes y no se hizo cargo."},"content":{"rendered":"<p>Una mujer termin\u00f3 hospitalizada. Present\u00f3 traumatismo de cr\u00e1neo con p\u00e9rdida de conocimiento. Sin embargo, desde el supermercado se negaron siquiera a costearle las muletas. El descargo de su marido.<br \/>\n<!--more--><\/p>\n<p><a title=\"Cooperativa Tqst\" href=\"https:\/\/www.flickr.com\/photos\/182279889@N02\/52312596358\/in\/dateposted-public\/\" data-flickr-embed=\"true\"><img loading=\"lazy\" decoding=\"async\" src=\"https:\/\/live.staticflickr.com\/65535\/52312596358_d50d4f8254_c.jpg\" alt=\"Cooperativa Tqst\" width=\"800\" height=\"370\" \/><\/a><\/p>\n<p>&nbsp;<\/p>\n<p>Entre sorpresa y consternaci\u00f3n moral pasan los d\u00edas Horacio y Susana, part\u00edcipes de una situaci\u00f3n incre\u00edblemente penosa por la negligencia de la sucursal de la Cooperativa Obrera de Tornquist.<\/p>\n<p>El propio <strong>Horacio Mendoza<\/strong> se encarg\u00f3 de relatar lo que le ocurri\u00f3 a su mujer, la cual a\u00fan intenta recuperarse de las lesiones f\u00edsicas que le ocasion\u00f3 una intervenci\u00f3n que hizo en la v\u00eda p\u00fablica el supermercado, sin ning\u00fan tipo de permiso o supervisi\u00f3n del municipio.<\/p>\n<p>\u201cJusto ese d\u00eda yo no pude ir porque estaba sin veh\u00edculo. Hace muchos a\u00f1os somos socios de la Cooperativa. Cada diez d\u00edas vamos. Primero pas\u00f3 por la farmacia, y cuando iba al local de la Coope, no advierte la presencia de los topes, tropieza con uno de ellos con tan mala suerte que cae de cara al piso y del golpe se desmaya. Alcanz\u00f3 a apoyar las manos, pero igual se golpe\u00f3\u201d comenz\u00f3 diciendo.<\/p>\n<p>Esos topes a los que hace menci\u00f3n son justamente se\u00f1alizadores de estacionamiento. Rectangulares, bajos, amarillos, y que no solo no est\u00e1n debidamente se\u00f1alizados, sino que no contaron con aprobaci\u00f3n alguna del estado local para que sean abulonados en el sector.<\/p>\n<p>&nbsp;<\/p>\n<p><a title=\"WhatsApp Image 2022-08-25 at 7.37.34 PM\" href=\"https:\/\/www.flickr.com\/photos\/182279889@N02\/52312726395\/in\/dateposted-public\/\" data-flickr-embed=\"true\"><img loading=\"lazy\" decoding=\"async\" class=\"aligncenter\" src=\"https:\/\/live.staticflickr.com\/65535\/52312726395_8532eb6ac1_c.jpg\" alt=\"WhatsApp Image 2022-08-25 at 7.37.34 PM\" width=\"600\" height=\"800\" \/><\/a><\/p>\n<p>&nbsp;<\/p>\n<p>Siguiendo con su testimonio, Horacio refiri\u00f3 que a Susana \u201cse le nubla la visi\u00f3n, no ve nada, mueve un poco la cabeza y escucha a una se\u00f1ora que le dice; Querida yo te ayudo, \u00bfCon qui\u00e9n est\u00e1s? \u00a1\u00bfCon qui\u00e9n est\u00e1s?!&#8230; y alcanza a decirle antes de perder el conocimiento que el hijo estaba adentro. La mujer entra a los gritos, sale todo el mundo y de la gente de la Cooperativa una persona la quiso levantar. Ah\u00ed el hijo dijo que no la toquen porque no sabemos lo que le pas\u00f3. Llamen a la ambulancia\u201d.<\/p>\n<p>Fue all\u00ed cuando \u201clleg\u00f3 la polic\u00eda y cort\u00f3 la calle para que la ambulancia pudiese llegar. Lleg\u00f3 de inmediato, la asistieron de diez. Lo mismo en el Hospital. Le hicieron placas. Y entre medio me avisan. Yo estaba en Villa Ventana y sin veh\u00edculo. Estuvo en algunas horas en observaci\u00f3n, y luego la trajo el hijo hasta casa\u201d.<\/p>\n<p><img loading=\"lazy\" decoding=\"async\" class=\"aligncenter\" src=\"https:\/\/live.staticflickr.com\/65535\/52312726565_d06c9a324e_c.jpg\" alt=\"WhatsApp Image 2022-08-25 at 7.00.40 PM\" width=\"450\" height=\"800\" \/> <span style=\"color: #ff6600;\"><em>La rodilla herida de Susana Aguirre luego de la ca\u00edda frente a la Cooperativa.<\/em><\/span><\/p>\n<p>&nbsp;<\/p>\n<p>Cuando lo peor ya hab\u00eda pasado \u201cnos llam\u00f3 la atenci\u00f3n la poca bolilla que le dieron desde la Cooperativa. Tres d\u00edas despu\u00e9s tuve que ir a Tornquist y aprovech\u00e9 a ir a hablar con el encargado. Le dije que no la llamaron ni a ella ni al hospital para ver c\u00f3mo estaba y si necesitaba algo\u201d.<\/p>\n<p>Seg\u00fan refiri\u00f3, \u201cme respondi\u00f3 que no se dieron cuenta, pero que no nos hagamos problema porque tienen un seguro que cubrir\u00eda todo. Que solo ten\u00edamos que completar una planilla\u2026 bueh, que se yo\u2026 casi era lo de menos. No estaba quebrada. Era solo un terrible golpe\u201d.<\/p>\n<p>Y all\u00ed la parte que los descoloc\u00f3: \u201cMe da una planilla, ten\u00eda que completar con varios datos que me ten\u00eda que dar el m\u00e9dico, as\u00ed que un par de d\u00edas despu\u00e9s la llevo. Pasaron un par de d\u00edas y me llaman por tel\u00e9fono, dici\u00e9ndome que la Cooperativa no ten\u00eda nada que ver, as\u00ed que no correspond\u00eda que nos dieran nada. Ni para la muleta. Y no se trataba del gasto, sino de la actitud\u201d.<\/p>\n<p>Cerrando, Horacio asegur\u00f3 que \u201ccuando nos sobreponemos del shock, les pido que nos pasen por escrito esto que me dicen por tel\u00e9fono. Y me responde que por escrito nada. Yo tuve que llenar una planilla, firmarla, me dan una copia y no me quieren dar la respuesta por escrito. Insistimos pero nunca nos dieron ese papel. Al margen del gasto, el problema es la actitud\u201d.<\/p>\n<p>&nbsp;<\/p>\n<p>&nbsp;<\/p>\n<p><iframe loading=\"lazy\" src=\"https:\/\/w.soundcloud.com\/player\/?url=https%3A\/\/api.soundcloud.com\/tracks\/1331795194&amp;color=%23ff5500&amp;auto_play=false&amp;hide_related=false&amp;show_comments=true&amp;show_user=true&amp;show_reposts=false&amp;show_teaser=true\" width=\"100%\" height=\"166\" frameborder=\"no\" scrolling=\"no\"><\/iframe><\/p>\n<div style=\"font-size: 10px; color: #cccccc; line-break: anywhere; word-break: normal; overflow: hidden; white-space: nowrap; text-overflow: ellipsis; font-family: Interstate,Lucida Grande,Lucida Sans Unicode,Lucida Sans,Garuda,Verdana,Tahoma,sans-serif; font-weight: 100;\"><a style=\"color: #cccccc; text-decoration: none;\" title=\"fmreflejos 103.7\" href=\"https:\/\/soundcloud.com\/fmreflejos-103-7\" target=\"_blank\" rel=\"noopener\">fmreflejos 103.7<\/a> \u00b7 <a style=\"color: #cccccc; text-decoration: none;\" title=\"Horacio Mendoza\" href=\"https:\/\/soundcloud.com\/fmreflejos-103-7\/horacio-mendoza-6\" target=\"_blank\" rel=\"noopener\">Horacio Mendoza<\/a><\/div>\n","protected":false},"excerpt":{"rendered":"<p>Una mujer termin\u00f3 hospitalizada. Present\u00f3 traumatismo de cr\u00e1neo con p\u00e9rdida de conocimiento. Sin embargo, desde el supermercado se negaron siquiera a costearle las muletas. El descargo de su marido.<\/p>\n","protected":false},"author":3,"featured_media":0,"comment_status":"closed","ping_status":"closed","sticky":false,"template":"","format":"standard","meta":{"footnotes":""},"categories":[28,29,26],"tags":[48],"class_list":["post-76827","post","type-post","status-publish","format-standard","hentry","category-municipales","category-policiales","category-sociedad","tag-destacada"],"yoast_head":"<!-- This site is optimized with the Yoast SEO plugin v25.9 - https:\/\/yoast.com\/wordpress\/plugins\/seo\/ -->\n<title>La Cooperativa Obrera de Tornquist intervino la v\u00eda p\u00fablica sin permiso, ocasion\u00f3 accidentes y no se hizo cargo. - Noticias Radio Reflejos<\/title>\n<meta name=\"robots\" content=\"index, follow, max-snippet:-1, max-image-preview:large, max-video-preview:-1\" \/>\n<link rel=\"canonical\" href=\"https:\/\/www.noticiasradioreflejos.com.ar\/2021\/la-cooperativa-obrera-de-tornquist-intervino-la-via-publica-sin-permiso-ocasiono-accidentes-y-no-se-hizo-cargo\/\" \/>\n<meta property=\"og:locale\" content=\"es_ES\" \/>\n<meta property=\"og:type\" content=\"article\" \/>\n<meta property=\"og:title\" content=\"La Cooperativa Obrera de Tornquist intervino la v\u00eda p\u00fablica sin permiso, ocasion\u00f3 accidentes y no se hizo cargo. - Noticias Radio Reflejos\" \/>\n<meta property=\"og:description\" content=\"Una mujer termin\u00f3 hospitalizada. Present\u00f3 traumatismo de cr\u00e1neo con p\u00e9rdida de conocimiento. Sin embargo, desde el supermercado se negaron siquiera a costearle las muletas. El descargo de su marido.\" \/>\n<meta property=\"og:url\" content=\"https:\/\/www.noticiasradioreflejos.com.ar\/2021\/la-cooperativa-obrera-de-tornquist-intervino-la-via-publica-sin-permiso-ocasiono-accidentes-y-no-se-hizo-cargo\/\" \/>\n<meta property=\"og:site_name\" content=\"Noticias Radio Reflejos\" \/>\n<meta property=\"article:published_time\" content=\"2022-08-26T18:07:09+00:00\" \/>\n<meta property=\"og:image\" content=\"https:\/\/live.staticflickr.com\/65535\/52312596358_d50d4f8254_c.jpg\" \/>\n<meta name=\"author\" content=\"Arnaldo Botto\" \/>\n<meta name=\"twitter:card\" content=\"summary_large_image\" \/>\n<script type=\"application\/ld+json\" class=\"yoast-schema-graph\">{\"@context\":\"https:\/\/schema.org\",\"@graph\":[{\"@type\":\"WebPage\",\"@id\":\"https:\/\/www.noticiasradioreflejos.com.ar\/2021\/la-cooperativa-obrera-de-tornquist-intervino-la-via-publica-sin-permiso-ocasiono-accidentes-y-no-se-hizo-cargo\/\",\"url\":\"https:\/\/www.noticiasradioreflejos.com.ar\/2021\/la-cooperativa-obrera-de-tornquist-intervino-la-via-publica-sin-permiso-ocasiono-accidentes-y-no-se-hizo-cargo\/\",\"name\":\"La Cooperativa Obrera de Tornquist intervino la v\u00eda p\u00fablica sin permiso, ocasion\u00f3 accidentes y no se hizo cargo. - Noticias Radio Reflejos\",\"isPartOf\":{\"@id\":\"https:\/\/www.noticiasradioreflejos.com.ar\/2021\/#website\"},\"primaryImageOfPage\":{\"@id\":\"https:\/\/www.noticiasradioreflejos.com.ar\/2021\/la-cooperativa-obrera-de-tornquist-intervino-la-via-publica-sin-permiso-ocasiono-accidentes-y-no-se-hizo-cargo\/#primaryimage\"},\"image\":{\"@id\":\"https:\/\/www.noticiasradioreflejos.com.ar\/2021\/la-cooperativa-obrera-de-tornquist-intervino-la-via-publica-sin-permiso-ocasiono-accidentes-y-no-se-hizo-cargo\/#primaryimage\"},\"thumbnailUrl\":\"https:\/\/live.staticflickr.com\/65535\/52312596358_d50d4f8254_c.jpg\",\"datePublished\":\"2022-08-26T18:07:09+00:00\",\"author\":{\"@id\":\"https:\/\/www.noticiasradioreflejos.com.ar\/2021\/#\/schema\/person\/ad82545263dcc5ec0996818884fd5fb1\"},\"breadcrumb\":{\"@id\":\"https:\/\/www.noticiasradioreflejos.com.ar\/2021\/la-cooperativa-obrera-de-tornquist-intervino-la-via-publica-sin-permiso-ocasiono-accidentes-y-no-se-hizo-cargo\/#breadcrumb\"},\"inLanguage\":\"es\",\"potentialAction\":[{\"@type\":\"ReadAction\",\"target\":[\"https:\/\/www.noticiasradioreflejos.com.ar\/2021\/la-cooperativa-obrera-de-tornquist-intervino-la-via-publica-sin-permiso-ocasiono-accidentes-y-no-se-hizo-cargo\/\"]}]},{\"@type\":\"ImageObject\",\"inLanguage\":\"es\",\"@id\":\"https:\/\/www.noticiasradioreflejos.com.ar\/2021\/la-cooperativa-obrera-de-tornquist-intervino-la-via-publica-sin-permiso-ocasiono-accidentes-y-no-se-hizo-cargo\/#primaryimage\",\"url\":\"https:\/\/live.staticflickr.com\/65535\/52312596358_d50d4f8254_c.jpg\",\"contentUrl\":\"https:\/\/live.staticflickr.com\/65535\/52312596358_d50d4f8254_c.jpg\"},{\"@type\":\"BreadcrumbList\",\"@id\":\"https:\/\/www.noticiasradioreflejos.com.ar\/2021\/la-cooperativa-obrera-de-tornquist-intervino-la-via-publica-sin-permiso-ocasiono-accidentes-y-no-se-hizo-cargo\/#breadcrumb\",\"itemListElement\":[{\"@type\":\"ListItem\",\"position\":1,\"name\":\"Portada\",\"item\":\"https:\/\/www.noticiasradioreflejos.com.ar\/2021\/\"},{\"@type\":\"ListItem\",\"position\":2,\"name\":\"La Cooperativa Obrera de Tornquist intervino la v\u00eda p\u00fablica sin permiso, ocasion\u00f3 accidentes y no se hizo cargo.\"}]},{\"@type\":\"WebSite\",\"@id\":\"https:\/\/www.noticiasradioreflejos.com.ar\/2021\/#website\",\"url\":\"https:\/\/www.noticiasradioreflejos.com.ar\/2021\/\",\"name\":\"Noticias Radio Reflejos\",\"description\":\"Las noticias de mi comarca\",\"potentialAction\":[{\"@type\":\"SearchAction\",\"target\":{\"@type\":\"EntryPoint\",\"urlTemplate\":\"https:\/\/www.noticiasradioreflejos.com.ar\/2021\/?s={search_term_string}\"},\"query-input\":{\"@type\":\"PropertyValueSpecification\",\"valueRequired\":true,\"valueName\":\"search_term_string\"}}],\"inLanguage\":\"es\"},{\"@type\":\"Person\",\"@id\":\"https:\/\/www.noticiasradioreflejos.com.ar\/2021\/#\/schema\/person\/ad82545263dcc5ec0996818884fd5fb1\",\"name\":\"Arnaldo Botto\",\"image\":{\"@type\":\"ImageObject\",\"inLanguage\":\"es\",\"@id\":\"https:\/\/www.noticiasradioreflejos.com.ar\/2021\/#\/schema\/person\/image\/\",\"url\":\"https:\/\/secure.gravatar.com\/avatar\/55cb5e37c1efa326397366e6974cb338056df65cb50e7d64d1cf314e87504837?s=96&d=mm&r=g\",\"contentUrl\":\"https:\/\/secure.gravatar.com\/avatar\/55cb5e37c1efa326397366e6974cb338056df65cb50e7d64d1cf314e87504837?s=96&d=mm&r=g\",\"caption\":\"Arnaldo Botto\"},\"url\":\"https:\/\/www.noticiasradioreflejos.com.ar\/2021\/author\/arnaldo\/\"}]}<\/script>\n<!-- \/ Yoast SEO plugin. -->","yoast_head_json":{"title":"La Cooperativa Obrera de Tornquist intervino la v\u00eda p\u00fablica sin permiso, ocasion\u00f3 accidentes y no se hizo cargo. - Noticias Radio Reflejos","robots":{"index":"index","follow":"follow","max-snippet":"max-snippet:-1","max-image-preview":"max-image-preview:large","max-video-preview":"max-video-preview:-1"},"canonical":"https:\/\/www.noticiasradioreflejos.com.ar\/2021\/la-cooperativa-obrera-de-tornquist-intervino-la-via-publica-sin-permiso-ocasiono-accidentes-y-no-se-hizo-cargo\/","og_locale":"es_ES","og_type":"article","og_title":"La Cooperativa Obrera de Tornquist intervino la v\u00eda p\u00fablica sin permiso, ocasion\u00f3 accidentes y no se hizo cargo. - Noticias Radio Reflejos","og_description":"Una mujer termin\u00f3 hospitalizada. Present\u00f3 traumatismo de cr\u00e1neo con p\u00e9rdida de conocimiento. Sin embargo, desde el supermercado se negaron siquiera a costearle las muletas. El descargo de su marido.","og_url":"https:\/\/www.noticiasradioreflejos.com.ar\/2021\/la-cooperativa-obrera-de-tornquist-intervino-la-via-publica-sin-permiso-ocasiono-accidentes-y-no-se-hizo-cargo\/","og_site_name":"Noticias Radio Reflejos","article_published_time":"2022-08-26T18:07:09+00:00","og_image":[{"url":"https:\/\/live.staticflickr.com\/65535\/52312596358_d50d4f8254_c.jpg","type":"","width":"","height":""}],"author":"Arnaldo Botto","twitter_card":"summary_large_image","schema":{"@context":"https:\/\/schema.org","@graph":[{"@type":"WebPage","@id":"https:\/\/www.noticiasradioreflejos.com.ar\/2021\/la-cooperativa-obrera-de-tornquist-intervino-la-via-publica-sin-permiso-ocasiono-accidentes-y-no-se-hizo-cargo\/","url":"https:\/\/www.noticiasradioreflejos.com.ar\/2021\/la-cooperativa-obrera-de-tornquist-intervino-la-via-publica-sin-permiso-ocasiono-accidentes-y-no-se-hizo-cargo\/","name":"La Cooperativa Obrera de Tornquist intervino la v\u00eda p\u00fablica sin permiso, ocasion\u00f3 accidentes y no se hizo cargo. - Noticias Radio Reflejos","isPartOf":{"@id":"https:\/\/www.noticiasradioreflejos.com.ar\/2021\/#website"},"primaryImageOfPage":{"@id":"https:\/\/www.noticiasradioreflejos.com.ar\/2021\/la-cooperativa-obrera-de-tornquist-intervino-la-via-publica-sin-permiso-ocasiono-accidentes-y-no-se-hizo-cargo\/#primaryimage"},"image":{"@id":"https:\/\/www.noticiasradioreflejos.com.ar\/2021\/la-cooperativa-obrera-de-tornquist-intervino-la-via-publica-sin-permiso-ocasiono-accidentes-y-no-se-hizo-cargo\/#primaryimage"},"thumbnailUrl":"https:\/\/live.staticflickr.com\/65535\/52312596358_d50d4f8254_c.jpg","datePublished":"2022-08-26T18:07:09+00:00","author":{"@id":"https:\/\/www.noticiasradioreflejos.com.ar\/2021\/#\/schema\/person\/ad82545263dcc5ec0996818884fd5fb1"},"breadcrumb":{"@id":"https:\/\/www.noticiasradioreflejos.com.ar\/2021\/la-cooperativa-obrera-de-tornquist-intervino-la-via-publica-sin-permiso-ocasiono-accidentes-y-no-se-hizo-cargo\/#breadcrumb"},"inLanguage":"es","potentialAction":[{"@type":"ReadAction","target":["https:\/\/www.noticiasradioreflejos.com.ar\/2021\/la-cooperativa-obrera-de-tornquist-intervino-la-via-publica-sin-permiso-ocasiono-accidentes-y-no-se-hizo-cargo\/"]}]},{"@type":"ImageObject","inLanguage":"es","@id":"https:\/\/www.noticiasradioreflejos.com.ar\/2021\/la-cooperativa-obrera-de-tornquist-intervino-la-via-publica-sin-permiso-ocasiono-accidentes-y-no-se-hizo-cargo\/#primaryimage","url":"https:\/\/live.staticflickr.com\/65535\/52312596358_d50d4f8254_c.jpg","contentUrl":"https:\/\/live.staticflickr.com\/65535\/52312596358_d50d4f8254_c.jpg"},{"@type":"BreadcrumbList","@id":"https:\/\/www.noticiasradioreflejos.com.ar\/2021\/la-cooperativa-obrera-de-tornquist-intervino-la-via-publica-sin-permiso-ocasiono-accidentes-y-no-se-hizo-cargo\/#breadcrumb","itemListElement":[{"@type":"ListItem","position":1,"name":"Portada","item":"https:\/\/www.noticiasradioreflejos.com.ar\/2021\/"},{"@type":"ListItem","position":2,"name":"La Cooperativa Obrera de Tornquist intervino la v\u00eda p\u00fablica sin permiso, ocasion\u00f3 accidentes y no se hizo cargo."}]},{"@type":"WebSite","@id":"https:\/\/www.noticiasradioreflejos.com.ar\/2021\/#website","url":"https:\/\/www.noticiasradioreflejos.com.ar\/2021\/","name":"Noticias Radio Reflejos","description":"Las noticias de mi comarca","potentialAction":[{"@type":"SearchAction","target":{"@type":"EntryPoint","urlTemplate":"https:\/\/www.noticiasradioreflejos.com.ar\/2021\/?s={search_term_string}"},"query-input":{"@type":"PropertyValueSpecification","valueRequired":true,"valueName":"search_term_string"}}],"inLanguage":"es"},{"@type":"Person","@id":"https:\/\/www.noticiasradioreflejos.com.ar\/2021\/#\/schema\/person\/ad82545263dcc5ec0996818884fd5fb1","name":"Arnaldo Botto","image":{"@type":"ImageObject","inLanguage":"es","@id":"https:\/\/www.noticiasradioreflejos.com.ar\/2021\/#\/schema\/person\/image\/","url":"https:\/\/secure.gravatar.com\/avatar\/55cb5e37c1efa326397366e6974cb338056df65cb50e7d64d1cf314e87504837?s=96&d=mm&r=g","contentUrl":"https:\/\/secure.gravatar.com\/avatar\/55cb5e37c1efa326397366e6974cb338056df65cb50e7d64d1cf314e87504837?s=96&d=mm&r=g","caption":"Arnaldo Botto"},"url":"https:\/\/www.noticiasradioreflejos.com.ar\/2021\/author\/arnaldo\/"}]}},"_links":{"self":[{"href":"https:\/\/www.noticiasradioreflejos.com.ar\/2021\/wp-json\/wp\/v2\/posts\/76827","targetHints":{"allow":["GET"]}}],"collection":[{"href":"https:\/\/www.noticiasradioreflejos.com.ar\/2021\/wp-json\/wp\/v2\/posts"}],"about":[{"href":"https:\/\/www.noticiasradioreflejos.com.ar\/2021\/wp-json\/wp\/v2\/types\/post"}],"author":[{"embeddable":true,"href":"https:\/\/www.noticiasradioreflejos.com.ar\/2021\/wp-json\/wp\/v2\/users\/3"}],"replies":[{"embeddable":true,"href":"https:\/\/www.noticiasradioreflejos.com.ar\/2021\/wp-json\/wp\/v2\/comments?post=76827"}],"version-history":[{"count":2,"href":"https:\/\/www.noticiasradioreflejos.com.ar\/2021\/wp-json\/wp\/v2\/posts\/76827\/revisions"}],"predecessor-version":[{"id":76861,"href":"https:\/\/www.noticiasradioreflejos.com.ar\/2021\/wp-json\/wp\/v2\/posts\/76827\/revisions\/76861"}],"wp:attachment":[{"href":"https:\/\/www.noticiasradioreflejos.com.ar\/2021\/wp-json\/wp\/v2\/media?parent=76827"}],"wp:term":[{"taxonomy":"category","embeddable":true,"href":"https:\/\/www.noticiasradioreflejos.com.ar\/2021\/wp-json\/wp\/v2\/categories?post=76827"},{"taxonomy":"post_tag","embeddable":true,"href":"https:\/\/www.noticiasradioreflejos.com.ar\/2021\/wp-json\/wp\/v2\/tags?post=76827"}],"curies":[{"name":"wp","href":"https:\/\/api.w.org\/{rel}","templated":true}]}}