{"id":76824,"date":"2022-08-26T14:41:57","date_gmt":"2022-08-26T14:41:57","guid":{"rendered":"http:\/\/www.noticiasradioreflejos.com.ar\/2021\/?p=76824"},"modified":"2022-08-26T14:42:28","modified_gmt":"2022-08-26T14:42:28","slug":"ya-no-hay-que-completar-una-declaracion-jurada-electronica-para-entrar-y-salir-del-pais","status":"publish","type":"post","link":"https:\/\/www.noticiasradioreflejos.com.ar\/2021\/ya-no-hay-que-completar-una-declaracion-jurada-electronica-para-entrar-y-salir-del-pais\/","title":{"rendered":"Ya no hay que completar una declaraci\u00f3n jurada electr\u00f3nica para entrar y salir del pa\u00eds"},"content":{"rendered":"<p>Las nuevas \u00abmedidas de sanidad de fronteras\u00bb detallan que tampoco ser\u00e1 necesario realizar controles de temperatura en los puntos de ingreso ni en los embarques con destino al territorio nacional.<!--more--><\/p>\n<figure class=\"mb-3\"><img decoding=\"async\" src=\"https:\/\/www.telam.com.ar\/thumbs\/bluesteel\/advf\/imagenes\/2020\/03\/5e6e08e132090_900.jpg\" alt=\"Ya no ser necesario realizar la DDJJ para ingresar o salir del pas\" width=\"100%\" height=\"100%\" \/><\/p>\n<div class=\"media-icons\"><\/div><figcaption>Ya no ser\u00e1 necesario realizar la DDJJ para ingresar o salir del pa\u00eds.<\/figcaption><\/figure>\n<p>El Gobierno nacional flexibiliz\u00f3, a partir de este viernes, las medidas vinculadas con el ingreso y salida del pa\u00eds al estabilizarse los datos epidemiol\u00f3gicos en el marco de la pandemia de coronavirus, y ya\u00a0<strong>no ser\u00e1 necesario rellenar la declaraci\u00f3n jurada electr\u00f3nica<\/strong>\u00a0para las entradas y los egresos del territorio nacional.<\/p>\n<p>\u00abEliminamos la declaraci\u00f3n jurada. Ya no ser\u00e1 necesario realizar la DDJJ para ingresar o salir del pa\u00eds. Seguimos haciendo que viajar sea m\u00e1s r\u00e1pido y m\u00e1s sencillo\u00bb, public\u00f3 en su cuenta de Twitter la Directora Nacional de Migraciones, Florencia Carignano,<\/p>\n<div class=\"twitter-tweet twitter-tweet-rendered\"><iframe id=\"twitter-widget-0\" class=\"\" title=\"Twitter Tweet\" src=\"https:\/\/platform.twitter.com\/embed\/Tweet.html?creatorScreenName=agenciatelam&amp;dnt=false&amp;embedId=twitter-widget-0&amp;features=eyJ0ZndfdGltZWxpbmVfbGlzdCI6eyJidWNrZXQiOlsibGlua3RyLmVlIiwidHIuZWUiXSwidmVyc2lvbiI6bnVsbH0sInRmd19ob3Jpem9uX3RpbWVsaW5lXzEyMDM0Ijp7ImJ1Y2tldCI6InRyZWF0bWVudCIsInZlcnNpb24iOm51bGx9LCJ0ZndfdHdlZXRfZWRpdF9iYWNrZW5kIjp7ImJ1Y2tldCI6Im9uIiwidmVyc2lvbiI6bnVsbH0sInRmd19yZWZzcmNfc2Vzc2lvbiI6eyJidWNrZXQiOiJvbiIsInZlcnNpb24iOm51bGx9LCJ0ZndfY2hpbl9waWxsc18xNDc0MSI6eyJidWNrZXQiOiJjb2xvcl9pY29ucyIsInZlcnNpb24iOm51bGx9LCJ0ZndfdHdlZXRfcmVzdWx0X21pZ3JhdGlvbl8xMzk3OSI6eyJidWNrZXQiOiJ0d2VldF9yZXN1bHQiLCJ2ZXJzaW9uIjpudWxsfSwidGZ3X3NlbnNpdGl2ZV9tZWRpYV9pbnRlcnN0aXRpYWxfMTM5NjMiOnsiYnVja2V0IjoiaW50ZXJzdGl0aWFsIiwidmVyc2lvbiI6bnVsbH0sInRmd19leHBlcmltZW50c19jb29raWVfZXhwaXJhdGlvbiI6eyJidWNrZXQiOjEyMDk2MDAsInZlcnNpb24iOm51bGx9LCJ0ZndfZHVwbGljYXRlX3NjcmliZXNfdG9fc2V0dGluZ3MiOnsiYnVja2V0Ijoib24iLCJ2ZXJzaW9uIjpudWxsfSwidGZ3X3R3ZWV0X2VkaXRfZnJvbnRlbmQiOnsiYnVja2V0Ijoib2ZmIiwidmVyc2lvbiI6bnVsbH19&amp;frame=false&amp;hideCard=false&amp;hideThread=false&amp;id=1563109847763062786&amp;lang=es&amp;origin=https%3A%2F%2Fwww.telam.com.ar%2Fnotas%2F202208%2F602856-coronavirus-declaracion-jurada-electronica-entrar-salir-pais.html&amp;sessionId=5aed32e15427de68bbeaccdffb01b410ebf543c0&amp;siteScreenName=agenciatelam&amp;theme=light&amp;widgetsVersion=31f0cdc1eaa0f%3A1660602114609&amp;width=550px\" frameborder=\"0\" scrolling=\"no\" allowfullscreen=\"allowfullscreen\" data-tweet-id=\"1563109847763062786\" data-mce-fragment=\"1\"><\/iframe><\/div>\n<p>Las nuevas \u00abmedidas de sanidad de fronteras\u00bb fueron establecidas a trav\u00e9s de la Decisi\u00f3n Administrativa 837\/2022, publicada este viernes en el Bolet\u00edn Oficial con la firma del jefe de Gabinete, Juan Manzur; y de los ministros de Salud, Carla Vizzotti y de Interior, Eduardo De Pedro<\/p>\n<p>En la norma, se establece que \u00abno ser\u00e1 necesario realizar controles de temperatura en los puntos de ingreso al pa\u00eds ni en los embarques con destino al territorio nacional\u00bb.<\/p>\n<p>Indica asimismo que,\u00a0<strong>en caso de detectarse o reportarse en el punto de ingreso al pa\u00eds un caso positivo o sospechoso de Covid-19<\/strong>, se proceder\u00e1 teniendo en cuenta \u00abiguales medidas de prevenci\u00f3n y control que para cualquier infecci\u00f3n respiratoria aguda\u00bb, seg\u00fan las estrategias consignadas por el Ministerio de Salud.<\/p>\n<p>Otro apartado de la norma se refiere espec\u00edficamente a los<strong>\u00a0buques y cruceros que lleguen al pa\u00eds<\/strong>, que recibir\u00e1n, ante un caso positivo de Covid-19, el mismo tratamiento que quienes ingresen por otras v\u00edas.<\/p>\n<p>Asimismo, se autoriza el ingreso y egreso del pa\u00eds de los restos de personas fallecidas a causa del Covid-19, cumpliendo los requisitos solicitados en estos casos, y considerando que durante la pandemia se hab\u00edan establecido restricciones al respecto.<\/p>\n","protected":false},"excerpt":{"rendered":"<p>Las nuevas \u00abmedidas de sanidad de fronteras\u00bb detallan que tampoco ser\u00e1 necesario realizar controles de temperatura en los puntos de ingreso ni en los embarques con destino al territorio nacional.<\/p>\n","protected":false},"author":3,"featured_media":0,"comment_status":"closed","ping_status":"closed","sticky":false,"template":"","format":"standard","meta":{"footnotes":""},"categories":[24,26],"tags":[],"class_list":["post-76824","post","type-post","status-publish","format-standard","hentry","category-politica","category-sociedad"],"yoast_head":"<!-- This site is optimized with the Yoast SEO plugin v25.9 - https:\/\/yoast.com\/wordpress\/plugins\/seo\/ -->\n<title>Ya no hay que completar una declaraci\u00f3n jurada electr\u00f3nica para entrar y salir del pa\u00eds - Noticias Radio Reflejos<\/title>\n<meta name=\"robots\" content=\"index, follow, max-snippet:-1, max-image-preview:large, max-video-preview:-1\" \/>\n<link rel=\"canonical\" href=\"https:\/\/www.noticiasradioreflejos.com.ar\/2021\/ya-no-hay-que-completar-una-declaracion-jurada-electronica-para-entrar-y-salir-del-pais\/\" \/>\n<meta property=\"og:locale\" content=\"es_ES\" \/>\n<meta property=\"og:type\" content=\"article\" \/>\n<meta property=\"og:title\" content=\"Ya no hay que completar una declaraci\u00f3n jurada electr\u00f3nica para entrar y salir del pa\u00eds - Noticias Radio Reflejos\" \/>\n<meta property=\"og:description\" content=\"Las nuevas \u00abmedidas de sanidad de fronteras\u00bb detallan que tampoco ser\u00e1 necesario realizar controles de temperatura en los puntos de ingreso ni en los embarques con destino al territorio nacional.\" \/>\n<meta property=\"og:url\" content=\"https:\/\/www.noticiasradioreflejos.com.ar\/2021\/ya-no-hay-que-completar-una-declaracion-jurada-electronica-para-entrar-y-salir-del-pais\/\" \/>\n<meta property=\"og:site_name\" content=\"Noticias Radio Reflejos\" \/>\n<meta property=\"article:published_time\" content=\"2022-08-26T14:41:57+00:00\" \/>\n<meta property=\"article:modified_time\" content=\"2022-08-26T14:42:28+00:00\" \/>\n<meta property=\"og:image\" content=\"https:\/\/www.telam.com.ar\/thumbs\/bluesteel\/advf\/imagenes\/2020\/03\/5e6e08e132090_900.jpg\" \/>\n<meta name=\"author\" content=\"Arnaldo Botto\" \/>\n<meta name=\"twitter:card\" content=\"summary_large_image\" \/>\n<script type=\"application\/ld+json\" class=\"yoast-schema-graph\">{\"@context\":\"https:\/\/schema.org\",\"@graph\":[{\"@type\":\"WebPage\",\"@id\":\"https:\/\/www.noticiasradioreflejos.com.ar\/2021\/ya-no-hay-que-completar-una-declaracion-jurada-electronica-para-entrar-y-salir-del-pais\/\",\"url\":\"https:\/\/www.noticiasradioreflejos.com.ar\/2021\/ya-no-hay-que-completar-una-declaracion-jurada-electronica-para-entrar-y-salir-del-pais\/\",\"name\":\"Ya no hay que completar una declaraci\u00f3n jurada electr\u00f3nica para entrar y salir del pa\u00eds - Noticias Radio Reflejos\",\"isPartOf\":{\"@id\":\"https:\/\/www.noticiasradioreflejos.com.ar\/2021\/#website\"},\"primaryImageOfPage\":{\"@id\":\"https:\/\/www.noticiasradioreflejos.com.ar\/2021\/ya-no-hay-que-completar-una-declaracion-jurada-electronica-para-entrar-y-salir-del-pais\/#primaryimage\"},\"image\":{\"@id\":\"https:\/\/www.noticiasradioreflejos.com.ar\/2021\/ya-no-hay-que-completar-una-declaracion-jurada-electronica-para-entrar-y-salir-del-pais\/#primaryimage\"},\"thumbnailUrl\":\"https:\/\/www.telam.com.ar\/thumbs\/bluesteel\/advf\/imagenes\/2020\/03\/5e6e08e132090_900.jpg\",\"datePublished\":\"2022-08-26T14:41:57+00:00\",\"dateModified\":\"2022-08-26T14:42:28+00:00\",\"author\":{\"@id\":\"https:\/\/www.noticiasradioreflejos.com.ar\/2021\/#\/schema\/person\/ad82545263dcc5ec0996818884fd5fb1\"},\"breadcrumb\":{\"@id\":\"https:\/\/www.noticiasradioreflejos.com.ar\/2021\/ya-no-hay-que-completar-una-declaracion-jurada-electronica-para-entrar-y-salir-del-pais\/#breadcrumb\"},\"inLanguage\":\"es\",\"potentialAction\":[{\"@type\":\"ReadAction\",\"target\":[\"https:\/\/www.noticiasradioreflejos.com.ar\/2021\/ya-no-hay-que-completar-una-declaracion-jurada-electronica-para-entrar-y-salir-del-pais\/\"]}]},{\"@type\":\"ImageObject\",\"inLanguage\":\"es\",\"@id\":\"https:\/\/www.noticiasradioreflejos.com.ar\/2021\/ya-no-hay-que-completar-una-declaracion-jurada-electronica-para-entrar-y-salir-del-pais\/#primaryimage\",\"url\":\"https:\/\/www.telam.com.ar\/thumbs\/bluesteel\/advf\/imagenes\/2020\/03\/5e6e08e132090_900.jpg\",\"contentUrl\":\"https:\/\/www.telam.com.ar\/thumbs\/bluesteel\/advf\/imagenes\/2020\/03\/5e6e08e132090_900.jpg\"},{\"@type\":\"BreadcrumbList\",\"@id\":\"https:\/\/www.noticiasradioreflejos.com.ar\/2021\/ya-no-hay-que-completar-una-declaracion-jurada-electronica-para-entrar-y-salir-del-pais\/#breadcrumb\",\"itemListElement\":[{\"@type\":\"ListItem\",\"position\":1,\"name\":\"Portada\",\"item\":\"https:\/\/www.noticiasradioreflejos.com.ar\/2021\/\"},{\"@type\":\"ListItem\",\"position\":2,\"name\":\"Ya no hay que completar una declaraci\u00f3n jurada electr\u00f3nica para entrar y salir del pa\u00eds\"}]},{\"@type\":\"WebSite\",\"@id\":\"https:\/\/www.noticiasradioreflejos.com.ar\/2021\/#website\",\"url\":\"https:\/\/www.noticiasradioreflejos.com.ar\/2021\/\",\"name\":\"Noticias Radio Reflejos\",\"description\":\"Las noticias de mi comarca\",\"potentialAction\":[{\"@type\":\"SearchAction\",\"target\":{\"@type\":\"EntryPoint\",\"urlTemplate\":\"https:\/\/www.noticiasradioreflejos.com.ar\/2021\/?s={search_term_string}\"},\"query-input\":{\"@type\":\"PropertyValueSpecification\",\"valueRequired\":true,\"valueName\":\"search_term_string\"}}],\"inLanguage\":\"es\"},{\"@type\":\"Person\",\"@id\":\"https:\/\/www.noticiasradioreflejos.com.ar\/2021\/#\/schema\/person\/ad82545263dcc5ec0996818884fd5fb1\",\"name\":\"Arnaldo Botto\",\"image\":{\"@type\":\"ImageObject\",\"inLanguage\":\"es\",\"@id\":\"https:\/\/www.noticiasradioreflejos.com.ar\/2021\/#\/schema\/person\/image\/\",\"url\":\"https:\/\/secure.gravatar.com\/avatar\/55cb5e37c1efa326397366e6974cb338056df65cb50e7d64d1cf314e87504837?s=96&d=mm&r=g\",\"contentUrl\":\"https:\/\/secure.gravatar.com\/avatar\/55cb5e37c1efa326397366e6974cb338056df65cb50e7d64d1cf314e87504837?s=96&d=mm&r=g\",\"caption\":\"Arnaldo Botto\"},\"url\":\"https:\/\/www.noticiasradioreflejos.com.ar\/2021\/author\/arnaldo\/\"}]}<\/script>\n<!-- \/ Yoast SEO plugin. -->","yoast_head_json":{"title":"Ya no hay que completar una declaraci\u00f3n jurada electr\u00f3nica para entrar y salir del pa\u00eds - Noticias Radio Reflejos","robots":{"index":"index","follow":"follow","max-snippet":"max-snippet:-1","max-image-preview":"max-image-preview:large","max-video-preview":"max-video-preview:-1"},"canonical":"https:\/\/www.noticiasradioreflejos.com.ar\/2021\/ya-no-hay-que-completar-una-declaracion-jurada-electronica-para-entrar-y-salir-del-pais\/","og_locale":"es_ES","og_type":"article","og_title":"Ya no hay que completar una declaraci\u00f3n jurada electr\u00f3nica para entrar y salir del pa\u00eds - Noticias Radio Reflejos","og_description":"Las nuevas \u00abmedidas de sanidad de fronteras\u00bb detallan que tampoco ser\u00e1 necesario realizar controles de temperatura en los puntos de ingreso ni en los embarques con destino al territorio nacional.","og_url":"https:\/\/www.noticiasradioreflejos.com.ar\/2021\/ya-no-hay-que-completar-una-declaracion-jurada-electronica-para-entrar-y-salir-del-pais\/","og_site_name":"Noticias Radio Reflejos","article_published_time":"2022-08-26T14:41:57+00:00","article_modified_time":"2022-08-26T14:42:28+00:00","og_image":[{"url":"https:\/\/www.telam.com.ar\/thumbs\/bluesteel\/advf\/imagenes\/2020\/03\/5e6e08e132090_900.jpg","type":"","width":"","height":""}],"author":"Arnaldo Botto","twitter_card":"summary_large_image","schema":{"@context":"https:\/\/schema.org","@graph":[{"@type":"WebPage","@id":"https:\/\/www.noticiasradioreflejos.com.ar\/2021\/ya-no-hay-que-completar-una-declaracion-jurada-electronica-para-entrar-y-salir-del-pais\/","url":"https:\/\/www.noticiasradioreflejos.com.ar\/2021\/ya-no-hay-que-completar-una-declaracion-jurada-electronica-para-entrar-y-salir-del-pais\/","name":"Ya no hay que completar una declaraci\u00f3n jurada electr\u00f3nica para entrar y salir del pa\u00eds - Noticias Radio Reflejos","isPartOf":{"@id":"https:\/\/www.noticiasradioreflejos.com.ar\/2021\/#website"},"primaryImageOfPage":{"@id":"https:\/\/www.noticiasradioreflejos.com.ar\/2021\/ya-no-hay-que-completar-una-declaracion-jurada-electronica-para-entrar-y-salir-del-pais\/#primaryimage"},"image":{"@id":"https:\/\/www.noticiasradioreflejos.com.ar\/2021\/ya-no-hay-que-completar-una-declaracion-jurada-electronica-para-entrar-y-salir-del-pais\/#primaryimage"},"thumbnailUrl":"https:\/\/www.telam.com.ar\/thumbs\/bluesteel\/advf\/imagenes\/2020\/03\/5e6e08e132090_900.jpg","datePublished":"2022-08-26T14:41:57+00:00","dateModified":"2022-08-26T14:42:28+00:00","author":{"@id":"https:\/\/www.noticiasradioreflejos.com.ar\/2021\/#\/schema\/person\/ad82545263dcc5ec0996818884fd5fb1"},"breadcrumb":{"@id":"https:\/\/www.noticiasradioreflejos.com.ar\/2021\/ya-no-hay-que-completar-una-declaracion-jurada-electronica-para-entrar-y-salir-del-pais\/#breadcrumb"},"inLanguage":"es","potentialAction":[{"@type":"ReadAction","target":["https:\/\/www.noticiasradioreflejos.com.ar\/2021\/ya-no-hay-que-completar-una-declaracion-jurada-electronica-para-entrar-y-salir-del-pais\/"]}]},{"@type":"ImageObject","inLanguage":"es","@id":"https:\/\/www.noticiasradioreflejos.com.ar\/2021\/ya-no-hay-que-completar-una-declaracion-jurada-electronica-para-entrar-y-salir-del-pais\/#primaryimage","url":"https:\/\/www.telam.com.ar\/thumbs\/bluesteel\/advf\/imagenes\/2020\/03\/5e6e08e132090_900.jpg","contentUrl":"https:\/\/www.telam.com.ar\/thumbs\/bluesteel\/advf\/imagenes\/2020\/03\/5e6e08e132090_900.jpg"},{"@type":"BreadcrumbList","@id":"https:\/\/www.noticiasradioreflejos.com.ar\/2021\/ya-no-hay-que-completar-una-declaracion-jurada-electronica-para-entrar-y-salir-del-pais\/#breadcrumb","itemListElement":[{"@type":"ListItem","position":1,"name":"Portada","item":"https:\/\/www.noticiasradioreflejos.com.ar\/2021\/"},{"@type":"ListItem","position":2,"name":"Ya no hay que completar una declaraci\u00f3n jurada electr\u00f3nica para entrar y salir del pa\u00eds"}]},{"@type":"WebSite","@id":"https:\/\/www.noticiasradioreflejos.com.ar\/2021\/#website","url":"https:\/\/www.noticiasradioreflejos.com.ar\/2021\/","name":"Noticias Radio Reflejos","description":"Las noticias de mi comarca","potentialAction":[{"@type":"SearchAction","target":{"@type":"EntryPoint","urlTemplate":"https:\/\/www.noticiasradioreflejos.com.ar\/2021\/?s={search_term_string}"},"query-input":{"@type":"PropertyValueSpecification","valueRequired":true,"valueName":"search_term_string"}}],"inLanguage":"es"},{"@type":"Person","@id":"https:\/\/www.noticiasradioreflejos.com.ar\/2021\/#\/schema\/person\/ad82545263dcc5ec0996818884fd5fb1","name":"Arnaldo Botto","image":{"@type":"ImageObject","inLanguage":"es","@id":"https:\/\/www.noticiasradioreflejos.com.ar\/2021\/#\/schema\/person\/image\/","url":"https:\/\/secure.gravatar.com\/avatar\/55cb5e37c1efa326397366e6974cb338056df65cb50e7d64d1cf314e87504837?s=96&d=mm&r=g","contentUrl":"https:\/\/secure.gravatar.com\/avatar\/55cb5e37c1efa326397366e6974cb338056df65cb50e7d64d1cf314e87504837?s=96&d=mm&r=g","caption":"Arnaldo Botto"},"url":"https:\/\/www.noticiasradioreflejos.com.ar\/2021\/author\/arnaldo\/"}]}},"_links":{"self":[{"href":"https:\/\/www.noticiasradioreflejos.com.ar\/2021\/wp-json\/wp\/v2\/posts\/76824","targetHints":{"allow":["GET"]}}],"collection":[{"href":"https:\/\/www.noticiasradioreflejos.com.ar\/2021\/wp-json\/wp\/v2\/posts"}],"about":[{"href":"https:\/\/www.noticiasradioreflejos.com.ar\/2021\/wp-json\/wp\/v2\/types\/post"}],"author":[{"embeddable":true,"href":"https:\/\/www.noticiasradioreflejos.com.ar\/2021\/wp-json\/wp\/v2\/users\/3"}],"replies":[{"embeddable":true,"href":"https:\/\/www.noticiasradioreflejos.com.ar\/2021\/wp-json\/wp\/v2\/comments?post=76824"}],"version-history":[{"count":1,"href":"https:\/\/www.noticiasradioreflejos.com.ar\/2021\/wp-json\/wp\/v2\/posts\/76824\/revisions"}],"predecessor-version":[{"id":76825,"href":"https:\/\/www.noticiasradioreflejos.com.ar\/2021\/wp-json\/wp\/v2\/posts\/76824\/revisions\/76825"}],"wp:attachment":[{"href":"https:\/\/www.noticiasradioreflejos.com.ar\/2021\/wp-json\/wp\/v2\/media?parent=76824"}],"wp:term":[{"taxonomy":"category","embeddable":true,"href":"https:\/\/www.noticiasradioreflejos.com.ar\/2021\/wp-json\/wp\/v2\/categories?post=76824"},{"taxonomy":"post_tag","embeddable":true,"href":"https:\/\/www.noticiasradioreflejos.com.ar\/2021\/wp-json\/wp\/v2\/tags?post=76824"}],"curies":[{"name":"wp","href":"https:\/\/api.w.org\/{rel}","templated":true}]}}