{"id":76821,"date":"2022-08-26T14:33:41","date_gmt":"2022-08-26T14:33:41","guid":{"rendered":"http:\/\/www.noticiasradioreflejos.com.ar\/2021\/?p=76821"},"modified":"2022-08-26T14:33:41","modified_gmt":"2022-08-26T14:33:41","slug":"restringen-viajes-por-misiones-oficiales-o-comisiones-de-servicio-al-exterior","status":"publish","type":"post","link":"https:\/\/www.noticiasradioreflejos.com.ar\/2021\/restringen-viajes-por-misiones-oficiales-o-comisiones-de-servicio-al-exterior\/","title":{"rendered":"Restringen viajes por misiones oficiales o comisiones de servicio al exterior"},"content":{"rendered":"<p>Para contribuir a una mayor racionalizaci\u00f3n del gasto p\u00fablico, se limitan los traslados a eventos internacionales\u00a0 cuya organizaci\u00f3n no contemple la posibilidad de participar mediante una plataforma de reuni\u00f3n virtual.<!--more--><\/p>\n<p>&nbsp;<\/p>\n<figure class=\"mb-3\"><img decoding=\"async\" src=\"https:\/\/www.telam.com.ar\/thumbs\/bluesteel\/advf\/imagenes\/2021\/04\/6077360572655_900.jpg\" alt=\"El Gobierno Nacional le da prioridad a las reuniones por videoconferencia\" width=\"100%\" height=\"100%\" \/><\/p>\n<div class=\"media-icons\"><\/div><figcaption>El Gobierno Nacional le da prioridad a las reuniones por videoconferencia.<\/figcaption><\/figure>\n<p>El Gobierno nacional r<strong>estringi\u00f3 los traslados por misiones oficiales<\/strong>\u00a0o comisiones de servicio al exterior, y a eventos internacionales cuya organizaci\u00f3n no contemple la posibilidad de participar mediante una plataforma de reuni\u00f3n virtual o por videoconferencia, con el objetivo de \u00abcontribuir a una mayor racionalizaci\u00f3n del gasto p\u00fablico\u00bb.<\/p>\n<p>As\u00ed lo dispuso la Decisi\u00f3n Administrativa 836\/2022, publicada este viernes en el Bolet\u00edn Oficial, con la firma del jefe de Gabinete Juan Manzur y del ministro del Interior, Eduardo de Pedro.<\/p>\n<blockquote class=\"\"><p>\u00abEl funcionario deber\u00e1 declarar, en car\u00e1cter de declaraci\u00f3n jurada, que el evento no cuenta con alternativas que permitan la intervenci\u00f3n adecuada, a distancia\u00bb<\/p><\/blockquote>\n<p>\u00abRestr\u00edngense los traslados por misiones oficiales o comisiones de servicio al exterior, cualquiera fuera la fuente de financiamiento del gasto, a eventos internacionales reconocidos e impostergables para los intereses del Estado nacional cuya organizaci\u00f3n no contemple la posibilidad de participar adecuadamente mediante una plataforma de reuni\u00f3n virtual o software de videoconferencia\u00bb, dice la norma en su art\u00edculo 1.<\/p>\n<p>Y agrega: \u00abEl funcionario o la funcionaria o autoridad peticionante deber\u00e1 declarar, en car\u00e1cter de declaraci\u00f3n jurada, que el evento no cuenta con alternativas que permitan la intervenci\u00f3n adecuada, a distancia\u00bb.<\/p>\n<p>En tanto,\u00a0<strong>los traslados deber\u00e1n contar con la autorizaci\u00f3n previa<\/strong>\u00a0y expresa del Jefe o de la Jefa de Gabinete de Ministros cuando se trate de ministros, secretarios de la Presidencia de la Naci\u00f3n, Jefe o Jefa de la Casa Militar y dem\u00e1s funcionarios con rango y jerarqu\u00eda de ministro.<\/p>\n<p>Tambi\u00e9n cuando fueran \u00abtitulares de secretar\u00edas, subsecretar\u00edas, instituciones de la Seguridad Social, entes reguladores, liquidadores y superintendencias, incluyendo los cuerpos colegiados, organismos de la Administraci\u00f3n P\u00fablica Nacional Descentralizada y Desconcentrada y direcciones nacionales y generales o sus respectivos niveles equivalentes\u00bb.<\/p>\n<blockquote class=\"\"><p>Los viajes al exterior deber\u00e1n preverse con la suficiente antelaci\u00f3n a efectos de posibilitar el acceso a las mejores tarifas<\/p><\/blockquote>\n<p>Por otra parte, la disposici\u00f3n indica que \u00ablos traslados deber\u00e1n contar con la conformidad previa del o de la titular de la jurisdicci\u00f3n de la cual dependan\u00bb.<\/p>\n<p>Esto rige cuando se trate de \u00abautoridades del Banco Central, de las Entidades Financieras Oficiales nacionales y de sus Empresas vinculadas, hasta nivel equivalente de Director Nacional y Director General; autoridades de Empresas y Sociedades del Estado, de los Entes P\u00fablicos y de los Fondos Fiduciarios, previstos en los incisos b); c) y d) del art\u00edculo 8\u00b0 de la Ley N\u00b0 24.156 y modificatorias, hasta nivel equivalente de Director Nacional y Director General\u00bb.<\/p>\n<p>Tambi\u00e9n cuando fueren \u00abfuncionarios y funcionarias con nivel inferior a Director Nacional o General o su equivalente de las jurisdicciones y organismos aludidos en los incisos precedentes\u00bb.<\/p>\n<figure class=\"mb-3\"><img decoding=\"async\" src=\"https:\/\/www.telam.com.ar\/thumbs\/bluesteel\/advf\/imagenes\/2020\/10\/5f91f714e4026.10.2020%20565_900.jpg\" alt=\"Restringen viajes al exterior para bajar el gasto pblico\" width=\"100%\" height=\"100%\" \/><\/p>\n<div class=\"media-icons\"><\/div><figcaption>Restringen viajes al exterior para bajar el gasto p\u00fablico.<\/figcaption><\/figure>\n<p>Asimismo, para los traslados, se deber\u00e1 iniciar el tr\u00e1mite administrativo para la obtenci\u00f3n de la conformidad del Jefe de Gabinete con una antelaci\u00f3n m\u00ednima de 10 d\u00edas h\u00e1biles previos al traslado de la misi\u00f3n o la comisi\u00f3n correspondiente.<\/p>\n<p>Una vez finalizada la misi\u00f3n oficial o comisi\u00f3n de servicio al exterior, los funcionarios o autoridades deber\u00e1n enviar una comunicaci\u00f3n oficial dirigida al Jefe de Gabinete adjuntando el formulario\u00a0<strong>\u00abInforme de Resultado de Gesti\u00f3n Internacional<\/strong>\u00ab, que figura en el anexo de la normativa.<\/p>\n<p>Adem\u00e1s, los viajes al exterior deber\u00e1n preverse con la suficiente antelaci\u00f3n a efectos de posibilitar el acceso a las mejores tarifas ofrecidas por el mercado y deber\u00e1 efectuarse por la v\u00eda m\u00e1s corta y de menor costo.<\/p>\n<p>Se priorizar\u00e1 la utilizaci\u00f3n de la v\u00eda m\u00e1s corta tanto a la ida como al regreso, y deber\u00e1n realizarse por la ruta y aerol\u00ednea que re\u00fana las condiciones m\u00e1s apropiadas, con prioridad a las aerol\u00edneas de propiedad del Estado.<\/p>\n<p><strong>Los pasajes deber\u00e1n emitirse por una misma aerol\u00ednea<\/strong>, en ruta de ida y vuelta, no endosables, reintegrables \u00fanicamente en la oficina de origen.<\/p>\n<p>Por otra parte, el personal autorizado deber\u00e1 presentar dentro de los cinco d\u00edas de la fecha de llegada, la rendici\u00f3n de vi\u00e1ticos y de gastos de alojamiento, de acuerdo con el formulario de \u00abDeclaraci\u00f3n Jurada de Rendici\u00f3n de Vi\u00e1ticos y Gastos de Alojamiento\u00bb, que tambi\u00e9n figura anexado a la normativa.<\/p>\n","protected":false},"excerpt":{"rendered":"<p>Para contribuir a una mayor racionalizaci\u00f3n del gasto p\u00fablico, se limitan los traslados a eventos internacionales\u00a0 cuya organizaci\u00f3n no contemple la posibilidad de participar mediante una plataforma de reuni\u00f3n virtual.<\/p>\n","protected":false},"author":3,"featured_media":0,"comment_status":"closed","ping_status":"closed","sticky":false,"template":"","format":"standard","meta":{"footnotes":""},"categories":[58,24],"tags":[],"class_list":["post-76821","post","type-post","status-publish","format-standard","hentry","category-gobierno","category-politica"],"yoast_head":"<!-- This site is optimized with the Yoast SEO plugin v25.9 - https:\/\/yoast.com\/wordpress\/plugins\/seo\/ -->\n<title>Restringen viajes por misiones oficiales o comisiones de servicio al exterior - Noticias Radio Reflejos<\/title>\n<meta name=\"robots\" content=\"index, follow, max-snippet:-1, max-image-preview:large, max-video-preview:-1\" \/>\n<link rel=\"canonical\" href=\"https:\/\/www.noticiasradioreflejos.com.ar\/2021\/restringen-viajes-por-misiones-oficiales-o-comisiones-de-servicio-al-exterior\/\" \/>\n<meta property=\"og:locale\" content=\"es_ES\" \/>\n<meta property=\"og:type\" content=\"article\" \/>\n<meta property=\"og:title\" content=\"Restringen viajes por misiones oficiales o comisiones de servicio al exterior - Noticias Radio Reflejos\" \/>\n<meta property=\"og:description\" content=\"Para contribuir a una mayor racionalizaci\u00f3n del gasto p\u00fablico, se limitan los traslados a eventos internacionales\u00a0 cuya organizaci\u00f3n no contemple la posibilidad de participar mediante una plataforma de reuni\u00f3n virtual.\" \/>\n<meta property=\"og:url\" content=\"https:\/\/www.noticiasradioreflejos.com.ar\/2021\/restringen-viajes-por-misiones-oficiales-o-comisiones-de-servicio-al-exterior\/\" \/>\n<meta property=\"og:site_name\" content=\"Noticias Radio Reflejos\" \/>\n<meta property=\"article:published_time\" content=\"2022-08-26T14:33:41+00:00\" \/>\n<meta property=\"og:image\" content=\"https:\/\/www.telam.com.ar\/thumbs\/bluesteel\/advf\/imagenes\/2021\/04\/6077360572655_900.jpg\" \/>\n<meta name=\"author\" content=\"Arnaldo Botto\" \/>\n<meta name=\"twitter:card\" content=\"summary_large_image\" \/>\n<script type=\"application\/ld+json\" class=\"yoast-schema-graph\">{\"@context\":\"https:\/\/schema.org\",\"@graph\":[{\"@type\":\"WebPage\",\"@id\":\"https:\/\/www.noticiasradioreflejos.com.ar\/2021\/restringen-viajes-por-misiones-oficiales-o-comisiones-de-servicio-al-exterior\/\",\"url\":\"https:\/\/www.noticiasradioreflejos.com.ar\/2021\/restringen-viajes-por-misiones-oficiales-o-comisiones-de-servicio-al-exterior\/\",\"name\":\"Restringen viajes por misiones oficiales o comisiones de servicio al exterior - Noticias Radio Reflejos\",\"isPartOf\":{\"@id\":\"https:\/\/www.noticiasradioreflejos.com.ar\/2021\/#website\"},\"primaryImageOfPage\":{\"@id\":\"https:\/\/www.noticiasradioreflejos.com.ar\/2021\/restringen-viajes-por-misiones-oficiales-o-comisiones-de-servicio-al-exterior\/#primaryimage\"},\"image\":{\"@id\":\"https:\/\/www.noticiasradioreflejos.com.ar\/2021\/restringen-viajes-por-misiones-oficiales-o-comisiones-de-servicio-al-exterior\/#primaryimage\"},\"thumbnailUrl\":\"https:\/\/www.telam.com.ar\/thumbs\/bluesteel\/advf\/imagenes\/2021\/04\/6077360572655_900.jpg\",\"datePublished\":\"2022-08-26T14:33:41+00:00\",\"author\":{\"@id\":\"https:\/\/www.noticiasradioreflejos.com.ar\/2021\/#\/schema\/person\/ad82545263dcc5ec0996818884fd5fb1\"},\"breadcrumb\":{\"@id\":\"https:\/\/www.noticiasradioreflejos.com.ar\/2021\/restringen-viajes-por-misiones-oficiales-o-comisiones-de-servicio-al-exterior\/#breadcrumb\"},\"inLanguage\":\"es\",\"potentialAction\":[{\"@type\":\"ReadAction\",\"target\":[\"https:\/\/www.noticiasradioreflejos.com.ar\/2021\/restringen-viajes-por-misiones-oficiales-o-comisiones-de-servicio-al-exterior\/\"]}]},{\"@type\":\"ImageObject\",\"inLanguage\":\"es\",\"@id\":\"https:\/\/www.noticiasradioreflejos.com.ar\/2021\/restringen-viajes-por-misiones-oficiales-o-comisiones-de-servicio-al-exterior\/#primaryimage\",\"url\":\"https:\/\/www.telam.com.ar\/thumbs\/bluesteel\/advf\/imagenes\/2021\/04\/6077360572655_900.jpg\",\"contentUrl\":\"https:\/\/www.telam.com.ar\/thumbs\/bluesteel\/advf\/imagenes\/2021\/04\/6077360572655_900.jpg\"},{\"@type\":\"BreadcrumbList\",\"@id\":\"https:\/\/www.noticiasradioreflejos.com.ar\/2021\/restringen-viajes-por-misiones-oficiales-o-comisiones-de-servicio-al-exterior\/#breadcrumb\",\"itemListElement\":[{\"@type\":\"ListItem\",\"position\":1,\"name\":\"Portada\",\"item\":\"https:\/\/www.noticiasradioreflejos.com.ar\/2021\/\"},{\"@type\":\"ListItem\",\"position\":2,\"name\":\"Restringen viajes por misiones oficiales o comisiones de servicio al exterior\"}]},{\"@type\":\"WebSite\",\"@id\":\"https:\/\/www.noticiasradioreflejos.com.ar\/2021\/#website\",\"url\":\"https:\/\/www.noticiasradioreflejos.com.ar\/2021\/\",\"name\":\"Noticias Radio Reflejos\",\"description\":\"Las noticias de mi comarca\",\"potentialAction\":[{\"@type\":\"SearchAction\",\"target\":{\"@type\":\"EntryPoint\",\"urlTemplate\":\"https:\/\/www.noticiasradioreflejos.com.ar\/2021\/?s={search_term_string}\"},\"query-input\":{\"@type\":\"PropertyValueSpecification\",\"valueRequired\":true,\"valueName\":\"search_term_string\"}}],\"inLanguage\":\"es\"},{\"@type\":\"Person\",\"@id\":\"https:\/\/www.noticiasradioreflejos.com.ar\/2021\/#\/schema\/person\/ad82545263dcc5ec0996818884fd5fb1\",\"name\":\"Arnaldo Botto\",\"image\":{\"@type\":\"ImageObject\",\"inLanguage\":\"es\",\"@id\":\"https:\/\/www.noticiasradioreflejos.com.ar\/2021\/#\/schema\/person\/image\/\",\"url\":\"https:\/\/secure.gravatar.com\/avatar\/55cb5e37c1efa326397366e6974cb338056df65cb50e7d64d1cf314e87504837?s=96&d=mm&r=g\",\"contentUrl\":\"https:\/\/secure.gravatar.com\/avatar\/55cb5e37c1efa326397366e6974cb338056df65cb50e7d64d1cf314e87504837?s=96&d=mm&r=g\",\"caption\":\"Arnaldo Botto\"},\"url\":\"https:\/\/www.noticiasradioreflejos.com.ar\/2021\/author\/arnaldo\/\"}]}<\/script>\n<!-- \/ Yoast SEO plugin. -->","yoast_head_json":{"title":"Restringen viajes por misiones oficiales o comisiones de servicio al exterior - Noticias Radio Reflejos","robots":{"index":"index","follow":"follow","max-snippet":"max-snippet:-1","max-image-preview":"max-image-preview:large","max-video-preview":"max-video-preview:-1"},"canonical":"https:\/\/www.noticiasradioreflejos.com.ar\/2021\/restringen-viajes-por-misiones-oficiales-o-comisiones-de-servicio-al-exterior\/","og_locale":"es_ES","og_type":"article","og_title":"Restringen viajes por misiones oficiales o comisiones de servicio al exterior - Noticias Radio Reflejos","og_description":"Para contribuir a una mayor racionalizaci\u00f3n del gasto p\u00fablico, se limitan los traslados a eventos internacionales\u00a0 cuya organizaci\u00f3n no contemple la posibilidad de participar mediante una plataforma de reuni\u00f3n virtual.","og_url":"https:\/\/www.noticiasradioreflejos.com.ar\/2021\/restringen-viajes-por-misiones-oficiales-o-comisiones-de-servicio-al-exterior\/","og_site_name":"Noticias Radio Reflejos","article_published_time":"2022-08-26T14:33:41+00:00","og_image":[{"url":"https:\/\/www.telam.com.ar\/thumbs\/bluesteel\/advf\/imagenes\/2021\/04\/6077360572655_900.jpg","type":"","width":"","height":""}],"author":"Arnaldo Botto","twitter_card":"summary_large_image","schema":{"@context":"https:\/\/schema.org","@graph":[{"@type":"WebPage","@id":"https:\/\/www.noticiasradioreflejos.com.ar\/2021\/restringen-viajes-por-misiones-oficiales-o-comisiones-de-servicio-al-exterior\/","url":"https:\/\/www.noticiasradioreflejos.com.ar\/2021\/restringen-viajes-por-misiones-oficiales-o-comisiones-de-servicio-al-exterior\/","name":"Restringen viajes por misiones oficiales o comisiones de servicio al exterior - Noticias Radio Reflejos","isPartOf":{"@id":"https:\/\/www.noticiasradioreflejos.com.ar\/2021\/#website"},"primaryImageOfPage":{"@id":"https:\/\/www.noticiasradioreflejos.com.ar\/2021\/restringen-viajes-por-misiones-oficiales-o-comisiones-de-servicio-al-exterior\/#primaryimage"},"image":{"@id":"https:\/\/www.noticiasradioreflejos.com.ar\/2021\/restringen-viajes-por-misiones-oficiales-o-comisiones-de-servicio-al-exterior\/#primaryimage"},"thumbnailUrl":"https:\/\/www.telam.com.ar\/thumbs\/bluesteel\/advf\/imagenes\/2021\/04\/6077360572655_900.jpg","datePublished":"2022-08-26T14:33:41+00:00","author":{"@id":"https:\/\/www.noticiasradioreflejos.com.ar\/2021\/#\/schema\/person\/ad82545263dcc5ec0996818884fd5fb1"},"breadcrumb":{"@id":"https:\/\/www.noticiasradioreflejos.com.ar\/2021\/restringen-viajes-por-misiones-oficiales-o-comisiones-de-servicio-al-exterior\/#breadcrumb"},"inLanguage":"es","potentialAction":[{"@type":"ReadAction","target":["https:\/\/www.noticiasradioreflejos.com.ar\/2021\/restringen-viajes-por-misiones-oficiales-o-comisiones-de-servicio-al-exterior\/"]}]},{"@type":"ImageObject","inLanguage":"es","@id":"https:\/\/www.noticiasradioreflejos.com.ar\/2021\/restringen-viajes-por-misiones-oficiales-o-comisiones-de-servicio-al-exterior\/#primaryimage","url":"https:\/\/www.telam.com.ar\/thumbs\/bluesteel\/advf\/imagenes\/2021\/04\/6077360572655_900.jpg","contentUrl":"https:\/\/www.telam.com.ar\/thumbs\/bluesteel\/advf\/imagenes\/2021\/04\/6077360572655_900.jpg"},{"@type":"BreadcrumbList","@id":"https:\/\/www.noticiasradioreflejos.com.ar\/2021\/restringen-viajes-por-misiones-oficiales-o-comisiones-de-servicio-al-exterior\/#breadcrumb","itemListElement":[{"@type":"ListItem","position":1,"name":"Portada","item":"https:\/\/www.noticiasradioreflejos.com.ar\/2021\/"},{"@type":"ListItem","position":2,"name":"Restringen viajes por misiones oficiales o comisiones de servicio al exterior"}]},{"@type":"WebSite","@id":"https:\/\/www.noticiasradioreflejos.com.ar\/2021\/#website","url":"https:\/\/www.noticiasradioreflejos.com.ar\/2021\/","name":"Noticias Radio Reflejos","description":"Las noticias de mi comarca","potentialAction":[{"@type":"SearchAction","target":{"@type":"EntryPoint","urlTemplate":"https:\/\/www.noticiasradioreflejos.com.ar\/2021\/?s={search_term_string}"},"query-input":{"@type":"PropertyValueSpecification","valueRequired":true,"valueName":"search_term_string"}}],"inLanguage":"es"},{"@type":"Person","@id":"https:\/\/www.noticiasradioreflejos.com.ar\/2021\/#\/schema\/person\/ad82545263dcc5ec0996818884fd5fb1","name":"Arnaldo Botto","image":{"@type":"ImageObject","inLanguage":"es","@id":"https:\/\/www.noticiasradioreflejos.com.ar\/2021\/#\/schema\/person\/image\/","url":"https:\/\/secure.gravatar.com\/avatar\/55cb5e37c1efa326397366e6974cb338056df65cb50e7d64d1cf314e87504837?s=96&d=mm&r=g","contentUrl":"https:\/\/secure.gravatar.com\/avatar\/55cb5e37c1efa326397366e6974cb338056df65cb50e7d64d1cf314e87504837?s=96&d=mm&r=g","caption":"Arnaldo Botto"},"url":"https:\/\/www.noticiasradioreflejos.com.ar\/2021\/author\/arnaldo\/"}]}},"_links":{"self":[{"href":"https:\/\/www.noticiasradioreflejos.com.ar\/2021\/wp-json\/wp\/v2\/posts\/76821","targetHints":{"allow":["GET"]}}],"collection":[{"href":"https:\/\/www.noticiasradioreflejos.com.ar\/2021\/wp-json\/wp\/v2\/posts"}],"about":[{"href":"https:\/\/www.noticiasradioreflejos.com.ar\/2021\/wp-json\/wp\/v2\/types\/post"}],"author":[{"embeddable":true,"href":"https:\/\/www.noticiasradioreflejos.com.ar\/2021\/wp-json\/wp\/v2\/users\/3"}],"replies":[{"embeddable":true,"href":"https:\/\/www.noticiasradioreflejos.com.ar\/2021\/wp-json\/wp\/v2\/comments?post=76821"}],"version-history":[{"count":2,"href":"https:\/\/www.noticiasradioreflejos.com.ar\/2021\/wp-json\/wp\/v2\/posts\/76821\/revisions"}],"predecessor-version":[{"id":76823,"href":"https:\/\/www.noticiasradioreflejos.com.ar\/2021\/wp-json\/wp\/v2\/posts\/76821\/revisions\/76823"}],"wp:attachment":[{"href":"https:\/\/www.noticiasradioreflejos.com.ar\/2021\/wp-json\/wp\/v2\/media?parent=76821"}],"wp:term":[{"taxonomy":"category","embeddable":true,"href":"https:\/\/www.noticiasradioreflejos.com.ar\/2021\/wp-json\/wp\/v2\/categories?post=76821"},{"taxonomy":"post_tag","embeddable":true,"href":"https:\/\/www.noticiasradioreflejos.com.ar\/2021\/wp-json\/wp\/v2\/tags?post=76821"}],"curies":[{"name":"wp","href":"https:\/\/api.w.org\/{rel}","templated":true}]}}