{"id":76816,"date":"2022-08-26T11:31:40","date_gmt":"2022-08-26T11:31:40","guid":{"rendered":"http:\/\/www.noticiasradioreflejos.com.ar\/2021\/?p=76816"},"modified":"2022-08-26T11:31:40","modified_gmt":"2022-08-26T11:31:40","slug":"vialidad-nacional-realizo-tareas-de-reposicion-de-luminarias-en-varios-tramos-de-la-jurisdiccion","status":"publish","type":"post","link":"https:\/\/www.noticiasradioreflejos.com.ar\/2021\/vialidad-nacional-realizo-tareas-de-reposicion-de-luminarias-en-varios-tramos-de-la-jurisdiccion\/","title":{"rendered":"Vialidad Nacional realiz\u00f3 tareas de reposici\u00f3n de luminarias en varios tramos de la jurisdicci\u00f3n"},"content":{"rendered":"<p>El Ministerio de Obras P\u00fablicas a trav\u00e9s de Vialidad Nacional, ejecut\u00f3 <strong>tareas de readecuaci\u00f3n de luminarias y recambio a luces LED <\/strong>en distintos accesos dentro de la jurisdicci\u00f3n del 19\u00b0 Distrito.<!--more--><br \/>\n<a title=\"DNV - Luminarias (4)\" href=\"https:\/\/www.flickr.com\/photos\/182279889@N02\/52312419784\/in\/dateposted-public\/\" data-flickr-embed=\"true\"><img loading=\"lazy\" decoding=\"async\" src=\"https:\/\/live.staticflickr.com\/65535\/52312419784_29ebcf292d_c.jpg\" alt=\"DNV - Luminarias (4)\" width=\"800\" height=\"627\" \/><\/a><\/p>\n<p>&nbsp;<\/p>\n<p>A trav\u00e9s de la Disposici\u00f3n 1\/2021, la Direcci\u00f3n Nacional de Generaci\u00f3n El\u00e9ctrica de la Secretar\u00eda de Energ\u00eda de la Naci\u00f3n actualiz\u00f3 las especificaciones t\u00e9cnicas del Plan de Alumbrado Eficiente (PLAE) para el <strong>recambio de equipos de alumbrado p\u00fablico poco eficientes en provincias y municipios de todo el pa\u00eds por luminarias de tecnolog\u00eda LED<\/strong>, conforme a los avances tecnol\u00f3gicos y los est\u00e1ndares de eficiencia, calidad y seguridad existentes.<\/p>\n<p>De esta manera, se procedi\u00f3 a ejecutar la intervenci\u00f3n de los tramos sobre la <strong>Ruta Nacional N\u00b03 en los ingresos a Bah\u00eda Blanca por Avenida Col\u00f3n, Calle Pedro Pico, y en los accesos a Benito Ju\u00e1rez, Gonzales Chaves, Coronel Dorrego y en Ruta Nacional N\u00b033 en la localidad de Tres Picos, Tornquist y el cruce Ruta Provincial N\u00ba 76<\/strong>. En total se recambiaron <strong>324 artefactos<\/strong>.<\/p>\n<p>&nbsp;<\/p>\n<p><a title=\"DNV - Luminarias (1)\" href=\"https:\/\/www.flickr.com\/photos\/182279889@N02\/52311992786\/in\/dateposted-public\/\" data-flickr-embed=\"true\"><img loading=\"lazy\" decoding=\"async\" src=\"https:\/\/live.staticflickr.com\/65535\/52311992786_58b1e575ce_c.jpg\" alt=\"DNV - Luminarias (1)\" width=\"800\" height=\"522\" \/><\/a><\/p>\n<p>&nbsp;<\/p>\n<p>El reemplazo con tecnolog\u00eda LED puede representar hasta un 50% de ahorro energ\u00e9tico sobre el consumo actual y, a su vez, adec\u00faa los niveles lum\u00ednicos en la v\u00eda p\u00fablica conforme a la normativa vigente de seguridad vial.<\/p>\n<p>Entre los beneficios del nuevo sistema de iluminaci\u00f3n se encuentra la mayor vida \u00fatil de los artefactos, el aumento de la producci\u00f3n de luz artificial y, por tanto, la reducci\u00f3n de los costos de electricidad y recuperaci\u00f3n de los mismos en menos tiempo.<\/p>\n<p>En t\u00e9rminos de seguridad vial, el alumbrado p\u00fablico proporciona una serie de beneficios importantes: promueve la seguridad vial en \u00e1reas urbanas y extiende artificialmente las horas en las que no hay luz solar mejorando las condiciones de visibilidad de las personas que utilizan la ruta.<\/p>\n<p>Adem\u00e1s, la iluminaci\u00f3n LED es ecol\u00f3gica debido a que estas l\u00e1mparas no requieren eliminaci\u00f3n especial porque no contienen mercurio o sus derivados, as\u00ed como tampoco otras sustancias nocivas o t\u00f3xicas.<\/p>\n<p>&nbsp;<\/p>\n<p><a title=\"DNV - Luminarias (2)\" href=\"https:\/\/www.flickr.com\/photos\/182279889@N02\/52312308603\/in\/dateposted-public\/\" data-flickr-embed=\"true\"><img loading=\"lazy\" decoding=\"async\" src=\"https:\/\/live.staticflickr.com\/65535\/52312308603_fdf2d09f27_c.jpg\" alt=\"DNV - Luminarias (2)\" width=\"800\" height=\"513\" \/><\/a><script async src=\"\/\/embedr.flickr.com\/assets\/client-code.js\" charset=\"utf-8\"><\/script><\/p>\n","protected":false},"excerpt":{"rendered":"<p>El Ministerio de Obras P\u00fablicas a trav\u00e9s de Vialidad Nacional, ejecut\u00f3 tareas de readecuaci\u00f3n de luminarias y recambio a luces LED en distintos accesos dentro de la jurisdicci\u00f3n del 19\u00b0 Distrito.<\/p>\n","protected":false},"author":3,"featured_media":0,"comment_status":"closed","ping_status":"closed","sticky":false,"template":"","format":"standard","meta":{"footnotes":""},"categories":[58,24,26],"tags":[],"class_list":["post-76816","post","type-post","status-publish","format-standard","hentry","category-gobierno","category-politica","category-sociedad"],"yoast_head":"<!-- This site is optimized with the Yoast SEO plugin v25.9 - https:\/\/yoast.com\/wordpress\/plugins\/seo\/ -->\n<title>Vialidad Nacional realiz\u00f3 tareas de reposici\u00f3n de luminarias en varios tramos de la jurisdicci\u00f3n - Noticias Radio Reflejos<\/title>\n<meta name=\"robots\" content=\"index, follow, max-snippet:-1, max-image-preview:large, max-video-preview:-1\" \/>\n<link rel=\"canonical\" href=\"https:\/\/www.noticiasradioreflejos.com.ar\/2021\/vialidad-nacional-realizo-tareas-de-reposicion-de-luminarias-en-varios-tramos-de-la-jurisdiccion\/\" \/>\n<meta property=\"og:locale\" content=\"es_ES\" \/>\n<meta property=\"og:type\" content=\"article\" \/>\n<meta property=\"og:title\" content=\"Vialidad Nacional realiz\u00f3 tareas de reposici\u00f3n de luminarias en varios tramos de la jurisdicci\u00f3n - Noticias Radio Reflejos\" \/>\n<meta property=\"og:description\" content=\"El Ministerio de Obras P\u00fablicas a trav\u00e9s de Vialidad Nacional, ejecut\u00f3 tareas de readecuaci\u00f3n de luminarias y recambio a luces LED en distintos accesos dentro de la jurisdicci\u00f3n del 19\u00b0 Distrito.\" \/>\n<meta property=\"og:url\" content=\"https:\/\/www.noticiasradioreflejos.com.ar\/2021\/vialidad-nacional-realizo-tareas-de-reposicion-de-luminarias-en-varios-tramos-de-la-jurisdiccion\/\" \/>\n<meta property=\"og:site_name\" content=\"Noticias Radio Reflejos\" \/>\n<meta property=\"article:published_time\" content=\"2022-08-26T11:31:40+00:00\" \/>\n<meta property=\"og:image\" content=\"https:\/\/live.staticflickr.com\/65535\/52312419784_29ebcf292d_c.jpg\" \/>\n<meta name=\"author\" content=\"Arnaldo Botto\" \/>\n<meta name=\"twitter:card\" content=\"summary_large_image\" \/>\n<script type=\"application\/ld+json\" class=\"yoast-schema-graph\">{\"@context\":\"https:\/\/schema.org\",\"@graph\":[{\"@type\":\"WebPage\",\"@id\":\"https:\/\/www.noticiasradioreflejos.com.ar\/2021\/vialidad-nacional-realizo-tareas-de-reposicion-de-luminarias-en-varios-tramos-de-la-jurisdiccion\/\",\"url\":\"https:\/\/www.noticiasradioreflejos.com.ar\/2021\/vialidad-nacional-realizo-tareas-de-reposicion-de-luminarias-en-varios-tramos-de-la-jurisdiccion\/\",\"name\":\"Vialidad Nacional realiz\u00f3 tareas de reposici\u00f3n de luminarias en varios tramos de la jurisdicci\u00f3n - Noticias Radio Reflejos\",\"isPartOf\":{\"@id\":\"https:\/\/www.noticiasradioreflejos.com.ar\/2021\/#website\"},\"primaryImageOfPage\":{\"@id\":\"https:\/\/www.noticiasradioreflejos.com.ar\/2021\/vialidad-nacional-realizo-tareas-de-reposicion-de-luminarias-en-varios-tramos-de-la-jurisdiccion\/#primaryimage\"},\"image\":{\"@id\":\"https:\/\/www.noticiasradioreflejos.com.ar\/2021\/vialidad-nacional-realizo-tareas-de-reposicion-de-luminarias-en-varios-tramos-de-la-jurisdiccion\/#primaryimage\"},\"thumbnailUrl\":\"https:\/\/live.staticflickr.com\/65535\/52312419784_29ebcf292d_c.jpg\",\"datePublished\":\"2022-08-26T11:31:40+00:00\",\"author\":{\"@id\":\"https:\/\/www.noticiasradioreflejos.com.ar\/2021\/#\/schema\/person\/ad82545263dcc5ec0996818884fd5fb1\"},\"breadcrumb\":{\"@id\":\"https:\/\/www.noticiasradioreflejos.com.ar\/2021\/vialidad-nacional-realizo-tareas-de-reposicion-de-luminarias-en-varios-tramos-de-la-jurisdiccion\/#breadcrumb\"},\"inLanguage\":\"es\",\"potentialAction\":[{\"@type\":\"ReadAction\",\"target\":[\"https:\/\/www.noticiasradioreflejos.com.ar\/2021\/vialidad-nacional-realizo-tareas-de-reposicion-de-luminarias-en-varios-tramos-de-la-jurisdiccion\/\"]}]},{\"@type\":\"ImageObject\",\"inLanguage\":\"es\",\"@id\":\"https:\/\/www.noticiasradioreflejos.com.ar\/2021\/vialidad-nacional-realizo-tareas-de-reposicion-de-luminarias-en-varios-tramos-de-la-jurisdiccion\/#primaryimage\",\"url\":\"https:\/\/live.staticflickr.com\/65535\/52312419784_29ebcf292d_c.jpg\",\"contentUrl\":\"https:\/\/live.staticflickr.com\/65535\/52312419784_29ebcf292d_c.jpg\"},{\"@type\":\"BreadcrumbList\",\"@id\":\"https:\/\/www.noticiasradioreflejos.com.ar\/2021\/vialidad-nacional-realizo-tareas-de-reposicion-de-luminarias-en-varios-tramos-de-la-jurisdiccion\/#breadcrumb\",\"itemListElement\":[{\"@type\":\"ListItem\",\"position\":1,\"name\":\"Portada\",\"item\":\"https:\/\/www.noticiasradioreflejos.com.ar\/2021\/\"},{\"@type\":\"ListItem\",\"position\":2,\"name\":\"Vialidad Nacional realiz\u00f3 tareas de reposici\u00f3n de luminarias en varios tramos de la jurisdicci\u00f3n\"}]},{\"@type\":\"WebSite\",\"@id\":\"https:\/\/www.noticiasradioreflejos.com.ar\/2021\/#website\",\"url\":\"https:\/\/www.noticiasradioreflejos.com.ar\/2021\/\",\"name\":\"Noticias Radio Reflejos\",\"description\":\"Las noticias de mi comarca\",\"potentialAction\":[{\"@type\":\"SearchAction\",\"target\":{\"@type\":\"EntryPoint\",\"urlTemplate\":\"https:\/\/www.noticiasradioreflejos.com.ar\/2021\/?s={search_term_string}\"},\"query-input\":{\"@type\":\"PropertyValueSpecification\",\"valueRequired\":true,\"valueName\":\"search_term_string\"}}],\"inLanguage\":\"es\"},{\"@type\":\"Person\",\"@id\":\"https:\/\/www.noticiasradioreflejos.com.ar\/2021\/#\/schema\/person\/ad82545263dcc5ec0996818884fd5fb1\",\"name\":\"Arnaldo Botto\",\"image\":{\"@type\":\"ImageObject\",\"inLanguage\":\"es\",\"@id\":\"https:\/\/www.noticiasradioreflejos.com.ar\/2021\/#\/schema\/person\/image\/\",\"url\":\"https:\/\/secure.gravatar.com\/avatar\/55cb5e37c1efa326397366e6974cb338056df65cb50e7d64d1cf314e87504837?s=96&d=mm&r=g\",\"contentUrl\":\"https:\/\/secure.gravatar.com\/avatar\/55cb5e37c1efa326397366e6974cb338056df65cb50e7d64d1cf314e87504837?s=96&d=mm&r=g\",\"caption\":\"Arnaldo Botto\"},\"url\":\"https:\/\/www.noticiasradioreflejos.com.ar\/2021\/author\/arnaldo\/\"}]}<\/script>\n<!-- \/ Yoast SEO plugin. -->","yoast_head_json":{"title":"Vialidad Nacional realiz\u00f3 tareas de reposici\u00f3n de luminarias en varios tramos de la jurisdicci\u00f3n - Noticias Radio Reflejos","robots":{"index":"index","follow":"follow","max-snippet":"max-snippet:-1","max-image-preview":"max-image-preview:large","max-video-preview":"max-video-preview:-1"},"canonical":"https:\/\/www.noticiasradioreflejos.com.ar\/2021\/vialidad-nacional-realizo-tareas-de-reposicion-de-luminarias-en-varios-tramos-de-la-jurisdiccion\/","og_locale":"es_ES","og_type":"article","og_title":"Vialidad Nacional realiz\u00f3 tareas de reposici\u00f3n de luminarias en varios tramos de la jurisdicci\u00f3n - Noticias Radio Reflejos","og_description":"El Ministerio de Obras P\u00fablicas a trav\u00e9s de Vialidad Nacional, ejecut\u00f3 tareas de readecuaci\u00f3n de luminarias y recambio a luces LED en distintos accesos dentro de la jurisdicci\u00f3n del 19\u00b0 Distrito.","og_url":"https:\/\/www.noticiasradioreflejos.com.ar\/2021\/vialidad-nacional-realizo-tareas-de-reposicion-de-luminarias-en-varios-tramos-de-la-jurisdiccion\/","og_site_name":"Noticias Radio Reflejos","article_published_time":"2022-08-26T11:31:40+00:00","og_image":[{"url":"https:\/\/live.staticflickr.com\/65535\/52312419784_29ebcf292d_c.jpg","type":"","width":"","height":""}],"author":"Arnaldo Botto","twitter_card":"summary_large_image","schema":{"@context":"https:\/\/schema.org","@graph":[{"@type":"WebPage","@id":"https:\/\/www.noticiasradioreflejos.com.ar\/2021\/vialidad-nacional-realizo-tareas-de-reposicion-de-luminarias-en-varios-tramos-de-la-jurisdiccion\/","url":"https:\/\/www.noticiasradioreflejos.com.ar\/2021\/vialidad-nacional-realizo-tareas-de-reposicion-de-luminarias-en-varios-tramos-de-la-jurisdiccion\/","name":"Vialidad Nacional realiz\u00f3 tareas de reposici\u00f3n de luminarias en varios tramos de la jurisdicci\u00f3n - Noticias Radio Reflejos","isPartOf":{"@id":"https:\/\/www.noticiasradioreflejos.com.ar\/2021\/#website"},"primaryImageOfPage":{"@id":"https:\/\/www.noticiasradioreflejos.com.ar\/2021\/vialidad-nacional-realizo-tareas-de-reposicion-de-luminarias-en-varios-tramos-de-la-jurisdiccion\/#primaryimage"},"image":{"@id":"https:\/\/www.noticiasradioreflejos.com.ar\/2021\/vialidad-nacional-realizo-tareas-de-reposicion-de-luminarias-en-varios-tramos-de-la-jurisdiccion\/#primaryimage"},"thumbnailUrl":"https:\/\/live.staticflickr.com\/65535\/52312419784_29ebcf292d_c.jpg","datePublished":"2022-08-26T11:31:40+00:00","author":{"@id":"https:\/\/www.noticiasradioreflejos.com.ar\/2021\/#\/schema\/person\/ad82545263dcc5ec0996818884fd5fb1"},"breadcrumb":{"@id":"https:\/\/www.noticiasradioreflejos.com.ar\/2021\/vialidad-nacional-realizo-tareas-de-reposicion-de-luminarias-en-varios-tramos-de-la-jurisdiccion\/#breadcrumb"},"inLanguage":"es","potentialAction":[{"@type":"ReadAction","target":["https:\/\/www.noticiasradioreflejos.com.ar\/2021\/vialidad-nacional-realizo-tareas-de-reposicion-de-luminarias-en-varios-tramos-de-la-jurisdiccion\/"]}]},{"@type":"ImageObject","inLanguage":"es","@id":"https:\/\/www.noticiasradioreflejos.com.ar\/2021\/vialidad-nacional-realizo-tareas-de-reposicion-de-luminarias-en-varios-tramos-de-la-jurisdiccion\/#primaryimage","url":"https:\/\/live.staticflickr.com\/65535\/52312419784_29ebcf292d_c.jpg","contentUrl":"https:\/\/live.staticflickr.com\/65535\/52312419784_29ebcf292d_c.jpg"},{"@type":"BreadcrumbList","@id":"https:\/\/www.noticiasradioreflejos.com.ar\/2021\/vialidad-nacional-realizo-tareas-de-reposicion-de-luminarias-en-varios-tramos-de-la-jurisdiccion\/#breadcrumb","itemListElement":[{"@type":"ListItem","position":1,"name":"Portada","item":"https:\/\/www.noticiasradioreflejos.com.ar\/2021\/"},{"@type":"ListItem","position":2,"name":"Vialidad Nacional realiz\u00f3 tareas de reposici\u00f3n de luminarias en varios tramos de la jurisdicci\u00f3n"}]},{"@type":"WebSite","@id":"https:\/\/www.noticiasradioreflejos.com.ar\/2021\/#website","url":"https:\/\/www.noticiasradioreflejos.com.ar\/2021\/","name":"Noticias Radio Reflejos","description":"Las noticias de mi comarca","potentialAction":[{"@type":"SearchAction","target":{"@type":"EntryPoint","urlTemplate":"https:\/\/www.noticiasradioreflejos.com.ar\/2021\/?s={search_term_string}"},"query-input":{"@type":"PropertyValueSpecification","valueRequired":true,"valueName":"search_term_string"}}],"inLanguage":"es"},{"@type":"Person","@id":"https:\/\/www.noticiasradioreflejos.com.ar\/2021\/#\/schema\/person\/ad82545263dcc5ec0996818884fd5fb1","name":"Arnaldo Botto","image":{"@type":"ImageObject","inLanguage":"es","@id":"https:\/\/www.noticiasradioreflejos.com.ar\/2021\/#\/schema\/person\/image\/","url":"https:\/\/secure.gravatar.com\/avatar\/55cb5e37c1efa326397366e6974cb338056df65cb50e7d64d1cf314e87504837?s=96&d=mm&r=g","contentUrl":"https:\/\/secure.gravatar.com\/avatar\/55cb5e37c1efa326397366e6974cb338056df65cb50e7d64d1cf314e87504837?s=96&d=mm&r=g","caption":"Arnaldo Botto"},"url":"https:\/\/www.noticiasradioreflejos.com.ar\/2021\/author\/arnaldo\/"}]}},"_links":{"self":[{"href":"https:\/\/www.noticiasradioreflejos.com.ar\/2021\/wp-json\/wp\/v2\/posts\/76816","targetHints":{"allow":["GET"]}}],"collection":[{"href":"https:\/\/www.noticiasradioreflejos.com.ar\/2021\/wp-json\/wp\/v2\/posts"}],"about":[{"href":"https:\/\/www.noticiasradioreflejos.com.ar\/2021\/wp-json\/wp\/v2\/types\/post"}],"author":[{"embeddable":true,"href":"https:\/\/www.noticiasradioreflejos.com.ar\/2021\/wp-json\/wp\/v2\/users\/3"}],"replies":[{"embeddable":true,"href":"https:\/\/www.noticiasradioreflejos.com.ar\/2021\/wp-json\/wp\/v2\/comments?post=76816"}],"version-history":[{"count":1,"href":"https:\/\/www.noticiasradioreflejos.com.ar\/2021\/wp-json\/wp\/v2\/posts\/76816\/revisions"}],"predecessor-version":[{"id":76818,"href":"https:\/\/www.noticiasradioreflejos.com.ar\/2021\/wp-json\/wp\/v2\/posts\/76816\/revisions\/76818"}],"wp:attachment":[{"href":"https:\/\/www.noticiasradioreflejos.com.ar\/2021\/wp-json\/wp\/v2\/media?parent=76816"}],"wp:term":[{"taxonomy":"category","embeddable":true,"href":"https:\/\/www.noticiasradioreflejos.com.ar\/2021\/wp-json\/wp\/v2\/categories?post=76816"},{"taxonomy":"post_tag","embeddable":true,"href":"https:\/\/www.noticiasradioreflejos.com.ar\/2021\/wp-json\/wp\/v2\/tags?post=76816"}],"curies":[{"name":"wp","href":"https:\/\/api.w.org\/{rel}","templated":true}]}}