{"id":76813,"date":"2022-08-26T11:05:38","date_gmt":"2022-08-26T11:05:38","guid":{"rendered":"http:\/\/www.noticiasradioreflejos.com.ar\/2021\/?p=76813"},"modified":"2022-08-26T11:05:38","modified_gmt":"2022-08-26T11:05:38","slug":"se-suman-las-criticas-a-cormillot-por-sus-dichos-gordo-odiantes","status":"publish","type":"post","link":"https:\/\/www.noticiasradioreflejos.com.ar\/2021\/se-suman-las-criticas-a-cormillot-por-sus-dichos-gordo-odiantes\/","title":{"rendered":"Se suman las cr\u00edticas a Cormillot por sus dichos \u00abgordo-odiantes\u00bb"},"content":{"rendered":"<p>Activistas repudiaron en las redes sociales las expresiones del m\u00e9dico, quien en un programa de televisi\u00f3n se refiri\u00f3 a \u00abla gordita de la oficina\u00bb. Una de ellas fue la modelo Mar Tarr\u00e9s, quien pidi\u00f3: \u00abBasta de creencias retr\u00f3gradas de que las mujeres gordas no podemos gustar y que para ser amadas y aceptadas tenemos que &#8216;encajar&#8217; en un estereotipo de belleza\u00bb.<!--more--><\/p>\n<figure class=\"mb-3\"><img decoding=\"async\" src=\"https:\/\/www.telam.com.ar\/thumbs\/bluesteel\/advf\/imagenes\/2022\/08\/6307b5f88e813_900.jpg\" alt=\"Es quizs la persona que ms ha contribuido en la Argentina a la estigmatizacin y discriminacin de las personas gordas seal el colectivo Mujeres que No Fueron Tapa\" width=\"100%\" height=\"100%\" \/><\/p>\n<div class=\"media-icons\"><\/div><figcaption>\u00abEs quiz\u00e1s la persona que m\u00e1s ha contribuido en la Argentina a la estigmatizaci\u00f3n y discriminaci\u00f3n de las personas gordas\u00bb, se\u00f1al\u00f3 el colectivo Mujeres que No Fueron Tapa.<\/figcaption><\/figure>\n<p>Activistas y usuarias de redes sociales criticaron al m\u00e9dico Alberto Cormillot por expresiones que tuvo durante un programa de televisi\u00f3n, en el que se refiri\u00f3 a \u00abla gordita de la oficina\u00bb, al considerar que se trata de dichos \u00abgordo-odiantes\u00bb que contribuyen a la \u00abdiscriminaci\u00f3n y estigmatizaci\u00f3n de las personas gordas\u00bb.<\/p>\n<p>\u00abEs quiz\u00e1s la persona que m\u00e1s ha contribuido en la Argentina a la estigmatizaci\u00f3n y discriminaci\u00f3n de las personas gordas\u00bb, se\u00f1al\u00f3 a trav\u00e9s de las redes sociales el colectivo Mujeres que No Fueron Tapa (MQNFT), que busca \u00abhackear\u00bb la reproducci\u00f3n de estereotipos de g\u00e9nero y mandatos de la cultura masiva.<\/p>\n<p>Durante el programa \u00abLa Puta Ama\u00bb del martes pasado, conducido por la actriz Florencia Pe\u00f1a en Am\u00e9rica TV, Cormillot se refiri\u00f3 a \u00abla gordita en la oficina\u00bb.<\/p>\n<blockquote class=\"\"><p>\u00ab&#8216;La gordita de la oficina&#8217; somos todas las que ya no queremos que nos toquen los compa\u00f1eros de trabajo ni nadie, todas las que no queremos hacer esas dietas de estafa\u00bb<cite class=\"author\">colectivo Mujeres que no fueron tapa<\/cite><\/p><\/blockquote>\n<p>\u00abEl ejemplo que yo doy es &#8216;la gordita de la oficina&#8217;. Si sos una chica que pesa 120, 130 en la oficina muy posiblemente si tus amigos te ponen la mano encima te la ponen como un buen compa\u00f1ero. Si vos baj\u00e1s 30, 40 kilos ya dejan de ponerte la mano encima como un buen compa\u00f1ero y te ponen la mano encima con pretensi\u00f3n\u00bb, dijo el nutricionista.<\/p>\n<p>En ese marco, desde MQNFT tambi\u00e9n sostuvieron que el m\u00e9dico construye y refuerza \u00abla cultura de las dietas, el hambre, la restricci\u00f3n que tanto da\u00f1o nos ha hecho especialmente a las mujeres\u00bb.<\/p>\n<p>En este sentido, se\u00f1alaron: \u00ab&#8216;La gordita de la oficina&#8217; somos todas las que ya no queremos que nos toquen los compa\u00f1eros de trabajo ni nadie, todas las que no queremos hacer esas dietas de estafa, somos todas las que ya aprendimos que no hace falta pasarse la vida priv\u00e1ndose del placer de la comida para que nos quieran\u00bb.<\/p>\n<blockquote class=\"instagram-media\" style=\"background: #FFF; border: 0; border-radius: 3px; box-shadow: 0 0 1px 0 rgba(0,0,0,0.5),0 1px 10px 0 rgba(0,0,0,0.15); margin: 1px; max-width: 540px; min-width: 326px; padding: 0; width: calc(100% - 2px);\" data-instgrm-captioned=\"\" data-instgrm-permalink=\"https:\/\/www.instagram.com\/p\/ChqbSNduhkR\/?utm_source=ig_embed&amp;utm_campaign=loading\" data-instgrm-version=\"14\">\n<div style=\"padding: 16px;\">\n<p>&nbsp;<\/p>\n<div style=\"display: flex; flex-direction: row; align-items: center;\">\n<div style=\"background-color: #f4f4f4; border-radius: 50%; flex-grow: 0; height: 40px; margin-right: 14px; width: 40px;\"><\/div>\n<div style=\"display: flex; flex-direction: column; flex-grow: 1; justify-content: center;\">\n<div style=\"background-color: #f4f4f4; border-radius: 4px; flex-grow: 0; height: 14px; margin-bottom: 6px; width: 100px;\"><\/div>\n<div style=\"background-color: #f4f4f4; border-radius: 4px; flex-grow: 0; height: 14px; width: 60px;\"><\/div>\n<\/div>\n<\/div>\n<div style=\"padding: 19% 0;\"><\/div>\n<div style=\"display: block; height: 50px; margin: 0 auto 12px; width: 50px;\"><\/div>\n<div style=\"padding-top: 8px;\">\n<div style=\"color: #3897f0; font-family: Arial,sans-serif; font-size: 14px; font-style: normal; font-weight: 550; line-height: 18px;\">Ver esta publicaci\u00f3n en Instagram<\/div>\n<\/div>\n<div style=\"padding: 12.5% 0;\"><\/div>\n<div style=\"display: flex; flex-direction: row; margin-bottom: 14px; align-items: center;\">\n<div>\n<div style=\"background-color: #f4f4f4; border-radius: 50%; height: 12.5px; width: 12.5px; transform: translateX(0px) translateY(7px);\"><\/div>\n<div style=\"background-color: #f4f4f4; height: 12.5px; transform: rotate(-45deg) translateX(3px) translateY(1px); width: 12.5px; flex-grow: 0; margin-right: 14px; margin-left: 2px;\"><\/div>\n<div style=\"background-color: #f4f4f4; border-radius: 50%; height: 12.5px; width: 12.5px; transform: translateX(9px) translateY(-18px);\"><\/div>\n<\/div>\n<div style=\"margin-left: 8px;\">\n<div style=\"background-color: #f4f4f4; border-radius: 50%; flex-grow: 0; height: 20px; width: 20px;\"><\/div>\n<div style=\"width: 0; height: 0; border-top: 2px solid transparent; border-left: 6px solid #f4f4f4; border-bottom: 2px solid transparent; transform: translateX(16px) translateY(-4px) rotate(30deg);\"><\/div>\n<\/div>\n<div style=\"margin-left: auto;\">\n<div style=\"width: 0px; border-top: 8px solid #F4F4F4; border-right: 8px solid transparent; transform: translateY(16px);\"><\/div>\n<div style=\"background-color: #f4f4f4; flex-grow: 0; height: 12px; width: 16px; transform: translateY(-4px);\"><\/div>\n<div style=\"width: 0; height: 0; border-top: 8px solid #F4F4F4; border-left: 8px solid transparent; transform: translateY(-4px) translateX(8px);\"><\/div>\n<\/div>\n<\/div>\n<div style=\"display: flex; flex-direction: column; flex-grow: 1; justify-content: center; margin-bottom: 24px;\">\n<div style=\"background-color: #f4f4f4; border-radius: 4px; flex-grow: 0; height: 14px; margin-bottom: 6px; width: 224px;\"><\/div>\n<div style=\"background-color: #f4f4f4; border-radius: 4px; flex-grow: 0; height: 14px; width: 144px;\"><\/div>\n<\/div>\n<p>&nbsp;<\/p>\n<p style=\"color: #c9c8cd; font-family: Arial,sans-serif; font-size: 14px; line-height: 17px; margin-bottom: 0; margin-top: 8px; overflow: hidden; padding: 8px 0 7px; text-align: center; text-overflow: ellipsis; white-space: nowrap;\"><a style=\"color: #c9c8cd; font-family: Arial,sans-serif; font-size: 14px; font-style: normal; font-weight: normal; line-height: 17px; text-decoration: none;\" href=\"https:\/\/www.instagram.com\/p\/ChqbSNduhkR\/?utm_source=ig_embed&amp;utm_campaign=loading\" target=\"_blank\" rel=\"noopener\">Una publicaci\u00f3n compartida de Mujeres Que No Fueron Tapa (@mujeresquenofuerontapa)<\/a><\/p>\n<\/div>\n<\/blockquote>\n<p>&nbsp;<\/p>\n<p>&nbsp;<\/p>\n<p>La periodista Marcela Ojeda tambi\u00e9n apunt\u00f3 contra el especialista en nutrici\u00f3n. \u00abCon toda mi historia personal\u00edsima sobre mis hombres que s\u00ed han sido tocados, con consentimiento y disfrute\u00bb, desacredit\u00f3 la idea de que \u00ablas personas gordas no somos deseadas y tampoco tenemos el derecho a disfrute de nuestras sexualidades\u00bb.<\/p>\n<p>Adem\u00e1s, comparti\u00f3 una experiencia que evidencia las situaciones que viven personas gordas a lo largo de sus vidas. \u00abTengo 45 a\u00f1os y a mis 12 fui a un Hospital y, como no hab\u00eda balanza para alguien de mi edad\/peso me pasearon hasta la cocina y me subieron a una b\u00e1scula. Hoy d\u00eda hay otras situaciones de la medicina que siguen siendo violent\u00edsimas. Esa corporaci\u00f3n de la que AC (Alberto Cormillot) forma parte\u00bb.<\/p>\n<blockquote class=\"twitter-tweet\" data-width=\"500\" data-dnt=\"true\">\n<p lang=\"es\" dir=\"ltr\">Las personas gordas no somos deseadas, y tampoco tenemos el derecho a disfrute de nuestras sexualidades y lo dicho tambi\u00e9n deja claro eso de qui\u00e9n te podr\u00eda creer s\u00ed llegado el momento denuncias una situaci\u00f3n de violencia sexual?. NADIE. Eso discurso est\u00e1 validado desde hace a\u00f1os<\/p>\n<p>&mdash; Ma\u0363r\u036cc\u0368e\u0364 Oje\u0364d\u0369a\u0363 (@Marcelitaojeda) <a href=\"https:\/\/twitter.com\/Marcelitaojeda\/status\/1562810237522169856?ref_src=twsrc%5Etfw\">August 25, 2022<\/a><\/p><\/blockquote>\n<p><script async src=\"https:\/\/platform.twitter.com\/widgets.js\" charset=\"utf-8\"><\/script><\/p>\n<p>En la misma l\u00ednea, a trav\u00e9s de un video de la red social TikTok, la modelo Mar Tarr\u00e9s mostr\u00f3 un fragmento de las declaraciones de Cormillot y subray\u00f3: \u00abAqu\u00ed la &#8216;gordita de la oficina&#8217; levanto una baldosa y me sale un chongo\u00bb.<\/p>\n<p>\u00abBasta de creencias retr\u00f3gradas de que las mujeres gordas no podemos gustar y que para ser amadas y aceptadas tenemos que &#8216;encajar&#8217; en un estereotipo de belleza\u00bb, comparti\u00f3 desde su cuenta de Instagram.<\/p>\n<p>Las cr\u00edticas tambi\u00e9n apuntaron a que los dichos promueven \u00abla deseabilidad del otro como algo a lo que hay que aspirar\u00bb.<\/p>\n<blockquote class=\"\"><p>\u00abPone en el centro de su discurso mis\u00f3gino y gordof\u00f3bico la mirada masculina como validaci\u00f3n\u00bb<cite class=\"author\">Florencia Freijo<\/cite><\/p><\/blockquote>\n<p>\u00abPone en el centro de su discurso mis\u00f3gino y gordof\u00f3bico la mirada masculina como validaci\u00f3n. A la par, dice que las mujeres gordas no pueden ser deseadas o amadas y naturaliza que te toquen en la oficina con intenci\u00f3n sexuales\u00bb, advirti\u00f3 la polit\u00f3loga y escritora Florencia Freijo.<\/p>\n<p>Luego de las cr\u00edticas, el m\u00e9dico se disculp\u00f3 a trav\u00e9s de sus redes sociales: \u00abPerd\u00f3n! Di un ejemplo antiguo!!!!! Me traicion\u00f3 el haberlo escuchado, sin compartirlo, centenares de veces. Lo de la mano era simb\u00f3lico! Perdooooon si alguien se molest\u00f3!!!!!\u00bb.<\/p>\n","protected":false},"excerpt":{"rendered":"<p>Activistas repudiaron en las redes sociales las expresiones del m\u00e9dico, quien en un programa de televisi\u00f3n se refiri\u00f3 a \u00abla gordita de la oficina\u00bb. Una de ellas fue la modelo Mar Tarr\u00e9s, quien pidi\u00f3: \u00abBasta de creencias retr\u00f3gradas de que las mujeres gordas no podemos gustar y que para ser amadas y aceptadas tenemos que [&hellip;]<\/p>\n","protected":false},"author":3,"featured_media":0,"comment_status":"closed","ping_status":"closed","sticky":false,"template":"","format":"standard","meta":{"footnotes":""},"categories":[29,30,26],"tags":[],"class_list":["post-76813","post","type-post","status-publish","format-standard","hentry","category-policiales","category-salud","category-sociedad"],"yoast_head":"<!-- This site is optimized with the Yoast SEO plugin v25.9 - https:\/\/yoast.com\/wordpress\/plugins\/seo\/ -->\n<title>Se suman las cr\u00edticas a Cormillot por sus dichos &quot;gordo-odiantes&quot; - Noticias Radio Reflejos<\/title>\n<meta name=\"robots\" content=\"index, follow, max-snippet:-1, max-image-preview:large, max-video-preview:-1\" \/>\n<link rel=\"canonical\" href=\"https:\/\/www.noticiasradioreflejos.com.ar\/2021\/se-suman-las-criticas-a-cormillot-por-sus-dichos-gordo-odiantes\/\" \/>\n<meta property=\"og:locale\" content=\"es_ES\" \/>\n<meta property=\"og:type\" content=\"article\" \/>\n<meta property=\"og:title\" content=\"Se suman las cr\u00edticas a Cormillot por sus dichos &quot;gordo-odiantes&quot; - Noticias Radio Reflejos\" \/>\n<meta property=\"og:description\" content=\"Activistas repudiaron en las redes sociales las expresiones del m\u00e9dico, quien en un programa de televisi\u00f3n se refiri\u00f3 a \u00abla gordita de la oficina\u00bb. Una de ellas fue la modelo Mar Tarr\u00e9s, quien pidi\u00f3: \u00abBasta de creencias retr\u00f3gradas de que las mujeres gordas no podemos gustar y que para ser amadas y aceptadas tenemos que [&hellip;]\" \/>\n<meta property=\"og:url\" content=\"https:\/\/www.noticiasradioreflejos.com.ar\/2021\/se-suman-las-criticas-a-cormillot-por-sus-dichos-gordo-odiantes\/\" \/>\n<meta property=\"og:site_name\" content=\"Noticias Radio Reflejos\" \/>\n<meta property=\"article:published_time\" content=\"2022-08-26T11:05:38+00:00\" \/>\n<meta property=\"og:image\" content=\"https:\/\/www.telam.com.ar\/thumbs\/bluesteel\/advf\/imagenes\/2022\/08\/6307b5f88e813_900.jpg\" \/>\n<meta name=\"author\" content=\"Arnaldo Botto\" \/>\n<meta name=\"twitter:card\" content=\"summary_large_image\" \/>\n<script type=\"application\/ld+json\" class=\"yoast-schema-graph\">{\"@context\":\"https:\/\/schema.org\",\"@graph\":[{\"@type\":\"WebPage\",\"@id\":\"https:\/\/www.noticiasradioreflejos.com.ar\/2021\/se-suman-las-criticas-a-cormillot-por-sus-dichos-gordo-odiantes\/\",\"url\":\"https:\/\/www.noticiasradioreflejos.com.ar\/2021\/se-suman-las-criticas-a-cormillot-por-sus-dichos-gordo-odiantes\/\",\"name\":\"Se suman las cr\u00edticas a Cormillot por sus dichos \\\"gordo-odiantes\\\" - Noticias Radio Reflejos\",\"isPartOf\":{\"@id\":\"https:\/\/www.noticiasradioreflejos.com.ar\/2021\/#website\"},\"primaryImageOfPage\":{\"@id\":\"https:\/\/www.noticiasradioreflejos.com.ar\/2021\/se-suman-las-criticas-a-cormillot-por-sus-dichos-gordo-odiantes\/#primaryimage\"},\"image\":{\"@id\":\"https:\/\/www.noticiasradioreflejos.com.ar\/2021\/se-suman-las-criticas-a-cormillot-por-sus-dichos-gordo-odiantes\/#primaryimage\"},\"thumbnailUrl\":\"https:\/\/www.telam.com.ar\/thumbs\/bluesteel\/advf\/imagenes\/2022\/08\/6307b5f88e813_900.jpg\",\"datePublished\":\"2022-08-26T11:05:38+00:00\",\"author\":{\"@id\":\"https:\/\/www.noticiasradioreflejos.com.ar\/2021\/#\/schema\/person\/ad82545263dcc5ec0996818884fd5fb1\"},\"breadcrumb\":{\"@id\":\"https:\/\/www.noticiasradioreflejos.com.ar\/2021\/se-suman-las-criticas-a-cormillot-por-sus-dichos-gordo-odiantes\/#breadcrumb\"},\"inLanguage\":\"es\",\"potentialAction\":[{\"@type\":\"ReadAction\",\"target\":[\"https:\/\/www.noticiasradioreflejos.com.ar\/2021\/se-suman-las-criticas-a-cormillot-por-sus-dichos-gordo-odiantes\/\"]}]},{\"@type\":\"ImageObject\",\"inLanguage\":\"es\",\"@id\":\"https:\/\/www.noticiasradioreflejos.com.ar\/2021\/se-suman-las-criticas-a-cormillot-por-sus-dichos-gordo-odiantes\/#primaryimage\",\"url\":\"https:\/\/www.telam.com.ar\/thumbs\/bluesteel\/advf\/imagenes\/2022\/08\/6307b5f88e813_900.jpg\",\"contentUrl\":\"https:\/\/www.telam.com.ar\/thumbs\/bluesteel\/advf\/imagenes\/2022\/08\/6307b5f88e813_900.jpg\"},{\"@type\":\"BreadcrumbList\",\"@id\":\"https:\/\/www.noticiasradioreflejos.com.ar\/2021\/se-suman-las-criticas-a-cormillot-por-sus-dichos-gordo-odiantes\/#breadcrumb\",\"itemListElement\":[{\"@type\":\"ListItem\",\"position\":1,\"name\":\"Portada\",\"item\":\"https:\/\/www.noticiasradioreflejos.com.ar\/2021\/\"},{\"@type\":\"ListItem\",\"position\":2,\"name\":\"Se suman las cr\u00edticas a Cormillot por sus dichos \u00abgordo-odiantes\u00bb\"}]},{\"@type\":\"WebSite\",\"@id\":\"https:\/\/www.noticiasradioreflejos.com.ar\/2021\/#website\",\"url\":\"https:\/\/www.noticiasradioreflejos.com.ar\/2021\/\",\"name\":\"Noticias Radio Reflejos\",\"description\":\"Las noticias de mi comarca\",\"potentialAction\":[{\"@type\":\"SearchAction\",\"target\":{\"@type\":\"EntryPoint\",\"urlTemplate\":\"https:\/\/www.noticiasradioreflejos.com.ar\/2021\/?s={search_term_string}\"},\"query-input\":{\"@type\":\"PropertyValueSpecification\",\"valueRequired\":true,\"valueName\":\"search_term_string\"}}],\"inLanguage\":\"es\"},{\"@type\":\"Person\",\"@id\":\"https:\/\/www.noticiasradioreflejos.com.ar\/2021\/#\/schema\/person\/ad82545263dcc5ec0996818884fd5fb1\",\"name\":\"Arnaldo Botto\",\"image\":{\"@type\":\"ImageObject\",\"inLanguage\":\"es\",\"@id\":\"https:\/\/www.noticiasradioreflejos.com.ar\/2021\/#\/schema\/person\/image\/\",\"url\":\"https:\/\/secure.gravatar.com\/avatar\/55cb5e37c1efa326397366e6974cb338056df65cb50e7d64d1cf314e87504837?s=96&d=mm&r=g\",\"contentUrl\":\"https:\/\/secure.gravatar.com\/avatar\/55cb5e37c1efa326397366e6974cb338056df65cb50e7d64d1cf314e87504837?s=96&d=mm&r=g\",\"caption\":\"Arnaldo Botto\"},\"url\":\"https:\/\/www.noticiasradioreflejos.com.ar\/2021\/author\/arnaldo\/\"}]}<\/script>\n<!-- \/ Yoast SEO plugin. -->","yoast_head_json":{"title":"Se suman las cr\u00edticas a Cormillot por sus dichos \"gordo-odiantes\" - Noticias Radio Reflejos","robots":{"index":"index","follow":"follow","max-snippet":"max-snippet:-1","max-image-preview":"max-image-preview:large","max-video-preview":"max-video-preview:-1"},"canonical":"https:\/\/www.noticiasradioreflejos.com.ar\/2021\/se-suman-las-criticas-a-cormillot-por-sus-dichos-gordo-odiantes\/","og_locale":"es_ES","og_type":"article","og_title":"Se suman las cr\u00edticas a Cormillot por sus dichos \"gordo-odiantes\" - Noticias Radio Reflejos","og_description":"Activistas repudiaron en las redes sociales las expresiones del m\u00e9dico, quien en un programa de televisi\u00f3n se refiri\u00f3 a \u00abla gordita de la oficina\u00bb. Una de ellas fue la modelo Mar Tarr\u00e9s, quien pidi\u00f3: \u00abBasta de creencias retr\u00f3gradas de que las mujeres gordas no podemos gustar y que para ser amadas y aceptadas tenemos que [&hellip;]","og_url":"https:\/\/www.noticiasradioreflejos.com.ar\/2021\/se-suman-las-criticas-a-cormillot-por-sus-dichos-gordo-odiantes\/","og_site_name":"Noticias Radio Reflejos","article_published_time":"2022-08-26T11:05:38+00:00","og_image":[{"url":"https:\/\/www.telam.com.ar\/thumbs\/bluesteel\/advf\/imagenes\/2022\/08\/6307b5f88e813_900.jpg","type":"","width":"","height":""}],"author":"Arnaldo Botto","twitter_card":"summary_large_image","schema":{"@context":"https:\/\/schema.org","@graph":[{"@type":"WebPage","@id":"https:\/\/www.noticiasradioreflejos.com.ar\/2021\/se-suman-las-criticas-a-cormillot-por-sus-dichos-gordo-odiantes\/","url":"https:\/\/www.noticiasradioreflejos.com.ar\/2021\/se-suman-las-criticas-a-cormillot-por-sus-dichos-gordo-odiantes\/","name":"Se suman las cr\u00edticas a Cormillot por sus dichos \"gordo-odiantes\" - Noticias Radio Reflejos","isPartOf":{"@id":"https:\/\/www.noticiasradioreflejos.com.ar\/2021\/#website"},"primaryImageOfPage":{"@id":"https:\/\/www.noticiasradioreflejos.com.ar\/2021\/se-suman-las-criticas-a-cormillot-por-sus-dichos-gordo-odiantes\/#primaryimage"},"image":{"@id":"https:\/\/www.noticiasradioreflejos.com.ar\/2021\/se-suman-las-criticas-a-cormillot-por-sus-dichos-gordo-odiantes\/#primaryimage"},"thumbnailUrl":"https:\/\/www.telam.com.ar\/thumbs\/bluesteel\/advf\/imagenes\/2022\/08\/6307b5f88e813_900.jpg","datePublished":"2022-08-26T11:05:38+00:00","author":{"@id":"https:\/\/www.noticiasradioreflejos.com.ar\/2021\/#\/schema\/person\/ad82545263dcc5ec0996818884fd5fb1"},"breadcrumb":{"@id":"https:\/\/www.noticiasradioreflejos.com.ar\/2021\/se-suman-las-criticas-a-cormillot-por-sus-dichos-gordo-odiantes\/#breadcrumb"},"inLanguage":"es","potentialAction":[{"@type":"ReadAction","target":["https:\/\/www.noticiasradioreflejos.com.ar\/2021\/se-suman-las-criticas-a-cormillot-por-sus-dichos-gordo-odiantes\/"]}]},{"@type":"ImageObject","inLanguage":"es","@id":"https:\/\/www.noticiasradioreflejos.com.ar\/2021\/se-suman-las-criticas-a-cormillot-por-sus-dichos-gordo-odiantes\/#primaryimage","url":"https:\/\/www.telam.com.ar\/thumbs\/bluesteel\/advf\/imagenes\/2022\/08\/6307b5f88e813_900.jpg","contentUrl":"https:\/\/www.telam.com.ar\/thumbs\/bluesteel\/advf\/imagenes\/2022\/08\/6307b5f88e813_900.jpg"},{"@type":"BreadcrumbList","@id":"https:\/\/www.noticiasradioreflejos.com.ar\/2021\/se-suman-las-criticas-a-cormillot-por-sus-dichos-gordo-odiantes\/#breadcrumb","itemListElement":[{"@type":"ListItem","position":1,"name":"Portada","item":"https:\/\/www.noticiasradioreflejos.com.ar\/2021\/"},{"@type":"ListItem","position":2,"name":"Se suman las cr\u00edticas a Cormillot por sus dichos \u00abgordo-odiantes\u00bb"}]},{"@type":"WebSite","@id":"https:\/\/www.noticiasradioreflejos.com.ar\/2021\/#website","url":"https:\/\/www.noticiasradioreflejos.com.ar\/2021\/","name":"Noticias Radio Reflejos","description":"Las noticias de mi comarca","potentialAction":[{"@type":"SearchAction","target":{"@type":"EntryPoint","urlTemplate":"https:\/\/www.noticiasradioreflejos.com.ar\/2021\/?s={search_term_string}"},"query-input":{"@type":"PropertyValueSpecification","valueRequired":true,"valueName":"search_term_string"}}],"inLanguage":"es"},{"@type":"Person","@id":"https:\/\/www.noticiasradioreflejos.com.ar\/2021\/#\/schema\/person\/ad82545263dcc5ec0996818884fd5fb1","name":"Arnaldo Botto","image":{"@type":"ImageObject","inLanguage":"es","@id":"https:\/\/www.noticiasradioreflejos.com.ar\/2021\/#\/schema\/person\/image\/","url":"https:\/\/secure.gravatar.com\/avatar\/55cb5e37c1efa326397366e6974cb338056df65cb50e7d64d1cf314e87504837?s=96&d=mm&r=g","contentUrl":"https:\/\/secure.gravatar.com\/avatar\/55cb5e37c1efa326397366e6974cb338056df65cb50e7d64d1cf314e87504837?s=96&d=mm&r=g","caption":"Arnaldo Botto"},"url":"https:\/\/www.noticiasradioreflejos.com.ar\/2021\/author\/arnaldo\/"}]}},"_links":{"self":[{"href":"https:\/\/www.noticiasradioreflejos.com.ar\/2021\/wp-json\/wp\/v2\/posts\/76813","targetHints":{"allow":["GET"]}}],"collection":[{"href":"https:\/\/www.noticiasradioreflejos.com.ar\/2021\/wp-json\/wp\/v2\/posts"}],"about":[{"href":"https:\/\/www.noticiasradioreflejos.com.ar\/2021\/wp-json\/wp\/v2\/types\/post"}],"author":[{"embeddable":true,"href":"https:\/\/www.noticiasradioreflejos.com.ar\/2021\/wp-json\/wp\/v2\/users\/3"}],"replies":[{"embeddable":true,"href":"https:\/\/www.noticiasradioreflejos.com.ar\/2021\/wp-json\/wp\/v2\/comments?post=76813"}],"version-history":[{"count":1,"href":"https:\/\/www.noticiasradioreflejos.com.ar\/2021\/wp-json\/wp\/v2\/posts\/76813\/revisions"}],"predecessor-version":[{"id":76815,"href":"https:\/\/www.noticiasradioreflejos.com.ar\/2021\/wp-json\/wp\/v2\/posts\/76813\/revisions\/76815"}],"wp:attachment":[{"href":"https:\/\/www.noticiasradioreflejos.com.ar\/2021\/wp-json\/wp\/v2\/media?parent=76813"}],"wp:term":[{"taxonomy":"category","embeddable":true,"href":"https:\/\/www.noticiasradioreflejos.com.ar\/2021\/wp-json\/wp\/v2\/categories?post=76813"},{"taxonomy":"post_tag","embeddable":true,"href":"https:\/\/www.noticiasradioreflejos.com.ar\/2021\/wp-json\/wp\/v2\/tags?post=76813"}],"curies":[{"name":"wp","href":"https:\/\/api.w.org\/{rel}","templated":true}]}}