{"id":76810,"date":"2022-08-26T11:01:28","date_gmt":"2022-08-26T11:01:28","guid":{"rendered":"http:\/\/www.noticiasradioreflejos.com.ar\/2021\/?p=76810"},"modified":"2022-08-26T11:01:28","modified_gmt":"2022-08-26T11:01:28","slug":"el-pj-movilizado-y-en-alerta-en-defensa-de-cristina-fernandez-de-kirchner","status":"publish","type":"post","link":"https:\/\/www.noticiasradioreflejos.com.ar\/2021\/el-pj-movilizado-y-en-alerta-en-defensa-de-cristina-fernandez-de-kirchner\/","title":{"rendered":"El PJ, movilizado y en alerta en defensa de Cristina Fern\u00e1ndez de Kirchner"},"content":{"rendered":"<p>El Consejo Nacional del espacio pol\u00edtico convoc\u00f3 a la militancia a \u00abmantenerse unidos, organizados, movilizados y en alerta permanente\u00bb.<!--more--><\/p>\n<figure class=\"mb-3\"><img decoding=\"async\" src=\"https:\/\/www.telam.com.ar\/thumbs\/bluesteel\/advf\/imagenes\/2022\/08\/630809e96b8f5_900.jpg\" alt=\"Ciudad de Buenos Aires Foto Alejandro Santa Cruz\" width=\"100%\" height=\"100%\" \/><\/p>\n<div class=\"media-icons\"><\/div><figcaption>Ciudad de Buenos Aires. Foto: Alejandro Santa Cruz.<\/figcaption><\/figure>\n<p>El Consejo Nacional del Partido Justicialista expres\u00f3 su \u00absolidaridad\u00bb con\u00a0<strong><a href=\"https:\/\/www.telam.com.ar\/notas\/202208\/602768-cristina-dolares-jose-lopez-banco-finansur.html\" target=\"_blank\" rel=\"noopener\">la vicepresidenta Cristina Fern\u00e1ndez de Kirchner ante el pedido de condena en su contra en el juicio conocido como Vialidad<\/a><\/strong>, y convoc\u00f3 a la militancia a \u00abmantenerse unidos, organizados, movilizados y en alerta permanente\u00bb.<\/p>\n<p>En el mismo sentido se pronunciaron durante el d\u00eda las ramas<strong><a href=\"https:\/\/www.telam.com.ar\/notas\/202208\/602817-frente-de-todos-ciudad-buenos-aires-respaldo-cristina-fernandez-de-kirchner.html\" target=\"_blank\" rel=\"noopener\">\u00a0porte\u00f1a<\/a><\/strong>\u00a0y\u00a0<strong><a href=\"https:\/\/www.telam.com.ar\/notas\/202208\/602777-pj-bonaerense-apoyo-cristina-fernandez-de-kirchner.html\" target=\"_blank\" rel=\"noopener\">bonaerense del PJ<\/a><\/strong>, y desde esta \u00faltima convocaron incluso a un congreso partidario para el 3 de septiembre en el que est\u00e1 prevista la participaci\u00f3n de la propia Fern\u00e1ndez de Kirchner.<\/p>\n<p>Los pronunciamientos se conocieron durante\u00a0<strong><a href=\"https:\/\/www.telam.com.ar\/notas\/202208\/602814-movilizaciones-pais-apoyo-vicepresidenta.html\" target=\"_blank\" rel=\"noopener\">una jornada en la que se llevaron a cabo m\u00faltiples movilizaciones en defensa de la Vicepresidenta<\/a><\/strong>. Las m\u00e1s nutridas se esas demostraciones se dieron en la ciudades de Buenos Aires, C\u00f3rdoba, Rosario y Santa Fe.<\/p>\n<p>El Consejo Nacional del PJ difundi\u00f3 un documento en el que expres\u00f3 su \u00absolidaridad\u00bb con la vicepresidenta y convoc\u00f3 a todos los peronistas a \u00abmantenerse unidos, organizados, movilizados y en alerta permanente\u00bb.<\/p>\n<figure class=\"mb-3\"><img decoding=\"async\" src=\"https:\/\/www.telam.com.ar\/thumbs\/bluesteel\/advf\/imagenes\/2022\/08\/630800a729169_900.jpg\" alt=\"Santa Fe Foto Luis Cetraro \" width=\"100%\" height=\"100%\" \/><\/p>\n<div class=\"media-icons\"><\/div><figcaption>Santa Fe. Foto: Luis Cetraro<\/figcaption><\/figure>\n<p>As\u00ed lo postul\u00f3 el peronismo en un documento dado a conocer al t\u00e9rmino de una reuni\u00f3n mantenida en la sede partidaria de la calle Matheu 130, en la ciudad de Buenos Aires, de la que particip\u00f3 de manera virtual el presidente Alberto Fern\u00e1ndez, titular del partido a nivel nacional.<\/p>\n<p>Seg\u00fan pudo reconstruir T\u00e9lam, Fern\u00e1ndez propuso realizar una movilizaci\u00f3n en una fecha \u00abque no sea solo convocante para los peronistas\u00bb.<\/p>\n<p>El jefe de Estado y presidente del PJ sugiri\u00f3 una marcha para el 16 de septiembre, aniversario de La Noche de los L\u00e1pices y del derrocamiento de Juan Domingo Per\u00f3n, para que se pueda sumar \u00abtoda la comunidad democr\u00e1tica\u00bb<\/p>\n<p>Ante sus compa\u00f1eros de partido, Fern\u00e1ndez se\u00f1al\u00f3 que pueden haber existido diferencias con la vicepresidenta pero que, en lo que se refiere a la causa por obra p\u00fablica, \u00e9l la acompa\u00f1a \u00abdesde 2016\u00bb, cuando a\u00fan no hab\u00edan vuelto a tener v\u00ednculo.<\/p>\n<p>Tras la reuni\u00f3n, el PJ llam\u00f3 a \u00abdefender la vigencia de una verdadera democracia y de los derechos conquistados, sin persecuci\u00f3n de la m\u00e1s importante l\u00edder del pueblo argentino\u00bb.<\/p>\n<p>\u00abRepudiamos en\u00e9rgicamente la persecuci\u00f3n pol\u00edtica instrumentada por los poderes f\u00e1cticos a trav\u00e9s del Poder Judicial\u00bb, apunt\u00f3 el partido, y advirti\u00f3 que \u00abse est\u00e1 utilizando el aparato judicial\u00bb para darle a esa embestida una apariencia de legalidad y conseguir \u00abdeslegitimar de los procesos pol\u00edticos de dignificaci\u00f3n y defensa de los pueblos\u00bb.<\/p>\n<p>Tambi\u00e9n denunciaron que el \u00abmecanismo de lawfare utilizado contra la vicepresidenta, al igual que sucediera con otros l\u00edderes populares latinoamericanos como Lula Da Silva en Brasil, Rafael Correa en Ecuador y Evo Morales en Bolivia, entre otros, entra\u00f1a la utilizaci\u00f3n del aparato judicial con apariencia de legalidad para deslegitimar los procesos pol\u00edticos de dignificaci\u00f3n, soberan\u00eda y defensa de los pueblos de la Patria Grande\u00bb.<\/p>\n<p>Tambi\u00e9n se resolvi\u00f3 la convocatoria a un plenario del PJ para el pr\u00f3ximo martes a las 18 en la calle Matheu, seg\u00fan consign\u00f3 el diputado Jos\u00e9 Luis Gioja.<\/p>\n<p>Estuvieron presentes en la sede partidaria el canciller Santiago Cafiero; la ministra de gobierno de la provincia de Buenos Aires, Cristina \u00c1lvarez Rodr\u00edguez; el diputado nacional Eduardo Vald\u00e9s, la senadora nacional Luc\u00eda Corpacci y el exintendente de Merlo Gustavo Men\u00e9ndez, entre otros.<\/p>\n<p>En tanto, el PJ Bonaerense resolvi\u00f3 convocar a un congreso partidario para el pr\u00f3ximo 3 de septiembre en la localidad bonaerense de Merlo, tras una reuni\u00f3n que se llev\u00f3 a cabo en la sede partidaria de la ciudad de La Plata.<\/p>\n<p>Ese encuentro estuvo encabezado por el diputado y titular del PJ provincial, M\u00e1ximo Kirchner, quien expres\u00f3 que \u00abno s\u00f3lo se trata de si van o no por una persona sino por lo que representan esas personas; un d\u00eda puede ser una, otro d\u00eda puede ser otra. Las ideas econ\u00f3micas que ellos expresan necesitan de la supresi\u00f3n de aquellos que resisten pol\u00edticas que excluyen a la mayor\u00eda del pueblo\u00bb, afirm\u00f3 a trav\u00e9s de un comunicado.<\/p>\n<figure class=\"mb-3\"><img decoding=\"async\" src=\"https:\/\/www.telam.com.ar\/thumbs\/bluesteel\/advf\/imagenes\/2022\/08\/6307a2f040a24_900.jpg\" alt=\"La Plata Foto Eva Cabrera\" width=\"100%\" height=\"100%\" \/><\/p>\n<div class=\"media-icons\"><\/div><figcaption>La Plata. Foto: Eva Cabrera<\/figcaption><\/figure>\n<p>El PJ repudi\u00f3 a su vez el \u00abclima de hostigamiento y persecuci\u00f3n donde se repite el recurso de acusar de corrupci\u00f3n sin pruebas y avanzar en juicios plagados de irregularidades, que luego se amplifican a trav\u00e9s de los medios de comunicaci\u00f3n que defienden intereses contrarios a los de las mayor\u00edas populares\u00bb.<\/p>\n<p>Despu\u00e9s de la reuni\u00f3n, el ministro de Obras P\u00fablicas, Gabriel Katopodis, advirti\u00f3 que \u00abse quiere quebrar\u00bb lo que la vicepresidenta \u00abrepresenta\u00bb, en referencia al \u00abmodelo de derechos\u00bb del kirchnerismo, pero advirti\u00f3 que \u00abnuestra gente va a salir en defensa de ella porque ella antes los defendi\u00f3\u00bb.<\/p>\n<p>\u00abTenemos claro que del otro lado est\u00e1 la intenci\u00f3n de borrar al peronismo y nosotros vamos a reafirmar cu\u00e1l es nuestro proyecto de pa\u00eds, no nos van a dividir, no nos van a quebrar. Vamos a estar m\u00e1s unidos que nunca\u00bb, asegur\u00f3 Katopodis.<\/p>\n<p>Por su parte, el Frente de Todos (FdT) de la ciudad de Buenos Aires se reuni\u00f3 en la sede local del PJ y anunci\u00f3 que el s\u00e1bado pr\u00f3ximo realizar\u00e1 en Parque Lezama un encuentro en respaldo de la vicepresidenta, adem\u00e1s de anticipar que la militancia se prepara para \u00absalir a las plazas\u00bb del distrito durante el fin de semana.<\/p>\n<p>\u00abBancar a Cristina es bancar la democracia, la voluntad popular y la soberan\u00eda popular que se quieren llevar puesta otra vez; como lo hicieron en alg\u00fan momento con el partido militar, ahora lo quieren hacer con el partido judicial\u00bb, advirti\u00f3 el senador Mariano Recalde, presidente del PJ porte\u00f1o.<\/p>\n","protected":false},"excerpt":{"rendered":"<p>El Consejo Nacional del espacio pol\u00edtico convoc\u00f3 a la militancia a \u00abmantenerse unidos, organizados, movilizados y en alerta permanente\u00bb.<\/p>\n","protected":false},"author":3,"featured_media":0,"comment_status":"closed","ping_status":"closed","sticky":false,"template":"","format":"standard","meta":{"footnotes":""},"categories":[24],"tags":[],"class_list":["post-76810","post","type-post","status-publish","format-standard","hentry","category-politica"],"yoast_head":"<!-- This site is optimized with the Yoast SEO plugin v25.9 - https:\/\/yoast.com\/wordpress\/plugins\/seo\/ -->\n<title>El PJ, movilizado y en alerta en defensa de Cristina Fern\u00e1ndez de Kirchner - Noticias Radio Reflejos<\/title>\n<meta name=\"robots\" content=\"index, follow, max-snippet:-1, max-image-preview:large, max-video-preview:-1\" \/>\n<link rel=\"canonical\" href=\"https:\/\/www.noticiasradioreflejos.com.ar\/2021\/el-pj-movilizado-y-en-alerta-en-defensa-de-cristina-fernandez-de-kirchner\/\" \/>\n<meta property=\"og:locale\" content=\"es_ES\" \/>\n<meta property=\"og:type\" content=\"article\" \/>\n<meta property=\"og:title\" content=\"El PJ, movilizado y en alerta en defensa de Cristina Fern\u00e1ndez de Kirchner - Noticias Radio Reflejos\" \/>\n<meta property=\"og:description\" content=\"El Consejo Nacional del espacio pol\u00edtico convoc\u00f3 a la militancia a \u00abmantenerse unidos, organizados, movilizados y en alerta permanente\u00bb.\" \/>\n<meta property=\"og:url\" content=\"https:\/\/www.noticiasradioreflejos.com.ar\/2021\/el-pj-movilizado-y-en-alerta-en-defensa-de-cristina-fernandez-de-kirchner\/\" \/>\n<meta property=\"og:site_name\" content=\"Noticias Radio Reflejos\" \/>\n<meta property=\"article:published_time\" content=\"2022-08-26T11:01:28+00:00\" \/>\n<meta property=\"og:image\" content=\"https:\/\/www.telam.com.ar\/thumbs\/bluesteel\/advf\/imagenes\/2022\/08\/630809e96b8f5_900.jpg\" \/>\n<meta name=\"author\" content=\"Arnaldo Botto\" \/>\n<meta name=\"twitter:card\" content=\"summary_large_image\" \/>\n<script type=\"application\/ld+json\" class=\"yoast-schema-graph\">{\"@context\":\"https:\/\/schema.org\",\"@graph\":[{\"@type\":\"WebPage\",\"@id\":\"https:\/\/www.noticiasradioreflejos.com.ar\/2021\/el-pj-movilizado-y-en-alerta-en-defensa-de-cristina-fernandez-de-kirchner\/\",\"url\":\"https:\/\/www.noticiasradioreflejos.com.ar\/2021\/el-pj-movilizado-y-en-alerta-en-defensa-de-cristina-fernandez-de-kirchner\/\",\"name\":\"El PJ, movilizado y en alerta en defensa de Cristina Fern\u00e1ndez de Kirchner - Noticias Radio Reflejos\",\"isPartOf\":{\"@id\":\"https:\/\/www.noticiasradioreflejos.com.ar\/2021\/#website\"},\"primaryImageOfPage\":{\"@id\":\"https:\/\/www.noticiasradioreflejos.com.ar\/2021\/el-pj-movilizado-y-en-alerta-en-defensa-de-cristina-fernandez-de-kirchner\/#primaryimage\"},\"image\":{\"@id\":\"https:\/\/www.noticiasradioreflejos.com.ar\/2021\/el-pj-movilizado-y-en-alerta-en-defensa-de-cristina-fernandez-de-kirchner\/#primaryimage\"},\"thumbnailUrl\":\"https:\/\/www.telam.com.ar\/thumbs\/bluesteel\/advf\/imagenes\/2022\/08\/630809e96b8f5_900.jpg\",\"datePublished\":\"2022-08-26T11:01:28+00:00\",\"author\":{\"@id\":\"https:\/\/www.noticiasradioreflejos.com.ar\/2021\/#\/schema\/person\/ad82545263dcc5ec0996818884fd5fb1\"},\"breadcrumb\":{\"@id\":\"https:\/\/www.noticiasradioreflejos.com.ar\/2021\/el-pj-movilizado-y-en-alerta-en-defensa-de-cristina-fernandez-de-kirchner\/#breadcrumb\"},\"inLanguage\":\"es\",\"potentialAction\":[{\"@type\":\"ReadAction\",\"target\":[\"https:\/\/www.noticiasradioreflejos.com.ar\/2021\/el-pj-movilizado-y-en-alerta-en-defensa-de-cristina-fernandez-de-kirchner\/\"]}]},{\"@type\":\"ImageObject\",\"inLanguage\":\"es\",\"@id\":\"https:\/\/www.noticiasradioreflejos.com.ar\/2021\/el-pj-movilizado-y-en-alerta-en-defensa-de-cristina-fernandez-de-kirchner\/#primaryimage\",\"url\":\"https:\/\/www.telam.com.ar\/thumbs\/bluesteel\/advf\/imagenes\/2022\/08\/630809e96b8f5_900.jpg\",\"contentUrl\":\"https:\/\/www.telam.com.ar\/thumbs\/bluesteel\/advf\/imagenes\/2022\/08\/630809e96b8f5_900.jpg\"},{\"@type\":\"BreadcrumbList\",\"@id\":\"https:\/\/www.noticiasradioreflejos.com.ar\/2021\/el-pj-movilizado-y-en-alerta-en-defensa-de-cristina-fernandez-de-kirchner\/#breadcrumb\",\"itemListElement\":[{\"@type\":\"ListItem\",\"position\":1,\"name\":\"Portada\",\"item\":\"https:\/\/www.noticiasradioreflejos.com.ar\/2021\/\"},{\"@type\":\"ListItem\",\"position\":2,\"name\":\"El PJ, movilizado y en alerta en defensa de Cristina Fern\u00e1ndez de Kirchner\"}]},{\"@type\":\"WebSite\",\"@id\":\"https:\/\/www.noticiasradioreflejos.com.ar\/2021\/#website\",\"url\":\"https:\/\/www.noticiasradioreflejos.com.ar\/2021\/\",\"name\":\"Noticias Radio Reflejos\",\"description\":\"Las noticias de mi comarca\",\"potentialAction\":[{\"@type\":\"SearchAction\",\"target\":{\"@type\":\"EntryPoint\",\"urlTemplate\":\"https:\/\/www.noticiasradioreflejos.com.ar\/2021\/?s={search_term_string}\"},\"query-input\":{\"@type\":\"PropertyValueSpecification\",\"valueRequired\":true,\"valueName\":\"search_term_string\"}}],\"inLanguage\":\"es\"},{\"@type\":\"Person\",\"@id\":\"https:\/\/www.noticiasradioreflejos.com.ar\/2021\/#\/schema\/person\/ad82545263dcc5ec0996818884fd5fb1\",\"name\":\"Arnaldo Botto\",\"image\":{\"@type\":\"ImageObject\",\"inLanguage\":\"es\",\"@id\":\"https:\/\/www.noticiasradioreflejos.com.ar\/2021\/#\/schema\/person\/image\/\",\"url\":\"https:\/\/secure.gravatar.com\/avatar\/55cb5e37c1efa326397366e6974cb338056df65cb50e7d64d1cf314e87504837?s=96&d=mm&r=g\",\"contentUrl\":\"https:\/\/secure.gravatar.com\/avatar\/55cb5e37c1efa326397366e6974cb338056df65cb50e7d64d1cf314e87504837?s=96&d=mm&r=g\",\"caption\":\"Arnaldo Botto\"},\"url\":\"https:\/\/www.noticiasradioreflejos.com.ar\/2021\/author\/arnaldo\/\"}]}<\/script>\n<!-- \/ Yoast SEO plugin. -->","yoast_head_json":{"title":"El PJ, movilizado y en alerta en defensa de Cristina Fern\u00e1ndez de Kirchner - Noticias Radio Reflejos","robots":{"index":"index","follow":"follow","max-snippet":"max-snippet:-1","max-image-preview":"max-image-preview:large","max-video-preview":"max-video-preview:-1"},"canonical":"https:\/\/www.noticiasradioreflejos.com.ar\/2021\/el-pj-movilizado-y-en-alerta-en-defensa-de-cristina-fernandez-de-kirchner\/","og_locale":"es_ES","og_type":"article","og_title":"El PJ, movilizado y en alerta en defensa de Cristina Fern\u00e1ndez de Kirchner - Noticias Radio Reflejos","og_description":"El Consejo Nacional del espacio pol\u00edtico convoc\u00f3 a la militancia a \u00abmantenerse unidos, organizados, movilizados y en alerta permanente\u00bb.","og_url":"https:\/\/www.noticiasradioreflejos.com.ar\/2021\/el-pj-movilizado-y-en-alerta-en-defensa-de-cristina-fernandez-de-kirchner\/","og_site_name":"Noticias Radio Reflejos","article_published_time":"2022-08-26T11:01:28+00:00","og_image":[{"url":"https:\/\/www.telam.com.ar\/thumbs\/bluesteel\/advf\/imagenes\/2022\/08\/630809e96b8f5_900.jpg","type":"","width":"","height":""}],"author":"Arnaldo Botto","twitter_card":"summary_large_image","schema":{"@context":"https:\/\/schema.org","@graph":[{"@type":"WebPage","@id":"https:\/\/www.noticiasradioreflejos.com.ar\/2021\/el-pj-movilizado-y-en-alerta-en-defensa-de-cristina-fernandez-de-kirchner\/","url":"https:\/\/www.noticiasradioreflejos.com.ar\/2021\/el-pj-movilizado-y-en-alerta-en-defensa-de-cristina-fernandez-de-kirchner\/","name":"El PJ, movilizado y en alerta en defensa de Cristina Fern\u00e1ndez de Kirchner - Noticias Radio Reflejos","isPartOf":{"@id":"https:\/\/www.noticiasradioreflejos.com.ar\/2021\/#website"},"primaryImageOfPage":{"@id":"https:\/\/www.noticiasradioreflejos.com.ar\/2021\/el-pj-movilizado-y-en-alerta-en-defensa-de-cristina-fernandez-de-kirchner\/#primaryimage"},"image":{"@id":"https:\/\/www.noticiasradioreflejos.com.ar\/2021\/el-pj-movilizado-y-en-alerta-en-defensa-de-cristina-fernandez-de-kirchner\/#primaryimage"},"thumbnailUrl":"https:\/\/www.telam.com.ar\/thumbs\/bluesteel\/advf\/imagenes\/2022\/08\/630809e96b8f5_900.jpg","datePublished":"2022-08-26T11:01:28+00:00","author":{"@id":"https:\/\/www.noticiasradioreflejos.com.ar\/2021\/#\/schema\/person\/ad82545263dcc5ec0996818884fd5fb1"},"breadcrumb":{"@id":"https:\/\/www.noticiasradioreflejos.com.ar\/2021\/el-pj-movilizado-y-en-alerta-en-defensa-de-cristina-fernandez-de-kirchner\/#breadcrumb"},"inLanguage":"es","potentialAction":[{"@type":"ReadAction","target":["https:\/\/www.noticiasradioreflejos.com.ar\/2021\/el-pj-movilizado-y-en-alerta-en-defensa-de-cristina-fernandez-de-kirchner\/"]}]},{"@type":"ImageObject","inLanguage":"es","@id":"https:\/\/www.noticiasradioreflejos.com.ar\/2021\/el-pj-movilizado-y-en-alerta-en-defensa-de-cristina-fernandez-de-kirchner\/#primaryimage","url":"https:\/\/www.telam.com.ar\/thumbs\/bluesteel\/advf\/imagenes\/2022\/08\/630809e96b8f5_900.jpg","contentUrl":"https:\/\/www.telam.com.ar\/thumbs\/bluesteel\/advf\/imagenes\/2022\/08\/630809e96b8f5_900.jpg"},{"@type":"BreadcrumbList","@id":"https:\/\/www.noticiasradioreflejos.com.ar\/2021\/el-pj-movilizado-y-en-alerta-en-defensa-de-cristina-fernandez-de-kirchner\/#breadcrumb","itemListElement":[{"@type":"ListItem","position":1,"name":"Portada","item":"https:\/\/www.noticiasradioreflejos.com.ar\/2021\/"},{"@type":"ListItem","position":2,"name":"El PJ, movilizado y en alerta en defensa de Cristina Fern\u00e1ndez de Kirchner"}]},{"@type":"WebSite","@id":"https:\/\/www.noticiasradioreflejos.com.ar\/2021\/#website","url":"https:\/\/www.noticiasradioreflejos.com.ar\/2021\/","name":"Noticias Radio Reflejos","description":"Las noticias de mi comarca","potentialAction":[{"@type":"SearchAction","target":{"@type":"EntryPoint","urlTemplate":"https:\/\/www.noticiasradioreflejos.com.ar\/2021\/?s={search_term_string}"},"query-input":{"@type":"PropertyValueSpecification","valueRequired":true,"valueName":"search_term_string"}}],"inLanguage":"es"},{"@type":"Person","@id":"https:\/\/www.noticiasradioreflejos.com.ar\/2021\/#\/schema\/person\/ad82545263dcc5ec0996818884fd5fb1","name":"Arnaldo Botto","image":{"@type":"ImageObject","inLanguage":"es","@id":"https:\/\/www.noticiasradioreflejos.com.ar\/2021\/#\/schema\/person\/image\/","url":"https:\/\/secure.gravatar.com\/avatar\/55cb5e37c1efa326397366e6974cb338056df65cb50e7d64d1cf314e87504837?s=96&d=mm&r=g","contentUrl":"https:\/\/secure.gravatar.com\/avatar\/55cb5e37c1efa326397366e6974cb338056df65cb50e7d64d1cf314e87504837?s=96&d=mm&r=g","caption":"Arnaldo Botto"},"url":"https:\/\/www.noticiasradioreflejos.com.ar\/2021\/author\/arnaldo\/"}]}},"_links":{"self":[{"href":"https:\/\/www.noticiasradioreflejos.com.ar\/2021\/wp-json\/wp\/v2\/posts\/76810","targetHints":{"allow":["GET"]}}],"collection":[{"href":"https:\/\/www.noticiasradioreflejos.com.ar\/2021\/wp-json\/wp\/v2\/posts"}],"about":[{"href":"https:\/\/www.noticiasradioreflejos.com.ar\/2021\/wp-json\/wp\/v2\/types\/post"}],"author":[{"embeddable":true,"href":"https:\/\/www.noticiasradioreflejos.com.ar\/2021\/wp-json\/wp\/v2\/users\/3"}],"replies":[{"embeddable":true,"href":"https:\/\/www.noticiasradioreflejos.com.ar\/2021\/wp-json\/wp\/v2\/comments?post=76810"}],"version-history":[{"count":1,"href":"https:\/\/www.noticiasradioreflejos.com.ar\/2021\/wp-json\/wp\/v2\/posts\/76810\/revisions"}],"predecessor-version":[{"id":76812,"href":"https:\/\/www.noticiasradioreflejos.com.ar\/2021\/wp-json\/wp\/v2\/posts\/76810\/revisions\/76812"}],"wp:attachment":[{"href":"https:\/\/www.noticiasradioreflejos.com.ar\/2021\/wp-json\/wp\/v2\/media?parent=76810"}],"wp:term":[{"taxonomy":"category","embeddable":true,"href":"https:\/\/www.noticiasradioreflejos.com.ar\/2021\/wp-json\/wp\/v2\/categories?post=76810"},{"taxonomy":"post_tag","embeddable":true,"href":"https:\/\/www.noticiasradioreflejos.com.ar\/2021\/wp-json\/wp\/v2\/tags?post=76810"}],"curies":[{"name":"wp","href":"https:\/\/api.w.org\/{rel}","templated":true}]}}