{"id":76805,"date":"2022-08-26T10:52:53","date_gmt":"2022-08-26T10:52:53","guid":{"rendered":"http:\/\/www.noticiasradioreflejos.com.ar\/2021\/?p=76805"},"modified":"2022-08-26T10:52:53","modified_gmt":"2022-08-26T10:52:53","slug":"el-senado-bonaerense-aprobo-la-licencia-para-familiares-de-enfermos-oncologicos-pediatricos","status":"publish","type":"post","link":"https:\/\/www.noticiasradioreflejos.com.ar\/2021\/el-senado-bonaerense-aprobo-la-licencia-para-familiares-de-enfermos-oncologicos-pediatricos\/","title":{"rendered":"El Senado bonaerense aprob\u00f3 la licencia para familiares de enfermos oncol\u00f3gicos pedi\u00e1tricos"},"content":{"rendered":"<p>La iniciativa establece que los o las progenitores o representantes legales de ni\u00f1os, ni\u00f1as y adolescentes de hasta 18 a\u00f1os de edad inclusive, que cuente con diagn\u00f3stico de c\u00e1ncer, tendr\u00e1n derecho a acceder a una licencia laboral especial remunerada.<!--more--><\/p>\n<figure class=\"mb-3\"><img decoding=\"async\" src=\"https:\/\/www.telam.com.ar\/thumbs\/bluesteel\/advf\/imagenes\/2020\/02\/5e480d368aa80_900.jpg\" alt=\"Licencia laboral especial para familiares de pacientes oncolgicos\" width=\"100%\" height=\"100%\" \/><\/p>\n<div class=\"media-icons\"><\/div><figcaption>Licencia laboral especial para familiares de pacientes oncol\u00f3gicos.<\/figcaption><\/figure>\n<p>El Senado bonaerense aprob\u00f3 una ley que establece una\u00a0<strong>licencia laboral especial para familiares de pacientes oncol\u00f3gicos<\/strong>\u00a0pedi\u00e1tricos, con el objetivo de que los padres o responsables de los ni\u00f1os y ni\u00f1as puedan acompa\u00f1arlos en la realizaci\u00f3n de estudios, rehabilitaciones y tratamientos de internaci\u00f3n y ambulatorios.<\/p>\n<p>La iniciativa, del senador de Juntos Andr\u00e9s De Leo, fue aprobada la noche del mi\u00e9rcoles y<strong>\u00a0ahora deber\u00e1 ser tratada por Diputados. E<\/strong>stablece que<strong>\u00a0los o las progenitores o representantes legales de ni\u00f1os, ni\u00f1as y adolescentes de hasta 18 a\u00f1os de edad inclusive, que cuente con diagn\u00f3stico de c\u00e1ncer en cualquiera de sus tipos y que se desempe\u00f1en como trabajadores en relaci\u00f3n de dependencia, tendr\u00e1n derecho a acceder a una licencia laboral especial remunerada.<\/strong><\/p>\n<blockquote class=\"\"><p>La licencia especial se extender\u00e1 por el tiempo que solicite el profesional tratante del ni\u00f1o, ni\u00f1a o adolescente, no pudiendo superar un m\u00e1ximo de 180 d\u00edas por a\u00f1o<\/p><\/blockquote>\n<p>\u201cQuienes lo sufren o lo sufrieron manifiestan que es de las peores noticias, y los sentimientos m\u00e1s duros que se pueden atravesar, es que se diagnostique al ni\u00f1o o la ni\u00f1a o adolescente con c\u00e1ncer\u201d, se\u00f1al\u00f3 De Leo en los fundamentos de su proyecto, y agreg\u00f3 que\u00a0<strong>el proyecto \u00abbusca dar respuesta a una de las problem\u00e1ticas familiares<\/strong>\u00a0que se presentan ante el dif\u00edcil escenario de superar el c\u00e1ncer infantil\u201d.<\/p>\n<p>En el mismo sentido, De Leo hizo suyas las palabras de Gabriela, madre de Agust\u00edn, quien falleci\u00f3 de un glioma cerebral, y que expreso: \u00abuna familia con un hijo con c\u00e1ncer deja de vivir, no puede pensar, solo vive para su hijo, nada m\u00e1s existe. Que este proyecto se convierta en ley es fundamental para un mont\u00f3n de cosas que necesita una familia que est\u00e1 en crisis con una enfermedad mortal\u00bb.<\/p>\n<p>Por su parte Alexis, pap\u00e1 de Ren, que falleci\u00f3 en el 2021 a los 8 a\u00f1os, consider\u00f3 que \u00abla Ley es una herramienta indispensable porque el desamparo de un padre desesperado con un hijo enfermo es terrible. Aboc\u00e1s toda la energ\u00eda al cuidado de ese hijo, y eso te inhabilita para otro tipo de cosas, como sostener su presencia laboral\u00bb.<\/p>\n<p>\u201cLa idea \u2013continu\u00f3 el legislador-, es otorgar el derecho a una licencia especial remunerada para empleados en relaci\u00f3n de dependencia para que puedan acompa\u00f1ar a sus hijos e hijas durante el tratamiento m\u00e9dico. Ante ello afirmo que el acompa\u00f1amiento de los padres durante el tratamiento oncol\u00f3gico de sus hijos e hijas es clave para obtener resultados favorables en los ni\u00f1os, ni\u00f1as y adolescentes\u201d.<\/p>\n<p>Cifras difundidas por el Hospital Juan Garrahan, proporcionan un n\u00famero estimado de\u00a0<strong>1.340 ni\u00f1os que son diagnosticados con c\u00e1ncer cada a\u00f1o en la Argentina<\/strong>, con una tasa de sobrevida del 70% de pacientes hasta cinco a\u00f1os y una incidencia de 140 nuevos casos por cada mill\u00f3n de ni\u00f1os de 0 a 14 a\u00f1os.<\/p>\n<blockquote class=\"\"><p>Cifras difundidas por el Hospital Juan Garrahan, proporcionan un n\u00famero estimado de 1.340 ni\u00f1os que son diagnosticados con c\u00e1ncer cada a\u00f1o en la Argentina<\/p><\/blockquote>\n<p>La licencia especial se extender\u00e1 por el tiempo que solicite el profesional tratante del ni\u00f1o, ni\u00f1a o adolescente, no pudiendo superar un m\u00e1ximo de 180 d\u00edas por a\u00f1o calendario, prorrogables por \u00fanica vez en igual t\u00e9rmino.<\/p>\n<p>Por otro lado, el mi\u00e9rcoles se aprob\u00f3 tambi\u00e9n la adhesi\u00f3n a la Ley Nacional 27.674, que establece la creaci\u00f3n de un r\u00e9gimen de protecci\u00f3n integral para los ni\u00f1os, ni\u00f1as y adolescentes que padezcan c\u00e1ncer y con residencia permanente en el pa\u00eds.<\/p>\n","protected":false},"excerpt":{"rendered":"<p>La iniciativa establece que los o las progenitores o representantes legales de ni\u00f1os, ni\u00f1as y adolescentes de hasta 18 a\u00f1os de edad inclusive, que cuente con diagn\u00f3stico de c\u00e1ncer, tendr\u00e1n derecho a acceder a una licencia laboral especial remunerada.<\/p>\n","protected":false},"author":3,"featured_media":0,"comment_status":"closed","ping_status":"closed","sticky":false,"template":"","format":"standard","meta":{"footnotes":""},"categories":[24,30,26],"tags":[],"class_list":["post-76805","post","type-post","status-publish","format-standard","hentry","category-politica","category-salud","category-sociedad"],"yoast_head":"<!-- This site is optimized with the Yoast SEO plugin v25.9 - https:\/\/yoast.com\/wordpress\/plugins\/seo\/ -->\n<title>El Senado bonaerense aprob\u00f3 la licencia para familiares de enfermos oncol\u00f3gicos pedi\u00e1tricos - Noticias Radio Reflejos<\/title>\n<meta name=\"robots\" content=\"index, follow, max-snippet:-1, max-image-preview:large, max-video-preview:-1\" \/>\n<link rel=\"canonical\" href=\"https:\/\/www.noticiasradioreflejos.com.ar\/2021\/el-senado-bonaerense-aprobo-la-licencia-para-familiares-de-enfermos-oncologicos-pediatricos\/\" \/>\n<meta property=\"og:locale\" content=\"es_ES\" \/>\n<meta property=\"og:type\" content=\"article\" \/>\n<meta property=\"og:title\" content=\"El Senado bonaerense aprob\u00f3 la licencia para familiares de enfermos oncol\u00f3gicos pedi\u00e1tricos - Noticias Radio Reflejos\" \/>\n<meta property=\"og:description\" content=\"La iniciativa establece que los o las progenitores o representantes legales de ni\u00f1os, ni\u00f1as y adolescentes de hasta 18 a\u00f1os de edad inclusive, que cuente con diagn\u00f3stico de c\u00e1ncer, tendr\u00e1n derecho a acceder a una licencia laboral especial remunerada.\" \/>\n<meta property=\"og:url\" content=\"https:\/\/www.noticiasradioreflejos.com.ar\/2021\/el-senado-bonaerense-aprobo-la-licencia-para-familiares-de-enfermos-oncologicos-pediatricos\/\" \/>\n<meta property=\"og:site_name\" content=\"Noticias Radio Reflejos\" \/>\n<meta property=\"article:published_time\" content=\"2022-08-26T10:52:53+00:00\" \/>\n<meta property=\"og:image\" content=\"https:\/\/www.telam.com.ar\/thumbs\/bluesteel\/advf\/imagenes\/2020\/02\/5e480d368aa80_900.jpg\" \/>\n<meta name=\"author\" content=\"Arnaldo Botto\" \/>\n<meta name=\"twitter:card\" content=\"summary_large_image\" \/>\n<script type=\"application\/ld+json\" class=\"yoast-schema-graph\">{\"@context\":\"https:\/\/schema.org\",\"@graph\":[{\"@type\":\"WebPage\",\"@id\":\"https:\/\/www.noticiasradioreflejos.com.ar\/2021\/el-senado-bonaerense-aprobo-la-licencia-para-familiares-de-enfermos-oncologicos-pediatricos\/\",\"url\":\"https:\/\/www.noticiasradioreflejos.com.ar\/2021\/el-senado-bonaerense-aprobo-la-licencia-para-familiares-de-enfermos-oncologicos-pediatricos\/\",\"name\":\"El Senado bonaerense aprob\u00f3 la licencia para familiares de enfermos oncol\u00f3gicos pedi\u00e1tricos - Noticias Radio Reflejos\",\"isPartOf\":{\"@id\":\"https:\/\/www.noticiasradioreflejos.com.ar\/2021\/#website\"},\"primaryImageOfPage\":{\"@id\":\"https:\/\/www.noticiasradioreflejos.com.ar\/2021\/el-senado-bonaerense-aprobo-la-licencia-para-familiares-de-enfermos-oncologicos-pediatricos\/#primaryimage\"},\"image\":{\"@id\":\"https:\/\/www.noticiasradioreflejos.com.ar\/2021\/el-senado-bonaerense-aprobo-la-licencia-para-familiares-de-enfermos-oncologicos-pediatricos\/#primaryimage\"},\"thumbnailUrl\":\"https:\/\/www.telam.com.ar\/thumbs\/bluesteel\/advf\/imagenes\/2020\/02\/5e480d368aa80_900.jpg\",\"datePublished\":\"2022-08-26T10:52:53+00:00\",\"author\":{\"@id\":\"https:\/\/www.noticiasradioreflejos.com.ar\/2021\/#\/schema\/person\/ad82545263dcc5ec0996818884fd5fb1\"},\"breadcrumb\":{\"@id\":\"https:\/\/www.noticiasradioreflejos.com.ar\/2021\/el-senado-bonaerense-aprobo-la-licencia-para-familiares-de-enfermos-oncologicos-pediatricos\/#breadcrumb\"},\"inLanguage\":\"es\",\"potentialAction\":[{\"@type\":\"ReadAction\",\"target\":[\"https:\/\/www.noticiasradioreflejos.com.ar\/2021\/el-senado-bonaerense-aprobo-la-licencia-para-familiares-de-enfermos-oncologicos-pediatricos\/\"]}]},{\"@type\":\"ImageObject\",\"inLanguage\":\"es\",\"@id\":\"https:\/\/www.noticiasradioreflejos.com.ar\/2021\/el-senado-bonaerense-aprobo-la-licencia-para-familiares-de-enfermos-oncologicos-pediatricos\/#primaryimage\",\"url\":\"https:\/\/www.telam.com.ar\/thumbs\/bluesteel\/advf\/imagenes\/2020\/02\/5e480d368aa80_900.jpg\",\"contentUrl\":\"https:\/\/www.telam.com.ar\/thumbs\/bluesteel\/advf\/imagenes\/2020\/02\/5e480d368aa80_900.jpg\"},{\"@type\":\"BreadcrumbList\",\"@id\":\"https:\/\/www.noticiasradioreflejos.com.ar\/2021\/el-senado-bonaerense-aprobo-la-licencia-para-familiares-de-enfermos-oncologicos-pediatricos\/#breadcrumb\",\"itemListElement\":[{\"@type\":\"ListItem\",\"position\":1,\"name\":\"Portada\",\"item\":\"https:\/\/www.noticiasradioreflejos.com.ar\/2021\/\"},{\"@type\":\"ListItem\",\"position\":2,\"name\":\"El Senado bonaerense aprob\u00f3 la licencia para familiares de enfermos oncol\u00f3gicos pedi\u00e1tricos\"}]},{\"@type\":\"WebSite\",\"@id\":\"https:\/\/www.noticiasradioreflejos.com.ar\/2021\/#website\",\"url\":\"https:\/\/www.noticiasradioreflejos.com.ar\/2021\/\",\"name\":\"Noticias Radio Reflejos\",\"description\":\"Las noticias de mi comarca\",\"potentialAction\":[{\"@type\":\"SearchAction\",\"target\":{\"@type\":\"EntryPoint\",\"urlTemplate\":\"https:\/\/www.noticiasradioreflejos.com.ar\/2021\/?s={search_term_string}\"},\"query-input\":{\"@type\":\"PropertyValueSpecification\",\"valueRequired\":true,\"valueName\":\"search_term_string\"}}],\"inLanguage\":\"es\"},{\"@type\":\"Person\",\"@id\":\"https:\/\/www.noticiasradioreflejos.com.ar\/2021\/#\/schema\/person\/ad82545263dcc5ec0996818884fd5fb1\",\"name\":\"Arnaldo Botto\",\"image\":{\"@type\":\"ImageObject\",\"inLanguage\":\"es\",\"@id\":\"https:\/\/www.noticiasradioreflejos.com.ar\/2021\/#\/schema\/person\/image\/\",\"url\":\"https:\/\/secure.gravatar.com\/avatar\/55cb5e37c1efa326397366e6974cb338056df65cb50e7d64d1cf314e87504837?s=96&d=mm&r=g\",\"contentUrl\":\"https:\/\/secure.gravatar.com\/avatar\/55cb5e37c1efa326397366e6974cb338056df65cb50e7d64d1cf314e87504837?s=96&d=mm&r=g\",\"caption\":\"Arnaldo Botto\"},\"url\":\"https:\/\/www.noticiasradioreflejos.com.ar\/2021\/author\/arnaldo\/\"}]}<\/script>\n<!-- \/ Yoast SEO plugin. -->","yoast_head_json":{"title":"El Senado bonaerense aprob\u00f3 la licencia para familiares de enfermos oncol\u00f3gicos pedi\u00e1tricos - Noticias Radio Reflejos","robots":{"index":"index","follow":"follow","max-snippet":"max-snippet:-1","max-image-preview":"max-image-preview:large","max-video-preview":"max-video-preview:-1"},"canonical":"https:\/\/www.noticiasradioreflejos.com.ar\/2021\/el-senado-bonaerense-aprobo-la-licencia-para-familiares-de-enfermos-oncologicos-pediatricos\/","og_locale":"es_ES","og_type":"article","og_title":"El Senado bonaerense aprob\u00f3 la licencia para familiares de enfermos oncol\u00f3gicos pedi\u00e1tricos - Noticias Radio Reflejos","og_description":"La iniciativa establece que los o las progenitores o representantes legales de ni\u00f1os, ni\u00f1as y adolescentes de hasta 18 a\u00f1os de edad inclusive, que cuente con diagn\u00f3stico de c\u00e1ncer, tendr\u00e1n derecho a acceder a una licencia laboral especial remunerada.","og_url":"https:\/\/www.noticiasradioreflejos.com.ar\/2021\/el-senado-bonaerense-aprobo-la-licencia-para-familiares-de-enfermos-oncologicos-pediatricos\/","og_site_name":"Noticias Radio Reflejos","article_published_time":"2022-08-26T10:52:53+00:00","og_image":[{"url":"https:\/\/www.telam.com.ar\/thumbs\/bluesteel\/advf\/imagenes\/2020\/02\/5e480d368aa80_900.jpg","type":"","width":"","height":""}],"author":"Arnaldo Botto","twitter_card":"summary_large_image","schema":{"@context":"https:\/\/schema.org","@graph":[{"@type":"WebPage","@id":"https:\/\/www.noticiasradioreflejos.com.ar\/2021\/el-senado-bonaerense-aprobo-la-licencia-para-familiares-de-enfermos-oncologicos-pediatricos\/","url":"https:\/\/www.noticiasradioreflejos.com.ar\/2021\/el-senado-bonaerense-aprobo-la-licencia-para-familiares-de-enfermos-oncologicos-pediatricos\/","name":"El Senado bonaerense aprob\u00f3 la licencia para familiares de enfermos oncol\u00f3gicos pedi\u00e1tricos - Noticias Radio Reflejos","isPartOf":{"@id":"https:\/\/www.noticiasradioreflejos.com.ar\/2021\/#website"},"primaryImageOfPage":{"@id":"https:\/\/www.noticiasradioreflejos.com.ar\/2021\/el-senado-bonaerense-aprobo-la-licencia-para-familiares-de-enfermos-oncologicos-pediatricos\/#primaryimage"},"image":{"@id":"https:\/\/www.noticiasradioreflejos.com.ar\/2021\/el-senado-bonaerense-aprobo-la-licencia-para-familiares-de-enfermos-oncologicos-pediatricos\/#primaryimage"},"thumbnailUrl":"https:\/\/www.telam.com.ar\/thumbs\/bluesteel\/advf\/imagenes\/2020\/02\/5e480d368aa80_900.jpg","datePublished":"2022-08-26T10:52:53+00:00","author":{"@id":"https:\/\/www.noticiasradioreflejos.com.ar\/2021\/#\/schema\/person\/ad82545263dcc5ec0996818884fd5fb1"},"breadcrumb":{"@id":"https:\/\/www.noticiasradioreflejos.com.ar\/2021\/el-senado-bonaerense-aprobo-la-licencia-para-familiares-de-enfermos-oncologicos-pediatricos\/#breadcrumb"},"inLanguage":"es","potentialAction":[{"@type":"ReadAction","target":["https:\/\/www.noticiasradioreflejos.com.ar\/2021\/el-senado-bonaerense-aprobo-la-licencia-para-familiares-de-enfermos-oncologicos-pediatricos\/"]}]},{"@type":"ImageObject","inLanguage":"es","@id":"https:\/\/www.noticiasradioreflejos.com.ar\/2021\/el-senado-bonaerense-aprobo-la-licencia-para-familiares-de-enfermos-oncologicos-pediatricos\/#primaryimage","url":"https:\/\/www.telam.com.ar\/thumbs\/bluesteel\/advf\/imagenes\/2020\/02\/5e480d368aa80_900.jpg","contentUrl":"https:\/\/www.telam.com.ar\/thumbs\/bluesteel\/advf\/imagenes\/2020\/02\/5e480d368aa80_900.jpg"},{"@type":"BreadcrumbList","@id":"https:\/\/www.noticiasradioreflejos.com.ar\/2021\/el-senado-bonaerense-aprobo-la-licencia-para-familiares-de-enfermos-oncologicos-pediatricos\/#breadcrumb","itemListElement":[{"@type":"ListItem","position":1,"name":"Portada","item":"https:\/\/www.noticiasradioreflejos.com.ar\/2021\/"},{"@type":"ListItem","position":2,"name":"El Senado bonaerense aprob\u00f3 la licencia para familiares de enfermos oncol\u00f3gicos pedi\u00e1tricos"}]},{"@type":"WebSite","@id":"https:\/\/www.noticiasradioreflejos.com.ar\/2021\/#website","url":"https:\/\/www.noticiasradioreflejos.com.ar\/2021\/","name":"Noticias Radio Reflejos","description":"Las noticias de mi comarca","potentialAction":[{"@type":"SearchAction","target":{"@type":"EntryPoint","urlTemplate":"https:\/\/www.noticiasradioreflejos.com.ar\/2021\/?s={search_term_string}"},"query-input":{"@type":"PropertyValueSpecification","valueRequired":true,"valueName":"search_term_string"}}],"inLanguage":"es"},{"@type":"Person","@id":"https:\/\/www.noticiasradioreflejos.com.ar\/2021\/#\/schema\/person\/ad82545263dcc5ec0996818884fd5fb1","name":"Arnaldo Botto","image":{"@type":"ImageObject","inLanguage":"es","@id":"https:\/\/www.noticiasradioreflejos.com.ar\/2021\/#\/schema\/person\/image\/","url":"https:\/\/secure.gravatar.com\/avatar\/55cb5e37c1efa326397366e6974cb338056df65cb50e7d64d1cf314e87504837?s=96&d=mm&r=g","contentUrl":"https:\/\/secure.gravatar.com\/avatar\/55cb5e37c1efa326397366e6974cb338056df65cb50e7d64d1cf314e87504837?s=96&d=mm&r=g","caption":"Arnaldo Botto"},"url":"https:\/\/www.noticiasradioreflejos.com.ar\/2021\/author\/arnaldo\/"}]}},"_links":{"self":[{"href":"https:\/\/www.noticiasradioreflejos.com.ar\/2021\/wp-json\/wp\/v2\/posts\/76805","targetHints":{"allow":["GET"]}}],"collection":[{"href":"https:\/\/www.noticiasradioreflejos.com.ar\/2021\/wp-json\/wp\/v2\/posts"}],"about":[{"href":"https:\/\/www.noticiasradioreflejos.com.ar\/2021\/wp-json\/wp\/v2\/types\/post"}],"author":[{"embeddable":true,"href":"https:\/\/www.noticiasradioreflejos.com.ar\/2021\/wp-json\/wp\/v2\/users\/3"}],"replies":[{"embeddable":true,"href":"https:\/\/www.noticiasradioreflejos.com.ar\/2021\/wp-json\/wp\/v2\/comments?post=76805"}],"version-history":[{"count":1,"href":"https:\/\/www.noticiasradioreflejos.com.ar\/2021\/wp-json\/wp\/v2\/posts\/76805\/revisions"}],"predecessor-version":[{"id":76807,"href":"https:\/\/www.noticiasradioreflejos.com.ar\/2021\/wp-json\/wp\/v2\/posts\/76805\/revisions\/76807"}],"wp:attachment":[{"href":"https:\/\/www.noticiasradioreflejos.com.ar\/2021\/wp-json\/wp\/v2\/media?parent=76805"}],"wp:term":[{"taxonomy":"category","embeddable":true,"href":"https:\/\/www.noticiasradioreflejos.com.ar\/2021\/wp-json\/wp\/v2\/categories?post=76805"},{"taxonomy":"post_tag","embeddable":true,"href":"https:\/\/www.noticiasradioreflejos.com.ar\/2021\/wp-json\/wp\/v2\/tags?post=76805"}],"curies":[{"name":"wp","href":"https:\/\/api.w.org\/{rel}","templated":true}]}}