{"id":76800,"date":"2022-08-26T10:47:21","date_gmt":"2022-08-26T10:47:21","guid":{"rendered":"http:\/\/www.noticiasradioreflejos.com.ar\/2021\/?p=76800"},"modified":"2022-08-26T10:47:21","modified_gmt":"2022-08-26T10:47:21","slug":"empieza-el-mundial-de-voley-por-que-es-especial-para-la-argentina","status":"publish","type":"post","link":"https:\/\/www.noticiasradioreflejos.com.ar\/2021\/empieza-el-mundial-de-voley-por-que-es-especial-para-la-argentina\/","title":{"rendered":"Empieza el Mundial de v\u00f3ley: por qu\u00e9 es especial para la Argentina"},"content":{"rendered":"<header id=\"mvp-post-head\" class=\"left relative\">Los dirigidos por Marcelo M\u00e9ndez debutan el s\u00e1bado frente a Ir\u00e1n, el rival m\u00e1s complejo del grupo F. \u00bfQui\u00e9nes son los candidatos al t\u00edtulo?<\/p>\n<div class=\"at-below-post addthis_tool\" data-url=\"https:\/\/www.labrujula24.com\/notas\/2022\/08\/26\/empieza-el-mundial-de-voley-por-que-es-especial-para-la-argentina-y-que-chances-tiene-de-repetir-la-hazana-de-tokio-2020%ef%bf%bc-n237539\/\" data-title=\"Empieza el Mundial de v\u00f3ley: por qu\u00e9 es especial para la Argentina\" data-description=\"Los dirigidos por Marcelo M\u00e9ndez debutan el s\u00e1bado frente a Ir\u00e1n, el rival m\u00e1s complejo del grupo F. \u00bfQui\u00e9nes son los candidatos al t\u00edtulo?\">\n<div id=\"atstbx\" class=\"at-resp-share-element at-style-responsive addthis-smartlayers addthis-animated at4-show\" role=\"region\" aria-labelledby=\"at-c3521adb-cc38-40e0-8cf4-512f474e16d5\"><\/div>\n<\/div>\n<\/header>\n<p><!--more--><\/p>\n<div class=\"mvp-post-main-out left relative\">\n<div class=\"mvp-post-main-in\">\n<div id=\"mvp-post-content\" class=\"left relative\">\n<div id=\"mvp-post-feat-img\" class=\"left relative mvp-post-feat-img-wide2\"><img loading=\"lazy\" decoding=\"async\" class=\"attachment- size- wp-post-image\" src=\"https:\/\/www.labrujula24.com\/wp-content\/uploads\/2022\/08\/de-cecco-bronce-olimpico-en___tYC1m_nL9_1256x620__2.webp\" sizes=\"auto, (max-width: 1256px) 100vw, 1256px\" srcset=\"https:\/\/www.labrujula24.com\/wp-content\/uploads\/2022\/08\/de-cecco-bronce-olimpico-en___tYC1m_nL9_1256x620__2.webp 1256w, https:\/\/www.labrujula24.com\/wp-content\/uploads\/2022\/08\/de-cecco-bronce-olimpico-en___tYC1m_nL9_1256x620__2-768x378.webp 768w\" alt=\"\" width=\"1256\" height=\"619\" \/><\/div>\n<div id=\"mvp-content-wrap\" class=\"left relative\">\n<div class=\"mvp-post-soc-out right relative\">\n<div class=\"mvp-post-soc-in\">\n<div id=\"mvp-content-body\" class=\"left relative\">\n<div id=\"mvp-content-body-top\" class=\"left relative\">\n<div id=\"mvp-content-main\" class=\"left relative\">\n<div id=\"textbody\">\n<div class=\"at-above-post addthis_tool\" data-url=\"https:\/\/www.labrujula24.com\/notas\/2022\/08\/26\/empieza-el-mundial-de-voley-por-que-es-especial-para-la-argentina-y-que-chances-tiene-de-repetir-la-hazana-de-tokio-2020%ef%bf%bc-n237539\/\"><\/div>\n<p>El Campeonato Mundial de V\u00f3leibol de Polonia y Eslovenia, que se pondr\u00e1 el marcha este viernes, tendr\u00e1 un sabor muy especial para Argentina. Porque podr\u00eda ser el \u00faltimo de Luciano De Cecco y Facundo Conte, dos emblemas del conjunto nacional. Y porque ser\u00e1 el primer gran compromiso del seleccionado masculino -que debutar\u00e1 el s\u00e1bado ante Ir\u00e1n- desde la hist\u00f3rica conquista del bronce mundialista de Tokio, hace poco m\u00e1s de un a\u00f1o. \u00bfPodr\u00e1n los dirigidos por Marcelo M\u00e9ndez repetir la inolvidable haza\u00f1a de la capital japonesa?<\/p>\n<p>De Cecco est\u00e1 ilusionado con lograr hacer historia con la camiseta celeste y blanca una vez m\u00e1s y regalarle a nuestro pa\u00eds su\u00a0<strong>segunda medalla mundialista<\/strong>. La primera, tambi\u00e9n de bronce, se\u00a0consigui\u00f3 hace 40 a\u00f1os, en el torneo que se jug\u00f3 Argentina en 1982, y con un plantel que fue la base del que subi\u00f3 al tercer escal\u00f3n el podio en los\u00a0<strong>Juegos de Se\u00fal 1988<\/strong>. Aunque avis\u00f3 que no ser\u00e1 una tarea f\u00e1cil.<\/p>\n<div class=\"code-block code-block-11\"><\/div>\n<p>\u201cOjal\u00e1 podamos llegar m\u00e1s alto que en ocasiones anteriores. Pero no hay que esperar que naturalmente seamos terceros o estemos peleando por el podio, solo porque el a\u00f1o pasado fuimos bronce en Tokio. No digo que es imposible, pero es muy complicado meterse en semifinales. Por supuesto, vamos a dar lo mejor de nosotros, pero todos debemos ser cautos, porque lucharemos contra equipos de grand\u00edsimo poder\u00edo. No ser\u00e1 nada f\u00e1cil este mundial\u201d, coment\u00f3 el armador en la columna que escribe habitualmente para\u00a0<strong>ESPN<\/strong>.<\/p>\n<p>Y agreg\u00f3: \u201cAdem\u00e1s, ya no somos una sorpresa, sino que todos querr\u00e1n ganarle a un equipo que se subi\u00f3 al podio ol\u00edmpico hace un a\u00f1o\u201d.\u00a0<img decoding=\"async\" src=\"https:\/\/www.clarin.com\/img\/2021\/08\/07\/un-abrazo-inolvidable-conte-y___YDXKddEM7_720x0__1.jpg\" alt=\"Un abrazo inolvidable: Conte y De Cecco, tras conseguir el bronce en Tokio. Foto REUTERS\/Valentyn Ogirenko\" \/><\/p>\n<p>Un abrazo inolvidable: Conte y De Cecco, tras conseguir el bronce en Tokio. Foto REUTERS\/Valentyn Ogirenko<\/p>\n<p>El escenario le da la raz\u00f3n.\u00a0<strong>Argentina<\/strong>, s\u00e9ptimo de la clasificaci\u00f3n mundial de la FIVB, no parte como favorito, aunque s\u00ed es el\u00a0mejor rankeado\u00a0de su grupo, el F, que integra con el conjunto iran\u00ed(8\u00b0),\u00a0<strong>Pa\u00edses Bajos<\/strong>\u00a0(13\u00b0) y\u00a0<strong>Egipto\u00a0<\/strong>(20\u00b0).<\/p>\n<p>Los tres grandes candidatos a levantar el trofeo son\u00a0<strong>Polonia<\/strong>, n\u00famero uno del mundo y vigente campe\u00f3n;\u00a0<strong>Francia<\/strong>, segundo del ranking y oro ol\u00edmpico en la capital japonesa, y\u00a0<strong>Brasil<\/strong>, la gran potencia sudamericana, subcampe\u00f3n del mundial anterior y cuarto del ranking. Otros que podr\u00edan pelear el t\u00edtulo son\u00a0<strong>Estados Unidos<\/strong>\u00a0(5\u00b0) e\u00a0<strong>Italia\u00a0<\/strong>(6\u00b0).<\/p>\n<p>\u201cLa medalla de Tokio nos gener\u00f3 confianza. Lo que sucedi\u00f3 en los Juegos nos da la pauta de que es posible.\u00a0Entonces hay que ir por esa posibilidad, por m\u00e1s chica o grande que sea. El sistema de juego est\u00e1 bueno como para poder, justamente, meter otro batacazo.\u00a0No vamos a largar la presa hasta que se caiga la \u00faltima pelota\u201d, reflexion\u00f3<strong>\u00a0Facundo Conte<\/strong>\u00a0en una entrevista con el periodista Sergio Stuart para el diario\u00a0<strong>Ol\u00e9<\/strong>.\u00a0<img decoding=\"async\" src=\"https:\/\/www.clarin.com\/img\/2022\/08\/25\/conte-aviso-que-este-podria___DjWuxh3o__720x0__1.jpg\" alt=\"Conte avis\u00f3 que este podr\u00eda ser su \u00faltimo Mundial. Foto Juano Tesone\" \/><\/p>\n<div class=\"code-block code-block-6\"><\/div>\n<p>Conte avis\u00f3 que este podr\u00eda ser su \u00faltimo Mundial. Foto Juano Tesone<\/p>\n<p><strong>Para De Cecco, el Mundial ser\u00e1 doblemente especial<\/strong>. Podr\u00eda ser el \u00faltimo de su carrera, pero tambi\u00e9n ser\u00e1 el que le permitir\u00e1 sumar su nombre a un selecto grupo. Es que Luciano se convertir\u00e1 en el cuarto jugador de la historia en disputar cinco campeonatos ecum\u00e9nicos, luego de<strong>\u00a0Javier Weber<\/strong>, otro hist\u00f3rico del v\u00f3leibol argentino, el venezolano<strong>\u00a0Vicente Pastor\u00a0<\/strong>y el checoslovaco<strong>\u00a0Josef Musil<\/strong>.<\/p>\n<p>El santafesino\u00a0debut\u00f3 en un certamen de este nivel en<strong>\u00a0Jap\u00f3n 2006<\/strong>\u00a0(13\u00b0 lugar), y luego dijo presente en las ediciones de<strong>\u00a0Italia 2010<\/strong>\u00a0(9\u00b0),\u00a0<strong>Polonia 2014\u00a0<\/strong>(11\u00b0) e\u00a0<strong>Italia-Bulgaria 2018\u00a0<\/strong>(15\u00b0).<\/p>\n<p>\u201cEn esos cuatro Mundiales nos fue mal, no s\u00e9 por qu\u00e9. Quiz\u00e1s esas experiencias negativas nos ayuden a no repetir errores. Espero que sea as\u00ed. El deporte siempre da revancha. Si no, los Mundiales ser\u00e1n una espina clavada, porque seguramente \u00e9ste ser\u00e1 el \u00faltimo de mi carrera\u201d, coment\u00f3 el armador.<\/p>\n<p>Conte tambi\u00e9n anunci\u00f3 que podr\u00eda despedirse de los Mundiales en esta cita. El nacido en Vicente L\u00f3pez hace 33 a\u00f1os jugar\u00e1 el cuarto de su carrera, tras los de 2010, 2014 y 2018.<\/p>\n<blockquote class=\"twitter-tweet\" data-width=\"500\" data-dnt=\"true\">\n<p lang=\"es\" dir=\"ltr\"><a href=\"https:\/\/twitter.com\/hashtag\/Wagner2022?src=hash&amp;ref_src=twsrc%5Etfw\">#Wagner2022<\/a> Segundo puesto para Argentina con Ezequiel Palacios en el equipo ideal\ud83c\udde6\ud83c\uddf7\ud83e\udd48<\/p>\n<p>El equipo dirigido por Marcelo M\u00e9ndez fue escolta de Polonia en la tabla final del torneo preparatorio para el Mundial en Eslovenia\ud83c\udfd0<\/p>\n<p>Ezequiel Palacios, parte del equipo ideal del torneo\ud83d\udcaa <a href=\"https:\/\/t.co\/NJfofstE3E\">pic.twitter.com\/NJfofstE3E<\/a><\/p>\n<p>&mdash; Voleibol Argentino (@Voley_FeVA) <a href=\"https:\/\/twitter.com\/Voley_FeVA\/status\/1561088125136404480?ref_src=twsrc%5Etfw\">August 20, 2022<\/a><\/p><\/blockquote>\n<p><script async src=\"https:\/\/platform.twitter.com\/widgets.js\" charset=\"utf-8\"><\/script><\/p>\n<p>\u201cNo es un Mundial m\u00e1s. Es un Mundial, con todo lo que eso conlleva. Se espera cuatro a\u00f1os por estos torneos. Son los torneos m\u00e1s lindos y m\u00e1s importantes para jugar, as\u00ed que obviamente estamos motivados. Tambi\u00e9n con la conciencia de saber que puede ser el \u00faltimo para m\u00ed\u201d, le dijo a Ol\u00e9.<\/p>\n<p>El seleccionado argentino llega al torneo con bastante rodaje, aunque sin resultados demasiado destacados. En junio y julio disput\u00f3 la<strong>\u00a0Liga de Naciones<\/strong>, en la que no pudo superar la primera fase: qued\u00f3 novena -avanzaban ocho- con cinco victorias y siete derrotas. El triunfo m\u00e1s destacado fue el 3 a 1 ante Francia en Osaka, Jap\u00f3n.<\/p>\n<p>La semana pasada disput\u00f3 un cuadrangular amistoso en Cracovia, en el que venci\u00f3 por 3 a 1 a\u00a0<strong>Serbia\u00a0<\/strong>y perdi\u00f3 3 a 0 con\u00a0<strong>Polonia\u00a0<\/strong>y 3 a 2, en un ajustado partido, con Ir\u00e1n, su rival del debut mundialista. Y el martes, cay\u00f3 otra vez en sets corridos ante el seleccionado polaco, en el \u00faltimo amistoso de preparaci\u00f3n.<img decoding=\"async\" src=\"https:\/\/www.clarin.com\/img\/2022\/08\/25\/el-plantel-argentino-jugadores-y___8fnKf362d_720x0__1.jpg\" alt=\"El plantel argentino, jugadores y cuerpo t\u00e9cnico, en el CeNARD, antes de viajar a Europa. Foto Juano Tesone\" \/><\/p>\n<p>El plantel argentino, jugadores y cuerpo t\u00e9cnico, en el CeNARD, antes de viajar a Europa. Foto Juano Tesone<\/p>\n<p>El plantel argentino es una mezcla de experiencia y juventud. Tiene ocho medallistas ol\u00edmpicos de Tokio: adem\u00e1s de De Cecco y Conte,\u00a0<strong>Mat\u00edas S\u00e1nchez<\/strong>,\u00a0<strong>Ezequiel Palacios<\/strong>,\u00a0<strong>Santiago Danani<\/strong>,\u00a0<strong>Agust\u00edn Loser<\/strong>,\u00a0<strong>Mart\u00edn Ramos\u00a0<\/strong>y\u00a0<strong>Bruno Lima<\/strong>. Adem\u00e1s, cuatro integrantes del seleccionado sub 23 que fue campe\u00f3n mundial en 2017, S\u00e1nchez, Danani, Loser y\u00a0<strong>Jan Mart\u00ednez<\/strong>. Y tres jugadores muy j\u00f3venes, pero con bastante camino recorrido en categor\u00edas menores,\u00a0<strong>Luciano Palonsky<\/strong>,\u00a0<strong>Nicol\u00e1s Zerba\u00a0<\/strong>y\u00a0<strong>Luciano Vicent\u00edn<\/strong>. La lista la completan\u00a0<strong>Pablo Kukartsev<\/strong>, que volvi\u00f3 al seleccionado despu\u00e9s de siete a\u00f1os, y\u00a0<strong>Joaqu\u00edn Gallego<\/strong>.<\/p>\n<p>\u201cEs un plantel bastante distinto al de los Juegos Ol\u00edmpicos de Tokio. Es un equipo m\u00e1s joven y tendremos que trabajar para que no influya la inexperiencia en varios de los m\u00e1s chicos. Muchos de ellos reci\u00e9n tuvieron algo de protagonismo en la Liga de las Nacionales de esta temporada. Si bien casi todos tienen experiencia en selecciones formativas y en clubes del exterior, deber\u00e1n ser fuertes psicol\u00f3gicamente para afrontar un Mundial y, de ese modo, potenciar el rendimiento colectivo\u201d, analiz\u00f3 De Cecco.<\/p>\n<h2>El fixture de Argentina, los grupos y el formato del certamen<\/h2>\n<p>Aunque el Mundial se pondr\u00e1 en marcha este viernes \u2013<strong>Brasil\u00a0<\/strong>y\u00a0<strong>Cuba\u00a0<\/strong>jugar\u00e1n el partido inaugural, desde las 6 de nuestro pa\u00eds-, el seleccionado celeste y blanco debutar\u00e1 reci\u00e9n el s\u00e1bado, a las 12.30 de Argentina, frente a Ir\u00e1n, por el grupo F.<\/p>\n<p>El segundo segundo compromiso de los dirigidos por\u00a0<strong>Marcelo M\u00e9ndez\u00a0<\/strong>ser\u00e1 ante Pa\u00edses Bajos, el lunes a las 9. En tanto, el mi\u00e9rcoles, a las 6, cerrar\u00e1n la primera fase ante Egipto.<img decoding=\"async\" src=\"https:\/\/www.clarin.com\/img\/2022\/08\/25\/el-formato-de-juego-del___8-pmdmrD4_720x0__1.jpg\" alt=\"El formato de juego del Mundial de Polonia y Eslovenia. Foto FIVB\" \/><\/p>\n<p>El formato de juego del Mundial de Polonia y Eslovenia. Foto FIVB<\/p>\n<p><strong>Puerto Rico<\/strong>,\u00a0<strong>Serbia<\/strong>,\u00a0<strong>T\u00fanez\u00a0<\/strong>y\u00a0<strong>Ucrania<\/strong>, invitado al torneo tras la baja de Rusia, sancionado por la FIVB por la invasi\u00f3n a ese pa\u00eds, integrar\u00e1n el\u00a0<strong>grupo A<\/strong>. En el\u00a0<strong>B\u00a0<\/strong>jugar\u00e1n\u00a0<strong>Brasil<\/strong>,\u00a0<strong>Cuba<\/strong>,\u00a0<strong>Jap\u00f3n\u00a0<\/strong>y\u00a0<strong>Qatar<\/strong>. En el\u00a0<strong>C<\/strong>, uno de los m\u00e1s duros,<strong>\u00a0Bulgaria<\/strong>,\u00a0<strong>M\u00e9xico<\/strong>,\u00a0<strong>Polonia\u00a0<\/strong>y\u00a0<strong>Estados Unidos<\/strong>. En el\u00a0<strong>D<\/strong>,\u00a0<strong>Camer\u00fan<\/strong>,\u00a0<strong>Francia<\/strong>,\u00a0<strong>Alemania\u00a0<\/strong>y\u00a0<strong>Eslovenia<\/strong>. Y en el\u00a0<strong>E<\/strong>,\u00a0<strong>Canad\u00e1<\/strong>,\u00a0<strong>China<\/strong>,\u00a0<strong>Italia\u00a0<\/strong>y\u00a0<strong>Turqu\u00eda<\/strong>.<\/p>\n<p>La primera etapa se disputar\u00e1 en tres sedes: Katowice y Gliwice, en Polonia, y Ljubljana, en Eslovenia, donde jugar\u00e1 el seleccionado argentino.<\/p>\n<p>Los dos mejores de cada zona y los cuatro mejores terceros se clasificar\u00e1n a la fase siguiente, que ser\u00e1 de eliminaci\u00f3n directa y\u00a0arrancar\u00e1 con los cruces de octavos de final, del 3 al 6 de septiembre, en sedes a confirmar. Los cuartos se jugar\u00e1n el 7 y 8 de ese mismo mes. Las semis, el 10, y la final y el duelo por el bronce, el domingo 11.<\/p>\n<p>Todos los partidos se podr\u00e1n ver por la plataforma\u00a0<strong>Star+<\/strong>, mientras que los de Argentina y las instancias decisivas se transmitir\u00e1n tambi\u00e9n por las distintas se\u00f1ales de\u00a0<strong>ESPN<\/strong>.<\/p>\n<p>Fuente: Clar\u00edn<\/p>\n<\/div>\n<\/div>\n<\/div>\n<\/div>\n<\/div>\n<\/div>\n<\/div>\n<\/div>\n<\/div>\n<\/div>\n","protected":false},"excerpt":{"rendered":"<p>Los dirigidos por Marcelo M\u00e9ndez debutan el s\u00e1bado frente a Ir\u00e1n, el rival m\u00e1s complejo del grupo F. \u00bfQui\u00e9nes son los candidatos al t\u00edtulo?<\/p>\n","protected":false},"author":3,"featured_media":0,"comment_status":"closed","ping_status":"closed","sticky":false,"template":"","format":"standard","meta":{"footnotes":""},"categories":[27],"tags":[],"class_list":["post-76800","post","type-post","status-publish","format-standard","hentry","category-deportes"],"yoast_head":"<!-- This site is optimized with the Yoast SEO plugin v25.9 - https:\/\/yoast.com\/wordpress\/plugins\/seo\/ -->\n<title>Empieza el Mundial de v\u00f3ley: por qu\u00e9 es especial para la Argentina - Noticias Radio Reflejos<\/title>\n<meta name=\"robots\" content=\"index, follow, max-snippet:-1, max-image-preview:large, max-video-preview:-1\" \/>\n<link rel=\"canonical\" href=\"https:\/\/www.noticiasradioreflejos.com.ar\/2021\/empieza-el-mundial-de-voley-por-que-es-especial-para-la-argentina\/\" \/>\n<meta property=\"og:locale\" content=\"es_ES\" \/>\n<meta property=\"og:type\" content=\"article\" \/>\n<meta property=\"og:title\" content=\"Empieza el Mundial de v\u00f3ley: por qu\u00e9 es especial para la Argentina - Noticias Radio Reflejos\" \/>\n<meta property=\"og:description\" content=\"Los dirigidos por Marcelo M\u00e9ndez debutan el s\u00e1bado frente a Ir\u00e1n, el rival m\u00e1s complejo del grupo F. \u00bfQui\u00e9nes son los candidatos al t\u00edtulo?\" \/>\n<meta property=\"og:url\" content=\"https:\/\/www.noticiasradioreflejos.com.ar\/2021\/empieza-el-mundial-de-voley-por-que-es-especial-para-la-argentina\/\" \/>\n<meta property=\"og:site_name\" content=\"Noticias Radio Reflejos\" \/>\n<meta property=\"article:published_time\" content=\"2022-08-26T10:47:21+00:00\" \/>\n<meta property=\"og:image\" content=\"https:\/\/www.labrujula24.com\/wp-content\/uploads\/2022\/08\/de-cecco-bronce-olimpico-en___tYC1m_nL9_1256x620__2.webp\" \/>\n<meta name=\"author\" content=\"Arnaldo Botto\" \/>\n<meta name=\"twitter:card\" content=\"summary_large_image\" \/>\n<script type=\"application\/ld+json\" class=\"yoast-schema-graph\">{\"@context\":\"https:\/\/schema.org\",\"@graph\":[{\"@type\":\"WebPage\",\"@id\":\"https:\/\/www.noticiasradioreflejos.com.ar\/2021\/empieza-el-mundial-de-voley-por-que-es-especial-para-la-argentina\/\",\"url\":\"https:\/\/www.noticiasradioreflejos.com.ar\/2021\/empieza-el-mundial-de-voley-por-que-es-especial-para-la-argentina\/\",\"name\":\"Empieza el Mundial de v\u00f3ley: por qu\u00e9 es especial para la Argentina - Noticias Radio Reflejos\",\"isPartOf\":{\"@id\":\"https:\/\/www.noticiasradioreflejos.com.ar\/2021\/#website\"},\"primaryImageOfPage\":{\"@id\":\"https:\/\/www.noticiasradioreflejos.com.ar\/2021\/empieza-el-mundial-de-voley-por-que-es-especial-para-la-argentina\/#primaryimage\"},\"image\":{\"@id\":\"https:\/\/www.noticiasradioreflejos.com.ar\/2021\/empieza-el-mundial-de-voley-por-que-es-especial-para-la-argentina\/#primaryimage\"},\"thumbnailUrl\":\"https:\/\/www.labrujula24.com\/wp-content\/uploads\/2022\/08\/de-cecco-bronce-olimpico-en___tYC1m_nL9_1256x620__2.webp\",\"datePublished\":\"2022-08-26T10:47:21+00:00\",\"author\":{\"@id\":\"https:\/\/www.noticiasradioreflejos.com.ar\/2021\/#\/schema\/person\/ad82545263dcc5ec0996818884fd5fb1\"},\"breadcrumb\":{\"@id\":\"https:\/\/www.noticiasradioreflejos.com.ar\/2021\/empieza-el-mundial-de-voley-por-que-es-especial-para-la-argentina\/#breadcrumb\"},\"inLanguage\":\"es\",\"potentialAction\":[{\"@type\":\"ReadAction\",\"target\":[\"https:\/\/www.noticiasradioreflejos.com.ar\/2021\/empieza-el-mundial-de-voley-por-que-es-especial-para-la-argentina\/\"]}]},{\"@type\":\"ImageObject\",\"inLanguage\":\"es\",\"@id\":\"https:\/\/www.noticiasradioreflejos.com.ar\/2021\/empieza-el-mundial-de-voley-por-que-es-especial-para-la-argentina\/#primaryimage\",\"url\":\"https:\/\/www.labrujula24.com\/wp-content\/uploads\/2022\/08\/de-cecco-bronce-olimpico-en___tYC1m_nL9_1256x620__2.webp\",\"contentUrl\":\"https:\/\/www.labrujula24.com\/wp-content\/uploads\/2022\/08\/de-cecco-bronce-olimpico-en___tYC1m_nL9_1256x620__2.webp\"},{\"@type\":\"BreadcrumbList\",\"@id\":\"https:\/\/www.noticiasradioreflejos.com.ar\/2021\/empieza-el-mundial-de-voley-por-que-es-especial-para-la-argentina\/#breadcrumb\",\"itemListElement\":[{\"@type\":\"ListItem\",\"position\":1,\"name\":\"Portada\",\"item\":\"https:\/\/www.noticiasradioreflejos.com.ar\/2021\/\"},{\"@type\":\"ListItem\",\"position\":2,\"name\":\"Empieza el Mundial de v\u00f3ley: por qu\u00e9 es especial para la Argentina\"}]},{\"@type\":\"WebSite\",\"@id\":\"https:\/\/www.noticiasradioreflejos.com.ar\/2021\/#website\",\"url\":\"https:\/\/www.noticiasradioreflejos.com.ar\/2021\/\",\"name\":\"Noticias Radio Reflejos\",\"description\":\"Las noticias de mi comarca\",\"potentialAction\":[{\"@type\":\"SearchAction\",\"target\":{\"@type\":\"EntryPoint\",\"urlTemplate\":\"https:\/\/www.noticiasradioreflejos.com.ar\/2021\/?s={search_term_string}\"},\"query-input\":{\"@type\":\"PropertyValueSpecification\",\"valueRequired\":true,\"valueName\":\"search_term_string\"}}],\"inLanguage\":\"es\"},{\"@type\":\"Person\",\"@id\":\"https:\/\/www.noticiasradioreflejos.com.ar\/2021\/#\/schema\/person\/ad82545263dcc5ec0996818884fd5fb1\",\"name\":\"Arnaldo Botto\",\"image\":{\"@type\":\"ImageObject\",\"inLanguage\":\"es\",\"@id\":\"https:\/\/www.noticiasradioreflejos.com.ar\/2021\/#\/schema\/person\/image\/\",\"url\":\"https:\/\/secure.gravatar.com\/avatar\/55cb5e37c1efa326397366e6974cb338056df65cb50e7d64d1cf314e87504837?s=96&d=mm&r=g\",\"contentUrl\":\"https:\/\/secure.gravatar.com\/avatar\/55cb5e37c1efa326397366e6974cb338056df65cb50e7d64d1cf314e87504837?s=96&d=mm&r=g\",\"caption\":\"Arnaldo Botto\"},\"url\":\"https:\/\/www.noticiasradioreflejos.com.ar\/2021\/author\/arnaldo\/\"}]}<\/script>\n<!-- \/ Yoast SEO plugin. -->","yoast_head_json":{"title":"Empieza el Mundial de v\u00f3ley: por qu\u00e9 es especial para la Argentina - Noticias Radio Reflejos","robots":{"index":"index","follow":"follow","max-snippet":"max-snippet:-1","max-image-preview":"max-image-preview:large","max-video-preview":"max-video-preview:-1"},"canonical":"https:\/\/www.noticiasradioreflejos.com.ar\/2021\/empieza-el-mundial-de-voley-por-que-es-especial-para-la-argentina\/","og_locale":"es_ES","og_type":"article","og_title":"Empieza el Mundial de v\u00f3ley: por qu\u00e9 es especial para la Argentina - Noticias Radio Reflejos","og_description":"Los dirigidos por Marcelo M\u00e9ndez debutan el s\u00e1bado frente a Ir\u00e1n, el rival m\u00e1s complejo del grupo F. \u00bfQui\u00e9nes son los candidatos al t\u00edtulo?","og_url":"https:\/\/www.noticiasradioreflejos.com.ar\/2021\/empieza-el-mundial-de-voley-por-que-es-especial-para-la-argentina\/","og_site_name":"Noticias Radio Reflejos","article_published_time":"2022-08-26T10:47:21+00:00","og_image":[{"url":"https:\/\/www.labrujula24.com\/wp-content\/uploads\/2022\/08\/de-cecco-bronce-olimpico-en___tYC1m_nL9_1256x620__2.webp","type":"","width":"","height":""}],"author":"Arnaldo Botto","twitter_card":"summary_large_image","schema":{"@context":"https:\/\/schema.org","@graph":[{"@type":"WebPage","@id":"https:\/\/www.noticiasradioreflejos.com.ar\/2021\/empieza-el-mundial-de-voley-por-que-es-especial-para-la-argentina\/","url":"https:\/\/www.noticiasradioreflejos.com.ar\/2021\/empieza-el-mundial-de-voley-por-que-es-especial-para-la-argentina\/","name":"Empieza el Mundial de v\u00f3ley: por qu\u00e9 es especial para la Argentina - Noticias Radio Reflejos","isPartOf":{"@id":"https:\/\/www.noticiasradioreflejos.com.ar\/2021\/#website"},"primaryImageOfPage":{"@id":"https:\/\/www.noticiasradioreflejos.com.ar\/2021\/empieza-el-mundial-de-voley-por-que-es-especial-para-la-argentina\/#primaryimage"},"image":{"@id":"https:\/\/www.noticiasradioreflejos.com.ar\/2021\/empieza-el-mundial-de-voley-por-que-es-especial-para-la-argentina\/#primaryimage"},"thumbnailUrl":"https:\/\/www.labrujula24.com\/wp-content\/uploads\/2022\/08\/de-cecco-bronce-olimpico-en___tYC1m_nL9_1256x620__2.webp","datePublished":"2022-08-26T10:47:21+00:00","author":{"@id":"https:\/\/www.noticiasradioreflejos.com.ar\/2021\/#\/schema\/person\/ad82545263dcc5ec0996818884fd5fb1"},"breadcrumb":{"@id":"https:\/\/www.noticiasradioreflejos.com.ar\/2021\/empieza-el-mundial-de-voley-por-que-es-especial-para-la-argentina\/#breadcrumb"},"inLanguage":"es","potentialAction":[{"@type":"ReadAction","target":["https:\/\/www.noticiasradioreflejos.com.ar\/2021\/empieza-el-mundial-de-voley-por-que-es-especial-para-la-argentina\/"]}]},{"@type":"ImageObject","inLanguage":"es","@id":"https:\/\/www.noticiasradioreflejos.com.ar\/2021\/empieza-el-mundial-de-voley-por-que-es-especial-para-la-argentina\/#primaryimage","url":"https:\/\/www.labrujula24.com\/wp-content\/uploads\/2022\/08\/de-cecco-bronce-olimpico-en___tYC1m_nL9_1256x620__2.webp","contentUrl":"https:\/\/www.labrujula24.com\/wp-content\/uploads\/2022\/08\/de-cecco-bronce-olimpico-en___tYC1m_nL9_1256x620__2.webp"},{"@type":"BreadcrumbList","@id":"https:\/\/www.noticiasradioreflejos.com.ar\/2021\/empieza-el-mundial-de-voley-por-que-es-especial-para-la-argentina\/#breadcrumb","itemListElement":[{"@type":"ListItem","position":1,"name":"Portada","item":"https:\/\/www.noticiasradioreflejos.com.ar\/2021\/"},{"@type":"ListItem","position":2,"name":"Empieza el Mundial de v\u00f3ley: por qu\u00e9 es especial para la Argentina"}]},{"@type":"WebSite","@id":"https:\/\/www.noticiasradioreflejos.com.ar\/2021\/#website","url":"https:\/\/www.noticiasradioreflejos.com.ar\/2021\/","name":"Noticias Radio Reflejos","description":"Las noticias de mi comarca","potentialAction":[{"@type":"SearchAction","target":{"@type":"EntryPoint","urlTemplate":"https:\/\/www.noticiasradioreflejos.com.ar\/2021\/?s={search_term_string}"},"query-input":{"@type":"PropertyValueSpecification","valueRequired":true,"valueName":"search_term_string"}}],"inLanguage":"es"},{"@type":"Person","@id":"https:\/\/www.noticiasradioreflejos.com.ar\/2021\/#\/schema\/person\/ad82545263dcc5ec0996818884fd5fb1","name":"Arnaldo Botto","image":{"@type":"ImageObject","inLanguage":"es","@id":"https:\/\/www.noticiasradioreflejos.com.ar\/2021\/#\/schema\/person\/image\/","url":"https:\/\/secure.gravatar.com\/avatar\/55cb5e37c1efa326397366e6974cb338056df65cb50e7d64d1cf314e87504837?s=96&d=mm&r=g","contentUrl":"https:\/\/secure.gravatar.com\/avatar\/55cb5e37c1efa326397366e6974cb338056df65cb50e7d64d1cf314e87504837?s=96&d=mm&r=g","caption":"Arnaldo Botto"},"url":"https:\/\/www.noticiasradioreflejos.com.ar\/2021\/author\/arnaldo\/"}]}},"_links":{"self":[{"href":"https:\/\/www.noticiasradioreflejos.com.ar\/2021\/wp-json\/wp\/v2\/posts\/76800","targetHints":{"allow":["GET"]}}],"collection":[{"href":"https:\/\/www.noticiasradioreflejos.com.ar\/2021\/wp-json\/wp\/v2\/posts"}],"about":[{"href":"https:\/\/www.noticiasradioreflejos.com.ar\/2021\/wp-json\/wp\/v2\/types\/post"}],"author":[{"embeddable":true,"href":"https:\/\/www.noticiasradioreflejos.com.ar\/2021\/wp-json\/wp\/v2\/users\/3"}],"replies":[{"embeddable":true,"href":"https:\/\/www.noticiasradioreflejos.com.ar\/2021\/wp-json\/wp\/v2\/comments?post=76800"}],"version-history":[{"count":1,"href":"https:\/\/www.noticiasradioreflejos.com.ar\/2021\/wp-json\/wp\/v2\/posts\/76800\/revisions"}],"predecessor-version":[{"id":76804,"href":"https:\/\/www.noticiasradioreflejos.com.ar\/2021\/wp-json\/wp\/v2\/posts\/76800\/revisions\/76804"}],"wp:attachment":[{"href":"https:\/\/www.noticiasradioreflejos.com.ar\/2021\/wp-json\/wp\/v2\/media?parent=76800"}],"wp:term":[{"taxonomy":"category","embeddable":true,"href":"https:\/\/www.noticiasradioreflejos.com.ar\/2021\/wp-json\/wp\/v2\/categories?post=76800"},{"taxonomy":"post_tag","embeddable":true,"href":"https:\/\/www.noticiasradioreflejos.com.ar\/2021\/wp-json\/wp\/v2\/tags?post=76800"}],"curies":[{"name":"wp","href":"https:\/\/api.w.org\/{rel}","templated":true}]}}