{"id":76797,"date":"2022-08-25T22:39:48","date_gmt":"2022-08-25T22:39:48","guid":{"rendered":"http:\/\/www.noticiasradioreflejos.com.ar\/2021\/?p=76797"},"modified":"2022-08-25T22:42:14","modified_gmt":"2022-08-25T22:42:14","slug":"opinion-quien-va-a-alimentar-a-nuestros-hijos-y-nietos-en-el-2050","status":"publish","type":"post","link":"https:\/\/www.noticiasradioreflejos.com.ar\/2021\/opinion-quien-va-a-alimentar-a-nuestros-hijos-y-nietos-en-el-2050\/","title":{"rendered":"Opini\u00f3n: Quien va a alimentar a nuestros hijos y nietos en el 2050.?"},"content":{"rendered":"<p>Pensar en el a\u00f1o 2050, constituye para la pol\u00edtica de nuestro pa\u00eds una ilusi\u00f3n futura: Aquello de \u00abArgentina a\u00f1o verde\u00bb \u00abPensemos lo que pasa ahora\u00bb \u00abNo tenemos tiempo de pensar algo tan lejano\u00bb etc. son respuestas comunes de quienes desean evadir una discusi\u00f3n ser\u00eda, pero lamentablemente lejos de perder el tiempo y en un mundo de veloces cambios, ser\u00eda lo correcto porque analizar el rumbo de nuestro mundo es repensar el posicionamiento de la Argentina para garantizar calidad de vida a las futuras generaciones.<\/p>\n<p><!--more--><br \/>\nCuando Sarmiento pens\u00f3 la escuela p\u00fablica junto a su ministro Nicol\u00e1s Avellaneda no se detuvieron solo en lo inmediato, proyectaron algo cuyo resultado ellos no iban a ver, pensaron un pa\u00eds para las generaciones venideras.<br \/>\nLa pregunta que se hace en el t\u00edtulo tiene como objetivo desarrollar un tema que el mundo tiene que resolver contra reloj y las soluciones est\u00e1n por estos lados del planeta.<br \/>\nLa desertificaci\u00f3n avanza en \u00c1frica meridional y subsahariana, d\u00f3nde del 30% del territorio productivo actual, para el a\u00f1o mencionado solo servir\u00e1 para producir alimentos el 15%; se duda que ante la creciente densidad poblacional pueda autoabastecerse.<br \/>\nEn Ocean\u00eda la desertificaci\u00f3n avanza tanto en Australia como en Nueva Guinea y Nueva Zelanda, d\u00f3nde se duda tambi\u00e9n que puedan autoabastecerse.<br \/>\nEl mismo problema afecta a Asia, fundamentalmente a los dos pa\u00edses m\u00e1s poblados, China e India.<br \/>\nSi bien el problema es mundial, por el efecto invernadero y el calentamiento global, en am\u00e9rica por ahora es m\u00e1s manejable, pero si no empezamos a desarrollar pol\u00edticas activas, el mundo entero se ver\u00e1 afectado por la falta de alimentos.<br \/>\nCuidar Am\u00e9rica no solo es responsabilidad de los americanos sino de todo el mundo, ya que la mayor cantidad de alimento saldr\u00e1 de nuestro continente.<br \/>\nImaginemos que para llegar al 70% m\u00e1s de alimentos, para el 2050 (datos seg\u00fan la FAO, de lo que se precisar\u00eda para alimentar al mundo) Argentina como m\u00ednimo tendr\u00eda que triplicar la exportaci\u00f3n de Carnes y Cereales.<br \/>\nEso significar\u00eda desplegar las fronteras agropecuaria y ganadera, poner zonas bajo riego para garantizar las cosechas, reformular todo el sistema log\u00edstico, desarrollar la industria Agrometal y preparar a la sociedad para este desaf\u00edo, desde lo educacional hasta intentar un proceso migratorio interno.<br \/>\nTambi\u00e9n significa darle valor agregado a nuestros productos, c\u00f3mo negociar con China a mediano plazo, ir reemplazando el poroto de soja activado por el balanceado para cerdos, d\u00f3nde nos obligar\u00eda a desarrollar fuertemente la producci\u00f3n de ma\u00edz.<br \/>\nPero si no queremos que la desertificaci\u00f3n avance aceleradamente, los pa\u00edses desarrollados benefactores de nuestra producci\u00f3n para alimentar a sus pueblos van a tener que invertir en el cuidado del medio ambiente Americano, eso significar\u00eda desde planes de forestaci\u00f3n tanto urbana como rural hasta toda pol\u00edtica activa que frene la desertificaci\u00f3n del continente que alimentara al mundo.<br \/>\nNuestra pol\u00edtica est\u00e1 preparada para afrontar ese futuro que se aproxima como si estuviese ya escrito?<br \/>\nSaben c\u00f3mo hacer una redistribuci\u00f3n de la riqueza para que se beneficie todo el pueblo?<br \/>\nTienen ideas para reformular el estado para este futuro?<br \/>\nEst\u00e1n pensando en juntarse con el resto de los pa\u00edses Americanos para establecer pol\u00edticas y negociaciones conjunta?<br \/>\nSi no interpelamos a todos aquellos que se postulan a ocupar cargos electivos y no exigimos que se preparen para afrontar esta situaci\u00f3n, corremos riesgo de producir alimentos para el mundo sin ning\u00fan control, benefici\u00e1ndose s\u00f3lo el 10% de la sociedad y el resto del pueblo muri\u00e9ndose de hambre y en 100 a\u00f1os la cat\u00e1strofe mundial ser\u00e1 irreversible.<\/p>\n<h5><strong>FABIO ABRAHAM <\/strong><br \/>\n<strong>Ex Secretario de Gobierno<\/strong><br \/>\n<strong>Concejal UCR (MC)<\/strong><br \/>\n<strong>Lomas de Zamora <\/strong><br \/>\n<strong>Bs As Argentina <\/strong><br \/>\n<strong>Fabioabraham@hotmail.com.ar<\/strong><\/h5>\n","protected":false},"excerpt":{"rendered":"<p>Pensar en el a\u00f1o 2050, constituye para la pol\u00edtica de nuestro pa\u00eds una ilusi\u00f3n futura: Aquello de \u00abArgentina a\u00f1o verde\u00bb \u00abPensemos lo que pasa ahora\u00bb \u00abNo tenemos tiempo de pensar algo tan lejano\u00bb etc. son respuestas comunes de quienes desean evadir una discusi\u00f3n ser\u00eda, pero lamentablemente lejos de perder el tiempo y en un mundo [&hellip;]<\/p>\n","protected":false},"author":3,"featured_media":0,"comment_status":"closed","ping_status":"closed","sticky":false,"template":"","format":"standard","meta":{"footnotes":""},"categories":[24],"tags":[],"class_list":["post-76797","post","type-post","status-publish","format-standard","hentry","category-politica"],"yoast_head":"<!-- This site is optimized with the Yoast SEO plugin v25.9 - https:\/\/yoast.com\/wordpress\/plugins\/seo\/ -->\n<title>Opini\u00f3n: Quien va a alimentar a nuestros hijos y nietos en el 2050.? - Noticias Radio Reflejos<\/title>\n<meta name=\"robots\" content=\"index, follow, max-snippet:-1, max-image-preview:large, max-video-preview:-1\" \/>\n<link rel=\"canonical\" href=\"https:\/\/www.noticiasradioreflejos.com.ar\/2021\/opinion-quien-va-a-alimentar-a-nuestros-hijos-y-nietos-en-el-2050\/\" \/>\n<meta property=\"og:locale\" content=\"es_ES\" \/>\n<meta property=\"og:type\" content=\"article\" \/>\n<meta property=\"og:title\" content=\"Opini\u00f3n: Quien va a alimentar a nuestros hijos y nietos en el 2050.? - Noticias Radio Reflejos\" \/>\n<meta property=\"og:description\" content=\"Pensar en el a\u00f1o 2050, constituye para la pol\u00edtica de nuestro pa\u00eds una ilusi\u00f3n futura: Aquello de \u00abArgentina a\u00f1o verde\u00bb \u00abPensemos lo que pasa ahora\u00bb \u00abNo tenemos tiempo de pensar algo tan lejano\u00bb etc. son respuestas comunes de quienes desean evadir una discusi\u00f3n ser\u00eda, pero lamentablemente lejos de perder el tiempo y en un mundo [&hellip;]\" \/>\n<meta property=\"og:url\" content=\"https:\/\/www.noticiasradioreflejos.com.ar\/2021\/opinion-quien-va-a-alimentar-a-nuestros-hijos-y-nietos-en-el-2050\/\" \/>\n<meta property=\"og:site_name\" content=\"Noticias Radio Reflejos\" \/>\n<meta property=\"article:published_time\" content=\"2022-08-25T22:39:48+00:00\" \/>\n<meta property=\"article:modified_time\" content=\"2022-08-25T22:42:14+00:00\" \/>\n<meta property=\"og:image\" content=\"https:\/\/www.noticiasradioreflejos.com.ar\/2021\/wp-content\/uploads\/2018\/04\/carta_lector_1.jpg\" \/>\n\t<meta property=\"og:image:width\" content=\"935\" \/>\n\t<meta property=\"og:image:height\" content=\"595\" \/>\n\t<meta property=\"og:image:type\" content=\"image\/jpeg\" \/>\n<meta name=\"author\" content=\"Arnaldo Botto\" \/>\n<meta name=\"twitter:card\" content=\"summary_large_image\" \/>\n<script type=\"application\/ld+json\" class=\"yoast-schema-graph\">{\"@context\":\"https:\/\/schema.org\",\"@graph\":[{\"@type\":\"WebPage\",\"@id\":\"https:\/\/www.noticiasradioreflejos.com.ar\/2021\/opinion-quien-va-a-alimentar-a-nuestros-hijos-y-nietos-en-el-2050\/\",\"url\":\"https:\/\/www.noticiasradioreflejos.com.ar\/2021\/opinion-quien-va-a-alimentar-a-nuestros-hijos-y-nietos-en-el-2050\/\",\"name\":\"Opini\u00f3n: Quien va a alimentar a nuestros hijos y nietos en el 2050.? - Noticias Radio Reflejos\",\"isPartOf\":{\"@id\":\"https:\/\/www.noticiasradioreflejos.com.ar\/2021\/#website\"},\"datePublished\":\"2022-08-25T22:39:48+00:00\",\"dateModified\":\"2022-08-25T22:42:14+00:00\",\"author\":{\"@id\":\"https:\/\/www.noticiasradioreflejos.com.ar\/2021\/#\/schema\/person\/ad82545263dcc5ec0996818884fd5fb1\"},\"breadcrumb\":{\"@id\":\"https:\/\/www.noticiasradioreflejos.com.ar\/2021\/opinion-quien-va-a-alimentar-a-nuestros-hijos-y-nietos-en-el-2050\/#breadcrumb\"},\"inLanguage\":\"es\",\"potentialAction\":[{\"@type\":\"ReadAction\",\"target\":[\"https:\/\/www.noticiasradioreflejos.com.ar\/2021\/opinion-quien-va-a-alimentar-a-nuestros-hijos-y-nietos-en-el-2050\/\"]}]},{\"@type\":\"BreadcrumbList\",\"@id\":\"https:\/\/www.noticiasradioreflejos.com.ar\/2021\/opinion-quien-va-a-alimentar-a-nuestros-hijos-y-nietos-en-el-2050\/#breadcrumb\",\"itemListElement\":[{\"@type\":\"ListItem\",\"position\":1,\"name\":\"Portada\",\"item\":\"https:\/\/www.noticiasradioreflejos.com.ar\/2021\/\"},{\"@type\":\"ListItem\",\"position\":2,\"name\":\"Opini\u00f3n: Quien va a alimentar a nuestros hijos y nietos en el 2050.?\"}]},{\"@type\":\"WebSite\",\"@id\":\"https:\/\/www.noticiasradioreflejos.com.ar\/2021\/#website\",\"url\":\"https:\/\/www.noticiasradioreflejos.com.ar\/2021\/\",\"name\":\"Noticias Radio Reflejos\",\"description\":\"Las noticias de mi comarca\",\"potentialAction\":[{\"@type\":\"SearchAction\",\"target\":{\"@type\":\"EntryPoint\",\"urlTemplate\":\"https:\/\/www.noticiasradioreflejos.com.ar\/2021\/?s={search_term_string}\"},\"query-input\":{\"@type\":\"PropertyValueSpecification\",\"valueRequired\":true,\"valueName\":\"search_term_string\"}}],\"inLanguage\":\"es\"},{\"@type\":\"Person\",\"@id\":\"https:\/\/www.noticiasradioreflejos.com.ar\/2021\/#\/schema\/person\/ad82545263dcc5ec0996818884fd5fb1\",\"name\":\"Arnaldo Botto\",\"image\":{\"@type\":\"ImageObject\",\"inLanguage\":\"es\",\"@id\":\"https:\/\/www.noticiasradioreflejos.com.ar\/2021\/#\/schema\/person\/image\/\",\"url\":\"https:\/\/secure.gravatar.com\/avatar\/55cb5e37c1efa326397366e6974cb338056df65cb50e7d64d1cf314e87504837?s=96&d=mm&r=g\",\"contentUrl\":\"https:\/\/secure.gravatar.com\/avatar\/55cb5e37c1efa326397366e6974cb338056df65cb50e7d64d1cf314e87504837?s=96&d=mm&r=g\",\"caption\":\"Arnaldo Botto\"},\"url\":\"https:\/\/www.noticiasradioreflejos.com.ar\/2021\/author\/arnaldo\/\"}]}<\/script>\n<!-- \/ Yoast SEO plugin. -->","yoast_head_json":{"title":"Opini\u00f3n: Quien va a alimentar a nuestros hijos y nietos en el 2050.? - Noticias Radio Reflejos","robots":{"index":"index","follow":"follow","max-snippet":"max-snippet:-1","max-image-preview":"max-image-preview:large","max-video-preview":"max-video-preview:-1"},"canonical":"https:\/\/www.noticiasradioreflejos.com.ar\/2021\/opinion-quien-va-a-alimentar-a-nuestros-hijos-y-nietos-en-el-2050\/","og_locale":"es_ES","og_type":"article","og_title":"Opini\u00f3n: Quien va a alimentar a nuestros hijos y nietos en el 2050.? - Noticias Radio Reflejos","og_description":"Pensar en el a\u00f1o 2050, constituye para la pol\u00edtica de nuestro pa\u00eds una ilusi\u00f3n futura: Aquello de \u00abArgentina a\u00f1o verde\u00bb \u00abPensemos lo que pasa ahora\u00bb \u00abNo tenemos tiempo de pensar algo tan lejano\u00bb etc. son respuestas comunes de quienes desean evadir una discusi\u00f3n ser\u00eda, pero lamentablemente lejos de perder el tiempo y en un mundo [&hellip;]","og_url":"https:\/\/www.noticiasradioreflejos.com.ar\/2021\/opinion-quien-va-a-alimentar-a-nuestros-hijos-y-nietos-en-el-2050\/","og_site_name":"Noticias Radio Reflejos","article_published_time":"2022-08-25T22:39:48+00:00","article_modified_time":"2022-08-25T22:42:14+00:00","og_image":[{"width":935,"height":595,"url":"https:\/\/www.noticiasradioreflejos.com.ar\/2021\/wp-content\/uploads\/2018\/04\/carta_lector_1.jpg","type":"image\/jpeg"}],"author":"Arnaldo Botto","twitter_card":"summary_large_image","schema":{"@context":"https:\/\/schema.org","@graph":[{"@type":"WebPage","@id":"https:\/\/www.noticiasradioreflejos.com.ar\/2021\/opinion-quien-va-a-alimentar-a-nuestros-hijos-y-nietos-en-el-2050\/","url":"https:\/\/www.noticiasradioreflejos.com.ar\/2021\/opinion-quien-va-a-alimentar-a-nuestros-hijos-y-nietos-en-el-2050\/","name":"Opini\u00f3n: Quien va a alimentar a nuestros hijos y nietos en el 2050.? - Noticias Radio Reflejos","isPartOf":{"@id":"https:\/\/www.noticiasradioreflejos.com.ar\/2021\/#website"},"datePublished":"2022-08-25T22:39:48+00:00","dateModified":"2022-08-25T22:42:14+00:00","author":{"@id":"https:\/\/www.noticiasradioreflejos.com.ar\/2021\/#\/schema\/person\/ad82545263dcc5ec0996818884fd5fb1"},"breadcrumb":{"@id":"https:\/\/www.noticiasradioreflejos.com.ar\/2021\/opinion-quien-va-a-alimentar-a-nuestros-hijos-y-nietos-en-el-2050\/#breadcrumb"},"inLanguage":"es","potentialAction":[{"@type":"ReadAction","target":["https:\/\/www.noticiasradioreflejos.com.ar\/2021\/opinion-quien-va-a-alimentar-a-nuestros-hijos-y-nietos-en-el-2050\/"]}]},{"@type":"BreadcrumbList","@id":"https:\/\/www.noticiasradioreflejos.com.ar\/2021\/opinion-quien-va-a-alimentar-a-nuestros-hijos-y-nietos-en-el-2050\/#breadcrumb","itemListElement":[{"@type":"ListItem","position":1,"name":"Portada","item":"https:\/\/www.noticiasradioreflejos.com.ar\/2021\/"},{"@type":"ListItem","position":2,"name":"Opini\u00f3n: Quien va a alimentar a nuestros hijos y nietos en el 2050.?"}]},{"@type":"WebSite","@id":"https:\/\/www.noticiasradioreflejos.com.ar\/2021\/#website","url":"https:\/\/www.noticiasradioreflejos.com.ar\/2021\/","name":"Noticias Radio Reflejos","description":"Las noticias de mi comarca","potentialAction":[{"@type":"SearchAction","target":{"@type":"EntryPoint","urlTemplate":"https:\/\/www.noticiasradioreflejos.com.ar\/2021\/?s={search_term_string}"},"query-input":{"@type":"PropertyValueSpecification","valueRequired":true,"valueName":"search_term_string"}}],"inLanguage":"es"},{"@type":"Person","@id":"https:\/\/www.noticiasradioreflejos.com.ar\/2021\/#\/schema\/person\/ad82545263dcc5ec0996818884fd5fb1","name":"Arnaldo Botto","image":{"@type":"ImageObject","inLanguage":"es","@id":"https:\/\/www.noticiasradioreflejos.com.ar\/2021\/#\/schema\/person\/image\/","url":"https:\/\/secure.gravatar.com\/avatar\/55cb5e37c1efa326397366e6974cb338056df65cb50e7d64d1cf314e87504837?s=96&d=mm&r=g","contentUrl":"https:\/\/secure.gravatar.com\/avatar\/55cb5e37c1efa326397366e6974cb338056df65cb50e7d64d1cf314e87504837?s=96&d=mm&r=g","caption":"Arnaldo Botto"},"url":"https:\/\/www.noticiasradioreflejos.com.ar\/2021\/author\/arnaldo\/"}]}},"_links":{"self":[{"href":"https:\/\/www.noticiasradioreflejos.com.ar\/2021\/wp-json\/wp\/v2\/posts\/76797","targetHints":{"allow":["GET"]}}],"collection":[{"href":"https:\/\/www.noticiasradioreflejos.com.ar\/2021\/wp-json\/wp\/v2\/posts"}],"about":[{"href":"https:\/\/www.noticiasradioreflejos.com.ar\/2021\/wp-json\/wp\/v2\/types\/post"}],"author":[{"embeddable":true,"href":"https:\/\/www.noticiasradioreflejos.com.ar\/2021\/wp-json\/wp\/v2\/users\/3"}],"replies":[{"embeddable":true,"href":"https:\/\/www.noticiasradioreflejos.com.ar\/2021\/wp-json\/wp\/v2\/comments?post=76797"}],"version-history":[{"count":2,"href":"https:\/\/www.noticiasradioreflejos.com.ar\/2021\/wp-json\/wp\/v2\/posts\/76797\/revisions"}],"predecessor-version":[{"id":76799,"href":"https:\/\/www.noticiasradioreflejos.com.ar\/2021\/wp-json\/wp\/v2\/posts\/76797\/revisions\/76799"}],"wp:attachment":[{"href":"https:\/\/www.noticiasradioreflejos.com.ar\/2021\/wp-json\/wp\/v2\/media?parent=76797"}],"wp:term":[{"taxonomy":"category","embeddable":true,"href":"https:\/\/www.noticiasradioreflejos.com.ar\/2021\/wp-json\/wp\/v2\/categories?post=76797"},{"taxonomy":"post_tag","embeddable":true,"href":"https:\/\/www.noticiasradioreflejos.com.ar\/2021\/wp-json\/wp\/v2\/tags?post=76797"}],"curies":[{"name":"wp","href":"https:\/\/api.w.org\/{rel}","templated":true}]}}