{"id":76794,"date":"2022-08-25T22:35:42","date_gmt":"2022-08-25T22:35:42","guid":{"rendered":"http:\/\/www.noticiasradioreflejos.com.ar\/2021\/?p=76794"},"modified":"2022-08-25T22:35:42","modified_gmt":"2022-08-25T22:35:42","slug":"hallaron-el-primer-enterramiento-de-una-mujer-mapuche-en-una-canoa-con-900-anos-de-antiguedad","status":"publish","type":"post","link":"https:\/\/www.noticiasradioreflejos.com.ar\/2021\/hallaron-el-primer-enterramiento-de-una-mujer-mapuche-en-una-canoa-con-900-anos-de-antiguedad\/","title":{"rendered":"Hallaron el primer enterramiento de una mujer mapuche en una canoa, con 900 a\u00f1os de antig\u00fcedad"},"content":{"rendered":"<p>Tras 10 a\u00f1os de investigaciones desde que los restos fueron hallados en la ciudad neuquina de San Mart\u00edn de los Andes, un equipo de cient\u00edficos dirigido por Alberto E. P\u00e9rez, revelaron que la mujer fue inhumada en una embarcaci\u00f3n llamada \u00abwampo\u00bb.<!--more--><\/p>\n<figure class=\"mb-3\"><img decoding=\"async\" src=\"https:\/\/www.telam.com.ar\/thumbs\/bluesteel\/advf\/imagenes\/2022\/08\/6307eaf12bf46.pone.0272833.g002_900.jpg\" alt=\"Foto journalsplosorg\" width=\"100%\" height=\"100%\" \/><\/p>\n<div class=\"media-icons\"><\/div><figcaption>Foto: journals.plos.org<\/figcaption><\/figure>\n<p>(T\u00e9lam) El enterramiento m\u00e1s antiguo en la Patagonia de una mujer mapuche en una canoa, con una antig\u00fcedad de 900 a\u00f1os, se conoci\u00f3 este jueves a trav\u00e9s de una <a href=\"https:\/\/journals.plos.org\/plosone\/article?id=10.1371\/journal.pone.0272833\" target=\"_blank\" rel=\"noopener\">publicaci\u00f3n de la revista cient\u00edfica Plos One<\/a>, tras 10 a\u00f1os de investigaciones desde que los restos fueron hallados en la ciudad neuquina de San Mart\u00edn de los Andes.<\/p>\n<p>El equipo de investigaci\u00f3n fue dirigido por Alberto E. P\u00e9rez del departamento de Antropolog\u00eda de la Universidad Cat\u00f3lica de Temuco, Chile, con la participaci\u00f3n de profesionales de la Universidad de R\u00edo Negro, de la Universidad Nacional del Comahue y del Equipo Chileno de Antropolog\u00eda Forense y Derechos Humanos.<\/p>\n<p><strong>Las excavaciones se realizaron entre 2012 y 2015 en un sitio arqueol\u00f3gico denominado \u201cNewen Antug\u201d<\/strong>, ubicado en las afueras de San Mart\u00edn de los Andes.<\/p>\n<p>La investigaci\u00f3n publicada revela que \u201cla mujer fue inhumada en una embarcaci\u00f3n llamada \u00abwampo\u00bb con una jarra a la altura de la cabeza. Otros dos sujetos fueron hallados en tumbas cercanas durante las excavaciones entre 2012 y 2015, pero solo ella ten\u00eda una canoa como lecho\u201d.<\/p>\n<p>El hallazgo es considerado como\u00a0<strong>\u201cel enterramiento en canoa m\u00e1s antiguo de toda la zona austral del continente americano\u201d.<\/strong><\/p>\n<p>El informe precisa que \u201cen el cono sur de las Am\u00e9ricas, espec\u00edficamente en el Noroeste de la Patagonia (Argentina) y La Araucan\u00eda (Chile), los registros hist\u00f3ricos, etnogr\u00e1ficos y arqueol\u00f3gicos mencionan tres modalidades de enterramiento terrestre. Describen que la canoa-ata\u00fad se coloca en \u00e1rboles o se cuelga de postes, mientras que algunas se cubren con tierra para crear t\u00famulos\u201d.<\/p>\n<figure class=\"mb-3\"><img decoding=\"async\" src=\"https:\/\/www.telam.com.ar\/thumbs\/bluesteel\/advf\/imagenes\/2022\/08\/6307eaf1108a4.pone.0272833.g005_900.jpg\" alt=\"Foto journalsplosorg\" width=\"100%\" height=\"100%\" \/><\/p>\n<div class=\"media-icons\"><\/div><figcaption>Foto: journals.plos.org<\/figcaption><\/figure>\n<p><strong>Los investigadores rescataron \u201cuna jarra grande junto a su cabeza, aunque gran parte de la canoa (o wampo) alrededor del cuerpo se hab\u00eda podrido, a\u00fan quedaban cerca de 600 fragmentos de madera\u201d.<\/strong><\/p>\n<p>La docente e investigadora del Asentamiento Universitario de San Mart\u00edn de los Andes, de la Universidad Nacional del Comahue (UNCo), Andrea Medina fue convocada por el director del equipo de trabajo para analizar los restos de madera hallados junto a los restos humanos.<\/p>\n<p>En di\u00e1logo con T\u00e9lam, Medina explic\u00f3 que \u201ces docente de la materia denominada Dendrolog\u00eda que es la ciencia y el estudio de las plantas arboladas. como si fuera una bot\u00e1nica forestal\u201d.<\/p>\n<p>\u201cCuando Alberto P\u00e9rez encuentra el cuerpo de una mujer en una pieza de madera que parec\u00eda haber sido trabajada y ahuecada con el uso del fuego, me trae una muestra que estaba en un proceso de descomposici\u00f3n porque las dataciones del hallazgo daban en 880 m\u00e1s-menos a\u00f1os\u201d, indic\u00f3.<\/p>\n<p>Medina precis\u00f3 que \u201cde igual modo se pudo determinar mirando la muestra con el microscopio \u00f3ptico con una l\u00e1mpara con intensa emisi\u00f3n de luz sobre la superficie\u201d.<\/p>\n<p>De esta manera indic\u00f3 que \u201cpudo establecer que pertenec\u00eda a la especie Austroceudrus chilensis o conocido como el cipr\u00e9s de la cordillera que era esperable porque es la m\u00e1s frecuente de ac\u00e1 de la zona\u201d.<\/p>\n<p>La docente indic\u00f3 que \u201cese fue mi aporte a la investigaci\u00f3n\u201d y destac\u00f3 que \u201ccomo muchos docentes trabajamos en muchas l\u00edneas de investigaci\u00f3n y una de ellas es la determinaci\u00f3n de maderas para lo que contamos con una xiloteca (colecci\u00f3n). Coleccionamos material microsc\u00f3pico y macrosc\u00f3pico de muchas especies arb\u00f3reas de la zona y del pa\u00eds y una de las l\u00edneas de trabajo es la utilizaci\u00f3n del material como de referencia\u201d.<\/p>\n<p><strong>La xiloteca se encuentra en el mismo asentamiento universitario y es de libre acceso al p\u00fablico.<\/strong><\/p>\n<figure class=\"mb-3\"><img decoding=\"async\" src=\"https:\/\/www.telam.com.ar\/thumbs\/bluesteel\/advf\/imagenes\/2022\/08\/6307eaf14a5f5_900.jpg\" alt=\"La xiloteca es de libre acceso al pblico Foto Gentileza Andrea Medina\" width=\"100%\" height=\"100%\" \/><\/p>\n<div class=\"media-icons\"><\/div><figcaption>La xiloteca es de libre acceso al p\u00fablico \/ Foto: Gentileza Andrea Medina.<\/figcaption><\/figure>\n<p>El informe publicado en la revista Plos One, especifica que \u201cesta es la primera evidencia de un entierro en canoa en Argentina que seg\u00fan los cient\u00edficos \u201csimboliza el viaje que realiza el difunto hasta su \u00faltimo lugar de descanso\u201d.<\/p>\n<p>Tambi\u00e9n \u201cel uso de recipientes funerarios de madera trabajada, tipificados como \u2018canoas\u2019 (Mapudungun wampo), est\u00e1 bien establecido en el repertorio arqueol\u00f3gico de la cultura mapuche. Este m\u00e9todo de enterramiento data de 1280 \u00b1 80 dC. En el siglo XIX y principios del XX era el procedimiento predominante para el entierro indirecto, incluidos los registros de la vertiente este de los Andes. Las referencias persisten en la memoria oral de las comunidades etnogr\u00e1ficas\u201d.<\/p>\n<p>El wampo, tambi\u00e9n llamado trolof en mapudungun, \u201cest\u00e1 hecho de un tronco de \u00e1rbol, generalmente roble o pell\u00edn (Nothofagus obliqua), partido en dos y ahuecado en dos formando dos secciones de ata\u00fad; uno conten\u00eda el cad\u00e1ver y el otro serv\u00eda de tapa\u201d.<\/p>\n","protected":false},"excerpt":{"rendered":"<p>Tras 10 a\u00f1os de investigaciones desde que los restos fueron hallados en la ciudad neuquina de San Mart\u00edn de los Andes, un equipo de cient\u00edficos dirigido por Alberto E. P\u00e9rez, revelaron que la mujer fue inhumada en una embarcaci\u00f3n llamada \u00abwampo\u00bb.<\/p>\n","protected":false},"author":3,"featured_media":0,"comment_status":"closed","ping_status":"closed","sticky":false,"template":"","format":"standard","meta":{"footnotes":""},"categories":[46],"tags":[],"class_list":["post-76794","post","type-post","status-publish","format-standard","hentry","category-ciencia-y-tecnologia"],"yoast_head":"<!-- This site is optimized with the Yoast SEO plugin v25.9 - https:\/\/yoast.com\/wordpress\/plugins\/seo\/ -->\n<title>Hallaron el primer enterramiento de una mujer mapuche en una canoa, con 900 a\u00f1os de antig\u00fcedad - Noticias Radio Reflejos<\/title>\n<meta name=\"robots\" content=\"index, follow, max-snippet:-1, max-image-preview:large, max-video-preview:-1\" \/>\n<link rel=\"canonical\" href=\"https:\/\/www.noticiasradioreflejos.com.ar\/2021\/hallaron-el-primer-enterramiento-de-una-mujer-mapuche-en-una-canoa-con-900-anos-de-antiguedad\/\" \/>\n<meta property=\"og:locale\" content=\"es_ES\" \/>\n<meta property=\"og:type\" content=\"article\" \/>\n<meta property=\"og:title\" content=\"Hallaron el primer enterramiento de una mujer mapuche en una canoa, con 900 a\u00f1os de antig\u00fcedad - Noticias Radio Reflejos\" \/>\n<meta property=\"og:description\" content=\"Tras 10 a\u00f1os de investigaciones desde que los restos fueron hallados en la ciudad neuquina de San Mart\u00edn de los Andes, un equipo de cient\u00edficos dirigido por Alberto E. P\u00e9rez, revelaron que la mujer fue inhumada en una embarcaci\u00f3n llamada \u00abwampo\u00bb.\" \/>\n<meta property=\"og:url\" content=\"https:\/\/www.noticiasradioreflejos.com.ar\/2021\/hallaron-el-primer-enterramiento-de-una-mujer-mapuche-en-una-canoa-con-900-anos-de-antiguedad\/\" \/>\n<meta property=\"og:site_name\" content=\"Noticias Radio Reflejos\" \/>\n<meta property=\"article:published_time\" content=\"2022-08-25T22:35:42+00:00\" \/>\n<meta property=\"og:image\" content=\"https:\/\/www.telam.com.ar\/thumbs\/bluesteel\/advf\/imagenes\/2022\/08\/6307eaf12bf46.pone.0272833.g002_900.jpg\" \/>\n<meta name=\"author\" content=\"Arnaldo Botto\" \/>\n<meta name=\"twitter:card\" content=\"summary_large_image\" \/>\n<script type=\"application\/ld+json\" class=\"yoast-schema-graph\">{\"@context\":\"https:\/\/schema.org\",\"@graph\":[{\"@type\":\"WebPage\",\"@id\":\"https:\/\/www.noticiasradioreflejos.com.ar\/2021\/hallaron-el-primer-enterramiento-de-una-mujer-mapuche-en-una-canoa-con-900-anos-de-antiguedad\/\",\"url\":\"https:\/\/www.noticiasradioreflejos.com.ar\/2021\/hallaron-el-primer-enterramiento-de-una-mujer-mapuche-en-una-canoa-con-900-anos-de-antiguedad\/\",\"name\":\"Hallaron el primer enterramiento de una mujer mapuche en una canoa, con 900 a\u00f1os de antig\u00fcedad - Noticias Radio Reflejos\",\"isPartOf\":{\"@id\":\"https:\/\/www.noticiasradioreflejos.com.ar\/2021\/#website\"},\"primaryImageOfPage\":{\"@id\":\"https:\/\/www.noticiasradioreflejos.com.ar\/2021\/hallaron-el-primer-enterramiento-de-una-mujer-mapuche-en-una-canoa-con-900-anos-de-antiguedad\/#primaryimage\"},\"image\":{\"@id\":\"https:\/\/www.noticiasradioreflejos.com.ar\/2021\/hallaron-el-primer-enterramiento-de-una-mujer-mapuche-en-una-canoa-con-900-anos-de-antiguedad\/#primaryimage\"},\"thumbnailUrl\":\"https:\/\/www.telam.com.ar\/thumbs\/bluesteel\/advf\/imagenes\/2022\/08\/6307eaf12bf46.pone.0272833.g002_900.jpg\",\"datePublished\":\"2022-08-25T22:35:42+00:00\",\"author\":{\"@id\":\"https:\/\/www.noticiasradioreflejos.com.ar\/2021\/#\/schema\/person\/ad82545263dcc5ec0996818884fd5fb1\"},\"breadcrumb\":{\"@id\":\"https:\/\/www.noticiasradioreflejos.com.ar\/2021\/hallaron-el-primer-enterramiento-de-una-mujer-mapuche-en-una-canoa-con-900-anos-de-antiguedad\/#breadcrumb\"},\"inLanguage\":\"es\",\"potentialAction\":[{\"@type\":\"ReadAction\",\"target\":[\"https:\/\/www.noticiasradioreflejos.com.ar\/2021\/hallaron-el-primer-enterramiento-de-una-mujer-mapuche-en-una-canoa-con-900-anos-de-antiguedad\/\"]}]},{\"@type\":\"ImageObject\",\"inLanguage\":\"es\",\"@id\":\"https:\/\/www.noticiasradioreflejos.com.ar\/2021\/hallaron-el-primer-enterramiento-de-una-mujer-mapuche-en-una-canoa-con-900-anos-de-antiguedad\/#primaryimage\",\"url\":\"https:\/\/www.telam.com.ar\/thumbs\/bluesteel\/advf\/imagenes\/2022\/08\/6307eaf12bf46.pone.0272833.g002_900.jpg\",\"contentUrl\":\"https:\/\/www.telam.com.ar\/thumbs\/bluesteel\/advf\/imagenes\/2022\/08\/6307eaf12bf46.pone.0272833.g002_900.jpg\"},{\"@type\":\"BreadcrumbList\",\"@id\":\"https:\/\/www.noticiasradioreflejos.com.ar\/2021\/hallaron-el-primer-enterramiento-de-una-mujer-mapuche-en-una-canoa-con-900-anos-de-antiguedad\/#breadcrumb\",\"itemListElement\":[{\"@type\":\"ListItem\",\"position\":1,\"name\":\"Portada\",\"item\":\"https:\/\/www.noticiasradioreflejos.com.ar\/2021\/\"},{\"@type\":\"ListItem\",\"position\":2,\"name\":\"Hallaron el primer enterramiento de una mujer mapuche en una canoa, con 900 a\u00f1os de antig\u00fcedad\"}]},{\"@type\":\"WebSite\",\"@id\":\"https:\/\/www.noticiasradioreflejos.com.ar\/2021\/#website\",\"url\":\"https:\/\/www.noticiasradioreflejos.com.ar\/2021\/\",\"name\":\"Noticias Radio Reflejos\",\"description\":\"Las noticias de mi comarca\",\"potentialAction\":[{\"@type\":\"SearchAction\",\"target\":{\"@type\":\"EntryPoint\",\"urlTemplate\":\"https:\/\/www.noticiasradioreflejos.com.ar\/2021\/?s={search_term_string}\"},\"query-input\":{\"@type\":\"PropertyValueSpecification\",\"valueRequired\":true,\"valueName\":\"search_term_string\"}}],\"inLanguage\":\"es\"},{\"@type\":\"Person\",\"@id\":\"https:\/\/www.noticiasradioreflejos.com.ar\/2021\/#\/schema\/person\/ad82545263dcc5ec0996818884fd5fb1\",\"name\":\"Arnaldo Botto\",\"image\":{\"@type\":\"ImageObject\",\"inLanguage\":\"es\",\"@id\":\"https:\/\/www.noticiasradioreflejos.com.ar\/2021\/#\/schema\/person\/image\/\",\"url\":\"https:\/\/secure.gravatar.com\/avatar\/55cb5e37c1efa326397366e6974cb338056df65cb50e7d64d1cf314e87504837?s=96&d=mm&r=g\",\"contentUrl\":\"https:\/\/secure.gravatar.com\/avatar\/55cb5e37c1efa326397366e6974cb338056df65cb50e7d64d1cf314e87504837?s=96&d=mm&r=g\",\"caption\":\"Arnaldo Botto\"},\"url\":\"https:\/\/www.noticiasradioreflejos.com.ar\/2021\/author\/arnaldo\/\"}]}<\/script>\n<!-- \/ Yoast SEO plugin. -->","yoast_head_json":{"title":"Hallaron el primer enterramiento de una mujer mapuche en una canoa, con 900 a\u00f1os de antig\u00fcedad - Noticias Radio Reflejos","robots":{"index":"index","follow":"follow","max-snippet":"max-snippet:-1","max-image-preview":"max-image-preview:large","max-video-preview":"max-video-preview:-1"},"canonical":"https:\/\/www.noticiasradioreflejos.com.ar\/2021\/hallaron-el-primer-enterramiento-de-una-mujer-mapuche-en-una-canoa-con-900-anos-de-antiguedad\/","og_locale":"es_ES","og_type":"article","og_title":"Hallaron el primer enterramiento de una mujer mapuche en una canoa, con 900 a\u00f1os de antig\u00fcedad - Noticias Radio Reflejos","og_description":"Tras 10 a\u00f1os de investigaciones desde que los restos fueron hallados en la ciudad neuquina de San Mart\u00edn de los Andes, un equipo de cient\u00edficos dirigido por Alberto E. P\u00e9rez, revelaron que la mujer fue inhumada en una embarcaci\u00f3n llamada \u00abwampo\u00bb.","og_url":"https:\/\/www.noticiasradioreflejos.com.ar\/2021\/hallaron-el-primer-enterramiento-de-una-mujer-mapuche-en-una-canoa-con-900-anos-de-antiguedad\/","og_site_name":"Noticias Radio Reflejos","article_published_time":"2022-08-25T22:35:42+00:00","og_image":[{"url":"https:\/\/www.telam.com.ar\/thumbs\/bluesteel\/advf\/imagenes\/2022\/08\/6307eaf12bf46.pone.0272833.g002_900.jpg","type":"","width":"","height":""}],"author":"Arnaldo Botto","twitter_card":"summary_large_image","schema":{"@context":"https:\/\/schema.org","@graph":[{"@type":"WebPage","@id":"https:\/\/www.noticiasradioreflejos.com.ar\/2021\/hallaron-el-primer-enterramiento-de-una-mujer-mapuche-en-una-canoa-con-900-anos-de-antiguedad\/","url":"https:\/\/www.noticiasradioreflejos.com.ar\/2021\/hallaron-el-primer-enterramiento-de-una-mujer-mapuche-en-una-canoa-con-900-anos-de-antiguedad\/","name":"Hallaron el primer enterramiento de una mujer mapuche en una canoa, con 900 a\u00f1os de antig\u00fcedad - Noticias Radio Reflejos","isPartOf":{"@id":"https:\/\/www.noticiasradioreflejos.com.ar\/2021\/#website"},"primaryImageOfPage":{"@id":"https:\/\/www.noticiasradioreflejos.com.ar\/2021\/hallaron-el-primer-enterramiento-de-una-mujer-mapuche-en-una-canoa-con-900-anos-de-antiguedad\/#primaryimage"},"image":{"@id":"https:\/\/www.noticiasradioreflejos.com.ar\/2021\/hallaron-el-primer-enterramiento-de-una-mujer-mapuche-en-una-canoa-con-900-anos-de-antiguedad\/#primaryimage"},"thumbnailUrl":"https:\/\/www.telam.com.ar\/thumbs\/bluesteel\/advf\/imagenes\/2022\/08\/6307eaf12bf46.pone.0272833.g002_900.jpg","datePublished":"2022-08-25T22:35:42+00:00","author":{"@id":"https:\/\/www.noticiasradioreflejos.com.ar\/2021\/#\/schema\/person\/ad82545263dcc5ec0996818884fd5fb1"},"breadcrumb":{"@id":"https:\/\/www.noticiasradioreflejos.com.ar\/2021\/hallaron-el-primer-enterramiento-de-una-mujer-mapuche-en-una-canoa-con-900-anos-de-antiguedad\/#breadcrumb"},"inLanguage":"es","potentialAction":[{"@type":"ReadAction","target":["https:\/\/www.noticiasradioreflejos.com.ar\/2021\/hallaron-el-primer-enterramiento-de-una-mujer-mapuche-en-una-canoa-con-900-anos-de-antiguedad\/"]}]},{"@type":"ImageObject","inLanguage":"es","@id":"https:\/\/www.noticiasradioreflejos.com.ar\/2021\/hallaron-el-primer-enterramiento-de-una-mujer-mapuche-en-una-canoa-con-900-anos-de-antiguedad\/#primaryimage","url":"https:\/\/www.telam.com.ar\/thumbs\/bluesteel\/advf\/imagenes\/2022\/08\/6307eaf12bf46.pone.0272833.g002_900.jpg","contentUrl":"https:\/\/www.telam.com.ar\/thumbs\/bluesteel\/advf\/imagenes\/2022\/08\/6307eaf12bf46.pone.0272833.g002_900.jpg"},{"@type":"BreadcrumbList","@id":"https:\/\/www.noticiasradioreflejos.com.ar\/2021\/hallaron-el-primer-enterramiento-de-una-mujer-mapuche-en-una-canoa-con-900-anos-de-antiguedad\/#breadcrumb","itemListElement":[{"@type":"ListItem","position":1,"name":"Portada","item":"https:\/\/www.noticiasradioreflejos.com.ar\/2021\/"},{"@type":"ListItem","position":2,"name":"Hallaron el primer enterramiento de una mujer mapuche en una canoa, con 900 a\u00f1os de antig\u00fcedad"}]},{"@type":"WebSite","@id":"https:\/\/www.noticiasradioreflejos.com.ar\/2021\/#website","url":"https:\/\/www.noticiasradioreflejos.com.ar\/2021\/","name":"Noticias Radio Reflejos","description":"Las noticias de mi comarca","potentialAction":[{"@type":"SearchAction","target":{"@type":"EntryPoint","urlTemplate":"https:\/\/www.noticiasradioreflejos.com.ar\/2021\/?s={search_term_string}"},"query-input":{"@type":"PropertyValueSpecification","valueRequired":true,"valueName":"search_term_string"}}],"inLanguage":"es"},{"@type":"Person","@id":"https:\/\/www.noticiasradioreflejos.com.ar\/2021\/#\/schema\/person\/ad82545263dcc5ec0996818884fd5fb1","name":"Arnaldo Botto","image":{"@type":"ImageObject","inLanguage":"es","@id":"https:\/\/www.noticiasradioreflejos.com.ar\/2021\/#\/schema\/person\/image\/","url":"https:\/\/secure.gravatar.com\/avatar\/55cb5e37c1efa326397366e6974cb338056df65cb50e7d64d1cf314e87504837?s=96&d=mm&r=g","contentUrl":"https:\/\/secure.gravatar.com\/avatar\/55cb5e37c1efa326397366e6974cb338056df65cb50e7d64d1cf314e87504837?s=96&d=mm&r=g","caption":"Arnaldo Botto"},"url":"https:\/\/www.noticiasradioreflejos.com.ar\/2021\/author\/arnaldo\/"}]}},"_links":{"self":[{"href":"https:\/\/www.noticiasradioreflejos.com.ar\/2021\/wp-json\/wp\/v2\/posts\/76794","targetHints":{"allow":["GET"]}}],"collection":[{"href":"https:\/\/www.noticiasradioreflejos.com.ar\/2021\/wp-json\/wp\/v2\/posts"}],"about":[{"href":"https:\/\/www.noticiasradioreflejos.com.ar\/2021\/wp-json\/wp\/v2\/types\/post"}],"author":[{"embeddable":true,"href":"https:\/\/www.noticiasradioreflejos.com.ar\/2021\/wp-json\/wp\/v2\/users\/3"}],"replies":[{"embeddable":true,"href":"https:\/\/www.noticiasradioreflejos.com.ar\/2021\/wp-json\/wp\/v2\/comments?post=76794"}],"version-history":[{"count":1,"href":"https:\/\/www.noticiasradioreflejos.com.ar\/2021\/wp-json\/wp\/v2\/posts\/76794\/revisions"}],"predecessor-version":[{"id":76796,"href":"https:\/\/www.noticiasradioreflejos.com.ar\/2021\/wp-json\/wp\/v2\/posts\/76794\/revisions\/76796"}],"wp:attachment":[{"href":"https:\/\/www.noticiasradioreflejos.com.ar\/2021\/wp-json\/wp\/v2\/media?parent=76794"}],"wp:term":[{"taxonomy":"category","embeddable":true,"href":"https:\/\/www.noticiasradioreflejos.com.ar\/2021\/wp-json\/wp\/v2\/categories?post=76794"},{"taxonomy":"post_tag","embeddable":true,"href":"https:\/\/www.noticiasradioreflejos.com.ar\/2021\/wp-json\/wp\/v2\/tags?post=76794"}],"curies":[{"name":"wp","href":"https:\/\/api.w.org\/{rel}","templated":true}]}}