{"id":76770,"date":"2022-08-25T17:35:49","date_gmt":"2022-08-25T17:35:49","guid":{"rendered":"http:\/\/www.noticiasradioreflejos.com.ar\/2021\/?p=76770"},"modified":"2022-08-25T17:35:49","modified_gmt":"2022-08-25T17:35:49","slug":"usar-casco-la-diferencia-entre-vivir-o-morir-2","status":"publish","type":"post","link":"https:\/\/www.noticiasradioreflejos.com.ar\/2021\/usar-casco-la-diferencia-entre-vivir-o-morir-2\/","title":{"rendered":"Usar casco, la diferencia entre vivir o morir"},"content":{"rendered":"<p>    Lamentablemente, cada a\u00f1o, se incrementan los siniestros y las muertes en moto en Argentina. El a\u00f1o pasado, 2.800 motociclistas fallecieron, el 47% del total de las v\u00edctimas fatales en el tr\u00e1nsito*, 8 por d\u00eda. La mayor\u00eda j\u00f3venes menores de 40 a\u00f1os. En la Ciudad de Buenos Aires, murieron 46 motociclistas, el 48% de las v\u00edctimas viales**. Muchos de ellos, fallecidos porque no ten\u00edan el casco o lo llevaban suelto. Algo dif\u00edcil de comprender si se sabe que el casco salva vidas al evitar o amortiguar los golpes y heridas en la cabeza, devastadoras y discapacitantes.<!--more--><\/p>\n<p>      Los motociclistas que usan casco tienen un 73% menos de mortalidad y hasta un 85% menos de lesiones graves que los que no lo usan. 2.800 vidas podr\u00edan salvarse por a\u00f1o si todos los que circulan en moto y ciclomotor usaran siempre un casco homologado.<\/p>\n<p>El mecanismo de las lesiones en la cabeza<\/p>\n<p>     Cuando una  moto  se ve envuelta en un choque, el conductor suele sufrir una ca\u00edda e impacta en el suelo o contra un objeto, pared, poste, autom\u00f3vil, etc. Si no lleva el casco puesto, suele golpear con la cabeza contra ellos. En ese caso, las lesiones pueden ser de dos tipos: abiertas, cuando se produce una fractura o penetraci\u00f3n del cr\u00e1neo por un objeto extra\u00f1o, que producir\u00e1 serias lesiones cerebrales; y cerradas, con lesiones que se producen cuando el cerebro se sacude dentro del cr\u00e1neo. La mayor\u00eda de las lesiones cerebrales son de este \u00faltimo tipo y pueden ser fatales.<\/p>\n<p>        Para leer m\u00e1s \u00ab\u00bfC\u00f3mo act\u00faa el casco en caso de impacto?\u00bb<\/p>\n<p>    La Ley Nacional de Tr\u00e1nsito, obliga al uso de casco cuando se circula en moto o ciclomotor. Sin embargo, hay mucha gente que no lo usa. El \u00faltimo estudio de Luchemos por la Vida sobre el uso del casco en la Ciudad de Buenos Aires y sus alrededores muestra diferencias importantes entre la Capital (87%) y los municipios del GBA observados (63%). En CABA se lo utiliza un 38% m\u00e1s que en el conurbano. No se registraron diferencias significativas de uso entre los diferentes distritos del GBA observados.<\/p>\n<p>       La Meta 7 de las Metas de Acci\u00f3n, impulsadas en el Segundo Decenio de Acci\u00f3n para la Seguridad Vial promovido por las Naciones Unidas -para reducir los muertos en todo el mundo al menos un 50% en 10 a\u00f1os-, propone el objetivo de lograr el 100% de uso del casco de manera correcta.<\/p>\n<p>     El video educativo  \u201cCasco en moto: \u00bfpara qu\u00e9? explica con im\u00e1genes muy claras el para qu\u00e9 de una costumbre que todo motociclista deber\u00eda tener.<\/p>\n<p>     Una tragedia que debe acabar, con educaci\u00f3n, controles y sanciones. Vos que ten\u00e9s cerebro, \u00a1usalo!<\/p>\n","protected":false},"excerpt":{"rendered":"<p>Lamentablemente, cada a\u00f1o, se incrementan los siniestros y las muertes en moto en Argentina. El a\u00f1o pasado, 2.800 motociclistas fallecieron, el 47% del total de las v\u00edctimas fatales en el tr\u00e1nsito*, 8 por d\u00eda. La mayor\u00eda j\u00f3venes menores de 40 a\u00f1os. En la Ciudad de Buenos Aires, murieron 46 motociclistas, el 48% de las v\u00edctimas [&hellip;]<\/p>\n","protected":false},"author":3,"featured_media":0,"comment_status":"closed","ping_status":"closed","sticky":false,"template":"","format":"standard","meta":{"footnotes":""},"categories":[26],"tags":[],"class_list":["post-76770","post","type-post","status-publish","format-standard","hentry","category-sociedad"],"yoast_head":"<!-- This site is optimized with the Yoast SEO plugin v25.9 - https:\/\/yoast.com\/wordpress\/plugins\/seo\/ -->\n<title>Usar casco, la diferencia entre vivir o morir - Noticias Radio Reflejos<\/title>\n<meta name=\"robots\" content=\"index, follow, max-snippet:-1, max-image-preview:large, max-video-preview:-1\" \/>\n<link rel=\"canonical\" href=\"https:\/\/www.noticiasradioreflejos.com.ar\/2021\/usar-casco-la-diferencia-entre-vivir-o-morir-2\/\" \/>\n<meta property=\"og:locale\" content=\"es_ES\" \/>\n<meta property=\"og:type\" content=\"article\" \/>\n<meta property=\"og:title\" content=\"Usar casco, la diferencia entre vivir o morir - Noticias Radio Reflejos\" \/>\n<meta property=\"og:description\" content=\"Lamentablemente, cada a\u00f1o, se incrementan los siniestros y las muertes en moto en Argentina. El a\u00f1o pasado, 2.800 motociclistas fallecieron, el 47% del total de las v\u00edctimas fatales en el tr\u00e1nsito*, 8 por d\u00eda. La mayor\u00eda j\u00f3venes menores de 40 a\u00f1os. En la Ciudad de Buenos Aires, murieron 46 motociclistas, el 48% de las v\u00edctimas [&hellip;]\" \/>\n<meta property=\"og:url\" content=\"https:\/\/www.noticiasradioreflejos.com.ar\/2021\/usar-casco-la-diferencia-entre-vivir-o-morir-2\/\" \/>\n<meta property=\"og:site_name\" content=\"Noticias Radio Reflejos\" \/>\n<meta property=\"article:published_time\" content=\"2022-08-25T17:35:49+00:00\" \/>\n<meta property=\"og:image\" content=\"https:\/\/www.noticiasradioreflejos.com.ar\/2021\/wp-content\/uploads\/2021\/07\/logosol300x200.png\" \/>\n\t<meta property=\"og:image:width\" content=\"300\" \/>\n\t<meta property=\"og:image:height\" content=\"200\" \/>\n\t<meta property=\"og:image:type\" content=\"image\/png\" \/>\n<meta name=\"author\" content=\"Arnaldo Botto\" \/>\n<meta name=\"twitter:card\" content=\"summary_large_image\" \/>\n<script type=\"application\/ld+json\" class=\"yoast-schema-graph\">{\"@context\":\"https:\/\/schema.org\",\"@graph\":[{\"@type\":\"WebPage\",\"@id\":\"https:\/\/www.noticiasradioreflejos.com.ar\/2021\/usar-casco-la-diferencia-entre-vivir-o-morir-2\/\",\"url\":\"https:\/\/www.noticiasradioreflejos.com.ar\/2021\/usar-casco-la-diferencia-entre-vivir-o-morir-2\/\",\"name\":\"Usar casco, la diferencia entre vivir o morir - Noticias Radio Reflejos\",\"isPartOf\":{\"@id\":\"https:\/\/www.noticiasradioreflejos.com.ar\/2021\/#website\"},\"datePublished\":\"2022-08-25T17:35:49+00:00\",\"author\":{\"@id\":\"https:\/\/www.noticiasradioreflejos.com.ar\/2021\/#\/schema\/person\/ad82545263dcc5ec0996818884fd5fb1\"},\"breadcrumb\":{\"@id\":\"https:\/\/www.noticiasradioreflejos.com.ar\/2021\/usar-casco-la-diferencia-entre-vivir-o-morir-2\/#breadcrumb\"},\"inLanguage\":\"es\",\"potentialAction\":[{\"@type\":\"ReadAction\",\"target\":[\"https:\/\/www.noticiasradioreflejos.com.ar\/2021\/usar-casco-la-diferencia-entre-vivir-o-morir-2\/\"]}]},{\"@type\":\"BreadcrumbList\",\"@id\":\"https:\/\/www.noticiasradioreflejos.com.ar\/2021\/usar-casco-la-diferencia-entre-vivir-o-morir-2\/#breadcrumb\",\"itemListElement\":[{\"@type\":\"ListItem\",\"position\":1,\"name\":\"Portada\",\"item\":\"https:\/\/www.noticiasradioreflejos.com.ar\/2021\/\"},{\"@type\":\"ListItem\",\"position\":2,\"name\":\"Usar casco, la diferencia entre vivir o morir\"}]},{\"@type\":\"WebSite\",\"@id\":\"https:\/\/www.noticiasradioreflejos.com.ar\/2021\/#website\",\"url\":\"https:\/\/www.noticiasradioreflejos.com.ar\/2021\/\",\"name\":\"Noticias Radio Reflejos\",\"description\":\"Las noticias de mi comarca\",\"potentialAction\":[{\"@type\":\"SearchAction\",\"target\":{\"@type\":\"EntryPoint\",\"urlTemplate\":\"https:\/\/www.noticiasradioreflejos.com.ar\/2021\/?s={search_term_string}\"},\"query-input\":{\"@type\":\"PropertyValueSpecification\",\"valueRequired\":true,\"valueName\":\"search_term_string\"}}],\"inLanguage\":\"es\"},{\"@type\":\"Person\",\"@id\":\"https:\/\/www.noticiasradioreflejos.com.ar\/2021\/#\/schema\/person\/ad82545263dcc5ec0996818884fd5fb1\",\"name\":\"Arnaldo Botto\",\"image\":{\"@type\":\"ImageObject\",\"inLanguage\":\"es\",\"@id\":\"https:\/\/www.noticiasradioreflejos.com.ar\/2021\/#\/schema\/person\/image\/\",\"url\":\"https:\/\/secure.gravatar.com\/avatar\/55cb5e37c1efa326397366e6974cb338056df65cb50e7d64d1cf314e87504837?s=96&d=mm&r=g\",\"contentUrl\":\"https:\/\/secure.gravatar.com\/avatar\/55cb5e37c1efa326397366e6974cb338056df65cb50e7d64d1cf314e87504837?s=96&d=mm&r=g\",\"caption\":\"Arnaldo Botto\"},\"url\":\"https:\/\/www.noticiasradioreflejos.com.ar\/2021\/author\/arnaldo\/\"}]}<\/script>\n<!-- \/ Yoast SEO plugin. -->","yoast_head_json":{"title":"Usar casco, la diferencia entre vivir o morir - Noticias Radio Reflejos","robots":{"index":"index","follow":"follow","max-snippet":"max-snippet:-1","max-image-preview":"max-image-preview:large","max-video-preview":"max-video-preview:-1"},"canonical":"https:\/\/www.noticiasradioreflejos.com.ar\/2021\/usar-casco-la-diferencia-entre-vivir-o-morir-2\/","og_locale":"es_ES","og_type":"article","og_title":"Usar casco, la diferencia entre vivir o morir - Noticias Radio Reflejos","og_description":"Lamentablemente, cada a\u00f1o, se incrementan los siniestros y las muertes en moto en Argentina. El a\u00f1o pasado, 2.800 motociclistas fallecieron, el 47% del total de las v\u00edctimas fatales en el tr\u00e1nsito*, 8 por d\u00eda. La mayor\u00eda j\u00f3venes menores de 40 a\u00f1os. En la Ciudad de Buenos Aires, murieron 46 motociclistas, el 48% de las v\u00edctimas [&hellip;]","og_url":"https:\/\/www.noticiasradioreflejos.com.ar\/2021\/usar-casco-la-diferencia-entre-vivir-o-morir-2\/","og_site_name":"Noticias Radio Reflejos","article_published_time":"2022-08-25T17:35:49+00:00","og_image":[{"width":300,"height":200,"url":"https:\/\/www.noticiasradioreflejos.com.ar\/2021\/wp-content\/uploads\/2021\/07\/logosol300x200.png","type":"image\/png"}],"author":"Arnaldo Botto","twitter_card":"summary_large_image","schema":{"@context":"https:\/\/schema.org","@graph":[{"@type":"WebPage","@id":"https:\/\/www.noticiasradioreflejos.com.ar\/2021\/usar-casco-la-diferencia-entre-vivir-o-morir-2\/","url":"https:\/\/www.noticiasradioreflejos.com.ar\/2021\/usar-casco-la-diferencia-entre-vivir-o-morir-2\/","name":"Usar casco, la diferencia entre vivir o morir - Noticias Radio Reflejos","isPartOf":{"@id":"https:\/\/www.noticiasradioreflejos.com.ar\/2021\/#website"},"datePublished":"2022-08-25T17:35:49+00:00","author":{"@id":"https:\/\/www.noticiasradioreflejos.com.ar\/2021\/#\/schema\/person\/ad82545263dcc5ec0996818884fd5fb1"},"breadcrumb":{"@id":"https:\/\/www.noticiasradioreflejos.com.ar\/2021\/usar-casco-la-diferencia-entre-vivir-o-morir-2\/#breadcrumb"},"inLanguage":"es","potentialAction":[{"@type":"ReadAction","target":["https:\/\/www.noticiasradioreflejos.com.ar\/2021\/usar-casco-la-diferencia-entre-vivir-o-morir-2\/"]}]},{"@type":"BreadcrumbList","@id":"https:\/\/www.noticiasradioreflejos.com.ar\/2021\/usar-casco-la-diferencia-entre-vivir-o-morir-2\/#breadcrumb","itemListElement":[{"@type":"ListItem","position":1,"name":"Portada","item":"https:\/\/www.noticiasradioreflejos.com.ar\/2021\/"},{"@type":"ListItem","position":2,"name":"Usar casco, la diferencia entre vivir o morir"}]},{"@type":"WebSite","@id":"https:\/\/www.noticiasradioreflejos.com.ar\/2021\/#website","url":"https:\/\/www.noticiasradioreflejos.com.ar\/2021\/","name":"Noticias Radio Reflejos","description":"Las noticias de mi comarca","potentialAction":[{"@type":"SearchAction","target":{"@type":"EntryPoint","urlTemplate":"https:\/\/www.noticiasradioreflejos.com.ar\/2021\/?s={search_term_string}"},"query-input":{"@type":"PropertyValueSpecification","valueRequired":true,"valueName":"search_term_string"}}],"inLanguage":"es"},{"@type":"Person","@id":"https:\/\/www.noticiasradioreflejos.com.ar\/2021\/#\/schema\/person\/ad82545263dcc5ec0996818884fd5fb1","name":"Arnaldo Botto","image":{"@type":"ImageObject","inLanguage":"es","@id":"https:\/\/www.noticiasradioreflejos.com.ar\/2021\/#\/schema\/person\/image\/","url":"https:\/\/secure.gravatar.com\/avatar\/55cb5e37c1efa326397366e6974cb338056df65cb50e7d64d1cf314e87504837?s=96&d=mm&r=g","contentUrl":"https:\/\/secure.gravatar.com\/avatar\/55cb5e37c1efa326397366e6974cb338056df65cb50e7d64d1cf314e87504837?s=96&d=mm&r=g","caption":"Arnaldo Botto"},"url":"https:\/\/www.noticiasradioreflejos.com.ar\/2021\/author\/arnaldo\/"}]}},"_links":{"self":[{"href":"https:\/\/www.noticiasradioreflejos.com.ar\/2021\/wp-json\/wp\/v2\/posts\/76770","targetHints":{"allow":["GET"]}}],"collection":[{"href":"https:\/\/www.noticiasradioreflejos.com.ar\/2021\/wp-json\/wp\/v2\/posts"}],"about":[{"href":"https:\/\/www.noticiasradioreflejos.com.ar\/2021\/wp-json\/wp\/v2\/types\/post"}],"author":[{"embeddable":true,"href":"https:\/\/www.noticiasradioreflejos.com.ar\/2021\/wp-json\/wp\/v2\/users\/3"}],"replies":[{"embeddable":true,"href":"https:\/\/www.noticiasradioreflejos.com.ar\/2021\/wp-json\/wp\/v2\/comments?post=76770"}],"version-history":[{"count":1,"href":"https:\/\/www.noticiasradioreflejos.com.ar\/2021\/wp-json\/wp\/v2\/posts\/76770\/revisions"}],"predecessor-version":[{"id":76772,"href":"https:\/\/www.noticiasradioreflejos.com.ar\/2021\/wp-json\/wp\/v2\/posts\/76770\/revisions\/76772"}],"wp:attachment":[{"href":"https:\/\/www.noticiasradioreflejos.com.ar\/2021\/wp-json\/wp\/v2\/media?parent=76770"}],"wp:term":[{"taxonomy":"category","embeddable":true,"href":"https:\/\/www.noticiasradioreflejos.com.ar\/2021\/wp-json\/wp\/v2\/categories?post=76770"},{"taxonomy":"post_tag","embeddable":true,"href":"https:\/\/www.noticiasradioreflejos.com.ar\/2021\/wp-json\/wp\/v2\/tags?post=76770"}],"curies":[{"name":"wp","href":"https:\/\/api.w.org\/{rel}","templated":true}]}}