{"id":76762,"date":"2022-08-25T17:32:33","date_gmt":"2022-08-25T17:32:33","guid":{"rendered":"http:\/\/www.noticiasradioreflejos.com.ar\/2021\/?p=76762"},"modified":"2022-08-25T17:32:33","modified_gmt":"2022-08-25T17:32:33","slug":"se-viene-la-carrera-aventura-desafio-al-calvario","status":"publish","type":"post","link":"https:\/\/www.noticiasradioreflejos.com.ar\/2021\/se-viene-la-carrera-aventura-desafio-al-calvario\/","title":{"rendered":"Se viene la carrera aventura Desaf\u00edo al Calvario"},"content":{"rendered":"<p>   Con un entorno natural \u00fanico como escenario, se llevar\u00e1 a cabo el pr\u00f3ximo 11 de septiembre la carrera aventura Desaf\u00edo al Calvario, organizada por la subsecretar\u00eda de Deportes de Tornquist Municipio a beneficio de las categor\u00edas Inferiores del Automoto Club Deportivo. <!--more--><br \/>\n<a data-flickr-embed=\"true\" href=\"https:\/\/www.flickr.com\/photos\/182279889@N02\/52310926609\/in\/dateposted-public\/\" title=\"Desaf\u00edo al Calvario\"><img loading=\"lazy\" decoding=\"async\" src=\"https:\/\/live.staticflickr.com\/65535\/52310926609_c71465bbfd_c.jpg\" width=\"450\" height=\"800\" alt=\"Desaf\u00edo al Calvario\"><\/a><script async src=\"\/\/embedr.flickr.com\/assets\/client-code.js\" charset=\"utf-8\"><\/script><\/p>\n<p>   En esta oportunidad habr\u00e1 dos recorridos de 8k y 16K, adem\u00e1s de una caminata recreativa de 5k y una competencia kids 1k. Se entregar\u00e1n premios del primero al tercero de cada categor\u00eda y el primero de la general.<br \/>\n   La largada ser\u00e1 a las 10 desde Automoto (Lavalle al 200), donde tambi\u00e9n se producir\u00e1 la llegada, mientras que la inscripci\u00f3n y fiscalizaci\u00f3n estar\u00e1 a cargo de Bah\u00eda Corre (www.bahiacorre.com.ar).<br \/>\n   No pierdas la oportunidad de disfrutar de una competencia \u00fanica, en un escenario natural de singulares caracter\u00edsticas. Anotate!<\/p>\n","protected":false},"excerpt":{"rendered":"<p>Con un entorno natural \u00fanico como escenario, se llevar\u00e1 a cabo el pr\u00f3ximo 11 de septiembre la carrera aventura Desaf\u00edo al Calvario, organizada por la subsecretar\u00eda de Deportes de Tornquist Municipio a beneficio de las categor\u00edas Inferiores del Automoto Club Deportivo.<\/p>\n","protected":false},"author":3,"featured_media":0,"comment_status":"closed","ping_status":"closed","sticky":false,"template":"","format":"standard","meta":{"footnotes":""},"categories":[27],"tags":[],"class_list":["post-76762","post","type-post","status-publish","format-standard","hentry","category-deportes"],"yoast_head":"<!-- This site is optimized with the Yoast SEO plugin v25.9 - https:\/\/yoast.com\/wordpress\/plugins\/seo\/ -->\n<title>Se viene la carrera aventura Desaf\u00edo al Calvario - Noticias Radio Reflejos<\/title>\n<meta name=\"robots\" content=\"index, follow, max-snippet:-1, max-image-preview:large, max-video-preview:-1\" \/>\n<link rel=\"canonical\" href=\"https:\/\/www.noticiasradioreflejos.com.ar\/2021\/se-viene-la-carrera-aventura-desafio-al-calvario\/\" \/>\n<meta property=\"og:locale\" content=\"es_ES\" \/>\n<meta property=\"og:type\" content=\"article\" \/>\n<meta property=\"og:title\" content=\"Se viene la carrera aventura Desaf\u00edo al Calvario - Noticias Radio Reflejos\" \/>\n<meta property=\"og:description\" content=\"Con un entorno natural \u00fanico como escenario, se llevar\u00e1 a cabo el pr\u00f3ximo 11 de septiembre la carrera aventura Desaf\u00edo al Calvario, organizada por la subsecretar\u00eda de Deportes de Tornquist Municipio a beneficio de las categor\u00edas Inferiores del Automoto Club Deportivo.\" \/>\n<meta property=\"og:url\" content=\"https:\/\/www.noticiasradioreflejos.com.ar\/2021\/se-viene-la-carrera-aventura-desafio-al-calvario\/\" \/>\n<meta property=\"og:site_name\" content=\"Noticias Radio Reflejos\" \/>\n<meta property=\"article:published_time\" content=\"2022-08-25T17:32:33+00:00\" \/>\n<meta property=\"og:image\" content=\"https:\/\/live.staticflickr.com\/65535\/52310926609_c71465bbfd_c.jpg\" \/>\n<meta name=\"author\" content=\"Arnaldo Botto\" \/>\n<meta name=\"twitter:card\" content=\"summary_large_image\" \/>\n<script type=\"application\/ld+json\" class=\"yoast-schema-graph\">{\"@context\":\"https:\/\/schema.org\",\"@graph\":[{\"@type\":\"WebPage\",\"@id\":\"https:\/\/www.noticiasradioreflejos.com.ar\/2021\/se-viene-la-carrera-aventura-desafio-al-calvario\/\",\"url\":\"https:\/\/www.noticiasradioreflejos.com.ar\/2021\/se-viene-la-carrera-aventura-desafio-al-calvario\/\",\"name\":\"Se viene la carrera aventura Desaf\u00edo al Calvario - Noticias Radio Reflejos\",\"isPartOf\":{\"@id\":\"https:\/\/www.noticiasradioreflejos.com.ar\/2021\/#website\"},\"primaryImageOfPage\":{\"@id\":\"https:\/\/www.noticiasradioreflejos.com.ar\/2021\/se-viene-la-carrera-aventura-desafio-al-calvario\/#primaryimage\"},\"image\":{\"@id\":\"https:\/\/www.noticiasradioreflejos.com.ar\/2021\/se-viene-la-carrera-aventura-desafio-al-calvario\/#primaryimage\"},\"thumbnailUrl\":\"https:\/\/live.staticflickr.com\/65535\/52310926609_c71465bbfd_c.jpg\",\"datePublished\":\"2022-08-25T17:32:33+00:00\",\"author\":{\"@id\":\"https:\/\/www.noticiasradioreflejos.com.ar\/2021\/#\/schema\/person\/ad82545263dcc5ec0996818884fd5fb1\"},\"breadcrumb\":{\"@id\":\"https:\/\/www.noticiasradioreflejos.com.ar\/2021\/se-viene-la-carrera-aventura-desafio-al-calvario\/#breadcrumb\"},\"inLanguage\":\"es\",\"potentialAction\":[{\"@type\":\"ReadAction\",\"target\":[\"https:\/\/www.noticiasradioreflejos.com.ar\/2021\/se-viene-la-carrera-aventura-desafio-al-calvario\/\"]}]},{\"@type\":\"ImageObject\",\"inLanguage\":\"es\",\"@id\":\"https:\/\/www.noticiasradioreflejos.com.ar\/2021\/se-viene-la-carrera-aventura-desafio-al-calvario\/#primaryimage\",\"url\":\"https:\/\/live.staticflickr.com\/65535\/52310926609_c71465bbfd_c.jpg\",\"contentUrl\":\"https:\/\/live.staticflickr.com\/65535\/52310926609_c71465bbfd_c.jpg\"},{\"@type\":\"BreadcrumbList\",\"@id\":\"https:\/\/www.noticiasradioreflejos.com.ar\/2021\/se-viene-la-carrera-aventura-desafio-al-calvario\/#breadcrumb\",\"itemListElement\":[{\"@type\":\"ListItem\",\"position\":1,\"name\":\"Portada\",\"item\":\"https:\/\/www.noticiasradioreflejos.com.ar\/2021\/\"},{\"@type\":\"ListItem\",\"position\":2,\"name\":\"Se viene la carrera aventura Desaf\u00edo al Calvario\"}]},{\"@type\":\"WebSite\",\"@id\":\"https:\/\/www.noticiasradioreflejos.com.ar\/2021\/#website\",\"url\":\"https:\/\/www.noticiasradioreflejos.com.ar\/2021\/\",\"name\":\"Noticias Radio Reflejos\",\"description\":\"Las noticias de mi comarca\",\"potentialAction\":[{\"@type\":\"SearchAction\",\"target\":{\"@type\":\"EntryPoint\",\"urlTemplate\":\"https:\/\/www.noticiasradioreflejos.com.ar\/2021\/?s={search_term_string}\"},\"query-input\":{\"@type\":\"PropertyValueSpecification\",\"valueRequired\":true,\"valueName\":\"search_term_string\"}}],\"inLanguage\":\"es\"},{\"@type\":\"Person\",\"@id\":\"https:\/\/www.noticiasradioreflejos.com.ar\/2021\/#\/schema\/person\/ad82545263dcc5ec0996818884fd5fb1\",\"name\":\"Arnaldo Botto\",\"image\":{\"@type\":\"ImageObject\",\"inLanguage\":\"es\",\"@id\":\"https:\/\/www.noticiasradioreflejos.com.ar\/2021\/#\/schema\/person\/image\/\",\"url\":\"https:\/\/secure.gravatar.com\/avatar\/55cb5e37c1efa326397366e6974cb338056df65cb50e7d64d1cf314e87504837?s=96&d=mm&r=g\",\"contentUrl\":\"https:\/\/secure.gravatar.com\/avatar\/55cb5e37c1efa326397366e6974cb338056df65cb50e7d64d1cf314e87504837?s=96&d=mm&r=g\",\"caption\":\"Arnaldo Botto\"},\"url\":\"https:\/\/www.noticiasradioreflejos.com.ar\/2021\/author\/arnaldo\/\"}]}<\/script>\n<!-- \/ Yoast SEO plugin. -->","yoast_head_json":{"title":"Se viene la carrera aventura Desaf\u00edo al Calvario - Noticias Radio Reflejos","robots":{"index":"index","follow":"follow","max-snippet":"max-snippet:-1","max-image-preview":"max-image-preview:large","max-video-preview":"max-video-preview:-1"},"canonical":"https:\/\/www.noticiasradioreflejos.com.ar\/2021\/se-viene-la-carrera-aventura-desafio-al-calvario\/","og_locale":"es_ES","og_type":"article","og_title":"Se viene la carrera aventura Desaf\u00edo al Calvario - Noticias Radio Reflejos","og_description":"Con un entorno natural \u00fanico como escenario, se llevar\u00e1 a cabo el pr\u00f3ximo 11 de septiembre la carrera aventura Desaf\u00edo al Calvario, organizada por la subsecretar\u00eda de Deportes de Tornquist Municipio a beneficio de las categor\u00edas Inferiores del Automoto Club Deportivo.","og_url":"https:\/\/www.noticiasradioreflejos.com.ar\/2021\/se-viene-la-carrera-aventura-desafio-al-calvario\/","og_site_name":"Noticias Radio Reflejos","article_published_time":"2022-08-25T17:32:33+00:00","og_image":[{"url":"https:\/\/live.staticflickr.com\/65535\/52310926609_c71465bbfd_c.jpg","type":"","width":"","height":""}],"author":"Arnaldo Botto","twitter_card":"summary_large_image","schema":{"@context":"https:\/\/schema.org","@graph":[{"@type":"WebPage","@id":"https:\/\/www.noticiasradioreflejos.com.ar\/2021\/se-viene-la-carrera-aventura-desafio-al-calvario\/","url":"https:\/\/www.noticiasradioreflejos.com.ar\/2021\/se-viene-la-carrera-aventura-desafio-al-calvario\/","name":"Se viene la carrera aventura Desaf\u00edo al Calvario - Noticias Radio Reflejos","isPartOf":{"@id":"https:\/\/www.noticiasradioreflejos.com.ar\/2021\/#website"},"primaryImageOfPage":{"@id":"https:\/\/www.noticiasradioreflejos.com.ar\/2021\/se-viene-la-carrera-aventura-desafio-al-calvario\/#primaryimage"},"image":{"@id":"https:\/\/www.noticiasradioreflejos.com.ar\/2021\/se-viene-la-carrera-aventura-desafio-al-calvario\/#primaryimage"},"thumbnailUrl":"https:\/\/live.staticflickr.com\/65535\/52310926609_c71465bbfd_c.jpg","datePublished":"2022-08-25T17:32:33+00:00","author":{"@id":"https:\/\/www.noticiasradioreflejos.com.ar\/2021\/#\/schema\/person\/ad82545263dcc5ec0996818884fd5fb1"},"breadcrumb":{"@id":"https:\/\/www.noticiasradioreflejos.com.ar\/2021\/se-viene-la-carrera-aventura-desafio-al-calvario\/#breadcrumb"},"inLanguage":"es","potentialAction":[{"@type":"ReadAction","target":["https:\/\/www.noticiasradioreflejos.com.ar\/2021\/se-viene-la-carrera-aventura-desafio-al-calvario\/"]}]},{"@type":"ImageObject","inLanguage":"es","@id":"https:\/\/www.noticiasradioreflejos.com.ar\/2021\/se-viene-la-carrera-aventura-desafio-al-calvario\/#primaryimage","url":"https:\/\/live.staticflickr.com\/65535\/52310926609_c71465bbfd_c.jpg","contentUrl":"https:\/\/live.staticflickr.com\/65535\/52310926609_c71465bbfd_c.jpg"},{"@type":"BreadcrumbList","@id":"https:\/\/www.noticiasradioreflejos.com.ar\/2021\/se-viene-la-carrera-aventura-desafio-al-calvario\/#breadcrumb","itemListElement":[{"@type":"ListItem","position":1,"name":"Portada","item":"https:\/\/www.noticiasradioreflejos.com.ar\/2021\/"},{"@type":"ListItem","position":2,"name":"Se viene la carrera aventura Desaf\u00edo al Calvario"}]},{"@type":"WebSite","@id":"https:\/\/www.noticiasradioreflejos.com.ar\/2021\/#website","url":"https:\/\/www.noticiasradioreflejos.com.ar\/2021\/","name":"Noticias Radio Reflejos","description":"Las noticias de mi comarca","potentialAction":[{"@type":"SearchAction","target":{"@type":"EntryPoint","urlTemplate":"https:\/\/www.noticiasradioreflejos.com.ar\/2021\/?s={search_term_string}"},"query-input":{"@type":"PropertyValueSpecification","valueRequired":true,"valueName":"search_term_string"}}],"inLanguage":"es"},{"@type":"Person","@id":"https:\/\/www.noticiasradioreflejos.com.ar\/2021\/#\/schema\/person\/ad82545263dcc5ec0996818884fd5fb1","name":"Arnaldo Botto","image":{"@type":"ImageObject","inLanguage":"es","@id":"https:\/\/www.noticiasradioreflejos.com.ar\/2021\/#\/schema\/person\/image\/","url":"https:\/\/secure.gravatar.com\/avatar\/55cb5e37c1efa326397366e6974cb338056df65cb50e7d64d1cf314e87504837?s=96&d=mm&r=g","contentUrl":"https:\/\/secure.gravatar.com\/avatar\/55cb5e37c1efa326397366e6974cb338056df65cb50e7d64d1cf314e87504837?s=96&d=mm&r=g","caption":"Arnaldo Botto"},"url":"https:\/\/www.noticiasradioreflejos.com.ar\/2021\/author\/arnaldo\/"}]}},"_links":{"self":[{"href":"https:\/\/www.noticiasradioreflejos.com.ar\/2021\/wp-json\/wp\/v2\/posts\/76762","targetHints":{"allow":["GET"]}}],"collection":[{"href":"https:\/\/www.noticiasradioreflejos.com.ar\/2021\/wp-json\/wp\/v2\/posts"}],"about":[{"href":"https:\/\/www.noticiasradioreflejos.com.ar\/2021\/wp-json\/wp\/v2\/types\/post"}],"author":[{"embeddable":true,"href":"https:\/\/www.noticiasradioreflejos.com.ar\/2021\/wp-json\/wp\/v2\/users\/3"}],"replies":[{"embeddable":true,"href":"https:\/\/www.noticiasradioreflejos.com.ar\/2021\/wp-json\/wp\/v2\/comments?post=76762"}],"version-history":[{"count":1,"href":"https:\/\/www.noticiasradioreflejos.com.ar\/2021\/wp-json\/wp\/v2\/posts\/76762\/revisions"}],"predecessor-version":[{"id":76769,"href":"https:\/\/www.noticiasradioreflejos.com.ar\/2021\/wp-json\/wp\/v2\/posts\/76762\/revisions\/76769"}],"wp:attachment":[{"href":"https:\/\/www.noticiasradioreflejos.com.ar\/2021\/wp-json\/wp\/v2\/media?parent=76762"}],"wp:term":[{"taxonomy":"category","embeddable":true,"href":"https:\/\/www.noticiasradioreflejos.com.ar\/2021\/wp-json\/wp\/v2\/categories?post=76762"},{"taxonomy":"post_tag","embeddable":true,"href":"https:\/\/www.noticiasradioreflejos.com.ar\/2021\/wp-json\/wp\/v2\/tags?post=76762"}],"curies":[{"name":"wp","href":"https:\/\/api.w.org\/{rel}","templated":true}]}}