{"id":76745,"date":"2022-08-25T16:12:38","date_gmt":"2022-08-25T16:12:38","guid":{"rendered":"http:\/\/www.noticiasradioreflejos.com.ar\/2021\/?p=76745"},"modified":"2022-08-25T16:12:38","modified_gmt":"2022-08-25T16:12:38","slug":"tres-bodegas-para-degustar-los-mejores-vinos-de-la-provincia-de-buenos-aires","status":"publish","type":"post","link":"https:\/\/www.noticiasradioreflejos.com.ar\/2021\/tres-bodegas-para-degustar-los-mejores-vinos-de-la-provincia-de-buenos-aires\/","title":{"rendered":"Tres bodegas para degustar los mejores vinos de la Provincia de Buenos Aires."},"content":{"rendered":"<p>En Campana, Ca\u00f1uelas y Coronel Pringles se cultivan diferentes variedades de uvas con las que se elaboran excelentes vinos que tienen el sello distintivo de cada regi\u00f3n y donde las bodegas bonaerenses brindan inolvidables experiencias de enoturismo.<!--more--><br \/>\n<a title=\"Bodega Gamboa 2\" href=\"https:\/\/www.flickr.com\/photos\/182279889@N02\/52310265501\/in\/dateposted-public\/\" data-flickr-embed=\"true\"><img loading=\"lazy\" decoding=\"async\" src=\"https:\/\/live.staticflickr.com\/65535\/52310265501_3fce8d7a1b_c.jpg\" alt=\"Bodega Gamboa 2\" width=\"800\" height=\"686\" \/><\/a><\/p>\n<h4 dir=\"ltr\">Con notas del Paran\u00e1<\/h4>\n<p dir=\"ltr\">\u201cBodega Gamboa <a href=\"https:\/\/www.instagram.com\/bodegagamboa\/\" target=\"_blank\" rel=\"noopener\" data-saferedirecturl=\"https:\/\/www.google.com\/url?q=https:\/\/www.instagram.com\/bodegagamboa\/&amp;source=gmail&amp;ust=1661527434736000&amp;usg=AOvVaw0eoRZN93_bYlOELaKS-s_7\">-IG: @bodegagamboa<\/a>&#8211; naci\u00f3 con el sue\u00f1o de plantar un vi\u00f1edo y elaborar vinos en provincia de Buenos Aires. Despu\u00e9s de a\u00f1os de trabajo, fue posible\u201d, afirm\u00f3 Eduardo Tuite Gamboa, quien eligi\u00f3 el apellido materno para describir el esp\u00edritu familiar del proyecto que cumpli\u00f3 doce a\u00f1os.<\/p>\n<p dir=\"ltr\">Los campos se encuentran sobre el kil\u00f3metro 65 de la Ruta Nacional 9, en el partido de Campana, a tan solo una hora de Capital Federal y a una hora y media de La Plata.<\/p>\n<p dir=\"ltr\">La belleza natural, su ubicaci\u00f3n cerca de la reserva Otamendi, una peque\u00f1a laguna, y el suelo francoarcilloso -perfecto para cultivar uva que se pueden vinificar- lo convirtieron en el lugar indicado donde desarrollar la iniciativa so\u00f1ada.<\/p>\n<p dir=\"ltr\">\u201cEnrique Mirazo -ingeniero agr\u00f3nomo que reside en Uruguay- fue una incorporaci\u00f3n clave ya que trabaja en varios vi\u00f1edos del pa\u00eds oriental que est\u00e1n a la misma latitud que Gamboa\u201d, asegur\u00f3 Eduardo.<\/p>\n<p dir=\"ltr\">La bodega tiene una peque\u00f1a producci\u00f3n de vinos con trescientas botellas de cada cepa: malbec, pinot noir y cabernet franc, que solo se pueden degustar en Casa Gamboa, durante las visitas guiadas, de mi\u00e9rcoles a domingo y feriados, de 11:00 a 17:00. Contacto para reservas: +5499-11-3084-6084<\/p>\n<p dir=\"ltr\">La recorrida por los vi\u00f1edos est\u00e1 a cargo de una t\u00e9cnica en\u00f3loga que describe la historia del emprendimiento y detalla las propiedades de las plantaciones.<\/p>\n<h4 dir=\"ltr\">Ancestral y natural<\/h4>\n<p dir=\"ltr\">En 2011 Horacio Spinazzola comenz\u00f3 a materializar su deseo de continuar con una tradici\u00f3n familiar: la producci\u00f3n de vinos. Plant\u00f3 sus primeras vides y le dio origen a\u00a0 Vinos Uribelarrea -IG: <a href=\"http:\/\/vinos.uribelarrea\/\" target=\"_blank\" rel=\"noopener\" data-saferedirecturl=\"https:\/\/www.google.com\/url?q=http:\/\/vinos.uribelarrea&amp;source=gmail&amp;ust=1661527434736000&amp;usg=AOvVaw1Y2nu_W0wxwhdJ-P6ChXww\">@vinos.uribelarrea<\/a>&#8211; de la finca Don Atilio, en el Pueblo Tur\u00edstico de Uribelarrea, municipio de Ca\u00f1uelas.<\/p>\n<p dir=\"ltr\">All\u00ed se cultivan los varietales syrah, merlot, sauvignon blanc, pinot noir, y principalmente las uvas tintas tannat por su buena adaptaci\u00f3n al clima de la regi\u00f3n.<\/p>\n<p dir=\"ltr\">\u201cHace poco sumamos el pet nat -abreviatura del franc\u00e9s P\u00e9tillant Naturel-, un vino espumante bajo en contenido de alcohol, elaborado con el m\u00e9todo ancestral de fermentaci\u00f3n en botella. En la provincia de Buenos Aires somos los \u00fanicos que lo producimos\u201d, explic\u00f3 Spinazzola.<\/p>\n<p dir=\"ltr\">Y agreg\u00f3: \u201cNuestros vinos son naturales, con poca intervenci\u00f3n qu\u00edmica y muy bajos en sulfitos\u201d.<\/p>\n<p dir=\"ltr\">El s\u00e1bado 17 de septiembre se abrir\u00e1n las puertas de la finca para vivir una experiencia imperdible de enoturismo, que incluye recorrida por las plantaciones y degustar\u00e1n tres vinos con maridaje de quesos, fiambres, empanadas, dips y bruschettas. El evento requiere reserva anticipadas en v<a href=\"mailto:vinos.uribelarrea@gmail.com\" target=\"_blank\" rel=\"noopener\">inos.uribelarrea@gmail.com<\/a><\/p>\n<p><a title=\"Finca Don Atilio 2\" href=\"https:\/\/www.flickr.com\/photos\/182279889@N02\/52310789740\/in\/dateposted-public\/\" data-flickr-embed=\"true\"><img loading=\"lazy\" decoding=\"async\" src=\"https:\/\/live.staticflickr.com\/65535\/52310789740_9c8c875bec_c.jpg\" alt=\"Finca Don Atilio 2\" width=\"800\" height=\"686\" \/><\/a><script async src=\"\/\/embedr.flickr.com\/assets\/client-code.js\" charset=\"utf-8\"><\/script><\/p>\n<h4 dir=\"ltr\">Vi\u00f1edos de la serran\u00eda<\/h4>\n<p dir=\"ltr\">En la estancia La Catalina, al pie de las sierras de Pillahuinco, en el partido de Coronel Pringles, crecen los vi\u00f1edos de la bodega Myl Colores -IG: <a href=\"https:\/\/www.instagram.com\/mylcolores\/\" target=\"_blank\" rel=\"noopener\" data-saferedirecturl=\"https:\/\/www.google.com\/url?q=https:\/\/www.instagram.com\/mylcolores\/&amp;source=gmail&amp;ust=1661527434736000&amp;usg=AOvVaw1T8ZQCbGDKFK1YpOK60_V3\">@mylcolores<\/a>&#8211; sobre la ruta 51, a 30 kil\u00f3metros de la ciudad cabecera del municipio.<\/p>\n<p dir=\"ltr\">En la vi\u00f1a, que se encuentra a 303 metros de altura sobre el nivel del mar y a unos cien kil\u00f3metros en l\u00ednea recta del mar, las variedades plantadas son malbec, chardonnay, pinot noir y tannat.<\/p>\n<p dir=\"ltr\">La Casa de Campo de la estancia ofrece la posibilidad de alojarse frente a los vi\u00f1edos y disfrutar de una estad\u00eda relajada en las postales serranas.<\/p>\n<p dir=\"ltr\">Vinos que invitan a experiencias diferenciadas en paisajes bonaerenses \u00fanicos para disfrutar de momentos inolvidables.<\/p>\n<p><span id=\"m_-5942651826500383756m_-4199238118615612169gmail-docs-internal-guid-e3319fa2-7fff-a3c4-6e6f-a67d82784aab\"><\/span><span style=\"color: #666666; font-family: tahoma, sans-serif; font-size: large;\"><span style=\"color: #888888;\"><br \/>\n<\/span><\/span><span style=\"color: #888888;\"><br \/>\n<\/span><\/p>\n","protected":false},"excerpt":{"rendered":"<p>En Campana, Ca\u00f1uelas y Coronel Pringles se cultivan diferentes variedades de uvas con las que se elaboran excelentes vinos que tienen el sello distintivo de cada regi\u00f3n y donde las bodegas bonaerenses brindan inolvidables experiencias de enoturismo.<\/p>\n","protected":false},"author":3,"featured_media":76746,"comment_status":"closed","ping_status":"closed","sticky":false,"template":"","format":"standard","meta":{"footnotes":""},"categories":[26,33],"tags":[],"class_list":["post-76745","post","type-post","status-publish","format-standard","has-post-thumbnail","hentry","category-sociedad","category-turismo"],"yoast_head":"<!-- This site is optimized with the Yoast SEO plugin v25.9 - https:\/\/yoast.com\/wordpress\/plugins\/seo\/ -->\n<title>Tres bodegas para degustar los mejores vinos de la Provincia de Buenos Aires. - Noticias Radio Reflejos<\/title>\n<meta name=\"robots\" content=\"index, follow, max-snippet:-1, max-image-preview:large, max-video-preview:-1\" \/>\n<link rel=\"canonical\" href=\"https:\/\/www.noticiasradioreflejos.com.ar\/2021\/tres-bodegas-para-degustar-los-mejores-vinos-de-la-provincia-de-buenos-aires\/\" \/>\n<meta property=\"og:locale\" content=\"es_ES\" \/>\n<meta property=\"og:type\" content=\"article\" \/>\n<meta property=\"og:title\" content=\"Tres bodegas para degustar los mejores vinos de la Provincia de Buenos Aires. - Noticias Radio Reflejos\" \/>\n<meta property=\"og:description\" content=\"En Campana, Ca\u00f1uelas y Coronel Pringles se cultivan diferentes variedades de uvas con las que se elaboran excelentes vinos que tienen el sello distintivo de cada regi\u00f3n y donde las bodegas bonaerenses brindan inolvidables experiencias de enoturismo.\" \/>\n<meta property=\"og:url\" content=\"https:\/\/www.noticiasradioreflejos.com.ar\/2021\/tres-bodegas-para-degustar-los-mejores-vinos-de-la-provincia-de-buenos-aires\/\" \/>\n<meta property=\"og:site_name\" content=\"Noticias Radio Reflejos\" \/>\n<meta property=\"article:published_time\" content=\"2022-08-25T16:12:38+00:00\" \/>\n<meta property=\"og:image\" content=\"https:\/\/www.noticiasradioreflejos.com.ar\/2021\/wp-content\/uploads\/2022\/08\/Bodegas-Myl-Colores.jpg\" \/>\n\t<meta property=\"og:image:width\" content=\"1792\" \/>\n\t<meta property=\"og:image:height\" content=\"1536\" \/>\n\t<meta property=\"og:image:type\" content=\"image\/jpeg\" \/>\n<meta name=\"author\" content=\"Arnaldo Botto\" \/>\n<meta name=\"twitter:card\" content=\"summary_large_image\" \/>\n<script type=\"application\/ld+json\" class=\"yoast-schema-graph\">{\"@context\":\"https:\/\/schema.org\",\"@graph\":[{\"@type\":\"WebPage\",\"@id\":\"https:\/\/www.noticiasradioreflejos.com.ar\/2021\/tres-bodegas-para-degustar-los-mejores-vinos-de-la-provincia-de-buenos-aires\/\",\"url\":\"https:\/\/www.noticiasradioreflejos.com.ar\/2021\/tres-bodegas-para-degustar-los-mejores-vinos-de-la-provincia-de-buenos-aires\/\",\"name\":\"Tres bodegas para degustar los mejores vinos de la Provincia de Buenos Aires. - Noticias Radio Reflejos\",\"isPartOf\":{\"@id\":\"https:\/\/www.noticiasradioreflejos.com.ar\/2021\/#website\"},\"primaryImageOfPage\":{\"@id\":\"https:\/\/www.noticiasradioreflejos.com.ar\/2021\/tres-bodegas-para-degustar-los-mejores-vinos-de-la-provincia-de-buenos-aires\/#primaryimage\"},\"image\":{\"@id\":\"https:\/\/www.noticiasradioreflejos.com.ar\/2021\/tres-bodegas-para-degustar-los-mejores-vinos-de-la-provincia-de-buenos-aires\/#primaryimage\"},\"thumbnailUrl\":\"https:\/\/www.noticiasradioreflejos.com.ar\/2021\/wp-content\/uploads\/2022\/08\/Bodegas-Myl-Colores.jpg\",\"datePublished\":\"2022-08-25T16:12:38+00:00\",\"author\":{\"@id\":\"https:\/\/www.noticiasradioreflejos.com.ar\/2021\/#\/schema\/person\/ad82545263dcc5ec0996818884fd5fb1\"},\"breadcrumb\":{\"@id\":\"https:\/\/www.noticiasradioreflejos.com.ar\/2021\/tres-bodegas-para-degustar-los-mejores-vinos-de-la-provincia-de-buenos-aires\/#breadcrumb\"},\"inLanguage\":\"es\",\"potentialAction\":[{\"@type\":\"ReadAction\",\"target\":[\"https:\/\/www.noticiasradioreflejos.com.ar\/2021\/tres-bodegas-para-degustar-los-mejores-vinos-de-la-provincia-de-buenos-aires\/\"]}]},{\"@type\":\"ImageObject\",\"inLanguage\":\"es\",\"@id\":\"https:\/\/www.noticiasradioreflejos.com.ar\/2021\/tres-bodegas-para-degustar-los-mejores-vinos-de-la-provincia-de-buenos-aires\/#primaryimage\",\"url\":\"https:\/\/www.noticiasradioreflejos.com.ar\/2021\/wp-content\/uploads\/2022\/08\/Bodegas-Myl-Colores.jpg\",\"contentUrl\":\"https:\/\/www.noticiasradioreflejos.com.ar\/2021\/wp-content\/uploads\/2022\/08\/Bodegas-Myl-Colores.jpg\",\"width\":1792,\"height\":1536},{\"@type\":\"BreadcrumbList\",\"@id\":\"https:\/\/www.noticiasradioreflejos.com.ar\/2021\/tres-bodegas-para-degustar-los-mejores-vinos-de-la-provincia-de-buenos-aires\/#breadcrumb\",\"itemListElement\":[{\"@type\":\"ListItem\",\"position\":1,\"name\":\"Portada\",\"item\":\"https:\/\/www.noticiasradioreflejos.com.ar\/2021\/\"},{\"@type\":\"ListItem\",\"position\":2,\"name\":\"Tres bodegas para degustar los mejores vinos de la Provincia de Buenos Aires.\"}]},{\"@type\":\"WebSite\",\"@id\":\"https:\/\/www.noticiasradioreflejos.com.ar\/2021\/#website\",\"url\":\"https:\/\/www.noticiasradioreflejos.com.ar\/2021\/\",\"name\":\"Noticias Radio Reflejos\",\"description\":\"Las noticias de mi comarca\",\"potentialAction\":[{\"@type\":\"SearchAction\",\"target\":{\"@type\":\"EntryPoint\",\"urlTemplate\":\"https:\/\/www.noticiasradioreflejos.com.ar\/2021\/?s={search_term_string}\"},\"query-input\":{\"@type\":\"PropertyValueSpecification\",\"valueRequired\":true,\"valueName\":\"search_term_string\"}}],\"inLanguage\":\"es\"},{\"@type\":\"Person\",\"@id\":\"https:\/\/www.noticiasradioreflejos.com.ar\/2021\/#\/schema\/person\/ad82545263dcc5ec0996818884fd5fb1\",\"name\":\"Arnaldo Botto\",\"image\":{\"@type\":\"ImageObject\",\"inLanguage\":\"es\",\"@id\":\"https:\/\/www.noticiasradioreflejos.com.ar\/2021\/#\/schema\/person\/image\/\",\"url\":\"https:\/\/secure.gravatar.com\/avatar\/55cb5e37c1efa326397366e6974cb338056df65cb50e7d64d1cf314e87504837?s=96&d=mm&r=g\",\"contentUrl\":\"https:\/\/secure.gravatar.com\/avatar\/55cb5e37c1efa326397366e6974cb338056df65cb50e7d64d1cf314e87504837?s=96&d=mm&r=g\",\"caption\":\"Arnaldo Botto\"},\"url\":\"https:\/\/www.noticiasradioreflejos.com.ar\/2021\/author\/arnaldo\/\"}]}<\/script>\n<!-- \/ Yoast SEO plugin. -->","yoast_head_json":{"title":"Tres bodegas para degustar los mejores vinos de la Provincia de Buenos Aires. - Noticias Radio Reflejos","robots":{"index":"index","follow":"follow","max-snippet":"max-snippet:-1","max-image-preview":"max-image-preview:large","max-video-preview":"max-video-preview:-1"},"canonical":"https:\/\/www.noticiasradioreflejos.com.ar\/2021\/tres-bodegas-para-degustar-los-mejores-vinos-de-la-provincia-de-buenos-aires\/","og_locale":"es_ES","og_type":"article","og_title":"Tres bodegas para degustar los mejores vinos de la Provincia de Buenos Aires. - Noticias Radio Reflejos","og_description":"En Campana, Ca\u00f1uelas y Coronel Pringles se cultivan diferentes variedades de uvas con las que se elaboran excelentes vinos que tienen el sello distintivo de cada regi\u00f3n y donde las bodegas bonaerenses brindan inolvidables experiencias de enoturismo.","og_url":"https:\/\/www.noticiasradioreflejos.com.ar\/2021\/tres-bodegas-para-degustar-los-mejores-vinos-de-la-provincia-de-buenos-aires\/","og_site_name":"Noticias Radio Reflejos","article_published_time":"2022-08-25T16:12:38+00:00","og_image":[{"width":1792,"height":1536,"url":"https:\/\/www.noticiasradioreflejos.com.ar\/2021\/wp-content\/uploads\/2022\/08\/Bodegas-Myl-Colores.jpg","type":"image\/jpeg"}],"author":"Arnaldo Botto","twitter_card":"summary_large_image","schema":{"@context":"https:\/\/schema.org","@graph":[{"@type":"WebPage","@id":"https:\/\/www.noticiasradioreflejos.com.ar\/2021\/tres-bodegas-para-degustar-los-mejores-vinos-de-la-provincia-de-buenos-aires\/","url":"https:\/\/www.noticiasradioreflejos.com.ar\/2021\/tres-bodegas-para-degustar-los-mejores-vinos-de-la-provincia-de-buenos-aires\/","name":"Tres bodegas para degustar los mejores vinos de la Provincia de Buenos Aires. - Noticias Radio Reflejos","isPartOf":{"@id":"https:\/\/www.noticiasradioreflejos.com.ar\/2021\/#website"},"primaryImageOfPage":{"@id":"https:\/\/www.noticiasradioreflejos.com.ar\/2021\/tres-bodegas-para-degustar-los-mejores-vinos-de-la-provincia-de-buenos-aires\/#primaryimage"},"image":{"@id":"https:\/\/www.noticiasradioreflejos.com.ar\/2021\/tres-bodegas-para-degustar-los-mejores-vinos-de-la-provincia-de-buenos-aires\/#primaryimage"},"thumbnailUrl":"https:\/\/www.noticiasradioreflejos.com.ar\/2021\/wp-content\/uploads\/2022\/08\/Bodegas-Myl-Colores.jpg","datePublished":"2022-08-25T16:12:38+00:00","author":{"@id":"https:\/\/www.noticiasradioreflejos.com.ar\/2021\/#\/schema\/person\/ad82545263dcc5ec0996818884fd5fb1"},"breadcrumb":{"@id":"https:\/\/www.noticiasradioreflejos.com.ar\/2021\/tres-bodegas-para-degustar-los-mejores-vinos-de-la-provincia-de-buenos-aires\/#breadcrumb"},"inLanguage":"es","potentialAction":[{"@type":"ReadAction","target":["https:\/\/www.noticiasradioreflejos.com.ar\/2021\/tres-bodegas-para-degustar-los-mejores-vinos-de-la-provincia-de-buenos-aires\/"]}]},{"@type":"ImageObject","inLanguage":"es","@id":"https:\/\/www.noticiasradioreflejos.com.ar\/2021\/tres-bodegas-para-degustar-los-mejores-vinos-de-la-provincia-de-buenos-aires\/#primaryimage","url":"https:\/\/www.noticiasradioreflejos.com.ar\/2021\/wp-content\/uploads\/2022\/08\/Bodegas-Myl-Colores.jpg","contentUrl":"https:\/\/www.noticiasradioreflejos.com.ar\/2021\/wp-content\/uploads\/2022\/08\/Bodegas-Myl-Colores.jpg","width":1792,"height":1536},{"@type":"BreadcrumbList","@id":"https:\/\/www.noticiasradioreflejos.com.ar\/2021\/tres-bodegas-para-degustar-los-mejores-vinos-de-la-provincia-de-buenos-aires\/#breadcrumb","itemListElement":[{"@type":"ListItem","position":1,"name":"Portada","item":"https:\/\/www.noticiasradioreflejos.com.ar\/2021\/"},{"@type":"ListItem","position":2,"name":"Tres bodegas para degustar los mejores vinos de la Provincia de Buenos Aires."}]},{"@type":"WebSite","@id":"https:\/\/www.noticiasradioreflejos.com.ar\/2021\/#website","url":"https:\/\/www.noticiasradioreflejos.com.ar\/2021\/","name":"Noticias Radio Reflejos","description":"Las noticias de mi comarca","potentialAction":[{"@type":"SearchAction","target":{"@type":"EntryPoint","urlTemplate":"https:\/\/www.noticiasradioreflejos.com.ar\/2021\/?s={search_term_string}"},"query-input":{"@type":"PropertyValueSpecification","valueRequired":true,"valueName":"search_term_string"}}],"inLanguage":"es"},{"@type":"Person","@id":"https:\/\/www.noticiasradioreflejos.com.ar\/2021\/#\/schema\/person\/ad82545263dcc5ec0996818884fd5fb1","name":"Arnaldo Botto","image":{"@type":"ImageObject","inLanguage":"es","@id":"https:\/\/www.noticiasradioreflejos.com.ar\/2021\/#\/schema\/person\/image\/","url":"https:\/\/secure.gravatar.com\/avatar\/55cb5e37c1efa326397366e6974cb338056df65cb50e7d64d1cf314e87504837?s=96&d=mm&r=g","contentUrl":"https:\/\/secure.gravatar.com\/avatar\/55cb5e37c1efa326397366e6974cb338056df65cb50e7d64d1cf314e87504837?s=96&d=mm&r=g","caption":"Arnaldo Botto"},"url":"https:\/\/www.noticiasradioreflejos.com.ar\/2021\/author\/arnaldo\/"}]}},"_links":{"self":[{"href":"https:\/\/www.noticiasradioreflejos.com.ar\/2021\/wp-json\/wp\/v2\/posts\/76745","targetHints":{"allow":["GET"]}}],"collection":[{"href":"https:\/\/www.noticiasradioreflejos.com.ar\/2021\/wp-json\/wp\/v2\/posts"}],"about":[{"href":"https:\/\/www.noticiasradioreflejos.com.ar\/2021\/wp-json\/wp\/v2\/types\/post"}],"author":[{"embeddable":true,"href":"https:\/\/www.noticiasradioreflejos.com.ar\/2021\/wp-json\/wp\/v2\/users\/3"}],"replies":[{"embeddable":true,"href":"https:\/\/www.noticiasradioreflejos.com.ar\/2021\/wp-json\/wp\/v2\/comments?post=76745"}],"version-history":[{"count":1,"href":"https:\/\/www.noticiasradioreflejos.com.ar\/2021\/wp-json\/wp\/v2\/posts\/76745\/revisions"}],"predecessor-version":[{"id":76747,"href":"https:\/\/www.noticiasradioreflejos.com.ar\/2021\/wp-json\/wp\/v2\/posts\/76745\/revisions\/76747"}],"wp:featuredmedia":[{"embeddable":true,"href":"https:\/\/www.noticiasradioreflejos.com.ar\/2021\/wp-json\/wp\/v2\/media\/76746"}],"wp:attachment":[{"href":"https:\/\/www.noticiasradioreflejos.com.ar\/2021\/wp-json\/wp\/v2\/media?parent=76745"}],"wp:term":[{"taxonomy":"category","embeddable":true,"href":"https:\/\/www.noticiasradioreflejos.com.ar\/2021\/wp-json\/wp\/v2\/categories?post=76745"},{"taxonomy":"post_tag","embeddable":true,"href":"https:\/\/www.noticiasradioreflejos.com.ar\/2021\/wp-json\/wp\/v2\/tags?post=76745"}],"curies":[{"name":"wp","href":"https:\/\/api.w.org\/{rel}","templated":true}]}}