{"id":76729,"date":"2022-08-25T18:03:21","date_gmt":"2022-08-25T18:03:21","guid":{"rendered":"http:\/\/www.noticiasradioreflejos.com.ar\/2021\/?p=76729"},"modified":"2022-08-25T18:03:21","modified_gmt":"2022-08-25T18:03:21","slug":"el-fiscal-diego-luciani-le-contesto-al-presidente","status":"publish","type":"post","link":"https:\/\/www.noticiasradioreflejos.com.ar\/2021\/el-fiscal-diego-luciani-le-contesto-al-presidente\/","title":{"rendered":"El fiscal Diego Luciani le contest\u00f3 al Presidente"},"content":{"rendered":"<p>El fiscal que pidi\u00f3 12 a\u00f1os de prisi\u00f3n para Cristina Kirchner en la causa Vialidad dijo que Alberto Fern\u00e1ndez \u201cno debe olvidarse de que representa a toda la ciudadan\u00eda\u201d.<!--more--><\/p>\n<p>El fiscal federal Diego Luciani, que pidi\u00f3 12 a\u00f1os de prisi\u00f3n para Cristina Kirchner en el caso Vialidad, consider\u00f3 hoy \u201cpreocupante\u201d lo que dijo anoche sobre \u00e9l el presidente Alberto Fern\u00e1ndez, que critic\u00f3 su actuaci\u00f3n, lo compar\u00f3 con Alberto Nisman y manifest\u00f3 que esperaba que Luciani no se suicidara.<\/p>\n<p>\u201cEs preocupante el grave avasallamiento de las instituciones por parte de un Presidente de la Naci\u00f3n o el Ministro de Seguridad, que deber\u00edan ser los primeros en practicar los valores republicanos. No deben olvidarse de que representan a toda la ciudadan\u00eda&#8230;\u201d, dijo Luciani.<\/p>\n<p>El fiscal tiene custodia -reforzada desde que empez\u00f3 su alegato- de la Polic\u00eda Federal, que depende del ministro de Seguridad, An\u00edbal Fern\u00e1ndez, que ayer tuite\u00f3 fragmentos de la entrevista del Presidente en TN.<\/p>\n<p>Fue como parte de esa nota que Alberto Fern\u00e1ndez dijo, consultado sobre la seguridad del fiscal: \u201cAlentar la idea de que le puede pasar a Luciani lo que le pas\u00f3 a Nisman\u2026 hasta ac\u00e1 lo que le pas\u00f3 a Nisman es que se suicid\u00f3. Hasta ac\u00e1 no se prob\u00f3 otra cosa. Espero que no haga algo as\u00ed el fiscal Luciani\u201d. El Presidente, adem\u00e1s, opin\u00f3 sobre la marcha de la causa, defendi\u00f3 a la vicepresidenta y critic\u00f3 al fiscal: \u201cNo s\u00e9 c\u00f3mo es su calidad doctrinaria, lo que s\u00ed digo es que es de una debilidad todo lo que ha dicho\u201d, afirm\u00f3 sobre Luciani.<\/p>\n<p>Anoche, despu\u00e9s de esa entrevista, desde el Ministerio P\u00fablico Fiscal, encabezado por Eduardo Casal, llamaron por tel\u00e9fono a Luciani para darle \u201ctodo el apoyo institucional\u201d. En cambio, nadie del Gobierno se comunic\u00f3 en estos d\u00edas con el fiscal, relataron fuentes de la Procuraci\u00f3n.<\/p>\n<p>Fuente: La Naci\u00f3n.<\/p>\n","protected":false},"excerpt":{"rendered":"<p>El fiscal que pidi\u00f3 12 a\u00f1os de prisi\u00f3n para Cristina Kirchner en la causa Vialidad dijo que Alberto Fern\u00e1ndez \u201cno debe olvidarse de que representa a toda la ciudadan\u00eda\u201d.<\/p>\n","protected":false},"author":3,"featured_media":0,"comment_status":"closed","ping_status":"closed","sticky":false,"template":"","format":"standard","meta":{"footnotes":""},"categories":[24],"tags":[],"class_list":["post-76729","post","type-post","status-publish","format-standard","hentry","category-politica"],"yoast_head":"<!-- This site is optimized with the Yoast SEO plugin v25.9 - https:\/\/yoast.com\/wordpress\/plugins\/seo\/ -->\n<title>El fiscal Diego Luciani le contest\u00f3 al Presidente - Noticias Radio Reflejos<\/title>\n<meta name=\"robots\" content=\"index, follow, max-snippet:-1, max-image-preview:large, max-video-preview:-1\" \/>\n<link rel=\"canonical\" href=\"https:\/\/www.noticiasradioreflejos.com.ar\/2021\/el-fiscal-diego-luciani-le-contesto-al-presidente\/\" \/>\n<meta property=\"og:locale\" content=\"es_ES\" \/>\n<meta property=\"og:type\" content=\"article\" \/>\n<meta property=\"og:title\" content=\"El fiscal Diego Luciani le contest\u00f3 al Presidente - Noticias Radio Reflejos\" \/>\n<meta property=\"og:description\" content=\"El fiscal que pidi\u00f3 12 a\u00f1os de prisi\u00f3n para Cristina Kirchner en la causa Vialidad dijo que Alberto Fern\u00e1ndez \u201cno debe olvidarse de que representa a toda la ciudadan\u00eda\u201d.\" \/>\n<meta property=\"og:url\" content=\"https:\/\/www.noticiasradioreflejos.com.ar\/2021\/el-fiscal-diego-luciani-le-contesto-al-presidente\/\" \/>\n<meta property=\"og:site_name\" content=\"Noticias Radio Reflejos\" \/>\n<meta property=\"article:published_time\" content=\"2022-08-25T18:03:21+00:00\" \/>\n<meta property=\"og:image\" content=\"https:\/\/www.noticiasradioreflejos.com.ar\/2021\/wp-content\/uploads\/2021\/07\/logosol300x200.png\" \/>\n\t<meta property=\"og:image:width\" content=\"300\" \/>\n\t<meta property=\"og:image:height\" content=\"200\" \/>\n\t<meta property=\"og:image:type\" content=\"image\/png\" \/>\n<meta name=\"author\" content=\"Arnaldo Botto\" \/>\n<meta name=\"twitter:card\" content=\"summary_large_image\" \/>\n<script type=\"application\/ld+json\" class=\"yoast-schema-graph\">{\"@context\":\"https:\/\/schema.org\",\"@graph\":[{\"@type\":\"WebPage\",\"@id\":\"https:\/\/www.noticiasradioreflejos.com.ar\/2021\/el-fiscal-diego-luciani-le-contesto-al-presidente\/\",\"url\":\"https:\/\/www.noticiasradioreflejos.com.ar\/2021\/el-fiscal-diego-luciani-le-contesto-al-presidente\/\",\"name\":\"El fiscal Diego Luciani le contest\u00f3 al Presidente - Noticias Radio Reflejos\",\"isPartOf\":{\"@id\":\"https:\/\/www.noticiasradioreflejos.com.ar\/2021\/#website\"},\"datePublished\":\"2022-08-25T18:03:21+00:00\",\"author\":{\"@id\":\"https:\/\/www.noticiasradioreflejos.com.ar\/2021\/#\/schema\/person\/ad82545263dcc5ec0996818884fd5fb1\"},\"breadcrumb\":{\"@id\":\"https:\/\/www.noticiasradioreflejos.com.ar\/2021\/el-fiscal-diego-luciani-le-contesto-al-presidente\/#breadcrumb\"},\"inLanguage\":\"es\",\"potentialAction\":[{\"@type\":\"ReadAction\",\"target\":[\"https:\/\/www.noticiasradioreflejos.com.ar\/2021\/el-fiscal-diego-luciani-le-contesto-al-presidente\/\"]}]},{\"@type\":\"BreadcrumbList\",\"@id\":\"https:\/\/www.noticiasradioreflejos.com.ar\/2021\/el-fiscal-diego-luciani-le-contesto-al-presidente\/#breadcrumb\",\"itemListElement\":[{\"@type\":\"ListItem\",\"position\":1,\"name\":\"Portada\",\"item\":\"https:\/\/www.noticiasradioreflejos.com.ar\/2021\/\"},{\"@type\":\"ListItem\",\"position\":2,\"name\":\"El fiscal Diego Luciani le contest\u00f3 al Presidente\"}]},{\"@type\":\"WebSite\",\"@id\":\"https:\/\/www.noticiasradioreflejos.com.ar\/2021\/#website\",\"url\":\"https:\/\/www.noticiasradioreflejos.com.ar\/2021\/\",\"name\":\"Noticias Radio Reflejos\",\"description\":\"Las noticias de mi comarca\",\"potentialAction\":[{\"@type\":\"SearchAction\",\"target\":{\"@type\":\"EntryPoint\",\"urlTemplate\":\"https:\/\/www.noticiasradioreflejos.com.ar\/2021\/?s={search_term_string}\"},\"query-input\":{\"@type\":\"PropertyValueSpecification\",\"valueRequired\":true,\"valueName\":\"search_term_string\"}}],\"inLanguage\":\"es\"},{\"@type\":\"Person\",\"@id\":\"https:\/\/www.noticiasradioreflejos.com.ar\/2021\/#\/schema\/person\/ad82545263dcc5ec0996818884fd5fb1\",\"name\":\"Arnaldo Botto\",\"image\":{\"@type\":\"ImageObject\",\"inLanguage\":\"es\",\"@id\":\"https:\/\/www.noticiasradioreflejos.com.ar\/2021\/#\/schema\/person\/image\/\",\"url\":\"https:\/\/secure.gravatar.com\/avatar\/55cb5e37c1efa326397366e6974cb338056df65cb50e7d64d1cf314e87504837?s=96&d=mm&r=g\",\"contentUrl\":\"https:\/\/secure.gravatar.com\/avatar\/55cb5e37c1efa326397366e6974cb338056df65cb50e7d64d1cf314e87504837?s=96&d=mm&r=g\",\"caption\":\"Arnaldo Botto\"},\"url\":\"https:\/\/www.noticiasradioreflejos.com.ar\/2021\/author\/arnaldo\/\"}]}<\/script>\n<!-- \/ Yoast SEO plugin. -->","yoast_head_json":{"title":"El fiscal Diego Luciani le contest\u00f3 al Presidente - Noticias Radio Reflejos","robots":{"index":"index","follow":"follow","max-snippet":"max-snippet:-1","max-image-preview":"max-image-preview:large","max-video-preview":"max-video-preview:-1"},"canonical":"https:\/\/www.noticiasradioreflejos.com.ar\/2021\/el-fiscal-diego-luciani-le-contesto-al-presidente\/","og_locale":"es_ES","og_type":"article","og_title":"El fiscal Diego Luciani le contest\u00f3 al Presidente - Noticias Radio Reflejos","og_description":"El fiscal que pidi\u00f3 12 a\u00f1os de prisi\u00f3n para Cristina Kirchner en la causa Vialidad dijo que Alberto Fern\u00e1ndez \u201cno debe olvidarse de que representa a toda la ciudadan\u00eda\u201d.","og_url":"https:\/\/www.noticiasradioreflejos.com.ar\/2021\/el-fiscal-diego-luciani-le-contesto-al-presidente\/","og_site_name":"Noticias Radio Reflejos","article_published_time":"2022-08-25T18:03:21+00:00","og_image":[{"width":300,"height":200,"url":"https:\/\/www.noticiasradioreflejos.com.ar\/2021\/wp-content\/uploads\/2021\/07\/logosol300x200.png","type":"image\/png"}],"author":"Arnaldo Botto","twitter_card":"summary_large_image","schema":{"@context":"https:\/\/schema.org","@graph":[{"@type":"WebPage","@id":"https:\/\/www.noticiasradioreflejos.com.ar\/2021\/el-fiscal-diego-luciani-le-contesto-al-presidente\/","url":"https:\/\/www.noticiasradioreflejos.com.ar\/2021\/el-fiscal-diego-luciani-le-contesto-al-presidente\/","name":"El fiscal Diego Luciani le contest\u00f3 al Presidente - Noticias Radio Reflejos","isPartOf":{"@id":"https:\/\/www.noticiasradioreflejos.com.ar\/2021\/#website"},"datePublished":"2022-08-25T18:03:21+00:00","author":{"@id":"https:\/\/www.noticiasradioreflejos.com.ar\/2021\/#\/schema\/person\/ad82545263dcc5ec0996818884fd5fb1"},"breadcrumb":{"@id":"https:\/\/www.noticiasradioreflejos.com.ar\/2021\/el-fiscal-diego-luciani-le-contesto-al-presidente\/#breadcrumb"},"inLanguage":"es","potentialAction":[{"@type":"ReadAction","target":["https:\/\/www.noticiasradioreflejos.com.ar\/2021\/el-fiscal-diego-luciani-le-contesto-al-presidente\/"]}]},{"@type":"BreadcrumbList","@id":"https:\/\/www.noticiasradioreflejos.com.ar\/2021\/el-fiscal-diego-luciani-le-contesto-al-presidente\/#breadcrumb","itemListElement":[{"@type":"ListItem","position":1,"name":"Portada","item":"https:\/\/www.noticiasradioreflejos.com.ar\/2021\/"},{"@type":"ListItem","position":2,"name":"El fiscal Diego Luciani le contest\u00f3 al Presidente"}]},{"@type":"WebSite","@id":"https:\/\/www.noticiasradioreflejos.com.ar\/2021\/#website","url":"https:\/\/www.noticiasradioreflejos.com.ar\/2021\/","name":"Noticias Radio Reflejos","description":"Las noticias de mi comarca","potentialAction":[{"@type":"SearchAction","target":{"@type":"EntryPoint","urlTemplate":"https:\/\/www.noticiasradioreflejos.com.ar\/2021\/?s={search_term_string}"},"query-input":{"@type":"PropertyValueSpecification","valueRequired":true,"valueName":"search_term_string"}}],"inLanguage":"es"},{"@type":"Person","@id":"https:\/\/www.noticiasradioreflejos.com.ar\/2021\/#\/schema\/person\/ad82545263dcc5ec0996818884fd5fb1","name":"Arnaldo Botto","image":{"@type":"ImageObject","inLanguage":"es","@id":"https:\/\/www.noticiasradioreflejos.com.ar\/2021\/#\/schema\/person\/image\/","url":"https:\/\/secure.gravatar.com\/avatar\/55cb5e37c1efa326397366e6974cb338056df65cb50e7d64d1cf314e87504837?s=96&d=mm&r=g","contentUrl":"https:\/\/secure.gravatar.com\/avatar\/55cb5e37c1efa326397366e6974cb338056df65cb50e7d64d1cf314e87504837?s=96&d=mm&r=g","caption":"Arnaldo Botto"},"url":"https:\/\/www.noticiasradioreflejos.com.ar\/2021\/author\/arnaldo\/"}]}},"_links":{"self":[{"href":"https:\/\/www.noticiasradioreflejos.com.ar\/2021\/wp-json\/wp\/v2\/posts\/76729","targetHints":{"allow":["GET"]}}],"collection":[{"href":"https:\/\/www.noticiasradioreflejos.com.ar\/2021\/wp-json\/wp\/v2\/posts"}],"about":[{"href":"https:\/\/www.noticiasradioreflejos.com.ar\/2021\/wp-json\/wp\/v2\/types\/post"}],"author":[{"embeddable":true,"href":"https:\/\/www.noticiasradioreflejos.com.ar\/2021\/wp-json\/wp\/v2\/users\/3"}],"replies":[{"embeddable":true,"href":"https:\/\/www.noticiasradioreflejos.com.ar\/2021\/wp-json\/wp\/v2\/comments?post=76729"}],"version-history":[{"count":2,"href":"https:\/\/www.noticiasradioreflejos.com.ar\/2021\/wp-json\/wp\/v2\/posts\/76729\/revisions"}],"predecessor-version":[{"id":76780,"href":"https:\/\/www.noticiasradioreflejos.com.ar\/2021\/wp-json\/wp\/v2\/posts\/76729\/revisions\/76780"}],"wp:attachment":[{"href":"https:\/\/www.noticiasradioreflejos.com.ar\/2021\/wp-json\/wp\/v2\/media?parent=76729"}],"wp:term":[{"taxonomy":"category","embeddable":true,"href":"https:\/\/www.noticiasradioreflejos.com.ar\/2021\/wp-json\/wp\/v2\/categories?post=76729"},{"taxonomy":"post_tag","embeddable":true,"href":"https:\/\/www.noticiasradioreflejos.com.ar\/2021\/wp-json\/wp\/v2\/tags?post=76729"}],"curies":[{"name":"wp","href":"https:\/\/api.w.org\/{rel}","templated":true}]}}