{"id":76727,"date":"2022-08-25T17:59:19","date_gmt":"2022-08-25T17:59:19","guid":{"rendered":"http:\/\/www.noticiasradioreflejos.com.ar\/2021\/?p=76727"},"modified":"2022-08-25T17:59:19","modified_gmt":"2022-08-25T17:59:19","slug":"alberto-fernandez-tras-sus-polemicos-dichos-la-pregunta-me-sorprendio","status":"publish","type":"post","link":"https:\/\/www.noticiasradioreflejos.com.ar\/2021\/alberto-fernandez-tras-sus-polemicos-dichos-la-pregunta-me-sorprendio\/","title":{"rendered":"Alberto Fern\u00e1ndez, tras sus pol\u00e9micos dichos: \u00abLa pregunta me sorprendi\u00f3\u00bb"},"content":{"rendered":"<p>El Presidente sostuvo que el fiscal de la causa Vialidad \u201ctiene que estar tranquilo\u201d porque \u201cno recibi\u00f3 ning\u00fan llamado ni presi\u00f3n del gobierno nacional\u201d.<!--more--><\/p>\n<p>Despu\u00e9s del repudio que recibi\u00f3 por sus pol\u00e9micos dichos de anoche, el presidente Alberto Fern\u00e1ndez busc\u00f3 aclararlos esta ma\u00f1ana, aunque sostuvo parte de su postura. \u201c[Alberto] Nisman se suicid\u00f3 y no encuentro ning\u00fan motivo para que eso ocurra con [Diego] Luciani\u201d, asever\u00f3 el mandatario hoy. Asimismo, afirm\u00f3 que el magistrado que acus\u00f3 a la vicepresidenta Cristina Kirchner en la causa Vialidad \u201ctiene que estar tranquilo\u201d porque \u201cno recibi\u00f3 ning\u00fan llamado ni presi\u00f3n del gobierno nacional\u201d.<\/p>\n<p>El mandatario intent\u00f3 explicar que a Nisman no lo introdujo \u00e9l, sino que lo hicieron los periodistas de TN con la pregunta. Aleg\u00f3 tambi\u00e9n que ese cuestionamiento \u201clo sorprendi\u00f3\u201d y que hubo una \u201cenorme tergiversaci\u00f3n\u201d de lo que dijo. \u201cAparece el nombre de Nisman porque fue parte de la pregunta concreta: \u2018\u00bfNo tiene miedo que le pase lo mismo que a Nisman?\u2019. Fue una pregunta que me sorprendi\u00f3. Dije: \u2018\u00bfQu\u00e9 tiene que ver Nisman en todo esto?\u2019\u201d, cont\u00f3. E incluso marc\u00f3 que su respuesta \u201cpone en crisis un relato del medio\u201d en el que particip\u00f3 anoche.<\/p>\n<p>Esto \u00faltimo fue en relaci\u00f3n con la car\u00e1tula que investiga la muerte del fiscal de la causa AMIA, ya que aunque el Presidente habl\u00f3 para volver sobre sus dichos, se mostr\u00f3 firme con su teor\u00eda de que Nisman se suicid\u00f3. \u201cHasta Netflix le dedic\u00f3 seis cap\u00edtulos al tema y sac\u00f3 m\u00e1s o menos la misma conclusi\u00f3n\u201d, desliz\u00f3 y acot\u00f3: \u201cMuchos sectores insisten en decir que lo de Nisman fue un homicidio y no hay ninguna prueba que diga semejante cosa. Entiendo que desbaratar el relato los complique, pero habl\u00e9 de lo que veo\u201d.<\/p>\n<p>Fern\u00e1ndez plante\u00f3, adem\u00e1s, que \u201cla Justicia no ha dicho otra cosa\u201d y que \u201cla persona procesada\u201d [por Diego Lagomarsino], lo est\u00e1 debido a haberle dado el arma, pero no acusado de homicidio.<\/p>\n<p>Fuente: La Naci\u00f3n.<\/p>\n","protected":false},"excerpt":{"rendered":"<p>El Presidente sostuvo que el fiscal de la causa Vialidad \u201ctiene que estar tranquilo\u201d porque \u201cno recibi\u00f3 ning\u00fan llamado ni presi\u00f3n del gobierno nacional\u201d.<\/p>\n","protected":false},"author":3,"featured_media":0,"comment_status":"closed","ping_status":"closed","sticky":false,"template":"","format":"standard","meta":{"footnotes":""},"categories":[24],"tags":[],"class_list":["post-76727","post","type-post","status-publish","format-standard","hentry","category-politica"],"yoast_head":"<!-- This site is optimized with the Yoast SEO plugin v25.9 - https:\/\/yoast.com\/wordpress\/plugins\/seo\/ -->\n<title>Alberto Fern\u00e1ndez, tras sus pol\u00e9micos dichos: &quot;La pregunta me sorprendi\u00f3&quot; - Noticias Radio Reflejos<\/title>\n<meta name=\"robots\" content=\"index, follow, max-snippet:-1, max-image-preview:large, max-video-preview:-1\" \/>\n<link rel=\"canonical\" href=\"https:\/\/www.noticiasradioreflejos.com.ar\/2021\/alberto-fernandez-tras-sus-polemicos-dichos-la-pregunta-me-sorprendio\/\" \/>\n<meta property=\"og:locale\" content=\"es_ES\" \/>\n<meta property=\"og:type\" content=\"article\" \/>\n<meta property=\"og:title\" content=\"Alberto Fern\u00e1ndez, tras sus pol\u00e9micos dichos: &quot;La pregunta me sorprendi\u00f3&quot; - Noticias Radio Reflejos\" \/>\n<meta property=\"og:description\" content=\"El Presidente sostuvo que el fiscal de la causa Vialidad \u201ctiene que estar tranquilo\u201d porque \u201cno recibi\u00f3 ning\u00fan llamado ni presi\u00f3n del gobierno nacional\u201d.\" \/>\n<meta property=\"og:url\" content=\"https:\/\/www.noticiasradioreflejos.com.ar\/2021\/alberto-fernandez-tras-sus-polemicos-dichos-la-pregunta-me-sorprendio\/\" \/>\n<meta property=\"og:site_name\" content=\"Noticias Radio Reflejos\" \/>\n<meta property=\"article:published_time\" content=\"2022-08-25T17:59:19+00:00\" \/>\n<meta property=\"og:image\" content=\"https:\/\/www.noticiasradioreflejos.com.ar\/2021\/wp-content\/uploads\/2021\/07\/logosol300x200.png\" \/>\n\t<meta property=\"og:image:width\" content=\"300\" \/>\n\t<meta property=\"og:image:height\" content=\"200\" \/>\n\t<meta property=\"og:image:type\" content=\"image\/png\" \/>\n<meta name=\"author\" content=\"Arnaldo Botto\" \/>\n<meta name=\"twitter:card\" content=\"summary_large_image\" \/>\n<script type=\"application\/ld+json\" class=\"yoast-schema-graph\">{\"@context\":\"https:\/\/schema.org\",\"@graph\":[{\"@type\":\"WebPage\",\"@id\":\"https:\/\/www.noticiasradioreflejos.com.ar\/2021\/alberto-fernandez-tras-sus-polemicos-dichos-la-pregunta-me-sorprendio\/\",\"url\":\"https:\/\/www.noticiasradioreflejos.com.ar\/2021\/alberto-fernandez-tras-sus-polemicos-dichos-la-pregunta-me-sorprendio\/\",\"name\":\"Alberto Fern\u00e1ndez, tras sus pol\u00e9micos dichos: \\\"La pregunta me sorprendi\u00f3\\\" - Noticias Radio Reflejos\",\"isPartOf\":{\"@id\":\"https:\/\/www.noticiasradioreflejos.com.ar\/2021\/#website\"},\"datePublished\":\"2022-08-25T17:59:19+00:00\",\"author\":{\"@id\":\"https:\/\/www.noticiasradioreflejos.com.ar\/2021\/#\/schema\/person\/ad82545263dcc5ec0996818884fd5fb1\"},\"breadcrumb\":{\"@id\":\"https:\/\/www.noticiasradioreflejos.com.ar\/2021\/alberto-fernandez-tras-sus-polemicos-dichos-la-pregunta-me-sorprendio\/#breadcrumb\"},\"inLanguage\":\"es\",\"potentialAction\":[{\"@type\":\"ReadAction\",\"target\":[\"https:\/\/www.noticiasradioreflejos.com.ar\/2021\/alberto-fernandez-tras-sus-polemicos-dichos-la-pregunta-me-sorprendio\/\"]}]},{\"@type\":\"BreadcrumbList\",\"@id\":\"https:\/\/www.noticiasradioreflejos.com.ar\/2021\/alberto-fernandez-tras-sus-polemicos-dichos-la-pregunta-me-sorprendio\/#breadcrumb\",\"itemListElement\":[{\"@type\":\"ListItem\",\"position\":1,\"name\":\"Portada\",\"item\":\"https:\/\/www.noticiasradioreflejos.com.ar\/2021\/\"},{\"@type\":\"ListItem\",\"position\":2,\"name\":\"Alberto Fern\u00e1ndez, tras sus pol\u00e9micos dichos: \u00abLa pregunta me sorprendi\u00f3\u00bb\"}]},{\"@type\":\"WebSite\",\"@id\":\"https:\/\/www.noticiasradioreflejos.com.ar\/2021\/#website\",\"url\":\"https:\/\/www.noticiasradioreflejos.com.ar\/2021\/\",\"name\":\"Noticias Radio Reflejos\",\"description\":\"Las noticias de mi comarca\",\"potentialAction\":[{\"@type\":\"SearchAction\",\"target\":{\"@type\":\"EntryPoint\",\"urlTemplate\":\"https:\/\/www.noticiasradioreflejos.com.ar\/2021\/?s={search_term_string}\"},\"query-input\":{\"@type\":\"PropertyValueSpecification\",\"valueRequired\":true,\"valueName\":\"search_term_string\"}}],\"inLanguage\":\"es\"},{\"@type\":\"Person\",\"@id\":\"https:\/\/www.noticiasradioreflejos.com.ar\/2021\/#\/schema\/person\/ad82545263dcc5ec0996818884fd5fb1\",\"name\":\"Arnaldo Botto\",\"image\":{\"@type\":\"ImageObject\",\"inLanguage\":\"es\",\"@id\":\"https:\/\/www.noticiasradioreflejos.com.ar\/2021\/#\/schema\/person\/image\/\",\"url\":\"https:\/\/secure.gravatar.com\/avatar\/55cb5e37c1efa326397366e6974cb338056df65cb50e7d64d1cf314e87504837?s=96&d=mm&r=g\",\"contentUrl\":\"https:\/\/secure.gravatar.com\/avatar\/55cb5e37c1efa326397366e6974cb338056df65cb50e7d64d1cf314e87504837?s=96&d=mm&r=g\",\"caption\":\"Arnaldo Botto\"},\"url\":\"https:\/\/www.noticiasradioreflejos.com.ar\/2021\/author\/arnaldo\/\"}]}<\/script>\n<!-- \/ Yoast SEO plugin. -->","yoast_head_json":{"title":"Alberto Fern\u00e1ndez, tras sus pol\u00e9micos dichos: \"La pregunta me sorprendi\u00f3\" - Noticias Radio Reflejos","robots":{"index":"index","follow":"follow","max-snippet":"max-snippet:-1","max-image-preview":"max-image-preview:large","max-video-preview":"max-video-preview:-1"},"canonical":"https:\/\/www.noticiasradioreflejos.com.ar\/2021\/alberto-fernandez-tras-sus-polemicos-dichos-la-pregunta-me-sorprendio\/","og_locale":"es_ES","og_type":"article","og_title":"Alberto Fern\u00e1ndez, tras sus pol\u00e9micos dichos: \"La pregunta me sorprendi\u00f3\" - Noticias Radio Reflejos","og_description":"El Presidente sostuvo que el fiscal de la causa Vialidad \u201ctiene que estar tranquilo\u201d porque \u201cno recibi\u00f3 ning\u00fan llamado ni presi\u00f3n del gobierno nacional\u201d.","og_url":"https:\/\/www.noticiasradioreflejos.com.ar\/2021\/alberto-fernandez-tras-sus-polemicos-dichos-la-pregunta-me-sorprendio\/","og_site_name":"Noticias Radio Reflejos","article_published_time":"2022-08-25T17:59:19+00:00","og_image":[{"width":300,"height":200,"url":"https:\/\/www.noticiasradioreflejos.com.ar\/2021\/wp-content\/uploads\/2021\/07\/logosol300x200.png","type":"image\/png"}],"author":"Arnaldo Botto","twitter_card":"summary_large_image","schema":{"@context":"https:\/\/schema.org","@graph":[{"@type":"WebPage","@id":"https:\/\/www.noticiasradioreflejos.com.ar\/2021\/alberto-fernandez-tras-sus-polemicos-dichos-la-pregunta-me-sorprendio\/","url":"https:\/\/www.noticiasradioreflejos.com.ar\/2021\/alberto-fernandez-tras-sus-polemicos-dichos-la-pregunta-me-sorprendio\/","name":"Alberto Fern\u00e1ndez, tras sus pol\u00e9micos dichos: \"La pregunta me sorprendi\u00f3\" - Noticias Radio Reflejos","isPartOf":{"@id":"https:\/\/www.noticiasradioreflejos.com.ar\/2021\/#website"},"datePublished":"2022-08-25T17:59:19+00:00","author":{"@id":"https:\/\/www.noticiasradioreflejos.com.ar\/2021\/#\/schema\/person\/ad82545263dcc5ec0996818884fd5fb1"},"breadcrumb":{"@id":"https:\/\/www.noticiasradioreflejos.com.ar\/2021\/alberto-fernandez-tras-sus-polemicos-dichos-la-pregunta-me-sorprendio\/#breadcrumb"},"inLanguage":"es","potentialAction":[{"@type":"ReadAction","target":["https:\/\/www.noticiasradioreflejos.com.ar\/2021\/alberto-fernandez-tras-sus-polemicos-dichos-la-pregunta-me-sorprendio\/"]}]},{"@type":"BreadcrumbList","@id":"https:\/\/www.noticiasradioreflejos.com.ar\/2021\/alberto-fernandez-tras-sus-polemicos-dichos-la-pregunta-me-sorprendio\/#breadcrumb","itemListElement":[{"@type":"ListItem","position":1,"name":"Portada","item":"https:\/\/www.noticiasradioreflejos.com.ar\/2021\/"},{"@type":"ListItem","position":2,"name":"Alberto Fern\u00e1ndez, tras sus pol\u00e9micos dichos: \u00abLa pregunta me sorprendi\u00f3\u00bb"}]},{"@type":"WebSite","@id":"https:\/\/www.noticiasradioreflejos.com.ar\/2021\/#website","url":"https:\/\/www.noticiasradioreflejos.com.ar\/2021\/","name":"Noticias Radio Reflejos","description":"Las noticias de mi comarca","potentialAction":[{"@type":"SearchAction","target":{"@type":"EntryPoint","urlTemplate":"https:\/\/www.noticiasradioreflejos.com.ar\/2021\/?s={search_term_string}"},"query-input":{"@type":"PropertyValueSpecification","valueRequired":true,"valueName":"search_term_string"}}],"inLanguage":"es"},{"@type":"Person","@id":"https:\/\/www.noticiasradioreflejos.com.ar\/2021\/#\/schema\/person\/ad82545263dcc5ec0996818884fd5fb1","name":"Arnaldo Botto","image":{"@type":"ImageObject","inLanguage":"es","@id":"https:\/\/www.noticiasradioreflejos.com.ar\/2021\/#\/schema\/person\/image\/","url":"https:\/\/secure.gravatar.com\/avatar\/55cb5e37c1efa326397366e6974cb338056df65cb50e7d64d1cf314e87504837?s=96&d=mm&r=g","contentUrl":"https:\/\/secure.gravatar.com\/avatar\/55cb5e37c1efa326397366e6974cb338056df65cb50e7d64d1cf314e87504837?s=96&d=mm&r=g","caption":"Arnaldo Botto"},"url":"https:\/\/www.noticiasradioreflejos.com.ar\/2021\/author\/arnaldo\/"}]}},"_links":{"self":[{"href":"https:\/\/www.noticiasradioreflejos.com.ar\/2021\/wp-json\/wp\/v2\/posts\/76727","targetHints":{"allow":["GET"]}}],"collection":[{"href":"https:\/\/www.noticiasradioreflejos.com.ar\/2021\/wp-json\/wp\/v2\/posts"}],"about":[{"href":"https:\/\/www.noticiasradioreflejos.com.ar\/2021\/wp-json\/wp\/v2\/types\/post"}],"author":[{"embeddable":true,"href":"https:\/\/www.noticiasradioreflejos.com.ar\/2021\/wp-json\/wp\/v2\/users\/3"}],"replies":[{"embeddable":true,"href":"https:\/\/www.noticiasradioreflejos.com.ar\/2021\/wp-json\/wp\/v2\/comments?post=76727"}],"version-history":[{"count":2,"href":"https:\/\/www.noticiasradioreflejos.com.ar\/2021\/wp-json\/wp\/v2\/posts\/76727\/revisions"}],"predecessor-version":[{"id":76779,"href":"https:\/\/www.noticiasradioreflejos.com.ar\/2021\/wp-json\/wp\/v2\/posts\/76727\/revisions\/76779"}],"wp:attachment":[{"href":"https:\/\/www.noticiasradioreflejos.com.ar\/2021\/wp-json\/wp\/v2\/media?parent=76727"}],"wp:term":[{"taxonomy":"category","embeddable":true,"href":"https:\/\/www.noticiasradioreflejos.com.ar\/2021\/wp-json\/wp\/v2\/categories?post=76727"},{"taxonomy":"post_tag","embeddable":true,"href":"https:\/\/www.noticiasradioreflejos.com.ar\/2021\/wp-json\/wp\/v2\/tags?post=76727"}],"curies":[{"name":"wp","href":"https:\/\/api.w.org\/{rel}","templated":true}]}}