{"id":76725,"date":"2022-08-25T17:50:51","date_gmt":"2022-08-25T17:50:51","guid":{"rendered":"http:\/\/www.noticiasradioreflejos.com.ar\/2021\/?p=76725"},"modified":"2022-08-25T17:50:51","modified_gmt":"2022-08-25T17:50:51","slug":"mitos-y-verdades-del-album-del-mundial-de-qatar-2022","status":"publish","type":"post","link":"https:\/\/www.noticiasradioreflejos.com.ar\/2021\/mitos-y-verdades-del-album-del-mundial-de-qatar-2022\/","title":{"rendered":"Mitos y verdades del \u00e1lbum del Mundial de Qatar 2022"},"content":{"rendered":"<p>Como ya es una costumbre cada cuatro a\u00f1os, el furor de los coleccionistas se desat\u00f3 de cara a la Copa del Mundo.<!--more--><\/p>\n<p>Cualquiera que alguna vez se haya lanzado a la aventura de completar un \u00e1lbum no puede escapar al mito que atraviesa a todas las generaciones: la figurita dif\u00edcil. La leyenda urbana siempre apunt\u00f3 a que hab\u00eda un cromo que era casi imposible de conseguir \u2013si lo sabr\u00e9 yo que todav\u00eda tengo incompleto el de Francia 98 por culpa del mediocampista marroqu\u00ed Sa\u00efd Chiba\u2013, aunque desde la empresa desmintieron rotundamente esta teor\u00eda que se extiende en cada aparici\u00f3n de un \u00e1lbum.<\/p>\n<p>\u201cLa figurita dif\u00edcil es un mito. Se imprime la misma cantidad de todas las figuritas que integran un \u00e1lbum. Todas las figuritas est\u00e1n en circulaci\u00f3n desde el primer d\u00eda, con el lanzamiento del \u00e1lbum, se lanzan todas las figuritas que lo completan\u201d, le dijo a Infobae Nicol\u00e1s Sallustro, gerente del \u00e1rea de marketing de la filial Argentina de Panini, la empresa italiana que en el Mundial de M\u00e9xico 70 inici\u00f3 su desembarco m\u00e1s fuerte en el mundo de los coleccionables hasta la actualidad.<\/p>\n<p>A un precio sugerido de $750 el \u00e1lbum ($3000 el de tapa dura) y $150 cada paquete de figuritas, tambi\u00e9n est\u00e1 la posibilidad de llenar el \u00e1lbum virtual por intermedio de la aplicaci\u00f3n que entregar\u00e1 dos sobres gratis con cinco figuritas cada uno a diario. \u00bfY las repetidas? Se podr\u00e1n cambiar en ese mismo sistema de manera virtual.<\/p>\n<p>Uno de los grandes debates que siempre estuvo instalado entre los coleccionistas del formato f\u00edsico es si existe la v\u00eda para pedirle a la empresa las figuritas que faltan cuando quedan unos pocos espacios sin completar en el \u00e1lbum: \u201cS\u00ed, es correcto, se pueden pedir online en la secci\u00f3n \u2018servicio \u00e1lbum lleno\u2019\u201d, confirmaron.<\/p>\n<p>Habr\u00e1 que tener la fortuna de nuestro lado para poder llenar los 638 espacios libres que tienen como protagonistas a 18 jugadores m\u00e1s el escudo de los pa\u00edses en cada hoja dedicada a los clasificados para el torneo. Pero m\u00e1s all\u00e1 de las selecciones tambi\u00e9n est\u00e1n la pelota oficial, el logo del organizador, la Copa del Mundo, la mascota, los estadios donde se desarrollar\u00e1 el torneo y algunos equipos campeones del certamen. Si no tocaran repetidas \u2013algo absolutamente irreal\u2013, se necesitar\u00edan de base unos 128 paquetes (traen cinco figuritas cada uno) para poder llenarlo, lo que significar\u00eda un presupuesto inicial de unos $20.000.<\/p>\n<p>El detalle es que existen dos versiones distintas del \u00e1lbum a nivel mundial \u201caunque muy similares\u201d. La diferencia es que en las filiales de M\u00e9xico, Brasil y Chile \u2013por ejemplo\u2013 hay 670 figuritas a conseguir en vez de las 638 del mercado argentino.<\/p>\n<p>Los planteles coleccionables tendr\u00e1n 18 futbolistas, es decir que al menos ocho de los citados a la Copa del Mundo se quedar\u00e1n afuera m\u00e1s all\u00e1 de que tambi\u00e9n siempre est\u00e1 abierta la ventana para la figurita de los que finalmente no son convocados. \u201dTenemos un equipo editorial experto en f\u00fatbol que elige los jugadores en base a las performances actuales de los jugadores en los clubes, historia y momento actual en la selecci\u00f3n, probabilidad de ser convocado, etc\u00e9tera\u2026 Muchas veces resultan decisiones muy dif\u00edciles ya que algunas selecciones tienen grupos muy consolidados\u201d, explic\u00f3 Sallustro.<\/p>\n<p>Fuente: Infobae.<\/p>\n","protected":false},"excerpt":{"rendered":"<p>Como ya es una costumbre cada cuatro a\u00f1os, el furor de los coleccionistas se desat\u00f3 de cara a la Copa del Mundo.<\/p>\n","protected":false},"author":3,"featured_media":0,"comment_status":"closed","ping_status":"closed","sticky":false,"template":"","format":"standard","meta":{"footnotes":""},"categories":[27,26],"tags":[],"class_list":["post-76725","post","type-post","status-publish","format-standard","hentry","category-deportes","category-sociedad"],"yoast_head":"<!-- This site is optimized with the Yoast SEO plugin v25.9 - https:\/\/yoast.com\/wordpress\/plugins\/seo\/ -->\n<title>Mitos y verdades del \u00e1lbum del Mundial de Qatar 2022 - Noticias Radio Reflejos<\/title>\n<meta name=\"robots\" content=\"index, follow, max-snippet:-1, max-image-preview:large, max-video-preview:-1\" \/>\n<link rel=\"canonical\" href=\"https:\/\/www.noticiasradioreflejos.com.ar\/2021\/mitos-y-verdades-del-album-del-mundial-de-qatar-2022\/\" \/>\n<meta property=\"og:locale\" content=\"es_ES\" \/>\n<meta property=\"og:type\" content=\"article\" \/>\n<meta property=\"og:title\" content=\"Mitos y verdades del \u00e1lbum del Mundial de Qatar 2022 - Noticias Radio Reflejos\" \/>\n<meta property=\"og:description\" content=\"Como ya es una costumbre cada cuatro a\u00f1os, el furor de los coleccionistas se desat\u00f3 de cara a la Copa del Mundo.\" \/>\n<meta property=\"og:url\" content=\"https:\/\/www.noticiasradioreflejos.com.ar\/2021\/mitos-y-verdades-del-album-del-mundial-de-qatar-2022\/\" \/>\n<meta property=\"og:site_name\" content=\"Noticias Radio Reflejos\" \/>\n<meta property=\"article:published_time\" content=\"2022-08-25T17:50:51+00:00\" \/>\n<meta property=\"og:image\" content=\"https:\/\/www.noticiasradioreflejos.com.ar\/2021\/wp-content\/uploads\/2021\/07\/logosol300x200.png\" \/>\n\t<meta property=\"og:image:width\" content=\"300\" \/>\n\t<meta property=\"og:image:height\" content=\"200\" \/>\n\t<meta property=\"og:image:type\" content=\"image\/png\" \/>\n<meta name=\"author\" content=\"Arnaldo Botto\" \/>\n<meta name=\"twitter:card\" content=\"summary_large_image\" \/>\n<script type=\"application\/ld+json\" class=\"yoast-schema-graph\">{\"@context\":\"https:\/\/schema.org\",\"@graph\":[{\"@type\":\"WebPage\",\"@id\":\"https:\/\/www.noticiasradioreflejos.com.ar\/2021\/mitos-y-verdades-del-album-del-mundial-de-qatar-2022\/\",\"url\":\"https:\/\/www.noticiasradioreflejos.com.ar\/2021\/mitos-y-verdades-del-album-del-mundial-de-qatar-2022\/\",\"name\":\"Mitos y verdades del \u00e1lbum del Mundial de Qatar 2022 - Noticias Radio Reflejos\",\"isPartOf\":{\"@id\":\"https:\/\/www.noticiasradioreflejos.com.ar\/2021\/#website\"},\"datePublished\":\"2022-08-25T17:50:51+00:00\",\"author\":{\"@id\":\"https:\/\/www.noticiasradioreflejos.com.ar\/2021\/#\/schema\/person\/ad82545263dcc5ec0996818884fd5fb1\"},\"breadcrumb\":{\"@id\":\"https:\/\/www.noticiasradioreflejos.com.ar\/2021\/mitos-y-verdades-del-album-del-mundial-de-qatar-2022\/#breadcrumb\"},\"inLanguage\":\"es\",\"potentialAction\":[{\"@type\":\"ReadAction\",\"target\":[\"https:\/\/www.noticiasradioreflejos.com.ar\/2021\/mitos-y-verdades-del-album-del-mundial-de-qatar-2022\/\"]}]},{\"@type\":\"BreadcrumbList\",\"@id\":\"https:\/\/www.noticiasradioreflejos.com.ar\/2021\/mitos-y-verdades-del-album-del-mundial-de-qatar-2022\/#breadcrumb\",\"itemListElement\":[{\"@type\":\"ListItem\",\"position\":1,\"name\":\"Portada\",\"item\":\"https:\/\/www.noticiasradioreflejos.com.ar\/2021\/\"},{\"@type\":\"ListItem\",\"position\":2,\"name\":\"Mitos y verdades del \u00e1lbum del Mundial de Qatar 2022\"}]},{\"@type\":\"WebSite\",\"@id\":\"https:\/\/www.noticiasradioreflejos.com.ar\/2021\/#website\",\"url\":\"https:\/\/www.noticiasradioreflejos.com.ar\/2021\/\",\"name\":\"Noticias Radio Reflejos\",\"description\":\"Las noticias de mi comarca\",\"potentialAction\":[{\"@type\":\"SearchAction\",\"target\":{\"@type\":\"EntryPoint\",\"urlTemplate\":\"https:\/\/www.noticiasradioreflejos.com.ar\/2021\/?s={search_term_string}\"},\"query-input\":{\"@type\":\"PropertyValueSpecification\",\"valueRequired\":true,\"valueName\":\"search_term_string\"}}],\"inLanguage\":\"es\"},{\"@type\":\"Person\",\"@id\":\"https:\/\/www.noticiasradioreflejos.com.ar\/2021\/#\/schema\/person\/ad82545263dcc5ec0996818884fd5fb1\",\"name\":\"Arnaldo Botto\",\"image\":{\"@type\":\"ImageObject\",\"inLanguage\":\"es\",\"@id\":\"https:\/\/www.noticiasradioreflejos.com.ar\/2021\/#\/schema\/person\/image\/\",\"url\":\"https:\/\/secure.gravatar.com\/avatar\/55cb5e37c1efa326397366e6974cb338056df65cb50e7d64d1cf314e87504837?s=96&d=mm&r=g\",\"contentUrl\":\"https:\/\/secure.gravatar.com\/avatar\/55cb5e37c1efa326397366e6974cb338056df65cb50e7d64d1cf314e87504837?s=96&d=mm&r=g\",\"caption\":\"Arnaldo Botto\"},\"url\":\"https:\/\/www.noticiasradioreflejos.com.ar\/2021\/author\/arnaldo\/\"}]}<\/script>\n<!-- \/ Yoast SEO plugin. -->","yoast_head_json":{"title":"Mitos y verdades del \u00e1lbum del Mundial de Qatar 2022 - Noticias Radio Reflejos","robots":{"index":"index","follow":"follow","max-snippet":"max-snippet:-1","max-image-preview":"max-image-preview:large","max-video-preview":"max-video-preview:-1"},"canonical":"https:\/\/www.noticiasradioreflejos.com.ar\/2021\/mitos-y-verdades-del-album-del-mundial-de-qatar-2022\/","og_locale":"es_ES","og_type":"article","og_title":"Mitos y verdades del \u00e1lbum del Mundial de Qatar 2022 - Noticias Radio Reflejos","og_description":"Como ya es una costumbre cada cuatro a\u00f1os, el furor de los coleccionistas se desat\u00f3 de cara a la Copa del Mundo.","og_url":"https:\/\/www.noticiasradioreflejos.com.ar\/2021\/mitos-y-verdades-del-album-del-mundial-de-qatar-2022\/","og_site_name":"Noticias Radio Reflejos","article_published_time":"2022-08-25T17:50:51+00:00","og_image":[{"width":300,"height":200,"url":"https:\/\/www.noticiasradioreflejos.com.ar\/2021\/wp-content\/uploads\/2021\/07\/logosol300x200.png","type":"image\/png"}],"author":"Arnaldo Botto","twitter_card":"summary_large_image","schema":{"@context":"https:\/\/schema.org","@graph":[{"@type":"WebPage","@id":"https:\/\/www.noticiasradioreflejos.com.ar\/2021\/mitos-y-verdades-del-album-del-mundial-de-qatar-2022\/","url":"https:\/\/www.noticiasradioreflejos.com.ar\/2021\/mitos-y-verdades-del-album-del-mundial-de-qatar-2022\/","name":"Mitos y verdades del \u00e1lbum del Mundial de Qatar 2022 - Noticias Radio Reflejos","isPartOf":{"@id":"https:\/\/www.noticiasradioreflejos.com.ar\/2021\/#website"},"datePublished":"2022-08-25T17:50:51+00:00","author":{"@id":"https:\/\/www.noticiasradioreflejos.com.ar\/2021\/#\/schema\/person\/ad82545263dcc5ec0996818884fd5fb1"},"breadcrumb":{"@id":"https:\/\/www.noticiasradioreflejos.com.ar\/2021\/mitos-y-verdades-del-album-del-mundial-de-qatar-2022\/#breadcrumb"},"inLanguage":"es","potentialAction":[{"@type":"ReadAction","target":["https:\/\/www.noticiasradioreflejos.com.ar\/2021\/mitos-y-verdades-del-album-del-mundial-de-qatar-2022\/"]}]},{"@type":"BreadcrumbList","@id":"https:\/\/www.noticiasradioreflejos.com.ar\/2021\/mitos-y-verdades-del-album-del-mundial-de-qatar-2022\/#breadcrumb","itemListElement":[{"@type":"ListItem","position":1,"name":"Portada","item":"https:\/\/www.noticiasradioreflejos.com.ar\/2021\/"},{"@type":"ListItem","position":2,"name":"Mitos y verdades del \u00e1lbum del Mundial de Qatar 2022"}]},{"@type":"WebSite","@id":"https:\/\/www.noticiasradioreflejos.com.ar\/2021\/#website","url":"https:\/\/www.noticiasradioreflejos.com.ar\/2021\/","name":"Noticias Radio Reflejos","description":"Las noticias de mi comarca","potentialAction":[{"@type":"SearchAction","target":{"@type":"EntryPoint","urlTemplate":"https:\/\/www.noticiasradioreflejos.com.ar\/2021\/?s={search_term_string}"},"query-input":{"@type":"PropertyValueSpecification","valueRequired":true,"valueName":"search_term_string"}}],"inLanguage":"es"},{"@type":"Person","@id":"https:\/\/www.noticiasradioreflejos.com.ar\/2021\/#\/schema\/person\/ad82545263dcc5ec0996818884fd5fb1","name":"Arnaldo Botto","image":{"@type":"ImageObject","inLanguage":"es","@id":"https:\/\/www.noticiasradioreflejos.com.ar\/2021\/#\/schema\/person\/image\/","url":"https:\/\/secure.gravatar.com\/avatar\/55cb5e37c1efa326397366e6974cb338056df65cb50e7d64d1cf314e87504837?s=96&d=mm&r=g","contentUrl":"https:\/\/secure.gravatar.com\/avatar\/55cb5e37c1efa326397366e6974cb338056df65cb50e7d64d1cf314e87504837?s=96&d=mm&r=g","caption":"Arnaldo Botto"},"url":"https:\/\/www.noticiasradioreflejos.com.ar\/2021\/author\/arnaldo\/"}]}},"_links":{"self":[{"href":"https:\/\/www.noticiasradioreflejos.com.ar\/2021\/wp-json\/wp\/v2\/posts\/76725","targetHints":{"allow":["GET"]}}],"collection":[{"href":"https:\/\/www.noticiasradioreflejos.com.ar\/2021\/wp-json\/wp\/v2\/posts"}],"about":[{"href":"https:\/\/www.noticiasradioreflejos.com.ar\/2021\/wp-json\/wp\/v2\/types\/post"}],"author":[{"embeddable":true,"href":"https:\/\/www.noticiasradioreflejos.com.ar\/2021\/wp-json\/wp\/v2\/users\/3"}],"replies":[{"embeddable":true,"href":"https:\/\/www.noticiasradioreflejos.com.ar\/2021\/wp-json\/wp\/v2\/comments?post=76725"}],"version-history":[{"count":2,"href":"https:\/\/www.noticiasradioreflejos.com.ar\/2021\/wp-json\/wp\/v2\/posts\/76725\/revisions"}],"predecessor-version":[{"id":76777,"href":"https:\/\/www.noticiasradioreflejos.com.ar\/2021\/wp-json\/wp\/v2\/posts\/76725\/revisions\/76777"}],"wp:attachment":[{"href":"https:\/\/www.noticiasradioreflejos.com.ar\/2021\/wp-json\/wp\/v2\/media?parent=76725"}],"wp:term":[{"taxonomy":"category","embeddable":true,"href":"https:\/\/www.noticiasradioreflejos.com.ar\/2021\/wp-json\/wp\/v2\/categories?post=76725"},{"taxonomy":"post_tag","embeddable":true,"href":"https:\/\/www.noticiasradioreflejos.com.ar\/2021\/wp-json\/wp\/v2\/tags?post=76725"}],"curies":[{"name":"wp","href":"https:\/\/api.w.org\/{rel}","templated":true}]}}