{"id":76723,"date":"2022-08-25T17:48:03","date_gmt":"2022-08-25T17:48:03","guid":{"rendered":"http:\/\/www.noticiasradioreflejos.com.ar\/2021\/?p=76723"},"modified":"2022-08-25T17:48:03","modified_gmt":"2022-08-25T17:48:03","slug":"descubren-cual-es-la-temperatura-ideal-del-agua-para-tomar-mate","status":"publish","type":"post","link":"https:\/\/www.noticiasradioreflejos.com.ar\/2021\/descubren-cual-es-la-temperatura-ideal-del-agua-para-tomar-mate\/","title":{"rendered":"Descubren cu\u00e1l es la temperatura ideal del agua para tomar mate."},"content":{"rendered":"<p>El Instituto Nacional de la Yerba Mate lleg\u00f3 a esa conclusi\u00f3n tras varios estudios. Karla Johan, sommelier de yerba mate dej\u00f3 varios tips a tener en cuenta.<!--more--><\/p>\n<p>\u201cEl principal error es tomar el mate con el agua muy caliente. Nosotros despu\u00e9s de varios estudios (desde mi empresa y desde el Instituto Nacional de la Yerba Mate) detectamos que la mejor temperatura es entre 75 y 80 grados\u00bb asegur\u00f3 Karla Johan, sommelier de yerba mate. En este sentido, se refiri\u00f3 a lugares donde se acostumbra a hervir el agua: \u201cUruguay tiene un \u00edndice bastante alto de c\u00e1ncer de laringe y es\u00f3fago a ra\u00edz de esto. Es el m\u00e1s alto de Latinoam\u00e9rica. Esto se aplica para una sopa, un t\u00e9, vale para cualquier producto, siempre mantener un rango de temperatura normal\u201d.<\/p>\n<p>Al mismo tiempo reconoci\u00f3 que \u201cen el polvo es donde est\u00e1 la cafe\u00edna, vitaminas, el poder antioxidante y minerales. Es s\u00faper valioso, cuando tomamos mate es lo primero que se hidrata y es lo primero que se empieza a desprender y no nos afecta el cuerpo como algunos sugieren\u201d.<\/p>\n<p>Asimismo, Karla Johan se refiri\u00f3 al mito de que el mate produce acidez: \u201cPrimero tenemos que analizarnos a nosotros y preguntarnos c\u00f3mo nos alimentamos o si tenemos alg\u00fan problema de estr\u00e9s. El mate en s\u00ed no produce acidez. Ahora, si yo tengo predisposici\u00f3n a la acidez y consumo en ayunas alguna cafe\u00edna, va a alterar el pH de mi est\u00f3mago que ya est\u00e1 alterado, entonces lo va a potenciar m\u00e1s\u201d.<\/p>\n<p>La sommelier tambi\u00e9n se refiri\u00f3 a la diferencia entre yerbas tradicionales y las org\u00e1nicas: \u201cEn realidad, lo que se trabaja es un cuidado desde el campo hasta la elaboraci\u00f3n en las yerbas org\u00e1nicas, donde no se utilizan agroqu\u00edmicos, pero tambi\u00e9n hay que tener en cuenta que los residuos tienen que ser org\u00e1nicos, o sea, es un cambio de filosof\u00eda. Pero como en la yerba mate no se utilizan muchos agroqu\u00edmicos, o hay buenas pr\u00e1cticas de su uso, casi no hay diferencias, es m\u00e1s que nada para cubrir la demanda de un p\u00fablico puntual. Podemos quedarnos tranquilos de que tenemos una yerba mate muy sana\u201d.<\/p>\n<p>Por \u00faltimo, en el caso de que se lave el mate, tira un tip: \u201cNo cometer el error de tirar un poco de yerba y agregarle yerba nueva porque lo \u00fanico que estamos logrando con eso es enmascarar el sabor y al rato va a estar lavado de nuevo. Si el consumidor considera que perdi\u00f3 sabor, hay que prepararlo de nuevo\u201d.<\/p>\n<p>Fuente: La Naci\u00f3n.<\/p>\n","protected":false},"excerpt":{"rendered":"<p>El Instituto Nacional de la Yerba Mate lleg\u00f3 a esa conclusi\u00f3n tras varios estudios. Karla Johan, sommelier de yerba mate dej\u00f3 varios tips a tener en cuenta.<\/p>\n","protected":false},"author":3,"featured_media":0,"comment_status":"closed","ping_status":"closed","sticky":false,"template":"","format":"standard","meta":{"footnotes":""},"categories":[46,26],"tags":[],"class_list":["post-76723","post","type-post","status-publish","format-standard","hentry","category-ciencia-y-tecnologia","category-sociedad"],"yoast_head":"<!-- This site is optimized with the Yoast SEO plugin v25.9 - https:\/\/yoast.com\/wordpress\/plugins\/seo\/ -->\n<title>Descubren cu\u00e1l es la temperatura ideal del agua para tomar mate. - Noticias Radio Reflejos<\/title>\n<meta name=\"robots\" content=\"index, follow, max-snippet:-1, max-image-preview:large, max-video-preview:-1\" \/>\n<link rel=\"canonical\" href=\"https:\/\/www.noticiasradioreflejos.com.ar\/2021\/descubren-cual-es-la-temperatura-ideal-del-agua-para-tomar-mate\/\" \/>\n<meta property=\"og:locale\" content=\"es_ES\" \/>\n<meta property=\"og:type\" content=\"article\" \/>\n<meta property=\"og:title\" content=\"Descubren cu\u00e1l es la temperatura ideal del agua para tomar mate. - Noticias Radio Reflejos\" \/>\n<meta property=\"og:description\" content=\"El Instituto Nacional de la Yerba Mate lleg\u00f3 a esa conclusi\u00f3n tras varios estudios. Karla Johan, sommelier de yerba mate dej\u00f3 varios tips a tener en cuenta.\" \/>\n<meta property=\"og:url\" content=\"https:\/\/www.noticiasradioreflejos.com.ar\/2021\/descubren-cual-es-la-temperatura-ideal-del-agua-para-tomar-mate\/\" \/>\n<meta property=\"og:site_name\" content=\"Noticias Radio Reflejos\" \/>\n<meta property=\"article:published_time\" content=\"2022-08-25T17:48:03+00:00\" \/>\n<meta property=\"og:image\" content=\"https:\/\/www.noticiasradioreflejos.com.ar\/2021\/wp-content\/uploads\/2021\/07\/logosol300x200.png\" \/>\n\t<meta property=\"og:image:width\" content=\"300\" \/>\n\t<meta property=\"og:image:height\" content=\"200\" \/>\n\t<meta property=\"og:image:type\" content=\"image\/png\" \/>\n<meta name=\"author\" content=\"Arnaldo Botto\" \/>\n<meta name=\"twitter:card\" content=\"summary_large_image\" \/>\n<script type=\"application\/ld+json\" class=\"yoast-schema-graph\">{\"@context\":\"https:\/\/schema.org\",\"@graph\":[{\"@type\":\"WebPage\",\"@id\":\"https:\/\/www.noticiasradioreflejos.com.ar\/2021\/descubren-cual-es-la-temperatura-ideal-del-agua-para-tomar-mate\/\",\"url\":\"https:\/\/www.noticiasradioreflejos.com.ar\/2021\/descubren-cual-es-la-temperatura-ideal-del-agua-para-tomar-mate\/\",\"name\":\"Descubren cu\u00e1l es la temperatura ideal del agua para tomar mate. - Noticias Radio Reflejos\",\"isPartOf\":{\"@id\":\"https:\/\/www.noticiasradioreflejos.com.ar\/2021\/#website\"},\"datePublished\":\"2022-08-25T17:48:03+00:00\",\"author\":{\"@id\":\"https:\/\/www.noticiasradioreflejos.com.ar\/2021\/#\/schema\/person\/ad82545263dcc5ec0996818884fd5fb1\"},\"breadcrumb\":{\"@id\":\"https:\/\/www.noticiasradioreflejos.com.ar\/2021\/descubren-cual-es-la-temperatura-ideal-del-agua-para-tomar-mate\/#breadcrumb\"},\"inLanguage\":\"es\",\"potentialAction\":[{\"@type\":\"ReadAction\",\"target\":[\"https:\/\/www.noticiasradioreflejos.com.ar\/2021\/descubren-cual-es-la-temperatura-ideal-del-agua-para-tomar-mate\/\"]}]},{\"@type\":\"BreadcrumbList\",\"@id\":\"https:\/\/www.noticiasradioreflejos.com.ar\/2021\/descubren-cual-es-la-temperatura-ideal-del-agua-para-tomar-mate\/#breadcrumb\",\"itemListElement\":[{\"@type\":\"ListItem\",\"position\":1,\"name\":\"Portada\",\"item\":\"https:\/\/www.noticiasradioreflejos.com.ar\/2021\/\"},{\"@type\":\"ListItem\",\"position\":2,\"name\":\"Descubren cu\u00e1l es la temperatura ideal del agua para tomar mate.\"}]},{\"@type\":\"WebSite\",\"@id\":\"https:\/\/www.noticiasradioreflejos.com.ar\/2021\/#website\",\"url\":\"https:\/\/www.noticiasradioreflejos.com.ar\/2021\/\",\"name\":\"Noticias Radio Reflejos\",\"description\":\"Las noticias de mi comarca\",\"potentialAction\":[{\"@type\":\"SearchAction\",\"target\":{\"@type\":\"EntryPoint\",\"urlTemplate\":\"https:\/\/www.noticiasradioreflejos.com.ar\/2021\/?s={search_term_string}\"},\"query-input\":{\"@type\":\"PropertyValueSpecification\",\"valueRequired\":true,\"valueName\":\"search_term_string\"}}],\"inLanguage\":\"es\"},{\"@type\":\"Person\",\"@id\":\"https:\/\/www.noticiasradioreflejos.com.ar\/2021\/#\/schema\/person\/ad82545263dcc5ec0996818884fd5fb1\",\"name\":\"Arnaldo Botto\",\"image\":{\"@type\":\"ImageObject\",\"inLanguage\":\"es\",\"@id\":\"https:\/\/www.noticiasradioreflejos.com.ar\/2021\/#\/schema\/person\/image\/\",\"url\":\"https:\/\/secure.gravatar.com\/avatar\/55cb5e37c1efa326397366e6974cb338056df65cb50e7d64d1cf314e87504837?s=96&d=mm&r=g\",\"contentUrl\":\"https:\/\/secure.gravatar.com\/avatar\/55cb5e37c1efa326397366e6974cb338056df65cb50e7d64d1cf314e87504837?s=96&d=mm&r=g\",\"caption\":\"Arnaldo Botto\"},\"url\":\"https:\/\/www.noticiasradioreflejos.com.ar\/2021\/author\/arnaldo\/\"}]}<\/script>\n<!-- \/ Yoast SEO plugin. -->","yoast_head_json":{"title":"Descubren cu\u00e1l es la temperatura ideal del agua para tomar mate. - Noticias Radio Reflejos","robots":{"index":"index","follow":"follow","max-snippet":"max-snippet:-1","max-image-preview":"max-image-preview:large","max-video-preview":"max-video-preview:-1"},"canonical":"https:\/\/www.noticiasradioreflejos.com.ar\/2021\/descubren-cual-es-la-temperatura-ideal-del-agua-para-tomar-mate\/","og_locale":"es_ES","og_type":"article","og_title":"Descubren cu\u00e1l es la temperatura ideal del agua para tomar mate. - Noticias Radio Reflejos","og_description":"El Instituto Nacional de la Yerba Mate lleg\u00f3 a esa conclusi\u00f3n tras varios estudios. Karla Johan, sommelier de yerba mate dej\u00f3 varios tips a tener en cuenta.","og_url":"https:\/\/www.noticiasradioreflejos.com.ar\/2021\/descubren-cual-es-la-temperatura-ideal-del-agua-para-tomar-mate\/","og_site_name":"Noticias Radio Reflejos","article_published_time":"2022-08-25T17:48:03+00:00","og_image":[{"width":300,"height":200,"url":"https:\/\/www.noticiasradioreflejos.com.ar\/2021\/wp-content\/uploads\/2021\/07\/logosol300x200.png","type":"image\/png"}],"author":"Arnaldo Botto","twitter_card":"summary_large_image","schema":{"@context":"https:\/\/schema.org","@graph":[{"@type":"WebPage","@id":"https:\/\/www.noticiasradioreflejos.com.ar\/2021\/descubren-cual-es-la-temperatura-ideal-del-agua-para-tomar-mate\/","url":"https:\/\/www.noticiasradioreflejos.com.ar\/2021\/descubren-cual-es-la-temperatura-ideal-del-agua-para-tomar-mate\/","name":"Descubren cu\u00e1l es la temperatura ideal del agua para tomar mate. - Noticias Radio Reflejos","isPartOf":{"@id":"https:\/\/www.noticiasradioreflejos.com.ar\/2021\/#website"},"datePublished":"2022-08-25T17:48:03+00:00","author":{"@id":"https:\/\/www.noticiasradioreflejos.com.ar\/2021\/#\/schema\/person\/ad82545263dcc5ec0996818884fd5fb1"},"breadcrumb":{"@id":"https:\/\/www.noticiasradioreflejos.com.ar\/2021\/descubren-cual-es-la-temperatura-ideal-del-agua-para-tomar-mate\/#breadcrumb"},"inLanguage":"es","potentialAction":[{"@type":"ReadAction","target":["https:\/\/www.noticiasradioreflejos.com.ar\/2021\/descubren-cual-es-la-temperatura-ideal-del-agua-para-tomar-mate\/"]}]},{"@type":"BreadcrumbList","@id":"https:\/\/www.noticiasradioreflejos.com.ar\/2021\/descubren-cual-es-la-temperatura-ideal-del-agua-para-tomar-mate\/#breadcrumb","itemListElement":[{"@type":"ListItem","position":1,"name":"Portada","item":"https:\/\/www.noticiasradioreflejos.com.ar\/2021\/"},{"@type":"ListItem","position":2,"name":"Descubren cu\u00e1l es la temperatura ideal del agua para tomar mate."}]},{"@type":"WebSite","@id":"https:\/\/www.noticiasradioreflejos.com.ar\/2021\/#website","url":"https:\/\/www.noticiasradioreflejos.com.ar\/2021\/","name":"Noticias Radio Reflejos","description":"Las noticias de mi comarca","potentialAction":[{"@type":"SearchAction","target":{"@type":"EntryPoint","urlTemplate":"https:\/\/www.noticiasradioreflejos.com.ar\/2021\/?s={search_term_string}"},"query-input":{"@type":"PropertyValueSpecification","valueRequired":true,"valueName":"search_term_string"}}],"inLanguage":"es"},{"@type":"Person","@id":"https:\/\/www.noticiasradioreflejos.com.ar\/2021\/#\/schema\/person\/ad82545263dcc5ec0996818884fd5fb1","name":"Arnaldo Botto","image":{"@type":"ImageObject","inLanguage":"es","@id":"https:\/\/www.noticiasradioreflejos.com.ar\/2021\/#\/schema\/person\/image\/","url":"https:\/\/secure.gravatar.com\/avatar\/55cb5e37c1efa326397366e6974cb338056df65cb50e7d64d1cf314e87504837?s=96&d=mm&r=g","contentUrl":"https:\/\/secure.gravatar.com\/avatar\/55cb5e37c1efa326397366e6974cb338056df65cb50e7d64d1cf314e87504837?s=96&d=mm&r=g","caption":"Arnaldo Botto"},"url":"https:\/\/www.noticiasradioreflejos.com.ar\/2021\/author\/arnaldo\/"}]}},"_links":{"self":[{"href":"https:\/\/www.noticiasradioreflejos.com.ar\/2021\/wp-json\/wp\/v2\/posts\/76723","targetHints":{"allow":["GET"]}}],"collection":[{"href":"https:\/\/www.noticiasradioreflejos.com.ar\/2021\/wp-json\/wp\/v2\/posts"}],"about":[{"href":"https:\/\/www.noticiasradioreflejos.com.ar\/2021\/wp-json\/wp\/v2\/types\/post"}],"author":[{"embeddable":true,"href":"https:\/\/www.noticiasradioreflejos.com.ar\/2021\/wp-json\/wp\/v2\/users\/3"}],"replies":[{"embeddable":true,"href":"https:\/\/www.noticiasradioreflejos.com.ar\/2021\/wp-json\/wp\/v2\/comments?post=76723"}],"version-history":[{"count":2,"href":"https:\/\/www.noticiasradioreflejos.com.ar\/2021\/wp-json\/wp\/v2\/posts\/76723\/revisions"}],"predecessor-version":[{"id":76776,"href":"https:\/\/www.noticiasradioreflejos.com.ar\/2021\/wp-json\/wp\/v2\/posts\/76723\/revisions\/76776"}],"wp:attachment":[{"href":"https:\/\/www.noticiasradioreflejos.com.ar\/2021\/wp-json\/wp\/v2\/media?parent=76723"}],"wp:term":[{"taxonomy":"category","embeddable":true,"href":"https:\/\/www.noticiasradioreflejos.com.ar\/2021\/wp-json\/wp\/v2\/categories?post=76723"},{"taxonomy":"post_tag","embeddable":true,"href":"https:\/\/www.noticiasradioreflejos.com.ar\/2021\/wp-json\/wp\/v2\/tags?post=76723"}],"curies":[{"name":"wp","href":"https:\/\/api.w.org\/{rel}","templated":true}]}}