{"id":76714,"date":"2022-08-25T00:00:46","date_gmt":"2022-08-25T00:00:46","guid":{"rendered":"http:\/\/www.noticiasradioreflejos.com.ar\/2021\/?p=76714"},"modified":"2022-08-25T00:00:46","modified_gmt":"2022-08-25T00:00:46","slug":"las-exportaciones-marcaron-un-record-de-us44-377-millones-en-el-primer-semestre","status":"publish","type":"post","link":"https:\/\/www.noticiasradioreflejos.com.ar\/2021\/las-exportaciones-marcaron-un-record-de-us44-377-millones-en-el-primer-semestre\/","title":{"rendered":"Las exportaciones marcaron un r\u00e9cord de US$44.377 millones en el primer semestre"},"content":{"rendered":"<p>Canciller\u00eda proyecta que el 2022 cierre con unas exportaciones de bienes y servicios en un valor cercano a los US$ 100.000 millones, por encima del m\u00e1ximo de 2011 cuando se alcanzaron US$ 97.477 millones.<!--more--><\/p>\n<figure class=\"mb-3\"><img decoding=\"async\" src=\"https:\/\/www.telam.com.ar\/thumbs\/bluesteel\/advf\/imagenes\/2019\/05\/5cd969a1c4529_900.jpg\" alt=\"No slo los precios permitieron alcanzar el rcord las cantidades tambin se ubicaron en mximos histricos Foto Archivo\" width=\"100%\" height=\"100%\" \/><\/p>\n<div class=\"media-icons\"><\/div><figcaption>No s\u00f3lo los precios permitieron alcanzar el r\u00e9cord: las cantidades tambi\u00e9n se ubicaron en m\u00e1ximos hist\u00f3ricos \/ Foto: Archivo.<\/figcaption><\/figure>\n<p>Las exportaciones argentinas en el primer semestre del a\u00f1o marcaron un r\u00e9cord hist\u00f3rico al alcanzar los US$ 44.377 millones, en las que se destacaron los env\u00edos de manufactura de origen industrial que sumaron US$ 11.088 millones y alcanzaron el mayor nivel desde 2013 a la fecha, destac\u00f3 este mi\u00e9rcoles la Canciller\u00eda.<\/p>\n<p>Este n\u00famero\u00a0<strong>representa un incremento de 12% respecto al m\u00e1ximo valor previo alcanzado en 2011<\/strong>\u00a0en materia de exportaciones.<\/p>\n<p>Frente al primer semestre de 2021 y de 2019 -antes de la pandemia- la mejora registrada en las ventas al exterior entre enero y junio pasado fue de 25,5% y 44%, respectivamente.<\/p>\n<blockquote class=\"\"><p>\u00abEn este contexto internacional bastante \u00e1spero, Argentina tuvo un muy buen segundo trimestre con un crecimiento impulsado por el consumo y las inversiones, con una actividad econ\u00f3mica total que est\u00e1 5,1% por encima del promedio de 2019 y una industria que se sit\u00faa en un nivel 14% superior al de 2019\u00bb<cite class=\"author\">Cecilia Todesca Bocco<\/cite><\/p><\/blockquote>\n<p>Si bien hubo un importante \u00abefecto precio\u00bb a causa de la suba de los valores de las commodities primarias, la expansi\u00f3n transcendi\u00f3 a ese sector y\u00a0<strong>las cantidades tambi\u00e9n se ubicaron en m\u00e1ximos hist\u00f3ricos<\/strong>.<\/p>\n<p>Un ejemplo fue la\u00a0<strong>industria<\/strong>: las ventas de\u00a0<strong>las manufacturas de origen industrial (MOI) crecieron 6%<\/strong>\u00a0en cantidades respecto al mismo periodo de 2021 y 3,8% respecto a 2019, totalizando US$ 11.088 millones, el valor m\u00e1s alto desde 2013, informaron desde el Ministerio de Relaciones Exteriores.<\/p>\n<p>Entre los bienes \u00abestrella\u00bb, se destacaron los veh\u00edculos con\u00a0<strong>140.049 autom\u00f3viles y utilitarios livianos exportados<\/strong>, 29,62% m\u00e1s que en el mismo periodo de 2019; y los\u00a0<strong>productos farmac\u00e9uticos con un incremento interanual de 27%<\/strong>\u00a0\u2013el mayor nivel de los \u00faltimos 12 a\u00f1os- y de m\u00e1s del 50% respecto a 2019.<\/p>\n<p>En un encuentro con la prensa realizado en el Palacio San Mart\u00edn, la secretaria de Relaciones Econ\u00f3micas Internacionales,\u00a0<strong>Cecilia Todesca Bocco<\/strong>, y el subsecretario de Promoci\u00f3n del Comercio e Inversiones,\u00a0<strong>Guillermo Merediz<\/strong>, se mostraron optimistas respecto de las perspectivas para lo que queda del a\u00f1o.<\/p>\n<figure class=\"mb-3\"><img decoding=\"async\" src=\"https:\/\/www.telam.com.ar\/thumbs\/bluesteel\/advf\/imagenes\/2022\/08\/630642861afad_900.jpg\" alt=\"Para nosotros lo externo est anclado sobre lo interno remarc Todesca Bocco Foto archivo Daniel Dabove\" width=\"100%\" height=\"100%\" \/><\/p>\n<div class=\"media-icons\"><\/div><figcaption>\u00abPara nosotros lo externo est\u00e1 anclado sobre lo interno\u00bb, remarc\u00f3 Todesca Bocco \/ Foto archivo: Daniel Dabove.<\/figcaption><\/figure>\n<p>\u00abEn este contexto internacional bastante \u00e1spero, Argentina tuvo un muy buen segundo trimestre con un crecimiento impulsado por el consumo y las inversiones, con una actividad econ\u00f3mica total que est\u00e1 5,1% por encima del promedio de 2019 y una industria que se sit\u00faa en un nivel 14% superior al de 2019\u00bb, remarc\u00f3 Todesca Bocco, tras lo cual reconoci\u00f3 que \u00ab<strong>hubo un efecto regresivo en los ingresos\u00bb como resultado de la guerra y la pandemia<\/strong>.<\/p>\n<h2 class=\"\">Las \u00abtres patas\u00bb<\/h2>\n<p>Al explicar la l\u00ednea de gesti\u00f3n de la Canciller\u00eda, la funcionaria consider\u00f3 que la pol\u00edtica industrial posee \u00abtres patas\u00bb.<\/p>\n<p>Al \u00abdesarrollo y fortalecimiento del mercado interno\u00bb y la \u00abagregaci\u00f3n de ciencia y tecnolog\u00eda\u00bb, Todesca Bocco subray\u00f3 la \u00abinternacionalizaci\u00f3n de la producci\u00f3n\u00bb y consider\u00f3 que no es mutualmente excluyente con el mercado nacional.<\/p>\n<p>\u00abPara nosotros lo externo est\u00e1 anclado sobre lo interno\u00bb, remarc\u00f3.<\/p>\n<p><strong>La Canciller\u00eda proyecta que el 2022 cierre con unas exportaciones de bienes y servicios en un r\u00e9cord cercano a los US$ 100.000 millones<\/strong>, con la posibilidad de que supere el m\u00e1ximo de 2011 cuando se alcanzaron US$ 97.477 millones.<\/p>\n<p>Del mismo modo, tambi\u00e9n se indic\u00f3 que \u00abvienen muy bien\u00bb los n\u00fameros de Inversi\u00f3n Extranjera Directa (IED) aunque no se brindaron precisiones ya que en 2016 el Banco Central (BCRA) discontinu\u00f3 la base hist\u00f3rica.<\/p>\n<p>De la misma forma, si bien las importaciones durante el primer semestre tambi\u00e9n alcanzaron un valor hist\u00f3rico al registrar US$ 41.284 millones -impulsadas por el incremento en los precios de los combustibles y fertilizantes; y mayores cantidades de bienes de capital-, se mantuvo un super\u00e1vit comercial de US$ 3.093 millones.<\/p>\n<p><strong>\u00abEl balance comercial fue positivo en 2020 y 2021, al igual que lo que va de este a\u00f1o, y eso aporta a la econom\u00eda argentina por ser d\u00f3lares genuinos que son fruto de la producci\u00f3n\u00bb<\/strong>, subray\u00f3 Todesca Bocco.<\/p>\n<p>Asimismo consider\u00f3 que en el primer semestre se registr\u00f3 un \u00abadelantamiento\u00bb de las importaciones a causa \u00abde la brecha cambiaria o una cierta expectativa de devaluaci\u00f3n\u00bb, especialmente en insumos y maquinarias, aunque remarc\u00f3 que al Gobierno le parece \u00abl\u00f3gico\u00bb un incremento en dichos componentes porque \u00absi la Argentina est\u00e1 creciendo, las m\u00e1quinas y los insumos tambi\u00e9n crecen\u00bb.<\/p>\n<p>En tanto, las importaciones de combustibles y lubricantes \u2013que representaron US$ 2.281 millones de los US$ 8.200 millones de importaciones de julio- deber\u00edan comenzar a discutir \u00abahora en las \u00faltimas semanas de agosto\u00bb, dijo la funcionaria.<\/p>\n<p>Por su parte, tras tocar un m\u00ednimo durante la pandemia de coronavirus en 2020,\u00a0<strong>tambi\u00e9n creci\u00f3 la cantidad de empresas exportadoras a m\u00e1s de 7.500 firmas<\/strong>, aunque contin\u00faan por debajo del r\u00e9cord de 2011 de 10.389 empresas, momento en el cual comenz\u00f3 una tendencia descendente.<\/p>\n<p>Seg\u00fan Todesca Bocco, una clave para lograr estos n\u00fameros en las exportaciones fue la articulaci\u00f3n del Estado con el sector privado a trav\u00e9s de diversas iniciativas.<\/p>\n<p>Una de ellas fue la realizaci\u00f3n de ferias y misiones comerciales con \u00ab280 acciones encaradas en el mundo este a\u00f1o\u00bb, y que \u2013remarc\u00f3 la secretaria- mostraron \u00abmuch\u00edsimo inter\u00e9s y avidez por viajar por parte de las empresas\u00bb.<\/p>\n<p>\u00abEn todos los casos vuelven con negocios cerrados y ventas acordadas\u00bb, asever\u00f3.<\/p>\n<p>Adem\u00e1s de los viajes al exterior, se encuentra el\u00a0<strong>programa Desaf\u00edo Exportador<\/strong>\u00a0que contempla capacitaciones a trav\u00e9s de los institutos provinciales dedicados a la promoci\u00f3n de exportaciones y el pago del desarrollo del programa de internacionalizaci\u00f3n y producci\u00f3n de un pyme; y la iniciativa \u00abArgentinas al mundo\u00bb que promociona y capacita empresas dirigidas por mujeres.<\/p>\n<p>Del mismo modo, valor\u00f3 la conformaci\u00f3n de reg\u00edmenes cambiarios para los diversos sectores productivas, como el anunciado recientemente para el sector hidrocarburifero, adem\u00e1s de leyes que otorgan beneficios impositivos a cambio de metas de empleo y exportaciones como la Ley de Econom\u00eda del Conocimiento.<\/p>\n<p><strong>\u00abLos mercados no se abren de un d\u00eda para el otro y para eso se necesita una agenda de articulaci\u00f3n p\u00fablico-privada con un las 365 c\u00e1maras que representan a m\u00e1s de 20.000 empresas\u00bb<\/strong>, indic\u00f3, por su parte, Merediz.<\/p>\n<p>Para el funcionario, la pol\u00edtica de exportaci\u00f3n se encuentra con un doble desaf\u00edo de, por un lado, \u00abrecuperar las empresas y pymes que saben o supieron exportar y no lo est\u00e1n haciendo construyendo capacidades\u00bb y, por el otro lado, trabajar con \u00ablas empresas que ya exportan\u00bb, especialmente en lo que identifica como \u00abpymes din\u00e1micas exportadoras\u00bb: un segmento de \u00abr\u00e1pido crecimiento\u00bb que explica \u00abel 4% de las empresas que exportan pero, al mismo tiempo, el 15% de todas las exportaciones\u00bb.<\/p>\n","protected":false},"excerpt":{"rendered":"<p>Canciller\u00eda proyecta que el 2022 cierre con unas exportaciones de bienes y servicios en un valor cercano a los US$ 100.000 millones, por encima del m\u00e1ximo de 2011 cuando se alcanzaron US$ 97.477 millones.<\/p>\n","protected":false},"author":3,"featured_media":0,"comment_status":"closed","ping_status":"closed","sticky":false,"template":"","format":"standard","meta":{"footnotes":""},"categories":[36],"tags":[],"class_list":["post-76714","post","type-post","status-publish","format-standard","hentry","category-economia"],"yoast_head":"<!-- This site is optimized with the Yoast SEO plugin v25.9 - https:\/\/yoast.com\/wordpress\/plugins\/seo\/ -->\n<title>Las exportaciones marcaron un r\u00e9cord de US$44.377 millones en el primer semestre - Noticias Radio Reflejos<\/title>\n<meta name=\"robots\" content=\"index, follow, max-snippet:-1, max-image-preview:large, max-video-preview:-1\" \/>\n<link rel=\"canonical\" href=\"https:\/\/www.noticiasradioreflejos.com.ar\/2021\/las-exportaciones-marcaron-un-record-de-us44-377-millones-en-el-primer-semestre\/\" \/>\n<meta property=\"og:locale\" content=\"es_ES\" \/>\n<meta property=\"og:type\" content=\"article\" \/>\n<meta property=\"og:title\" content=\"Las exportaciones marcaron un r\u00e9cord de US$44.377 millones en el primer semestre - Noticias Radio Reflejos\" \/>\n<meta property=\"og:description\" content=\"Canciller\u00eda proyecta que el 2022 cierre con unas exportaciones de bienes y servicios en un valor cercano a los US$ 100.000 millones, por encima del m\u00e1ximo de 2011 cuando se alcanzaron US$ 97.477 millones.\" \/>\n<meta property=\"og:url\" content=\"https:\/\/www.noticiasradioreflejos.com.ar\/2021\/las-exportaciones-marcaron-un-record-de-us44-377-millones-en-el-primer-semestre\/\" \/>\n<meta property=\"og:site_name\" content=\"Noticias Radio Reflejos\" \/>\n<meta property=\"article:published_time\" content=\"2022-08-25T00:00:46+00:00\" \/>\n<meta property=\"og:image\" content=\"https:\/\/www.telam.com.ar\/thumbs\/bluesteel\/advf\/imagenes\/2019\/05\/5cd969a1c4529_900.jpg\" \/>\n<meta name=\"author\" content=\"Arnaldo Botto\" \/>\n<meta name=\"twitter:card\" content=\"summary_large_image\" \/>\n<script type=\"application\/ld+json\" class=\"yoast-schema-graph\">{\"@context\":\"https:\/\/schema.org\",\"@graph\":[{\"@type\":\"WebPage\",\"@id\":\"https:\/\/www.noticiasradioreflejos.com.ar\/2021\/las-exportaciones-marcaron-un-record-de-us44-377-millones-en-el-primer-semestre\/\",\"url\":\"https:\/\/www.noticiasradioreflejos.com.ar\/2021\/las-exportaciones-marcaron-un-record-de-us44-377-millones-en-el-primer-semestre\/\",\"name\":\"Las exportaciones marcaron un r\u00e9cord de US$44.377 millones en el primer semestre - Noticias Radio Reflejos\",\"isPartOf\":{\"@id\":\"https:\/\/www.noticiasradioreflejos.com.ar\/2021\/#website\"},\"primaryImageOfPage\":{\"@id\":\"https:\/\/www.noticiasradioreflejos.com.ar\/2021\/las-exportaciones-marcaron-un-record-de-us44-377-millones-en-el-primer-semestre\/#primaryimage\"},\"image\":{\"@id\":\"https:\/\/www.noticiasradioreflejos.com.ar\/2021\/las-exportaciones-marcaron-un-record-de-us44-377-millones-en-el-primer-semestre\/#primaryimage\"},\"thumbnailUrl\":\"https:\/\/www.telam.com.ar\/thumbs\/bluesteel\/advf\/imagenes\/2019\/05\/5cd969a1c4529_900.jpg\",\"datePublished\":\"2022-08-25T00:00:46+00:00\",\"author\":{\"@id\":\"https:\/\/www.noticiasradioreflejos.com.ar\/2021\/#\/schema\/person\/ad82545263dcc5ec0996818884fd5fb1\"},\"breadcrumb\":{\"@id\":\"https:\/\/www.noticiasradioreflejos.com.ar\/2021\/las-exportaciones-marcaron-un-record-de-us44-377-millones-en-el-primer-semestre\/#breadcrumb\"},\"inLanguage\":\"es\",\"potentialAction\":[{\"@type\":\"ReadAction\",\"target\":[\"https:\/\/www.noticiasradioreflejos.com.ar\/2021\/las-exportaciones-marcaron-un-record-de-us44-377-millones-en-el-primer-semestre\/\"]}]},{\"@type\":\"ImageObject\",\"inLanguage\":\"es\",\"@id\":\"https:\/\/www.noticiasradioreflejos.com.ar\/2021\/las-exportaciones-marcaron-un-record-de-us44-377-millones-en-el-primer-semestre\/#primaryimage\",\"url\":\"https:\/\/www.telam.com.ar\/thumbs\/bluesteel\/advf\/imagenes\/2019\/05\/5cd969a1c4529_900.jpg\",\"contentUrl\":\"https:\/\/www.telam.com.ar\/thumbs\/bluesteel\/advf\/imagenes\/2019\/05\/5cd969a1c4529_900.jpg\"},{\"@type\":\"BreadcrumbList\",\"@id\":\"https:\/\/www.noticiasradioreflejos.com.ar\/2021\/las-exportaciones-marcaron-un-record-de-us44-377-millones-en-el-primer-semestre\/#breadcrumb\",\"itemListElement\":[{\"@type\":\"ListItem\",\"position\":1,\"name\":\"Portada\",\"item\":\"https:\/\/www.noticiasradioreflejos.com.ar\/2021\/\"},{\"@type\":\"ListItem\",\"position\":2,\"name\":\"Las exportaciones marcaron un r\u00e9cord de US$44.377 millones en el primer semestre\"}]},{\"@type\":\"WebSite\",\"@id\":\"https:\/\/www.noticiasradioreflejos.com.ar\/2021\/#website\",\"url\":\"https:\/\/www.noticiasradioreflejos.com.ar\/2021\/\",\"name\":\"Noticias Radio Reflejos\",\"description\":\"Las noticias de mi comarca\",\"potentialAction\":[{\"@type\":\"SearchAction\",\"target\":{\"@type\":\"EntryPoint\",\"urlTemplate\":\"https:\/\/www.noticiasradioreflejos.com.ar\/2021\/?s={search_term_string}\"},\"query-input\":{\"@type\":\"PropertyValueSpecification\",\"valueRequired\":true,\"valueName\":\"search_term_string\"}}],\"inLanguage\":\"es\"},{\"@type\":\"Person\",\"@id\":\"https:\/\/www.noticiasradioreflejos.com.ar\/2021\/#\/schema\/person\/ad82545263dcc5ec0996818884fd5fb1\",\"name\":\"Arnaldo Botto\",\"image\":{\"@type\":\"ImageObject\",\"inLanguage\":\"es\",\"@id\":\"https:\/\/www.noticiasradioreflejos.com.ar\/2021\/#\/schema\/person\/image\/\",\"url\":\"https:\/\/secure.gravatar.com\/avatar\/55cb5e37c1efa326397366e6974cb338056df65cb50e7d64d1cf314e87504837?s=96&d=mm&r=g\",\"contentUrl\":\"https:\/\/secure.gravatar.com\/avatar\/55cb5e37c1efa326397366e6974cb338056df65cb50e7d64d1cf314e87504837?s=96&d=mm&r=g\",\"caption\":\"Arnaldo Botto\"},\"url\":\"https:\/\/www.noticiasradioreflejos.com.ar\/2021\/author\/arnaldo\/\"}]}<\/script>\n<!-- \/ Yoast SEO plugin. -->","yoast_head_json":{"title":"Las exportaciones marcaron un r\u00e9cord de US$44.377 millones en el primer semestre - Noticias Radio Reflejos","robots":{"index":"index","follow":"follow","max-snippet":"max-snippet:-1","max-image-preview":"max-image-preview:large","max-video-preview":"max-video-preview:-1"},"canonical":"https:\/\/www.noticiasradioreflejos.com.ar\/2021\/las-exportaciones-marcaron-un-record-de-us44-377-millones-en-el-primer-semestre\/","og_locale":"es_ES","og_type":"article","og_title":"Las exportaciones marcaron un r\u00e9cord de US$44.377 millones en el primer semestre - Noticias Radio Reflejos","og_description":"Canciller\u00eda proyecta que el 2022 cierre con unas exportaciones de bienes y servicios en un valor cercano a los US$ 100.000 millones, por encima del m\u00e1ximo de 2011 cuando se alcanzaron US$ 97.477 millones.","og_url":"https:\/\/www.noticiasradioreflejos.com.ar\/2021\/las-exportaciones-marcaron-un-record-de-us44-377-millones-en-el-primer-semestre\/","og_site_name":"Noticias Radio Reflejos","article_published_time":"2022-08-25T00:00:46+00:00","og_image":[{"url":"https:\/\/www.telam.com.ar\/thumbs\/bluesteel\/advf\/imagenes\/2019\/05\/5cd969a1c4529_900.jpg","type":"","width":"","height":""}],"author":"Arnaldo Botto","twitter_card":"summary_large_image","schema":{"@context":"https:\/\/schema.org","@graph":[{"@type":"WebPage","@id":"https:\/\/www.noticiasradioreflejos.com.ar\/2021\/las-exportaciones-marcaron-un-record-de-us44-377-millones-en-el-primer-semestre\/","url":"https:\/\/www.noticiasradioreflejos.com.ar\/2021\/las-exportaciones-marcaron-un-record-de-us44-377-millones-en-el-primer-semestre\/","name":"Las exportaciones marcaron un r\u00e9cord de US$44.377 millones en el primer semestre - Noticias Radio Reflejos","isPartOf":{"@id":"https:\/\/www.noticiasradioreflejos.com.ar\/2021\/#website"},"primaryImageOfPage":{"@id":"https:\/\/www.noticiasradioreflejos.com.ar\/2021\/las-exportaciones-marcaron-un-record-de-us44-377-millones-en-el-primer-semestre\/#primaryimage"},"image":{"@id":"https:\/\/www.noticiasradioreflejos.com.ar\/2021\/las-exportaciones-marcaron-un-record-de-us44-377-millones-en-el-primer-semestre\/#primaryimage"},"thumbnailUrl":"https:\/\/www.telam.com.ar\/thumbs\/bluesteel\/advf\/imagenes\/2019\/05\/5cd969a1c4529_900.jpg","datePublished":"2022-08-25T00:00:46+00:00","author":{"@id":"https:\/\/www.noticiasradioreflejos.com.ar\/2021\/#\/schema\/person\/ad82545263dcc5ec0996818884fd5fb1"},"breadcrumb":{"@id":"https:\/\/www.noticiasradioreflejos.com.ar\/2021\/las-exportaciones-marcaron-un-record-de-us44-377-millones-en-el-primer-semestre\/#breadcrumb"},"inLanguage":"es","potentialAction":[{"@type":"ReadAction","target":["https:\/\/www.noticiasradioreflejos.com.ar\/2021\/las-exportaciones-marcaron-un-record-de-us44-377-millones-en-el-primer-semestre\/"]}]},{"@type":"ImageObject","inLanguage":"es","@id":"https:\/\/www.noticiasradioreflejos.com.ar\/2021\/las-exportaciones-marcaron-un-record-de-us44-377-millones-en-el-primer-semestre\/#primaryimage","url":"https:\/\/www.telam.com.ar\/thumbs\/bluesteel\/advf\/imagenes\/2019\/05\/5cd969a1c4529_900.jpg","contentUrl":"https:\/\/www.telam.com.ar\/thumbs\/bluesteel\/advf\/imagenes\/2019\/05\/5cd969a1c4529_900.jpg"},{"@type":"BreadcrumbList","@id":"https:\/\/www.noticiasradioreflejos.com.ar\/2021\/las-exportaciones-marcaron-un-record-de-us44-377-millones-en-el-primer-semestre\/#breadcrumb","itemListElement":[{"@type":"ListItem","position":1,"name":"Portada","item":"https:\/\/www.noticiasradioreflejos.com.ar\/2021\/"},{"@type":"ListItem","position":2,"name":"Las exportaciones marcaron un r\u00e9cord de US$44.377 millones en el primer semestre"}]},{"@type":"WebSite","@id":"https:\/\/www.noticiasradioreflejos.com.ar\/2021\/#website","url":"https:\/\/www.noticiasradioreflejos.com.ar\/2021\/","name":"Noticias Radio Reflejos","description":"Las noticias de mi comarca","potentialAction":[{"@type":"SearchAction","target":{"@type":"EntryPoint","urlTemplate":"https:\/\/www.noticiasradioreflejos.com.ar\/2021\/?s={search_term_string}"},"query-input":{"@type":"PropertyValueSpecification","valueRequired":true,"valueName":"search_term_string"}}],"inLanguage":"es"},{"@type":"Person","@id":"https:\/\/www.noticiasradioreflejos.com.ar\/2021\/#\/schema\/person\/ad82545263dcc5ec0996818884fd5fb1","name":"Arnaldo Botto","image":{"@type":"ImageObject","inLanguage":"es","@id":"https:\/\/www.noticiasradioreflejos.com.ar\/2021\/#\/schema\/person\/image\/","url":"https:\/\/secure.gravatar.com\/avatar\/55cb5e37c1efa326397366e6974cb338056df65cb50e7d64d1cf314e87504837?s=96&d=mm&r=g","contentUrl":"https:\/\/secure.gravatar.com\/avatar\/55cb5e37c1efa326397366e6974cb338056df65cb50e7d64d1cf314e87504837?s=96&d=mm&r=g","caption":"Arnaldo Botto"},"url":"https:\/\/www.noticiasradioreflejos.com.ar\/2021\/author\/arnaldo\/"}]}},"_links":{"self":[{"href":"https:\/\/www.noticiasradioreflejos.com.ar\/2021\/wp-json\/wp\/v2\/posts\/76714","targetHints":{"allow":["GET"]}}],"collection":[{"href":"https:\/\/www.noticiasradioreflejos.com.ar\/2021\/wp-json\/wp\/v2\/posts"}],"about":[{"href":"https:\/\/www.noticiasradioreflejos.com.ar\/2021\/wp-json\/wp\/v2\/types\/post"}],"author":[{"embeddable":true,"href":"https:\/\/www.noticiasradioreflejos.com.ar\/2021\/wp-json\/wp\/v2\/users\/3"}],"replies":[{"embeddable":true,"href":"https:\/\/www.noticiasradioreflejos.com.ar\/2021\/wp-json\/wp\/v2\/comments?post=76714"}],"version-history":[{"count":1,"href":"https:\/\/www.noticiasradioreflejos.com.ar\/2021\/wp-json\/wp\/v2\/posts\/76714\/revisions"}],"predecessor-version":[{"id":76716,"href":"https:\/\/www.noticiasradioreflejos.com.ar\/2021\/wp-json\/wp\/v2\/posts\/76714\/revisions\/76716"}],"wp:attachment":[{"href":"https:\/\/www.noticiasradioreflejos.com.ar\/2021\/wp-json\/wp\/v2\/media?parent=76714"}],"wp:term":[{"taxonomy":"category","embeddable":true,"href":"https:\/\/www.noticiasradioreflejos.com.ar\/2021\/wp-json\/wp\/v2\/categories?post=76714"},{"taxonomy":"post_tag","embeddable":true,"href":"https:\/\/www.noticiasradioreflejos.com.ar\/2021\/wp-json\/wp\/v2\/tags?post=76714"}],"curies":[{"name":"wp","href":"https:\/\/api.w.org\/{rel}","templated":true}]}}