{"id":76702,"date":"2022-08-24T22:06:22","date_gmt":"2022-08-24T22:06:22","guid":{"rendered":"http:\/\/www.noticiasradioreflejos.com.ar\/2021\/?p=76702"},"modified":"2022-08-24T22:06:22","modified_gmt":"2022-08-24T22:06:22","slug":"vialidad-nacional-realizara-una-intervencion-inmediata-en-la-ruta-nacional-40-entre-el-bolson-y-bariloche","status":"publish","type":"post","link":"https:\/\/www.noticiasradioreflejos.com.ar\/2021\/vialidad-nacional-realizara-una-intervencion-inmediata-en-la-ruta-nacional-40-entre-el-bolson-y-bariloche\/","title":{"rendered":"VIALIDAD NACIONAL realizar\u00e1 una intervenci\u00f3n inmediata en la Ruta Nacional 40, entre el BOLS\u00d3N Y BARILOCHE"},"content":{"rendered":"<p>El organismo vial llevar\u00e1 a cabo un plan intensivo de bacheo y reparaci\u00f3n de varios tramos de la RN 40 que presentan serios da\u00f1os en su capa de rodamiento. Intervendr\u00e1n personal y equipos de los distritos de R\u00edo Negro, Bah\u00eda Blanca, Chubut, Neuqu\u00e9n y San Luis.<!--more--><\/p>\n<p><a title=\"WhatsApp Image 2022-08-24 at 5.58.43 PM\" href=\"https:\/\/www.flickr.com\/photos\/182279889@N02\/52308795041\/in\/dateposted-public\/\" data-flickr-embed=\"true\"><img loading=\"lazy\" decoding=\"async\" src=\"https:\/\/live.staticflickr.com\/65535\/52308795041_4c85689273_c.jpg\" alt=\"WhatsApp Image 2022-08-24 at 5.58.43 PM\" width=\"800\" height=\"434\" \/><\/a><\/p>\n<p>El Ministerio de Obras P\u00fablicas, a trav\u00e9s de Vialidad Nacional, resolvi\u00f3 intervenir de manera inmediata en el mantenimiento de la Ruta Nacional 40 y ejecutar las tareas necesarias para recuperar la transitabilidad en el tramo que une las ciudades rionegrinas de El Bols\u00f3n y Bariloche.<\/p>\n<p>A ra\u00edz del deterioro que presenta la calzada de la RN 40 en varios sectores del tramo mencionado, el ministro de Obras P\u00fablicas, Gabriel Katopodis, y el administrador general de Vialidad Nacional, Gustavo Arrieta, determinaron llevar a cabo estos trabajos de manera urgente e inmediata. Adem\u00e1s de la participaci\u00f3n del distrito de R\u00edo Negro, los distritos de Bah\u00eda Blanca, Chubut, Neuqu\u00e9n y San Luis del organismo vial nacional colaborar\u00e1n aportando personal y maquinaria vial para resolver los problemas de conectividad de la ruta entre El Bols\u00f3n y Bariloche.<\/p>\n<p>&nbsp;<\/p>\n<p>Las tareas ser\u00e1n ejecutadas por las \u00e1reas de Conservaci\u00f3n de los distritos involucrados a partir de la coordinaci\u00f3n y supervisi\u00f3n de Ricardo Curetti, asesor de Vialidad Nacional para la Regi\u00f3n Sur.<\/p>\n<p>&nbsp;<\/p>\n<p>La medida fue comunicada a los responsables de los distritos en cuesti\u00f3n mediante un documento electr\u00f3nico firmado por el gerente ejecutivo de Regiones y Distritos Provinciales, Patricio Garc\u00eda, quien afirm\u00f3: \u201cAtento que las tareas de mantenimiento del corredor requieren una intervenci\u00f3n con mayor cantidad de personal \u2013equipos y materiales\u2014 se solicita a las Jefaturas de Distrito prestar colaboraci\u00f3n y dar inicio en forma inmediata a las tareas complementarias necesarias para dar transitabilidad segura en el citado corredor, especialmente en el tramo Bariloche &#8211; El Bols\u00f3n\u201d. En la misma nota, Garc\u00eda indic\u00f3 que el ingeniero Ricardo Curetti \u201cplanificar\u00e1 con las Jefaturas de Distrito y Jefaturas de Conservaci\u00f3n las intervenciones necesarias\u201d.<\/p>\n<p><a title=\"ruta 40 (1)\" href=\"https:\/\/www.flickr.com\/photos\/182279889@N02\/52309303004\/in\/dateposted-public\/\" data-flickr-embed=\"true\"><img loading=\"lazy\" decoding=\"async\" src=\"https:\/\/live.staticflickr.com\/65535\/52309303004_d296844ed0_c.jpg\" alt=\"ruta 40 (1)\" width=\"800\" height=\"463\" \/><\/a><\/p>\n","protected":false},"excerpt":{"rendered":"<p>El organismo vial llevar\u00e1 a cabo un plan intensivo de bacheo y reparaci\u00f3n de varios tramos de la RN 40 que presentan serios da\u00f1os en su capa de rodamiento. Intervendr\u00e1n personal y equipos de los distritos de R\u00edo Negro, Bah\u00eda Blanca, Chubut, Neuqu\u00e9n y San Luis.<\/p>\n","protected":false},"author":3,"featured_media":0,"comment_status":"closed","ping_status":"closed","sticky":false,"template":"","format":"standard","meta":{"footnotes":""},"categories":[58],"tags":[],"class_list":["post-76702","post","type-post","status-publish","format-standard","hentry","category-gobierno"],"yoast_head":"<!-- This site is optimized with the Yoast SEO plugin v25.9 - https:\/\/yoast.com\/wordpress\/plugins\/seo\/ -->\n<title>VIALIDAD NACIONAL realizar\u00e1 una intervenci\u00f3n inmediata en la Ruta Nacional 40, entre el BOLS\u00d3N Y BARILOCHE - Noticias Radio Reflejos<\/title>\n<meta name=\"robots\" content=\"index, follow, max-snippet:-1, max-image-preview:large, max-video-preview:-1\" \/>\n<link rel=\"canonical\" href=\"https:\/\/www.noticiasradioreflejos.com.ar\/2021\/vialidad-nacional-realizara-una-intervencion-inmediata-en-la-ruta-nacional-40-entre-el-bolson-y-bariloche\/\" \/>\n<meta property=\"og:locale\" content=\"es_ES\" \/>\n<meta property=\"og:type\" content=\"article\" \/>\n<meta property=\"og:title\" content=\"VIALIDAD NACIONAL realizar\u00e1 una intervenci\u00f3n inmediata en la Ruta Nacional 40, entre el BOLS\u00d3N Y BARILOCHE - Noticias Radio Reflejos\" \/>\n<meta property=\"og:description\" content=\"El organismo vial llevar\u00e1 a cabo un plan intensivo de bacheo y reparaci\u00f3n de varios tramos de la RN 40 que presentan serios da\u00f1os en su capa de rodamiento. Intervendr\u00e1n personal y equipos de los distritos de R\u00edo Negro, Bah\u00eda Blanca, Chubut, Neuqu\u00e9n y San Luis.\" \/>\n<meta property=\"og:url\" content=\"https:\/\/www.noticiasradioreflejos.com.ar\/2021\/vialidad-nacional-realizara-una-intervencion-inmediata-en-la-ruta-nacional-40-entre-el-bolson-y-bariloche\/\" \/>\n<meta property=\"og:site_name\" content=\"Noticias Radio Reflejos\" \/>\n<meta property=\"article:published_time\" content=\"2022-08-24T22:06:22+00:00\" \/>\n<meta property=\"og:image\" content=\"https:\/\/live.staticflickr.com\/65535\/52308795041_4c85689273_c.jpg\" \/>\n<meta name=\"author\" content=\"Arnaldo Botto\" \/>\n<meta name=\"twitter:card\" content=\"summary_large_image\" \/>\n<script type=\"application\/ld+json\" class=\"yoast-schema-graph\">{\"@context\":\"https:\/\/schema.org\",\"@graph\":[{\"@type\":\"WebPage\",\"@id\":\"https:\/\/www.noticiasradioreflejos.com.ar\/2021\/vialidad-nacional-realizara-una-intervencion-inmediata-en-la-ruta-nacional-40-entre-el-bolson-y-bariloche\/\",\"url\":\"https:\/\/www.noticiasradioreflejos.com.ar\/2021\/vialidad-nacional-realizara-una-intervencion-inmediata-en-la-ruta-nacional-40-entre-el-bolson-y-bariloche\/\",\"name\":\"VIALIDAD NACIONAL realizar\u00e1 una intervenci\u00f3n inmediata en la Ruta Nacional 40, entre el BOLS\u00d3N Y BARILOCHE - Noticias Radio Reflejos\",\"isPartOf\":{\"@id\":\"https:\/\/www.noticiasradioreflejos.com.ar\/2021\/#website\"},\"primaryImageOfPage\":{\"@id\":\"https:\/\/www.noticiasradioreflejos.com.ar\/2021\/vialidad-nacional-realizara-una-intervencion-inmediata-en-la-ruta-nacional-40-entre-el-bolson-y-bariloche\/#primaryimage\"},\"image\":{\"@id\":\"https:\/\/www.noticiasradioreflejos.com.ar\/2021\/vialidad-nacional-realizara-una-intervencion-inmediata-en-la-ruta-nacional-40-entre-el-bolson-y-bariloche\/#primaryimage\"},\"thumbnailUrl\":\"https:\/\/live.staticflickr.com\/65535\/52308795041_4c85689273_c.jpg\",\"datePublished\":\"2022-08-24T22:06:22+00:00\",\"author\":{\"@id\":\"https:\/\/www.noticiasradioreflejos.com.ar\/2021\/#\/schema\/person\/ad82545263dcc5ec0996818884fd5fb1\"},\"breadcrumb\":{\"@id\":\"https:\/\/www.noticiasradioreflejos.com.ar\/2021\/vialidad-nacional-realizara-una-intervencion-inmediata-en-la-ruta-nacional-40-entre-el-bolson-y-bariloche\/#breadcrumb\"},\"inLanguage\":\"es\",\"potentialAction\":[{\"@type\":\"ReadAction\",\"target\":[\"https:\/\/www.noticiasradioreflejos.com.ar\/2021\/vialidad-nacional-realizara-una-intervencion-inmediata-en-la-ruta-nacional-40-entre-el-bolson-y-bariloche\/\"]}]},{\"@type\":\"ImageObject\",\"inLanguage\":\"es\",\"@id\":\"https:\/\/www.noticiasradioreflejos.com.ar\/2021\/vialidad-nacional-realizara-una-intervencion-inmediata-en-la-ruta-nacional-40-entre-el-bolson-y-bariloche\/#primaryimage\",\"url\":\"https:\/\/live.staticflickr.com\/65535\/52308795041_4c85689273_c.jpg\",\"contentUrl\":\"https:\/\/live.staticflickr.com\/65535\/52308795041_4c85689273_c.jpg\"},{\"@type\":\"BreadcrumbList\",\"@id\":\"https:\/\/www.noticiasradioreflejos.com.ar\/2021\/vialidad-nacional-realizara-una-intervencion-inmediata-en-la-ruta-nacional-40-entre-el-bolson-y-bariloche\/#breadcrumb\",\"itemListElement\":[{\"@type\":\"ListItem\",\"position\":1,\"name\":\"Portada\",\"item\":\"https:\/\/www.noticiasradioreflejos.com.ar\/2021\/\"},{\"@type\":\"ListItem\",\"position\":2,\"name\":\"VIALIDAD NACIONAL realizar\u00e1 una intervenci\u00f3n inmediata en la Ruta Nacional 40, entre el BOLS\u00d3N Y BARILOCHE\"}]},{\"@type\":\"WebSite\",\"@id\":\"https:\/\/www.noticiasradioreflejos.com.ar\/2021\/#website\",\"url\":\"https:\/\/www.noticiasradioreflejos.com.ar\/2021\/\",\"name\":\"Noticias Radio Reflejos\",\"description\":\"Las noticias de mi comarca\",\"potentialAction\":[{\"@type\":\"SearchAction\",\"target\":{\"@type\":\"EntryPoint\",\"urlTemplate\":\"https:\/\/www.noticiasradioreflejos.com.ar\/2021\/?s={search_term_string}\"},\"query-input\":{\"@type\":\"PropertyValueSpecification\",\"valueRequired\":true,\"valueName\":\"search_term_string\"}}],\"inLanguage\":\"es\"},{\"@type\":\"Person\",\"@id\":\"https:\/\/www.noticiasradioreflejos.com.ar\/2021\/#\/schema\/person\/ad82545263dcc5ec0996818884fd5fb1\",\"name\":\"Arnaldo Botto\",\"image\":{\"@type\":\"ImageObject\",\"inLanguage\":\"es\",\"@id\":\"https:\/\/www.noticiasradioreflejos.com.ar\/2021\/#\/schema\/person\/image\/\",\"url\":\"https:\/\/secure.gravatar.com\/avatar\/55cb5e37c1efa326397366e6974cb338056df65cb50e7d64d1cf314e87504837?s=96&d=mm&r=g\",\"contentUrl\":\"https:\/\/secure.gravatar.com\/avatar\/55cb5e37c1efa326397366e6974cb338056df65cb50e7d64d1cf314e87504837?s=96&d=mm&r=g\",\"caption\":\"Arnaldo Botto\"},\"url\":\"https:\/\/www.noticiasradioreflejos.com.ar\/2021\/author\/arnaldo\/\"}]}<\/script>\n<!-- \/ Yoast SEO plugin. -->","yoast_head_json":{"title":"VIALIDAD NACIONAL realizar\u00e1 una intervenci\u00f3n inmediata en la Ruta Nacional 40, entre el BOLS\u00d3N Y BARILOCHE - Noticias Radio Reflejos","robots":{"index":"index","follow":"follow","max-snippet":"max-snippet:-1","max-image-preview":"max-image-preview:large","max-video-preview":"max-video-preview:-1"},"canonical":"https:\/\/www.noticiasradioreflejos.com.ar\/2021\/vialidad-nacional-realizara-una-intervencion-inmediata-en-la-ruta-nacional-40-entre-el-bolson-y-bariloche\/","og_locale":"es_ES","og_type":"article","og_title":"VIALIDAD NACIONAL realizar\u00e1 una intervenci\u00f3n inmediata en la Ruta Nacional 40, entre el BOLS\u00d3N Y BARILOCHE - Noticias Radio Reflejos","og_description":"El organismo vial llevar\u00e1 a cabo un plan intensivo de bacheo y reparaci\u00f3n de varios tramos de la RN 40 que presentan serios da\u00f1os en su capa de rodamiento. Intervendr\u00e1n personal y equipos de los distritos de R\u00edo Negro, Bah\u00eda Blanca, Chubut, Neuqu\u00e9n y San Luis.","og_url":"https:\/\/www.noticiasradioreflejos.com.ar\/2021\/vialidad-nacional-realizara-una-intervencion-inmediata-en-la-ruta-nacional-40-entre-el-bolson-y-bariloche\/","og_site_name":"Noticias Radio Reflejos","article_published_time":"2022-08-24T22:06:22+00:00","og_image":[{"url":"https:\/\/live.staticflickr.com\/65535\/52308795041_4c85689273_c.jpg","type":"","width":"","height":""}],"author":"Arnaldo Botto","twitter_card":"summary_large_image","schema":{"@context":"https:\/\/schema.org","@graph":[{"@type":"WebPage","@id":"https:\/\/www.noticiasradioreflejos.com.ar\/2021\/vialidad-nacional-realizara-una-intervencion-inmediata-en-la-ruta-nacional-40-entre-el-bolson-y-bariloche\/","url":"https:\/\/www.noticiasradioreflejos.com.ar\/2021\/vialidad-nacional-realizara-una-intervencion-inmediata-en-la-ruta-nacional-40-entre-el-bolson-y-bariloche\/","name":"VIALIDAD NACIONAL realizar\u00e1 una intervenci\u00f3n inmediata en la Ruta Nacional 40, entre el BOLS\u00d3N Y BARILOCHE - Noticias Radio Reflejos","isPartOf":{"@id":"https:\/\/www.noticiasradioreflejos.com.ar\/2021\/#website"},"primaryImageOfPage":{"@id":"https:\/\/www.noticiasradioreflejos.com.ar\/2021\/vialidad-nacional-realizara-una-intervencion-inmediata-en-la-ruta-nacional-40-entre-el-bolson-y-bariloche\/#primaryimage"},"image":{"@id":"https:\/\/www.noticiasradioreflejos.com.ar\/2021\/vialidad-nacional-realizara-una-intervencion-inmediata-en-la-ruta-nacional-40-entre-el-bolson-y-bariloche\/#primaryimage"},"thumbnailUrl":"https:\/\/live.staticflickr.com\/65535\/52308795041_4c85689273_c.jpg","datePublished":"2022-08-24T22:06:22+00:00","author":{"@id":"https:\/\/www.noticiasradioreflejos.com.ar\/2021\/#\/schema\/person\/ad82545263dcc5ec0996818884fd5fb1"},"breadcrumb":{"@id":"https:\/\/www.noticiasradioreflejos.com.ar\/2021\/vialidad-nacional-realizara-una-intervencion-inmediata-en-la-ruta-nacional-40-entre-el-bolson-y-bariloche\/#breadcrumb"},"inLanguage":"es","potentialAction":[{"@type":"ReadAction","target":["https:\/\/www.noticiasradioreflejos.com.ar\/2021\/vialidad-nacional-realizara-una-intervencion-inmediata-en-la-ruta-nacional-40-entre-el-bolson-y-bariloche\/"]}]},{"@type":"ImageObject","inLanguage":"es","@id":"https:\/\/www.noticiasradioreflejos.com.ar\/2021\/vialidad-nacional-realizara-una-intervencion-inmediata-en-la-ruta-nacional-40-entre-el-bolson-y-bariloche\/#primaryimage","url":"https:\/\/live.staticflickr.com\/65535\/52308795041_4c85689273_c.jpg","contentUrl":"https:\/\/live.staticflickr.com\/65535\/52308795041_4c85689273_c.jpg"},{"@type":"BreadcrumbList","@id":"https:\/\/www.noticiasradioreflejos.com.ar\/2021\/vialidad-nacional-realizara-una-intervencion-inmediata-en-la-ruta-nacional-40-entre-el-bolson-y-bariloche\/#breadcrumb","itemListElement":[{"@type":"ListItem","position":1,"name":"Portada","item":"https:\/\/www.noticiasradioreflejos.com.ar\/2021\/"},{"@type":"ListItem","position":2,"name":"VIALIDAD NACIONAL realizar\u00e1 una intervenci\u00f3n inmediata en la Ruta Nacional 40, entre el BOLS\u00d3N Y BARILOCHE"}]},{"@type":"WebSite","@id":"https:\/\/www.noticiasradioreflejos.com.ar\/2021\/#website","url":"https:\/\/www.noticiasradioreflejos.com.ar\/2021\/","name":"Noticias Radio Reflejos","description":"Las noticias de mi comarca","potentialAction":[{"@type":"SearchAction","target":{"@type":"EntryPoint","urlTemplate":"https:\/\/www.noticiasradioreflejos.com.ar\/2021\/?s={search_term_string}"},"query-input":{"@type":"PropertyValueSpecification","valueRequired":true,"valueName":"search_term_string"}}],"inLanguage":"es"},{"@type":"Person","@id":"https:\/\/www.noticiasradioreflejos.com.ar\/2021\/#\/schema\/person\/ad82545263dcc5ec0996818884fd5fb1","name":"Arnaldo Botto","image":{"@type":"ImageObject","inLanguage":"es","@id":"https:\/\/www.noticiasradioreflejos.com.ar\/2021\/#\/schema\/person\/image\/","url":"https:\/\/secure.gravatar.com\/avatar\/55cb5e37c1efa326397366e6974cb338056df65cb50e7d64d1cf314e87504837?s=96&d=mm&r=g","contentUrl":"https:\/\/secure.gravatar.com\/avatar\/55cb5e37c1efa326397366e6974cb338056df65cb50e7d64d1cf314e87504837?s=96&d=mm&r=g","caption":"Arnaldo Botto"},"url":"https:\/\/www.noticiasradioreflejos.com.ar\/2021\/author\/arnaldo\/"}]}},"_links":{"self":[{"href":"https:\/\/www.noticiasradioreflejos.com.ar\/2021\/wp-json\/wp\/v2\/posts\/76702","targetHints":{"allow":["GET"]}}],"collection":[{"href":"https:\/\/www.noticiasradioreflejos.com.ar\/2021\/wp-json\/wp\/v2\/posts"}],"about":[{"href":"https:\/\/www.noticiasradioreflejos.com.ar\/2021\/wp-json\/wp\/v2\/types\/post"}],"author":[{"embeddable":true,"href":"https:\/\/www.noticiasradioreflejos.com.ar\/2021\/wp-json\/wp\/v2\/users\/3"}],"replies":[{"embeddable":true,"href":"https:\/\/www.noticiasradioreflejos.com.ar\/2021\/wp-json\/wp\/v2\/comments?post=76702"}],"version-history":[{"count":1,"href":"https:\/\/www.noticiasradioreflejos.com.ar\/2021\/wp-json\/wp\/v2\/posts\/76702\/revisions"}],"predecessor-version":[{"id":76704,"href":"https:\/\/www.noticiasradioreflejos.com.ar\/2021\/wp-json\/wp\/v2\/posts\/76702\/revisions\/76704"}],"wp:attachment":[{"href":"https:\/\/www.noticiasradioreflejos.com.ar\/2021\/wp-json\/wp\/v2\/media?parent=76702"}],"wp:term":[{"taxonomy":"category","embeddable":true,"href":"https:\/\/www.noticiasradioreflejos.com.ar\/2021\/wp-json\/wp\/v2\/categories?post=76702"},{"taxonomy":"post_tag","embeddable":true,"href":"https:\/\/www.noticiasradioreflejos.com.ar\/2021\/wp-json\/wp\/v2\/tags?post=76702"}],"curies":[{"name":"wp","href":"https:\/\/api.w.org\/{rel}","templated":true}]}}