{"id":767,"date":"2016-09-10T13:05:19","date_gmt":"2016-09-10T13:05:19","guid":{"rendered":"http:\/\/noticiasradioreflejos.com.ar\/noticias\/?p=767"},"modified":"2016-09-10T13:05:19","modified_gmt":"2016-09-10T13:05:19","slug":"se-celebro-el-dia-del-maestro","status":"publish","type":"post","link":"https:\/\/www.noticiasradioreflejos.com.ar\/2021\/se-celebro-el-dia-del-maestro\/","title":{"rendered":"Se celebr\u00f3 el d\u00eda del maestro"},"content":{"rendered":"<p><img loading=\"lazy\" decoding=\"async\" class=\" wp-image-768 alignleft\" src=\"http:\/\/noticiasradioreflejos.com.ar\/noticias\/wp-content\/uploads\/2016\/09\/IMG_8357-Small.jpg\" alt=\"IMG_8357-Small\" width=\"506\" height=\"337\" \/>Para celebrar el D\u00eda del Maestro el intendente municipal, Sergio Bordoni junto a el Presidente del Honorable Concejo Deliberante, Gustavo Moroncini, parte de su gabinete, concejales, autoridades educativas y escuelas locales se reunieron frente al busto de Don Domingo Faustino Sarmiento para rendirle homenaje.<!--more--><br \/>\nLuego del recibimiento a las banderas, fue el turno de las palabras alusivas a la fecha de la mano de la Directora de la Escuela de Ense\u00f1anza Especial N\u00ba 501, Gabriela Barros; quien destac\u00f3 que la ense\u00f1anza es la \u00fanica manera de transformar el mundo.<br \/>\nDespu\u00e9s fue el turno de depositar la ofrenda florar en el busto del maestro argentino por excelencia, Sarmiento.<br \/>\nMas tarde, las autoridades del Concejo Escolar en conjunto a la Directora de Cultura, Noeli Kloster; el intendente municipal y el presidente del concejo deliberante, fueron los encargados de hacer entrega de un presente, a cada una de las docente que cumplieron 25 a\u00f1os de servicio y vocaci\u00f3n.<br \/>\nPara finalizar el emotivo acto, un grupo de chicos del CEF N\u00ba9 realizaron un numero art\u00edstico.<br \/>\nPosteriormente, las autoridades se dirigieron hacia el cementerio local donde se procedi\u00f3 a descubrir una placa en homenaje a los a\u00f1os dedicados a la actividad docente de Elizabeth Fidani, dedicada por el Centro de Educadores de Tornquist.<br \/>\n<strong><img loading=\"lazy\" decoding=\"async\" class=\"size-full wp-image-771 aligncenter\" src=\"http:\/\/noticiasradioreflejos.com.ar\/noticias\/wp-content\/uploads\/2016\/09\/IMG_8356-Small.jpg\" alt=\"IMG_8356-Small\" width=\"720\" height=\"480\" \/><img loading=\"lazy\" decoding=\"async\" class=\"alignnone size-full wp-image-770\" src=\"http:\/\/noticiasradioreflejos.com.ar\/noticias\/wp-content\/uploads\/2016\/09\/IMG_8349-Small.jpg\" alt=\"IMG_8349-Small\" width=\"720\" height=\"480\" \/><img loading=\"lazy\" decoding=\"async\" class=\"alignnone size-full wp-image-773\" src=\"http:\/\/noticiasradioreflejos.com.ar\/noticias\/wp-content\/uploads\/2016\/09\/IMG_8363-Small.jpg\" alt=\"IMG_8363-Small\" width=\"720\" height=\"480\" \/><img loading=\"lazy\" decoding=\"async\" class=\"alignnone size-full wp-image-774\" src=\"http:\/\/noticiasradioreflejos.com.ar\/noticias\/wp-content\/uploads\/2016\/09\/IMG_8371-Small.jpg\" alt=\"IMG_8371-Small\" width=\"720\" height=\"480\" \/><img loading=\"lazy\" decoding=\"async\" class=\"alignnone size-full wp-image-775\" src=\"http:\/\/noticiasradioreflejos.com.ar\/noticias\/wp-content\/uploads\/2016\/09\/IMG_8376-Small.jpg\" alt=\"IMG_8376-Small\" width=\"720\" height=\"480\" \/><img loading=\"lazy\" decoding=\"async\" class=\"alignnone size-full wp-image-776\" src=\"http:\/\/noticiasradioreflejos.com.ar\/noticias\/wp-content\/uploads\/2016\/09\/IMG_8377-Small.jpg\" alt=\"IMG_8377-Small\" width=\"720\" height=\"480\" \/><img loading=\"lazy\" decoding=\"async\" class=\"alignnone size-full wp-image-781\" src=\"http:\/\/noticiasradioreflejos.com.ar\/noticias\/wp-content\/uploads\/2016\/09\/IMG_8389-Small.jpg\" alt=\"IMG_8389-Small\" width=\"720\" height=\"480\" \/><img loading=\"lazy\" decoding=\"async\" class=\"alignnone size-full wp-image-779\" src=\"http:\/\/noticiasradioreflejos.com.ar\/noticias\/wp-content\/uploads\/2016\/09\/IMG_8382-Small.jpg\" alt=\"IMG_8382-Small\" width=\"720\" height=\"480\" \/><img loading=\"lazy\" decoding=\"async\" class=\"alignnone size-full wp-image-778\" src=\"http:\/\/noticiasradioreflejos.com.ar\/noticias\/wp-content\/uploads\/2016\/09\/IMG_8380-Small.jpg\" alt=\"IMG_8380-Small\" width=\"720\" height=\"480\" \/><img loading=\"lazy\" decoding=\"async\" class=\"alignnone size-full wp-image-785\" src=\"http:\/\/noticiasradioreflejos.com.ar\/noticias\/wp-content\/uploads\/2016\/09\/IMG_8395-Small.jpg\" alt=\"IMG_8395-Small\" width=\"720\" height=\"480\" \/><img loading=\"lazy\" decoding=\"async\" class=\"alignnone size-full wp-image-783\" src=\"http:\/\/noticiasradioreflejos.com.ar\/noticias\/wp-content\/uploads\/2016\/09\/IMG_8393-Small.jpg\" alt=\"IMG_8393-Small\" width=\"720\" height=\"480\" \/>Fotos : Noticias Tornquist<\/strong><\/p>\n","protected":false},"excerpt":{"rendered":"<p>Para celebrar el D\u00eda del Maestro el intendente municipal, Sergio Bordoni junto a el Presidente del Honorable Concejo Deliberante, Gustavo Moroncini, parte de su gabinete, concejales, autoridades educativas y escuelas locales se reunieron frente al busto de Don Domingo Faustino Sarmiento para rendirle homenaje.<\/p>\n","protected":false},"author":3,"featured_media":0,"comment_status":"closed","ping_status":"open","sticky":false,"template":"","format":"standard","meta":{"footnotes":""},"categories":[28],"tags":[],"class_list":["post-767","post","type-post","status-publish","format-standard","hentry","category-municipales"],"yoast_head":"<!-- This site is optimized with the Yoast SEO plugin v25.9 - https:\/\/yoast.com\/wordpress\/plugins\/seo\/ -->\n<title>Se celebr\u00f3 el d\u00eda del maestro - Noticias Radio Reflejos<\/title>\n<meta name=\"robots\" content=\"index, follow, max-snippet:-1, max-image-preview:large, max-video-preview:-1\" \/>\n<link rel=\"canonical\" href=\"https:\/\/www.noticiasradioreflejos.com.ar\/2021\/se-celebro-el-dia-del-maestro\/\" \/>\n<meta property=\"og:locale\" content=\"es_ES\" \/>\n<meta property=\"og:type\" content=\"article\" \/>\n<meta property=\"og:title\" content=\"Se celebr\u00f3 el d\u00eda del maestro - Noticias Radio Reflejos\" \/>\n<meta property=\"og:description\" content=\"Para celebrar el D\u00eda del Maestro el intendente municipal, Sergio Bordoni junto a el Presidente del Honorable Concejo Deliberante, Gustavo Moroncini, parte de su gabinete, concejales, autoridades educativas y escuelas locales se reunieron frente al busto de Don Domingo Faustino Sarmiento para rendirle homenaje.\" \/>\n<meta property=\"og:url\" content=\"https:\/\/www.noticiasradioreflejos.com.ar\/2021\/se-celebro-el-dia-del-maestro\/\" \/>\n<meta property=\"og:site_name\" content=\"Noticias Radio Reflejos\" \/>\n<meta property=\"article:published_time\" content=\"2016-09-10T13:05:19+00:00\" \/>\n<meta property=\"og:image\" content=\"https:\/\/www.noticiasradioreflejos.com.ar\/2021\/wp-content\/uploads\/2021\/07\/logosol300x200.png\" \/>\n\t<meta property=\"og:image:width\" content=\"300\" \/>\n\t<meta property=\"og:image:height\" content=\"200\" \/>\n\t<meta property=\"og:image:type\" content=\"image\/png\" \/>\n<meta name=\"author\" content=\"Arnaldo Botto\" \/>\n<meta name=\"twitter:card\" content=\"summary_large_image\" \/>\n<script type=\"application\/ld+json\" class=\"yoast-schema-graph\">{\"@context\":\"https:\/\/schema.org\",\"@graph\":[{\"@type\":\"WebPage\",\"@id\":\"https:\/\/www.noticiasradioreflejos.com.ar\/2021\/se-celebro-el-dia-del-maestro\/\",\"url\":\"https:\/\/www.noticiasradioreflejos.com.ar\/2021\/se-celebro-el-dia-del-maestro\/\",\"name\":\"Se celebr\u00f3 el d\u00eda del maestro - Noticias Radio Reflejos\",\"isPartOf\":{\"@id\":\"https:\/\/www.noticiasradioreflejos.com.ar\/2021\/#website\"},\"primaryImageOfPage\":{\"@id\":\"https:\/\/www.noticiasradioreflejos.com.ar\/2021\/se-celebro-el-dia-del-maestro\/#primaryimage\"},\"image\":{\"@id\":\"https:\/\/www.noticiasradioreflejos.com.ar\/2021\/se-celebro-el-dia-del-maestro\/#primaryimage\"},\"thumbnailUrl\":\"http:\/\/noticiasradioreflejos.com.ar\/noticias\/wp-content\/uploads\/2016\/09\/IMG_8357-Small.jpg\",\"datePublished\":\"2016-09-10T13:05:19+00:00\",\"author\":{\"@id\":\"https:\/\/www.noticiasradioreflejos.com.ar\/2021\/#\/schema\/person\/ad82545263dcc5ec0996818884fd5fb1\"},\"breadcrumb\":{\"@id\":\"https:\/\/www.noticiasradioreflejos.com.ar\/2021\/se-celebro-el-dia-del-maestro\/#breadcrumb\"},\"inLanguage\":\"es\",\"potentialAction\":[{\"@type\":\"ReadAction\",\"target\":[\"https:\/\/www.noticiasradioreflejos.com.ar\/2021\/se-celebro-el-dia-del-maestro\/\"]}]},{\"@type\":\"ImageObject\",\"inLanguage\":\"es\",\"@id\":\"https:\/\/www.noticiasradioreflejos.com.ar\/2021\/se-celebro-el-dia-del-maestro\/#primaryimage\",\"url\":\"http:\/\/noticiasradioreflejos.com.ar\/noticias\/wp-content\/uploads\/2016\/09\/IMG_8357-Small.jpg\",\"contentUrl\":\"http:\/\/noticiasradioreflejos.com.ar\/noticias\/wp-content\/uploads\/2016\/09\/IMG_8357-Small.jpg\"},{\"@type\":\"BreadcrumbList\",\"@id\":\"https:\/\/www.noticiasradioreflejos.com.ar\/2021\/se-celebro-el-dia-del-maestro\/#breadcrumb\",\"itemListElement\":[{\"@type\":\"ListItem\",\"position\":1,\"name\":\"Portada\",\"item\":\"https:\/\/www.noticiasradioreflejos.com.ar\/2021\/\"},{\"@type\":\"ListItem\",\"position\":2,\"name\":\"Se celebr\u00f3 el d\u00eda del maestro\"}]},{\"@type\":\"WebSite\",\"@id\":\"https:\/\/www.noticiasradioreflejos.com.ar\/2021\/#website\",\"url\":\"https:\/\/www.noticiasradioreflejos.com.ar\/2021\/\",\"name\":\"Noticias Radio Reflejos\",\"description\":\"Las noticias de mi comarca\",\"potentialAction\":[{\"@type\":\"SearchAction\",\"target\":{\"@type\":\"EntryPoint\",\"urlTemplate\":\"https:\/\/www.noticiasradioreflejos.com.ar\/2021\/?s={search_term_string}\"},\"query-input\":{\"@type\":\"PropertyValueSpecification\",\"valueRequired\":true,\"valueName\":\"search_term_string\"}}],\"inLanguage\":\"es\"},{\"@type\":\"Person\",\"@id\":\"https:\/\/www.noticiasradioreflejos.com.ar\/2021\/#\/schema\/person\/ad82545263dcc5ec0996818884fd5fb1\",\"name\":\"Arnaldo Botto\",\"image\":{\"@type\":\"ImageObject\",\"inLanguage\":\"es\",\"@id\":\"https:\/\/www.noticiasradioreflejos.com.ar\/2021\/#\/schema\/person\/image\/\",\"url\":\"https:\/\/secure.gravatar.com\/avatar\/55cb5e37c1efa326397366e6974cb338056df65cb50e7d64d1cf314e87504837?s=96&d=mm&r=g\",\"contentUrl\":\"https:\/\/secure.gravatar.com\/avatar\/55cb5e37c1efa326397366e6974cb338056df65cb50e7d64d1cf314e87504837?s=96&d=mm&r=g\",\"caption\":\"Arnaldo Botto\"},\"url\":\"https:\/\/www.noticiasradioreflejos.com.ar\/2021\/author\/arnaldo\/\"}]}<\/script>\n<!-- \/ Yoast SEO plugin. -->","yoast_head_json":{"title":"Se celebr\u00f3 el d\u00eda del maestro - Noticias Radio Reflejos","robots":{"index":"index","follow":"follow","max-snippet":"max-snippet:-1","max-image-preview":"max-image-preview:large","max-video-preview":"max-video-preview:-1"},"canonical":"https:\/\/www.noticiasradioreflejos.com.ar\/2021\/se-celebro-el-dia-del-maestro\/","og_locale":"es_ES","og_type":"article","og_title":"Se celebr\u00f3 el d\u00eda del maestro - Noticias Radio Reflejos","og_description":"Para celebrar el D\u00eda del Maestro el intendente municipal, Sergio Bordoni junto a el Presidente del Honorable Concejo Deliberante, Gustavo Moroncini, parte de su gabinete, concejales, autoridades educativas y escuelas locales se reunieron frente al busto de Don Domingo Faustino Sarmiento para rendirle homenaje.","og_url":"https:\/\/www.noticiasradioreflejos.com.ar\/2021\/se-celebro-el-dia-del-maestro\/","og_site_name":"Noticias Radio Reflejos","article_published_time":"2016-09-10T13:05:19+00:00","og_image":[{"width":300,"height":200,"url":"https:\/\/www.noticiasradioreflejos.com.ar\/2021\/wp-content\/uploads\/2021\/07\/logosol300x200.png","type":"image\/png"}],"author":"Arnaldo Botto","twitter_card":"summary_large_image","schema":{"@context":"https:\/\/schema.org","@graph":[{"@type":"WebPage","@id":"https:\/\/www.noticiasradioreflejos.com.ar\/2021\/se-celebro-el-dia-del-maestro\/","url":"https:\/\/www.noticiasradioreflejos.com.ar\/2021\/se-celebro-el-dia-del-maestro\/","name":"Se celebr\u00f3 el d\u00eda del maestro - Noticias Radio Reflejos","isPartOf":{"@id":"https:\/\/www.noticiasradioreflejos.com.ar\/2021\/#website"},"primaryImageOfPage":{"@id":"https:\/\/www.noticiasradioreflejos.com.ar\/2021\/se-celebro-el-dia-del-maestro\/#primaryimage"},"image":{"@id":"https:\/\/www.noticiasradioreflejos.com.ar\/2021\/se-celebro-el-dia-del-maestro\/#primaryimage"},"thumbnailUrl":"http:\/\/noticiasradioreflejos.com.ar\/noticias\/wp-content\/uploads\/2016\/09\/IMG_8357-Small.jpg","datePublished":"2016-09-10T13:05:19+00:00","author":{"@id":"https:\/\/www.noticiasradioreflejos.com.ar\/2021\/#\/schema\/person\/ad82545263dcc5ec0996818884fd5fb1"},"breadcrumb":{"@id":"https:\/\/www.noticiasradioreflejos.com.ar\/2021\/se-celebro-el-dia-del-maestro\/#breadcrumb"},"inLanguage":"es","potentialAction":[{"@type":"ReadAction","target":["https:\/\/www.noticiasradioreflejos.com.ar\/2021\/se-celebro-el-dia-del-maestro\/"]}]},{"@type":"ImageObject","inLanguage":"es","@id":"https:\/\/www.noticiasradioreflejos.com.ar\/2021\/se-celebro-el-dia-del-maestro\/#primaryimage","url":"http:\/\/noticiasradioreflejos.com.ar\/noticias\/wp-content\/uploads\/2016\/09\/IMG_8357-Small.jpg","contentUrl":"http:\/\/noticiasradioreflejos.com.ar\/noticias\/wp-content\/uploads\/2016\/09\/IMG_8357-Small.jpg"},{"@type":"BreadcrumbList","@id":"https:\/\/www.noticiasradioreflejos.com.ar\/2021\/se-celebro-el-dia-del-maestro\/#breadcrumb","itemListElement":[{"@type":"ListItem","position":1,"name":"Portada","item":"https:\/\/www.noticiasradioreflejos.com.ar\/2021\/"},{"@type":"ListItem","position":2,"name":"Se celebr\u00f3 el d\u00eda del maestro"}]},{"@type":"WebSite","@id":"https:\/\/www.noticiasradioreflejos.com.ar\/2021\/#website","url":"https:\/\/www.noticiasradioreflejos.com.ar\/2021\/","name":"Noticias Radio Reflejos","description":"Las noticias de mi comarca","potentialAction":[{"@type":"SearchAction","target":{"@type":"EntryPoint","urlTemplate":"https:\/\/www.noticiasradioreflejos.com.ar\/2021\/?s={search_term_string}"},"query-input":{"@type":"PropertyValueSpecification","valueRequired":true,"valueName":"search_term_string"}}],"inLanguage":"es"},{"@type":"Person","@id":"https:\/\/www.noticiasradioreflejos.com.ar\/2021\/#\/schema\/person\/ad82545263dcc5ec0996818884fd5fb1","name":"Arnaldo Botto","image":{"@type":"ImageObject","inLanguage":"es","@id":"https:\/\/www.noticiasradioreflejos.com.ar\/2021\/#\/schema\/person\/image\/","url":"https:\/\/secure.gravatar.com\/avatar\/55cb5e37c1efa326397366e6974cb338056df65cb50e7d64d1cf314e87504837?s=96&d=mm&r=g","contentUrl":"https:\/\/secure.gravatar.com\/avatar\/55cb5e37c1efa326397366e6974cb338056df65cb50e7d64d1cf314e87504837?s=96&d=mm&r=g","caption":"Arnaldo Botto"},"url":"https:\/\/www.noticiasradioreflejos.com.ar\/2021\/author\/arnaldo\/"}]}},"_links":{"self":[{"href":"https:\/\/www.noticiasradioreflejos.com.ar\/2021\/wp-json\/wp\/v2\/posts\/767","targetHints":{"allow":["GET"]}}],"collection":[{"href":"https:\/\/www.noticiasradioreflejos.com.ar\/2021\/wp-json\/wp\/v2\/posts"}],"about":[{"href":"https:\/\/www.noticiasradioreflejos.com.ar\/2021\/wp-json\/wp\/v2\/types\/post"}],"author":[{"embeddable":true,"href":"https:\/\/www.noticiasradioreflejos.com.ar\/2021\/wp-json\/wp\/v2\/users\/3"}],"replies":[{"embeddable":true,"href":"https:\/\/www.noticiasradioreflejos.com.ar\/2021\/wp-json\/wp\/v2\/comments?post=767"}],"version-history":[{"count":0,"href":"https:\/\/www.noticiasradioreflejos.com.ar\/2021\/wp-json\/wp\/v2\/posts\/767\/revisions"}],"wp:attachment":[{"href":"https:\/\/www.noticiasradioreflejos.com.ar\/2021\/wp-json\/wp\/v2\/media?parent=767"}],"wp:term":[{"taxonomy":"category","embeddable":true,"href":"https:\/\/www.noticiasradioreflejos.com.ar\/2021\/wp-json\/wp\/v2\/categories?post=767"},{"taxonomy":"post_tag","embeddable":true,"href":"https:\/\/www.noticiasradioreflejos.com.ar\/2021\/wp-json\/wp\/v2\/tags?post=767"}],"curies":[{"name":"wp","href":"https:\/\/api.w.org\/{rel}","templated":true}]}}