{"id":76684,"date":"2022-08-24T20:41:05","date_gmt":"2022-08-24T20:41:05","guid":{"rendered":"http:\/\/www.noticiasradioreflejos.com.ar\/2021\/?p=76684"},"modified":"2022-08-24T22:07:59","modified_gmt":"2022-08-24T22:07:59","slug":"nuevos-avances-para-que-el-club-atletico-ventana-tenga-su-predio-propio","status":"publish","type":"post","link":"https:\/\/www.noticiasradioreflejos.com.ar\/2021\/nuevos-avances-para-que-el-club-atletico-ventana-tenga-su-predio-propio\/","title":{"rendered":"Nuevos avances para que el Club Atl\u00e9tico Ventana tenga su predio propio"},"content":{"rendered":"<p>El intendente Sergio Bordoni y miembros de su gabinete, mantuvieron este martes un encuentro con dirigentes del Club Atl\u00e9tico Ventana (CAV), para avanzar en cuestiones relacionadas al predio deportivo de la instituci\u00f3n de Sierra de la Ventana.<!--more--><\/p>\n<p><a title=\"Reunion CAV (2)\" href=\"https:\/\/www.flickr.com\/photos\/182279889@N02\/52309161614\/in\/dateposted-public\/\" data-flickr-embed=\"true\"><img loading=\"lazy\" decoding=\"async\" src=\"https:\/\/live.staticflickr.com\/65535\/52309161614_4d33b87243_c.jpg\" alt=\"Reunion CAV (2)\" width=\"800\" height=\"600\" \/><\/a><script async src=\"\/\/embedr.flickr.com\/assets\/client-code.js\" charset=\"utf-8\"><\/script><\/p>\n<p>En primer t\u00e9rmino, dialogaron sobre la inminente renovaci\u00f3n del comodato de posesi\u00f3n del complejo \u2018Galileo Galilei\u2019 en el que actualmente el CAV tiene sus canchas de f\u00fatbol y hockey, y que pertenece a la Municipalidad de Bah\u00eda Blanca.<\/p>\n<p>La nueva cesi\u00f3n de las tierras ser\u00eda por otros cinco a\u00f1os y se convalidar\u00e1 entre la mencionada comuna y el municipio de Tornquist, que realizar\u00e1 obras de mejoras para que el club pueda seguir haciendo uso de las instalaciones.<\/p>\n<p>Luego, los funcionarios y los representantes de la entidad, recorrieron el macizo de tierras obtenidas por el municipio a trav\u00e9s de la ordenanza de plusval\u00eda y en las que se ejecutar\u00e1, entre otros proyectos, el futuro campo de deportes del CAV (4 hect\u00e1reas), que tambi\u00e9n ser\u00e1 utilizado para actividades municipales.<\/p>\n<p>Este tipo de acciones se enmarcan en una de las prioridades del actual gobierno local, que es el desarrollo de las instituciones deportivas del distrito a trav\u00e9s de gestiones, facilidades y aportes, lo que permite que contin\u00faen con su crecimiento y su importante rol social que cumplen en la comunidad.<\/p>\n<p>Adem\u00e1s del jefe comunal, de la jornada fueron parte el Secretario de Gobierno y Hacienda, Ezequiel Gabella, el Secretario de Obras y Servicios P\u00fablicos, Ing. Bruno Paez, y el delegado municipal Hugo Polvara.<\/p>\n<p><a title=\"Reunion CAV (5)\" href=\"https:\/\/www.flickr.com\/photos\/182279889@N02\/52309177060\/in\/dateposted-public\/\" data-flickr-embed=\"true\"><img loading=\"lazy\" decoding=\"async\" src=\"https:\/\/live.staticflickr.com\/65535\/52309177060_594a58672b_c.jpg\" alt=\"Reunion CAV (5)\" width=\"800\" height=\"600\" \/><\/a><script async src=\"\/\/embedr.flickr.com\/assets\/client-code.js\" charset=\"utf-8\"><\/script><\/p>\n<p><a title=\"Reunion CAV (1)\" href=\"https:\/\/www.flickr.com\/photos\/182279889@N02\/52309177115\/in\/dateposted-public\/\" data-flickr-embed=\"true\"><img loading=\"lazy\" decoding=\"async\" src=\"https:\/\/live.staticflickr.com\/65535\/52309177115_1c8155fd48_c.jpg\" alt=\"Reunion CAV (1)\" width=\"800\" height=\"600\" \/><\/a><script async src=\"\/\/embedr.flickr.com\/assets\/client-code.js\" charset=\"utf-8\"><\/script><\/p>\n<p><a title=\"Reunion CAV (4)\" href=\"https:\/\/www.flickr.com\/photos\/182279889@N02\/52309177145\/in\/dateposted-public\/\" data-flickr-embed=\"true\"><img loading=\"lazy\" decoding=\"async\" src=\"https:\/\/live.staticflickr.com\/65535\/52309177145_72cf6f9bf3_c.jpg\" alt=\"Reunion CAV (4)\" width=\"800\" height=\"600\" \/><\/a><script async src=\"\/\/embedr.flickr.com\/assets\/client-code.js\" charset=\"utf-8\"><\/script><\/p>\n","protected":false},"excerpt":{"rendered":"<p>El intendente Sergio Bordoni y miembros de su gabinete, mantuvieron este martes un encuentro con dirigentes del Club Atl\u00e9tico Ventana (CAV), para avanzar en cuestiones relacionadas al predio deportivo de la instituci\u00f3n de Sierra de la Ventana.<\/p>\n","protected":false},"author":3,"featured_media":0,"comment_status":"closed","ping_status":"closed","sticky":false,"template":"","format":"standard","meta":{"footnotes":""},"categories":[28,26],"tags":[],"class_list":["post-76684","post","type-post","status-publish","format-standard","hentry","category-municipales","category-sociedad"],"yoast_head":"<!-- This site is optimized with the Yoast SEO plugin v25.9 - https:\/\/yoast.com\/wordpress\/plugins\/seo\/ -->\n<title>Nuevos avances para que el Club Atl\u00e9tico Ventana tenga su predio propio - Noticias Radio Reflejos<\/title>\n<meta name=\"robots\" content=\"index, follow, max-snippet:-1, max-image-preview:large, max-video-preview:-1\" \/>\n<link rel=\"canonical\" href=\"https:\/\/www.noticiasradioreflejos.com.ar\/2021\/nuevos-avances-para-que-el-club-atletico-ventana-tenga-su-predio-propio\/\" \/>\n<meta property=\"og:locale\" content=\"es_ES\" \/>\n<meta property=\"og:type\" content=\"article\" \/>\n<meta property=\"og:title\" content=\"Nuevos avances para que el Club Atl\u00e9tico Ventana tenga su predio propio - Noticias Radio Reflejos\" \/>\n<meta property=\"og:description\" content=\"El intendente Sergio Bordoni y miembros de su gabinete, mantuvieron este martes un encuentro con dirigentes del Club Atl\u00e9tico Ventana (CAV), para avanzar en cuestiones relacionadas al predio deportivo de la instituci\u00f3n de Sierra de la Ventana.\" \/>\n<meta property=\"og:url\" content=\"https:\/\/www.noticiasradioreflejos.com.ar\/2021\/nuevos-avances-para-que-el-club-atletico-ventana-tenga-su-predio-propio\/\" \/>\n<meta property=\"og:site_name\" content=\"Noticias Radio Reflejos\" \/>\n<meta property=\"article:published_time\" content=\"2022-08-24T20:41:05+00:00\" \/>\n<meta property=\"article:modified_time\" content=\"2022-08-24T22:07:59+00:00\" \/>\n<meta property=\"og:image\" content=\"https:\/\/live.staticflickr.com\/65535\/52309161614_4d33b87243_c.jpg\" \/>\n<meta name=\"author\" content=\"Arnaldo Botto\" \/>\n<meta name=\"twitter:card\" content=\"summary_large_image\" \/>\n<script type=\"application\/ld+json\" class=\"yoast-schema-graph\">{\"@context\":\"https:\/\/schema.org\",\"@graph\":[{\"@type\":\"WebPage\",\"@id\":\"https:\/\/www.noticiasradioreflejos.com.ar\/2021\/nuevos-avances-para-que-el-club-atletico-ventana-tenga-su-predio-propio\/\",\"url\":\"https:\/\/www.noticiasradioreflejos.com.ar\/2021\/nuevos-avances-para-que-el-club-atletico-ventana-tenga-su-predio-propio\/\",\"name\":\"Nuevos avances para que el Club Atl\u00e9tico Ventana tenga su predio propio - Noticias Radio Reflejos\",\"isPartOf\":{\"@id\":\"https:\/\/www.noticiasradioreflejos.com.ar\/2021\/#website\"},\"primaryImageOfPage\":{\"@id\":\"https:\/\/www.noticiasradioreflejos.com.ar\/2021\/nuevos-avances-para-que-el-club-atletico-ventana-tenga-su-predio-propio\/#primaryimage\"},\"image\":{\"@id\":\"https:\/\/www.noticiasradioreflejos.com.ar\/2021\/nuevos-avances-para-que-el-club-atletico-ventana-tenga-su-predio-propio\/#primaryimage\"},\"thumbnailUrl\":\"https:\/\/live.staticflickr.com\/65535\/52309161614_4d33b87243_c.jpg\",\"datePublished\":\"2022-08-24T20:41:05+00:00\",\"dateModified\":\"2022-08-24T22:07:59+00:00\",\"author\":{\"@id\":\"https:\/\/www.noticiasradioreflejos.com.ar\/2021\/#\/schema\/person\/ad82545263dcc5ec0996818884fd5fb1\"},\"breadcrumb\":{\"@id\":\"https:\/\/www.noticiasradioreflejos.com.ar\/2021\/nuevos-avances-para-que-el-club-atletico-ventana-tenga-su-predio-propio\/#breadcrumb\"},\"inLanguage\":\"es\",\"potentialAction\":[{\"@type\":\"ReadAction\",\"target\":[\"https:\/\/www.noticiasradioreflejos.com.ar\/2021\/nuevos-avances-para-que-el-club-atletico-ventana-tenga-su-predio-propio\/\"]}]},{\"@type\":\"ImageObject\",\"inLanguage\":\"es\",\"@id\":\"https:\/\/www.noticiasradioreflejos.com.ar\/2021\/nuevos-avances-para-que-el-club-atletico-ventana-tenga-su-predio-propio\/#primaryimage\",\"url\":\"https:\/\/live.staticflickr.com\/65535\/52309161614_4d33b87243_c.jpg\",\"contentUrl\":\"https:\/\/live.staticflickr.com\/65535\/52309161614_4d33b87243_c.jpg\"},{\"@type\":\"BreadcrumbList\",\"@id\":\"https:\/\/www.noticiasradioreflejos.com.ar\/2021\/nuevos-avances-para-que-el-club-atletico-ventana-tenga-su-predio-propio\/#breadcrumb\",\"itemListElement\":[{\"@type\":\"ListItem\",\"position\":1,\"name\":\"Portada\",\"item\":\"https:\/\/www.noticiasradioreflejos.com.ar\/2021\/\"},{\"@type\":\"ListItem\",\"position\":2,\"name\":\"Nuevos avances para que el Club Atl\u00e9tico Ventana tenga su predio propio\"}]},{\"@type\":\"WebSite\",\"@id\":\"https:\/\/www.noticiasradioreflejos.com.ar\/2021\/#website\",\"url\":\"https:\/\/www.noticiasradioreflejos.com.ar\/2021\/\",\"name\":\"Noticias Radio Reflejos\",\"description\":\"Las noticias de mi comarca\",\"potentialAction\":[{\"@type\":\"SearchAction\",\"target\":{\"@type\":\"EntryPoint\",\"urlTemplate\":\"https:\/\/www.noticiasradioreflejos.com.ar\/2021\/?s={search_term_string}\"},\"query-input\":{\"@type\":\"PropertyValueSpecification\",\"valueRequired\":true,\"valueName\":\"search_term_string\"}}],\"inLanguage\":\"es\"},{\"@type\":\"Person\",\"@id\":\"https:\/\/www.noticiasradioreflejos.com.ar\/2021\/#\/schema\/person\/ad82545263dcc5ec0996818884fd5fb1\",\"name\":\"Arnaldo Botto\",\"image\":{\"@type\":\"ImageObject\",\"inLanguage\":\"es\",\"@id\":\"https:\/\/www.noticiasradioreflejos.com.ar\/2021\/#\/schema\/person\/image\/\",\"url\":\"https:\/\/secure.gravatar.com\/avatar\/55cb5e37c1efa326397366e6974cb338056df65cb50e7d64d1cf314e87504837?s=96&d=mm&r=g\",\"contentUrl\":\"https:\/\/secure.gravatar.com\/avatar\/55cb5e37c1efa326397366e6974cb338056df65cb50e7d64d1cf314e87504837?s=96&d=mm&r=g\",\"caption\":\"Arnaldo Botto\"},\"url\":\"https:\/\/www.noticiasradioreflejos.com.ar\/2021\/author\/arnaldo\/\"}]}<\/script>\n<!-- \/ Yoast SEO plugin. -->","yoast_head_json":{"title":"Nuevos avances para que el Club Atl\u00e9tico Ventana tenga su predio propio - Noticias Radio Reflejos","robots":{"index":"index","follow":"follow","max-snippet":"max-snippet:-1","max-image-preview":"max-image-preview:large","max-video-preview":"max-video-preview:-1"},"canonical":"https:\/\/www.noticiasradioreflejos.com.ar\/2021\/nuevos-avances-para-que-el-club-atletico-ventana-tenga-su-predio-propio\/","og_locale":"es_ES","og_type":"article","og_title":"Nuevos avances para que el Club Atl\u00e9tico Ventana tenga su predio propio - Noticias Radio Reflejos","og_description":"El intendente Sergio Bordoni y miembros de su gabinete, mantuvieron este martes un encuentro con dirigentes del Club Atl\u00e9tico Ventana (CAV), para avanzar en cuestiones relacionadas al predio deportivo de la instituci\u00f3n de Sierra de la Ventana.","og_url":"https:\/\/www.noticiasradioreflejos.com.ar\/2021\/nuevos-avances-para-que-el-club-atletico-ventana-tenga-su-predio-propio\/","og_site_name":"Noticias Radio Reflejos","article_published_time":"2022-08-24T20:41:05+00:00","article_modified_time":"2022-08-24T22:07:59+00:00","og_image":[{"url":"https:\/\/live.staticflickr.com\/65535\/52309161614_4d33b87243_c.jpg","type":"","width":"","height":""}],"author":"Arnaldo Botto","twitter_card":"summary_large_image","schema":{"@context":"https:\/\/schema.org","@graph":[{"@type":"WebPage","@id":"https:\/\/www.noticiasradioreflejos.com.ar\/2021\/nuevos-avances-para-que-el-club-atletico-ventana-tenga-su-predio-propio\/","url":"https:\/\/www.noticiasradioreflejos.com.ar\/2021\/nuevos-avances-para-que-el-club-atletico-ventana-tenga-su-predio-propio\/","name":"Nuevos avances para que el Club Atl\u00e9tico Ventana tenga su predio propio - Noticias Radio Reflejos","isPartOf":{"@id":"https:\/\/www.noticiasradioreflejos.com.ar\/2021\/#website"},"primaryImageOfPage":{"@id":"https:\/\/www.noticiasradioreflejos.com.ar\/2021\/nuevos-avances-para-que-el-club-atletico-ventana-tenga-su-predio-propio\/#primaryimage"},"image":{"@id":"https:\/\/www.noticiasradioreflejos.com.ar\/2021\/nuevos-avances-para-que-el-club-atletico-ventana-tenga-su-predio-propio\/#primaryimage"},"thumbnailUrl":"https:\/\/live.staticflickr.com\/65535\/52309161614_4d33b87243_c.jpg","datePublished":"2022-08-24T20:41:05+00:00","dateModified":"2022-08-24T22:07:59+00:00","author":{"@id":"https:\/\/www.noticiasradioreflejos.com.ar\/2021\/#\/schema\/person\/ad82545263dcc5ec0996818884fd5fb1"},"breadcrumb":{"@id":"https:\/\/www.noticiasradioreflejos.com.ar\/2021\/nuevos-avances-para-que-el-club-atletico-ventana-tenga-su-predio-propio\/#breadcrumb"},"inLanguage":"es","potentialAction":[{"@type":"ReadAction","target":["https:\/\/www.noticiasradioreflejos.com.ar\/2021\/nuevos-avances-para-que-el-club-atletico-ventana-tenga-su-predio-propio\/"]}]},{"@type":"ImageObject","inLanguage":"es","@id":"https:\/\/www.noticiasradioreflejos.com.ar\/2021\/nuevos-avances-para-que-el-club-atletico-ventana-tenga-su-predio-propio\/#primaryimage","url":"https:\/\/live.staticflickr.com\/65535\/52309161614_4d33b87243_c.jpg","contentUrl":"https:\/\/live.staticflickr.com\/65535\/52309161614_4d33b87243_c.jpg"},{"@type":"BreadcrumbList","@id":"https:\/\/www.noticiasradioreflejos.com.ar\/2021\/nuevos-avances-para-que-el-club-atletico-ventana-tenga-su-predio-propio\/#breadcrumb","itemListElement":[{"@type":"ListItem","position":1,"name":"Portada","item":"https:\/\/www.noticiasradioreflejos.com.ar\/2021\/"},{"@type":"ListItem","position":2,"name":"Nuevos avances para que el Club Atl\u00e9tico Ventana tenga su predio propio"}]},{"@type":"WebSite","@id":"https:\/\/www.noticiasradioreflejos.com.ar\/2021\/#website","url":"https:\/\/www.noticiasradioreflejos.com.ar\/2021\/","name":"Noticias Radio Reflejos","description":"Las noticias de mi comarca","potentialAction":[{"@type":"SearchAction","target":{"@type":"EntryPoint","urlTemplate":"https:\/\/www.noticiasradioreflejos.com.ar\/2021\/?s={search_term_string}"},"query-input":{"@type":"PropertyValueSpecification","valueRequired":true,"valueName":"search_term_string"}}],"inLanguage":"es"},{"@type":"Person","@id":"https:\/\/www.noticiasradioreflejos.com.ar\/2021\/#\/schema\/person\/ad82545263dcc5ec0996818884fd5fb1","name":"Arnaldo Botto","image":{"@type":"ImageObject","inLanguage":"es","@id":"https:\/\/www.noticiasradioreflejos.com.ar\/2021\/#\/schema\/person\/image\/","url":"https:\/\/secure.gravatar.com\/avatar\/55cb5e37c1efa326397366e6974cb338056df65cb50e7d64d1cf314e87504837?s=96&d=mm&r=g","contentUrl":"https:\/\/secure.gravatar.com\/avatar\/55cb5e37c1efa326397366e6974cb338056df65cb50e7d64d1cf314e87504837?s=96&d=mm&r=g","caption":"Arnaldo Botto"},"url":"https:\/\/www.noticiasradioreflejos.com.ar\/2021\/author\/arnaldo\/"}]}},"_links":{"self":[{"href":"https:\/\/www.noticiasradioreflejos.com.ar\/2021\/wp-json\/wp\/v2\/posts\/76684","targetHints":{"allow":["GET"]}}],"collection":[{"href":"https:\/\/www.noticiasradioreflejos.com.ar\/2021\/wp-json\/wp\/v2\/posts"}],"about":[{"href":"https:\/\/www.noticiasradioreflejos.com.ar\/2021\/wp-json\/wp\/v2\/types\/post"}],"author":[{"embeddable":true,"href":"https:\/\/www.noticiasradioreflejos.com.ar\/2021\/wp-json\/wp\/v2\/users\/3"}],"replies":[{"embeddable":true,"href":"https:\/\/www.noticiasradioreflejos.com.ar\/2021\/wp-json\/wp\/v2\/comments?post=76684"}],"version-history":[{"count":2,"href":"https:\/\/www.noticiasradioreflejos.com.ar\/2021\/wp-json\/wp\/v2\/posts\/76684\/revisions"}],"predecessor-version":[{"id":76705,"href":"https:\/\/www.noticiasradioreflejos.com.ar\/2021\/wp-json\/wp\/v2\/posts\/76684\/revisions\/76705"}],"wp:attachment":[{"href":"https:\/\/www.noticiasradioreflejos.com.ar\/2021\/wp-json\/wp\/v2\/media?parent=76684"}],"wp:term":[{"taxonomy":"category","embeddable":true,"href":"https:\/\/www.noticiasradioreflejos.com.ar\/2021\/wp-json\/wp\/v2\/categories?post=76684"},{"taxonomy":"post_tag","embeddable":true,"href":"https:\/\/www.noticiasradioreflejos.com.ar\/2021\/wp-json\/wp\/v2\/tags?post=76684"}],"curies":[{"name":"wp","href":"https:\/\/api.w.org\/{rel}","templated":true}]}}