{"id":76664,"date":"2022-08-24T17:32:14","date_gmt":"2022-08-24T17:32:14","guid":{"rendered":"http:\/\/www.noticiasradioreflejos.com.ar\/2021\/?p=76664"},"modified":"2022-08-24T17:32:14","modified_gmt":"2022-08-24T17:32:14","slug":"un-fallo-de-la-justicia-cordobesa-el-perro-es-un-arma","status":"publish","type":"post","link":"https:\/\/www.noticiasradioreflejos.com.ar\/2021\/un-fallo-de-la-justicia-cordobesa-el-perro-es-un-arma\/","title":{"rendered":"\u201cUn fallo de la justicia cordobesa; el perro es un arma\u00bb"},"content":{"rendered":"<p>El<strong> Dr. Leandro Picardi<\/strong> se refiri\u00f3 a la sentencia dada a conocer d\u00edas atr\u00e1s en Bah\u00eda Blanca, en donde se mult\u00f3 a un due\u00f1o porque su perro mordi\u00f3 a un nene en la plaza. De igual forma repas\u00f3 un fallo cordob\u00e9s, en donde se tom\u00f3 al animal como arma.<!--more--><\/p>\n<p>De tanto en tanto el caso reaparece. Un perro suelto que sin entenderse el motivo, termina atacando a chicos o grandes, generando lastimaduras, y en el peor de los casos, la muerte.<\/p>\n<p>A ra\u00edz de esto es que el Dr. Leandro Picardi aprovech\u00f3 el espacio para referirse a la causa que se tramit\u00f3 en Bah\u00eda Blanca, en donde un due\u00f1o debi\u00f3 responder econ\u00f3micamente por los da\u00f1os que caus\u00f3 su mascota a dos menores.<\/p>\n<p>Al respecto, el abogado mencion\u00f3 que \u201cayer sali\u00f3 la sentencia de que Larraburu deber\u00e1 pagar $25 mil pesos como multa. Si bien opino que no es una multa considerable, s\u00ed lo es que la justicia haya sentado un precedente p\u00fablico, generando que se vuelva a hablar de la tenencia responsable de mascotas. A\u00fan queda pendiente el segundo caso, ocurrido en la vivienda lindera\u201d.<\/p>\n<p>De igual forma, cont\u00f3 que \u201ceste tipo de sentencia, m\u00e1s all\u00e1 de la multa y su cuant\u00eda, vuelve a poner en el tapete este tema que es tan importante. Sobre todo para que se tome conciencia de lo que se debe hacer con un perro en la calle. Es una situaci\u00f3n complicada, m\u00e1s all\u00e1 de la herida, por las enfermedades que transmiten\u201d.<\/p>\n<p>Al mismo tiempo refiri\u00f3 que \u201ceste tipo de multas, si bien son una expresi\u00f3n de lo que es el poder correccional y punitivo del estado, sientan el precedente. M\u00e1s all\u00e1 de que los padres de la criatura pueden hacer juicio por da\u00f1os y perjuicios\u201d.<\/p>\n<p>A cuenta de esto trajo a colaci\u00f3n \u201cun fallo de la justicia cordobesa recientemente, donde se determin\u00f3 que el animal era un arma, y en base a esa consideraci\u00f3n, se le adjudic\u00f3 el homicidio voluntario a su due\u00f1o. No por su raza, sino por los da\u00f1os que provoc\u00f3. El cat\u00e1logo de razas peligrosas no rige en Argentina\u201d.<\/p>\n<p>&nbsp;<\/p>\n<p><iframe loading=\"lazy\" src=\"https:\/\/w.soundcloud.com\/player\/?url=https%3A\/\/api.soundcloud.com\/tracks\/1330426096&amp;color=%23ff5500&amp;auto_play=false&amp;hide_related=false&amp;show_comments=true&amp;show_user=true&amp;show_reposts=false&amp;show_teaser=true\" width=\"100%\" height=\"166\" frameborder=\"no\" scrolling=\"no\"><\/iframe><\/p>\n<div style=\"font-size: 10px; color: #cccccc; line-break: anywhere; word-break: normal; overflow: hidden; white-space: nowrap; text-overflow: ellipsis; font-family: Interstate,Lucida Grande,Lucida Sans Unicode,Lucida Sans,Garuda,Verdana,Tahoma,sans-serif; font-weight: 100;\"><a style=\"color: #cccccc; text-decoration: none;\" title=\"fmreflejos 103.7\" href=\"https:\/\/soundcloud.com\/fmreflejos-103-7\" target=\"_blank\" rel=\"noopener\">fmreflejos 103.7<\/a> \u00b7 <a style=\"color: #cccccc; text-decoration: none;\" title=\"Leandro Picardi\" href=\"https:\/\/soundcloud.com\/fmreflejos-103-7\/leandro-picardi-408390826\" target=\"_blank\" rel=\"noopener\">Leandro Picardi<\/a><\/div>\n","protected":false},"excerpt":{"rendered":"<p>El Dr. Leandro Picardi se refiri\u00f3 a la sentencia dada a conocer d\u00edas atr\u00e1s en Bah\u00eda Blanca, en donde se mult\u00f3 a un due\u00f1o porque su perro mordi\u00f3 a un nene en la plaza. De igual forma repas\u00f3 un fallo cordob\u00e9s, en donde se tom\u00f3 al animal como arma.<\/p>\n","protected":false},"author":3,"featured_media":0,"comment_status":"closed","ping_status":"closed","sticky":false,"template":"","format":"standard","meta":{"footnotes":""},"categories":[57,26],"tags":[48],"class_list":["post-76664","post","type-post","status-publish","format-standard","hentry","category-judiciales","category-sociedad","tag-destacada"],"yoast_head":"<!-- This site is optimized with the Yoast SEO plugin v25.9 - https:\/\/yoast.com\/wordpress\/plugins\/seo\/ -->\n<title>\u201cUn fallo de la justicia cordobesa; el perro es un arma&quot; - Noticias Radio Reflejos<\/title>\n<meta name=\"robots\" content=\"index, follow, max-snippet:-1, max-image-preview:large, max-video-preview:-1\" \/>\n<link rel=\"canonical\" href=\"https:\/\/www.noticiasradioreflejos.com.ar\/2021\/un-fallo-de-la-justicia-cordobesa-el-perro-es-un-arma\/\" \/>\n<meta property=\"og:locale\" content=\"es_ES\" \/>\n<meta property=\"og:type\" content=\"article\" \/>\n<meta property=\"og:title\" content=\"\u201cUn fallo de la justicia cordobesa; el perro es un arma&quot; - Noticias Radio Reflejos\" \/>\n<meta property=\"og:description\" content=\"El Dr. Leandro Picardi se refiri\u00f3 a la sentencia dada a conocer d\u00edas atr\u00e1s en Bah\u00eda Blanca, en donde se mult\u00f3 a un due\u00f1o porque su perro mordi\u00f3 a un nene en la plaza. De igual forma repas\u00f3 un fallo cordob\u00e9s, en donde se tom\u00f3 al animal como arma.\" \/>\n<meta property=\"og:url\" content=\"https:\/\/www.noticiasradioreflejos.com.ar\/2021\/un-fallo-de-la-justicia-cordobesa-el-perro-es-un-arma\/\" \/>\n<meta property=\"og:site_name\" content=\"Noticias Radio Reflejos\" \/>\n<meta property=\"article:published_time\" content=\"2022-08-24T17:32:14+00:00\" \/>\n<meta property=\"og:image\" content=\"https:\/\/www.noticiasradioreflejos.com.ar\/2021\/wp-content\/uploads\/2021\/07\/logosol300x200.png\" \/>\n\t<meta property=\"og:image:width\" content=\"300\" \/>\n\t<meta property=\"og:image:height\" content=\"200\" \/>\n\t<meta property=\"og:image:type\" content=\"image\/png\" \/>\n<meta name=\"author\" content=\"Arnaldo Botto\" \/>\n<meta name=\"twitter:card\" content=\"summary_large_image\" \/>\n<script type=\"application\/ld+json\" class=\"yoast-schema-graph\">{\"@context\":\"https:\/\/schema.org\",\"@graph\":[{\"@type\":\"WebPage\",\"@id\":\"https:\/\/www.noticiasradioreflejos.com.ar\/2021\/un-fallo-de-la-justicia-cordobesa-el-perro-es-un-arma\/\",\"url\":\"https:\/\/www.noticiasradioreflejos.com.ar\/2021\/un-fallo-de-la-justicia-cordobesa-el-perro-es-un-arma\/\",\"name\":\"\u201cUn fallo de la justicia cordobesa; el perro es un arma\\\" - Noticias Radio Reflejos\",\"isPartOf\":{\"@id\":\"https:\/\/www.noticiasradioreflejos.com.ar\/2021\/#website\"},\"datePublished\":\"2022-08-24T17:32:14+00:00\",\"author\":{\"@id\":\"https:\/\/www.noticiasradioreflejos.com.ar\/2021\/#\/schema\/person\/ad82545263dcc5ec0996818884fd5fb1\"},\"breadcrumb\":{\"@id\":\"https:\/\/www.noticiasradioreflejos.com.ar\/2021\/un-fallo-de-la-justicia-cordobesa-el-perro-es-un-arma\/#breadcrumb\"},\"inLanguage\":\"es\",\"potentialAction\":[{\"@type\":\"ReadAction\",\"target\":[\"https:\/\/www.noticiasradioreflejos.com.ar\/2021\/un-fallo-de-la-justicia-cordobesa-el-perro-es-un-arma\/\"]}]},{\"@type\":\"BreadcrumbList\",\"@id\":\"https:\/\/www.noticiasradioreflejos.com.ar\/2021\/un-fallo-de-la-justicia-cordobesa-el-perro-es-un-arma\/#breadcrumb\",\"itemListElement\":[{\"@type\":\"ListItem\",\"position\":1,\"name\":\"Portada\",\"item\":\"https:\/\/www.noticiasradioreflejos.com.ar\/2021\/\"},{\"@type\":\"ListItem\",\"position\":2,\"name\":\"\u201cUn fallo de la justicia cordobesa; el perro es un arma\u00bb\"}]},{\"@type\":\"WebSite\",\"@id\":\"https:\/\/www.noticiasradioreflejos.com.ar\/2021\/#website\",\"url\":\"https:\/\/www.noticiasradioreflejos.com.ar\/2021\/\",\"name\":\"Noticias Radio Reflejos\",\"description\":\"Las noticias de mi comarca\",\"potentialAction\":[{\"@type\":\"SearchAction\",\"target\":{\"@type\":\"EntryPoint\",\"urlTemplate\":\"https:\/\/www.noticiasradioreflejos.com.ar\/2021\/?s={search_term_string}\"},\"query-input\":{\"@type\":\"PropertyValueSpecification\",\"valueRequired\":true,\"valueName\":\"search_term_string\"}}],\"inLanguage\":\"es\"},{\"@type\":\"Person\",\"@id\":\"https:\/\/www.noticiasradioreflejos.com.ar\/2021\/#\/schema\/person\/ad82545263dcc5ec0996818884fd5fb1\",\"name\":\"Arnaldo Botto\",\"image\":{\"@type\":\"ImageObject\",\"inLanguage\":\"es\",\"@id\":\"https:\/\/www.noticiasradioreflejos.com.ar\/2021\/#\/schema\/person\/image\/\",\"url\":\"https:\/\/secure.gravatar.com\/avatar\/55cb5e37c1efa326397366e6974cb338056df65cb50e7d64d1cf314e87504837?s=96&d=mm&r=g\",\"contentUrl\":\"https:\/\/secure.gravatar.com\/avatar\/55cb5e37c1efa326397366e6974cb338056df65cb50e7d64d1cf314e87504837?s=96&d=mm&r=g\",\"caption\":\"Arnaldo Botto\"},\"url\":\"https:\/\/www.noticiasradioreflejos.com.ar\/2021\/author\/arnaldo\/\"}]}<\/script>\n<!-- \/ Yoast SEO plugin. -->","yoast_head_json":{"title":"\u201cUn fallo de la justicia cordobesa; el perro es un arma\" - Noticias Radio Reflejos","robots":{"index":"index","follow":"follow","max-snippet":"max-snippet:-1","max-image-preview":"max-image-preview:large","max-video-preview":"max-video-preview:-1"},"canonical":"https:\/\/www.noticiasradioreflejos.com.ar\/2021\/un-fallo-de-la-justicia-cordobesa-el-perro-es-un-arma\/","og_locale":"es_ES","og_type":"article","og_title":"\u201cUn fallo de la justicia cordobesa; el perro es un arma\" - Noticias Radio Reflejos","og_description":"El Dr. Leandro Picardi se refiri\u00f3 a la sentencia dada a conocer d\u00edas atr\u00e1s en Bah\u00eda Blanca, en donde se mult\u00f3 a un due\u00f1o porque su perro mordi\u00f3 a un nene en la plaza. De igual forma repas\u00f3 un fallo cordob\u00e9s, en donde se tom\u00f3 al animal como arma.","og_url":"https:\/\/www.noticiasradioreflejos.com.ar\/2021\/un-fallo-de-la-justicia-cordobesa-el-perro-es-un-arma\/","og_site_name":"Noticias Radio Reflejos","article_published_time":"2022-08-24T17:32:14+00:00","og_image":[{"width":300,"height":200,"url":"https:\/\/www.noticiasradioreflejos.com.ar\/2021\/wp-content\/uploads\/2021\/07\/logosol300x200.png","type":"image\/png"}],"author":"Arnaldo Botto","twitter_card":"summary_large_image","schema":{"@context":"https:\/\/schema.org","@graph":[{"@type":"WebPage","@id":"https:\/\/www.noticiasradioreflejos.com.ar\/2021\/un-fallo-de-la-justicia-cordobesa-el-perro-es-un-arma\/","url":"https:\/\/www.noticiasradioreflejos.com.ar\/2021\/un-fallo-de-la-justicia-cordobesa-el-perro-es-un-arma\/","name":"\u201cUn fallo de la justicia cordobesa; el perro es un arma\" - Noticias Radio Reflejos","isPartOf":{"@id":"https:\/\/www.noticiasradioreflejos.com.ar\/2021\/#website"},"datePublished":"2022-08-24T17:32:14+00:00","author":{"@id":"https:\/\/www.noticiasradioreflejos.com.ar\/2021\/#\/schema\/person\/ad82545263dcc5ec0996818884fd5fb1"},"breadcrumb":{"@id":"https:\/\/www.noticiasradioreflejos.com.ar\/2021\/un-fallo-de-la-justicia-cordobesa-el-perro-es-un-arma\/#breadcrumb"},"inLanguage":"es","potentialAction":[{"@type":"ReadAction","target":["https:\/\/www.noticiasradioreflejos.com.ar\/2021\/un-fallo-de-la-justicia-cordobesa-el-perro-es-un-arma\/"]}]},{"@type":"BreadcrumbList","@id":"https:\/\/www.noticiasradioreflejos.com.ar\/2021\/un-fallo-de-la-justicia-cordobesa-el-perro-es-un-arma\/#breadcrumb","itemListElement":[{"@type":"ListItem","position":1,"name":"Portada","item":"https:\/\/www.noticiasradioreflejos.com.ar\/2021\/"},{"@type":"ListItem","position":2,"name":"\u201cUn fallo de la justicia cordobesa; el perro es un arma\u00bb"}]},{"@type":"WebSite","@id":"https:\/\/www.noticiasradioreflejos.com.ar\/2021\/#website","url":"https:\/\/www.noticiasradioreflejos.com.ar\/2021\/","name":"Noticias Radio Reflejos","description":"Las noticias de mi comarca","potentialAction":[{"@type":"SearchAction","target":{"@type":"EntryPoint","urlTemplate":"https:\/\/www.noticiasradioreflejos.com.ar\/2021\/?s={search_term_string}"},"query-input":{"@type":"PropertyValueSpecification","valueRequired":true,"valueName":"search_term_string"}}],"inLanguage":"es"},{"@type":"Person","@id":"https:\/\/www.noticiasradioreflejos.com.ar\/2021\/#\/schema\/person\/ad82545263dcc5ec0996818884fd5fb1","name":"Arnaldo Botto","image":{"@type":"ImageObject","inLanguage":"es","@id":"https:\/\/www.noticiasradioreflejos.com.ar\/2021\/#\/schema\/person\/image\/","url":"https:\/\/secure.gravatar.com\/avatar\/55cb5e37c1efa326397366e6974cb338056df65cb50e7d64d1cf314e87504837?s=96&d=mm&r=g","contentUrl":"https:\/\/secure.gravatar.com\/avatar\/55cb5e37c1efa326397366e6974cb338056df65cb50e7d64d1cf314e87504837?s=96&d=mm&r=g","caption":"Arnaldo Botto"},"url":"https:\/\/www.noticiasradioreflejos.com.ar\/2021\/author\/arnaldo\/"}]}},"_links":{"self":[{"href":"https:\/\/www.noticiasradioreflejos.com.ar\/2021\/wp-json\/wp\/v2\/posts\/76664","targetHints":{"allow":["GET"]}}],"collection":[{"href":"https:\/\/www.noticiasradioreflejos.com.ar\/2021\/wp-json\/wp\/v2\/posts"}],"about":[{"href":"https:\/\/www.noticiasradioreflejos.com.ar\/2021\/wp-json\/wp\/v2\/types\/post"}],"author":[{"embeddable":true,"href":"https:\/\/www.noticiasradioreflejos.com.ar\/2021\/wp-json\/wp\/v2\/users\/3"}],"replies":[{"embeddable":true,"href":"https:\/\/www.noticiasradioreflejos.com.ar\/2021\/wp-json\/wp\/v2\/comments?post=76664"}],"version-history":[{"count":2,"href":"https:\/\/www.noticiasradioreflejos.com.ar\/2021\/wp-json\/wp\/v2\/posts\/76664\/revisions"}],"predecessor-version":[{"id":76672,"href":"https:\/\/www.noticiasradioreflejos.com.ar\/2021\/wp-json\/wp\/v2\/posts\/76664\/revisions\/76672"}],"wp:attachment":[{"href":"https:\/\/www.noticiasradioreflejos.com.ar\/2021\/wp-json\/wp\/v2\/media?parent=76664"}],"wp:term":[{"taxonomy":"category","embeddable":true,"href":"https:\/\/www.noticiasradioreflejos.com.ar\/2021\/wp-json\/wp\/v2\/categories?post=76664"},{"taxonomy":"post_tag","embeddable":true,"href":"https:\/\/www.noticiasradioreflejos.com.ar\/2021\/wp-json\/wp\/v2\/tags?post=76664"}],"curies":[{"name":"wp","href":"https:\/\/api.w.org\/{rel}","templated":true}]}}