{"id":76657,"date":"2022-08-24T16:45:45","date_gmt":"2022-08-24T16:45:45","guid":{"rendered":"http:\/\/www.noticiasradioreflejos.com.ar\/2021\/?p=76657"},"modified":"2022-08-24T16:45:45","modified_gmt":"2022-08-24T16:45:45","slug":"la-biblioteca-popular-mariano-moreno-presenta-la-obra-de-teatro-astor-de-rodrigo-de-miguel","status":"publish","type":"post","link":"https:\/\/www.noticiasradioreflejos.com.ar\/2021\/la-biblioteca-popular-mariano-moreno-presenta-la-obra-de-teatro-astor-de-rodrigo-de-miguel\/","title":{"rendered":"La Biblioteca Popular Mariano Moreno presenta la obra de teatro ASTOR, de Rodrigo de Miguel."},"content":{"rendered":"<p>Con la actuaci\u00f3n de Fernando Santiago, dirigida por Viviana Ruiz.<!--more--><br \/>\nEl viernes 9 de septiembre, 20.30hs en la Biblioteca. Tendremos cantina, y el evento es a beneficio de la Instituci\u00f3n.<\/p>\n<p>ASTOR: Un hombre nost\u00e1lgico intenta caprichosamente esquivar la dificultad de la distancia: los ecos de su pa\u00eds despiertan sentimientos que impactan en su obra. La obsesi\u00f3n art\u00edstica se expresa en el miedo a repetir su obra anterior. Lo persigue la idea de poder ser, una vez m\u00e1s, novedoso. Presi\u00f3n contenida, desesperaci\u00f3n y una b\u00fasqueda de paz que s\u00f3lo encontrar\u00e1 si define la pr\u00f3xima nota musical. En un viaje a Buenos Aires, una historia de amor irrumpe en su vida. Inesperadamente tiene que tomar una decisi\u00f3n determinante.<br \/>\nTapar la historia, obsesionarse en la composici\u00f3n y disimularse a s\u00ed mismo ser\u00e1n una sombra constante en su vida y sus composiciones<\/p>\n","protected":false},"excerpt":{"rendered":"<p>Con la actuaci\u00f3n de Fernando Santiago, dirigida por Viviana Ruiz.<\/p>\n","protected":false},"author":3,"featured_media":0,"comment_status":"closed","ping_status":"closed","sticky":false,"template":"","format":"standard","meta":{"footnotes":""},"categories":[35],"tags":[],"class_list":["post-76657","post","type-post","status-publish","format-standard","hentry","category-cultura"],"yoast_head":"<!-- This site is optimized with the Yoast SEO plugin v25.9 - https:\/\/yoast.com\/wordpress\/plugins\/seo\/ -->\n<title>La Biblioteca Popular Mariano Moreno presenta la obra de teatro ASTOR, de Rodrigo de Miguel. - Noticias Radio Reflejos<\/title>\n<meta name=\"robots\" content=\"index, follow, max-snippet:-1, max-image-preview:large, max-video-preview:-1\" \/>\n<link rel=\"canonical\" href=\"https:\/\/www.noticiasradioreflejos.com.ar\/2021\/la-biblioteca-popular-mariano-moreno-presenta-la-obra-de-teatro-astor-de-rodrigo-de-miguel\/\" \/>\n<meta property=\"og:locale\" content=\"es_ES\" \/>\n<meta property=\"og:type\" content=\"article\" \/>\n<meta property=\"og:title\" content=\"La Biblioteca Popular Mariano Moreno presenta la obra de teatro ASTOR, de Rodrigo de Miguel. - Noticias Radio Reflejos\" \/>\n<meta property=\"og:description\" content=\"Con la actuaci\u00f3n de Fernando Santiago, dirigida por Viviana Ruiz.\" \/>\n<meta property=\"og:url\" content=\"https:\/\/www.noticiasradioreflejos.com.ar\/2021\/la-biblioteca-popular-mariano-moreno-presenta-la-obra-de-teatro-astor-de-rodrigo-de-miguel\/\" \/>\n<meta property=\"og:site_name\" content=\"Noticias Radio Reflejos\" \/>\n<meta property=\"article:published_time\" content=\"2022-08-24T16:45:45+00:00\" \/>\n<meta property=\"og:image\" content=\"https:\/\/www.noticiasradioreflejos.com.ar\/2021\/wp-content\/uploads\/2021\/07\/logosol300x200.png\" \/>\n\t<meta property=\"og:image:width\" content=\"300\" \/>\n\t<meta property=\"og:image:height\" content=\"200\" \/>\n\t<meta property=\"og:image:type\" content=\"image\/png\" \/>\n<meta name=\"author\" content=\"Arnaldo Botto\" \/>\n<meta name=\"twitter:card\" content=\"summary_large_image\" \/>\n<script type=\"application\/ld+json\" class=\"yoast-schema-graph\">{\"@context\":\"https:\/\/schema.org\",\"@graph\":[{\"@type\":\"WebPage\",\"@id\":\"https:\/\/www.noticiasradioreflejos.com.ar\/2021\/la-biblioteca-popular-mariano-moreno-presenta-la-obra-de-teatro-astor-de-rodrigo-de-miguel\/\",\"url\":\"https:\/\/www.noticiasradioreflejos.com.ar\/2021\/la-biblioteca-popular-mariano-moreno-presenta-la-obra-de-teatro-astor-de-rodrigo-de-miguel\/\",\"name\":\"La Biblioteca Popular Mariano Moreno presenta la obra de teatro ASTOR, de Rodrigo de Miguel. - Noticias Radio Reflejos\",\"isPartOf\":{\"@id\":\"https:\/\/www.noticiasradioreflejos.com.ar\/2021\/#website\"},\"datePublished\":\"2022-08-24T16:45:45+00:00\",\"author\":{\"@id\":\"https:\/\/www.noticiasradioreflejos.com.ar\/2021\/#\/schema\/person\/ad82545263dcc5ec0996818884fd5fb1\"},\"breadcrumb\":{\"@id\":\"https:\/\/www.noticiasradioreflejos.com.ar\/2021\/la-biblioteca-popular-mariano-moreno-presenta-la-obra-de-teatro-astor-de-rodrigo-de-miguel\/#breadcrumb\"},\"inLanguage\":\"es\",\"potentialAction\":[{\"@type\":\"ReadAction\",\"target\":[\"https:\/\/www.noticiasradioreflejos.com.ar\/2021\/la-biblioteca-popular-mariano-moreno-presenta-la-obra-de-teatro-astor-de-rodrigo-de-miguel\/\"]}]},{\"@type\":\"BreadcrumbList\",\"@id\":\"https:\/\/www.noticiasradioreflejos.com.ar\/2021\/la-biblioteca-popular-mariano-moreno-presenta-la-obra-de-teatro-astor-de-rodrigo-de-miguel\/#breadcrumb\",\"itemListElement\":[{\"@type\":\"ListItem\",\"position\":1,\"name\":\"Portada\",\"item\":\"https:\/\/www.noticiasradioreflejos.com.ar\/2021\/\"},{\"@type\":\"ListItem\",\"position\":2,\"name\":\"La Biblioteca Popular Mariano Moreno presenta la obra de teatro ASTOR, de Rodrigo de Miguel.\"}]},{\"@type\":\"WebSite\",\"@id\":\"https:\/\/www.noticiasradioreflejos.com.ar\/2021\/#website\",\"url\":\"https:\/\/www.noticiasradioreflejos.com.ar\/2021\/\",\"name\":\"Noticias Radio Reflejos\",\"description\":\"Las noticias de mi comarca\",\"potentialAction\":[{\"@type\":\"SearchAction\",\"target\":{\"@type\":\"EntryPoint\",\"urlTemplate\":\"https:\/\/www.noticiasradioreflejos.com.ar\/2021\/?s={search_term_string}\"},\"query-input\":{\"@type\":\"PropertyValueSpecification\",\"valueRequired\":true,\"valueName\":\"search_term_string\"}}],\"inLanguage\":\"es\"},{\"@type\":\"Person\",\"@id\":\"https:\/\/www.noticiasradioreflejos.com.ar\/2021\/#\/schema\/person\/ad82545263dcc5ec0996818884fd5fb1\",\"name\":\"Arnaldo Botto\",\"image\":{\"@type\":\"ImageObject\",\"inLanguage\":\"es\",\"@id\":\"https:\/\/www.noticiasradioreflejos.com.ar\/2021\/#\/schema\/person\/image\/\",\"url\":\"https:\/\/secure.gravatar.com\/avatar\/55cb5e37c1efa326397366e6974cb338056df65cb50e7d64d1cf314e87504837?s=96&d=mm&r=g\",\"contentUrl\":\"https:\/\/secure.gravatar.com\/avatar\/55cb5e37c1efa326397366e6974cb338056df65cb50e7d64d1cf314e87504837?s=96&d=mm&r=g\",\"caption\":\"Arnaldo Botto\"},\"url\":\"https:\/\/www.noticiasradioreflejos.com.ar\/2021\/author\/arnaldo\/\"}]}<\/script>\n<!-- \/ Yoast SEO plugin. -->","yoast_head_json":{"title":"La Biblioteca Popular Mariano Moreno presenta la obra de teatro ASTOR, de Rodrigo de Miguel. - Noticias Radio Reflejos","robots":{"index":"index","follow":"follow","max-snippet":"max-snippet:-1","max-image-preview":"max-image-preview:large","max-video-preview":"max-video-preview:-1"},"canonical":"https:\/\/www.noticiasradioreflejos.com.ar\/2021\/la-biblioteca-popular-mariano-moreno-presenta-la-obra-de-teatro-astor-de-rodrigo-de-miguel\/","og_locale":"es_ES","og_type":"article","og_title":"La Biblioteca Popular Mariano Moreno presenta la obra de teatro ASTOR, de Rodrigo de Miguel. - Noticias Radio Reflejos","og_description":"Con la actuaci\u00f3n de Fernando Santiago, dirigida por Viviana Ruiz.","og_url":"https:\/\/www.noticiasradioreflejos.com.ar\/2021\/la-biblioteca-popular-mariano-moreno-presenta-la-obra-de-teatro-astor-de-rodrigo-de-miguel\/","og_site_name":"Noticias Radio Reflejos","article_published_time":"2022-08-24T16:45:45+00:00","og_image":[{"width":300,"height":200,"url":"https:\/\/www.noticiasradioreflejos.com.ar\/2021\/wp-content\/uploads\/2021\/07\/logosol300x200.png","type":"image\/png"}],"author":"Arnaldo Botto","twitter_card":"summary_large_image","schema":{"@context":"https:\/\/schema.org","@graph":[{"@type":"WebPage","@id":"https:\/\/www.noticiasradioreflejos.com.ar\/2021\/la-biblioteca-popular-mariano-moreno-presenta-la-obra-de-teatro-astor-de-rodrigo-de-miguel\/","url":"https:\/\/www.noticiasradioreflejos.com.ar\/2021\/la-biblioteca-popular-mariano-moreno-presenta-la-obra-de-teatro-astor-de-rodrigo-de-miguel\/","name":"La Biblioteca Popular Mariano Moreno presenta la obra de teatro ASTOR, de Rodrigo de Miguel. - Noticias Radio Reflejos","isPartOf":{"@id":"https:\/\/www.noticiasradioreflejos.com.ar\/2021\/#website"},"datePublished":"2022-08-24T16:45:45+00:00","author":{"@id":"https:\/\/www.noticiasradioreflejos.com.ar\/2021\/#\/schema\/person\/ad82545263dcc5ec0996818884fd5fb1"},"breadcrumb":{"@id":"https:\/\/www.noticiasradioreflejos.com.ar\/2021\/la-biblioteca-popular-mariano-moreno-presenta-la-obra-de-teatro-astor-de-rodrigo-de-miguel\/#breadcrumb"},"inLanguage":"es","potentialAction":[{"@type":"ReadAction","target":["https:\/\/www.noticiasradioreflejos.com.ar\/2021\/la-biblioteca-popular-mariano-moreno-presenta-la-obra-de-teatro-astor-de-rodrigo-de-miguel\/"]}]},{"@type":"BreadcrumbList","@id":"https:\/\/www.noticiasradioreflejos.com.ar\/2021\/la-biblioteca-popular-mariano-moreno-presenta-la-obra-de-teatro-astor-de-rodrigo-de-miguel\/#breadcrumb","itemListElement":[{"@type":"ListItem","position":1,"name":"Portada","item":"https:\/\/www.noticiasradioreflejos.com.ar\/2021\/"},{"@type":"ListItem","position":2,"name":"La Biblioteca Popular Mariano Moreno presenta la obra de teatro ASTOR, de Rodrigo de Miguel."}]},{"@type":"WebSite","@id":"https:\/\/www.noticiasradioreflejos.com.ar\/2021\/#website","url":"https:\/\/www.noticiasradioreflejos.com.ar\/2021\/","name":"Noticias Radio Reflejos","description":"Las noticias de mi comarca","potentialAction":[{"@type":"SearchAction","target":{"@type":"EntryPoint","urlTemplate":"https:\/\/www.noticiasradioreflejos.com.ar\/2021\/?s={search_term_string}"},"query-input":{"@type":"PropertyValueSpecification","valueRequired":true,"valueName":"search_term_string"}}],"inLanguage":"es"},{"@type":"Person","@id":"https:\/\/www.noticiasradioreflejos.com.ar\/2021\/#\/schema\/person\/ad82545263dcc5ec0996818884fd5fb1","name":"Arnaldo Botto","image":{"@type":"ImageObject","inLanguage":"es","@id":"https:\/\/www.noticiasradioreflejos.com.ar\/2021\/#\/schema\/person\/image\/","url":"https:\/\/secure.gravatar.com\/avatar\/55cb5e37c1efa326397366e6974cb338056df65cb50e7d64d1cf314e87504837?s=96&d=mm&r=g","contentUrl":"https:\/\/secure.gravatar.com\/avatar\/55cb5e37c1efa326397366e6974cb338056df65cb50e7d64d1cf314e87504837?s=96&d=mm&r=g","caption":"Arnaldo Botto"},"url":"https:\/\/www.noticiasradioreflejos.com.ar\/2021\/author\/arnaldo\/"}]}},"_links":{"self":[{"href":"https:\/\/www.noticiasradioreflejos.com.ar\/2021\/wp-json\/wp\/v2\/posts\/76657","targetHints":{"allow":["GET"]}}],"collection":[{"href":"https:\/\/www.noticiasradioreflejos.com.ar\/2021\/wp-json\/wp\/v2\/posts"}],"about":[{"href":"https:\/\/www.noticiasradioreflejos.com.ar\/2021\/wp-json\/wp\/v2\/types\/post"}],"author":[{"embeddable":true,"href":"https:\/\/www.noticiasradioreflejos.com.ar\/2021\/wp-json\/wp\/v2\/users\/3"}],"replies":[{"embeddable":true,"href":"https:\/\/www.noticiasradioreflejos.com.ar\/2021\/wp-json\/wp\/v2\/comments?post=76657"}],"version-history":[{"count":1,"href":"https:\/\/www.noticiasradioreflejos.com.ar\/2021\/wp-json\/wp\/v2\/posts\/76657\/revisions"}],"predecessor-version":[{"id":76659,"href":"https:\/\/www.noticiasradioreflejos.com.ar\/2021\/wp-json\/wp\/v2\/posts\/76657\/revisions\/76659"}],"wp:attachment":[{"href":"https:\/\/www.noticiasradioreflejos.com.ar\/2021\/wp-json\/wp\/v2\/media?parent=76657"}],"wp:term":[{"taxonomy":"category","embeddable":true,"href":"https:\/\/www.noticiasradioreflejos.com.ar\/2021\/wp-json\/wp\/v2\/categories?post=76657"},{"taxonomy":"post_tag","embeddable":true,"href":"https:\/\/www.noticiasradioreflejos.com.ar\/2021\/wp-json\/wp\/v2\/tags?post=76657"}],"curies":[{"name":"wp","href":"https:\/\/api.w.org\/{rel}","templated":true}]}}