{"id":76554,"date":"2022-08-22T16:34:44","date_gmt":"2022-08-22T16:34:44","guid":{"rendered":"http:\/\/www.noticiasradioreflejos.com.ar\/2021\/?p=76554"},"modified":"2022-08-23T11:19:41","modified_gmt":"2022-08-23T11:19:41","slug":"se-producira-cannabis-medicinal-para-el-hospital-de-tornquist","status":"publish","type":"post","link":"https:\/\/www.noticiasradioreflejos.com.ar\/2021\/se-producira-cannabis-medicinal-para-el-hospital-de-tornquist\/","title":{"rendered":"Se producir\u00e1 cannabis medicinal para el Hospital de Tornquist."},"content":{"rendered":"<p>As\u00ed lo confirm\u00f3<strong> Federico Labarthe, jefe del INTA<\/strong> de esa ciudad. \u201cEn unos 15 d\u00edas tendr\u00edamos novedades positivas al respecto\u201d asegur\u00f3.<!--more--><\/p>\n<p><strong>El Ing. Agr\u00f3nomo Federico Labarthe<\/strong>, confirm\u00f3 que en los pr\u00f3ximos d\u00edas se tendr\u00edan novedades importantes\u00a0 respecto a la producci\u00f3n de cannabis medicinal en el Hospital local.<\/p>\n<p>Al respecto Labarthe cont\u00f3 que \u201ca trav\u00e9s del INTA, con la colaboraci\u00f3n de la UNS, el municipio de Tornquist y una empresa local que llevar\u00e1 gran parte del trabajo\u201d se pondr\u00e1 en marcha este proyecto.<\/p>\n<p>Al mismo tiempo asegur\u00f3 que \u201ctodo el financiamiento ser\u00e1 privado. Esto se producir\u00e1 en <strong>Nueva Roma<\/strong>. En principio se har\u00e1 en invernaderos, en una hect\u00e1rea. Como por el momento no est\u00e1 permitida la comercializaci\u00f3n el producido que generaremos o lo canalizamos por un organismo p\u00fablico, o lo tenemos que quemar. Para no quemarla, se llevar\u00e1 al laboratorio del Hospital y se entregar\u00e1 a la gente que lo necesite\u201d.<\/p>\n<p>En sinton\u00eda con esto, el integrante del INTA particip\u00f3 d\u00edas atr\u00e1s de la Mesa Integradora Regional de Cannabis Medicinal y C\u00e1\u00f1amo Industrial. Sobre esta reuni\u00f3n especific\u00f3 que \u201cesta mesa busca avanzar en que las instituciones acad\u00e9micas, cient\u00edficas y de innovaci\u00f3n, empiecen a mirar el c\u00e1\u00f1amo industrial como algo a conocer y difundir, ya que las expectativas que hay para explotarlo, son importantes\u201d.<\/p>\n<p>Y completando esa idea mencion\u00f3 que \u201clo m\u00e1s importante es que particip\u00f3 gente de la UTN, UPSO, INTA, la propia gente del Conicet est\u00e1 mirando al cannabis medicinal y al c\u00e1\u00f1amo. La planta es la misma, lo que hay son distintas gen\u00e9ticas m\u00e1s adaptadas a distintos suelos\u201d.<\/p>\n<p>Sobre la divulgaci\u00f3n de esta alternativa medicinal, Labarthe cont\u00f3 que \u201creci\u00e9n estamos en un amanecer del conocimiento y la comunicaci\u00f3n sobre el tema. Somos todos muy ne\u00f3fitos. Es muy nuevo para la sociedad. Vamos avanzando en la medida que vamos consiguiendo informaci\u00f3n. Lamentablemente la gran mayor\u00eda es extranjera\u201d.<\/p>\n<p>Sobre el origen de la investigaci\u00f3n al respecto, record\u00f3 que \u201ccuando en 2017 se sancion\u00f3 la Ley 27350 que es la que permite al INTA y al Conicet hacer investigaciones al respecto, empezaron a demandarnos que empecemos a investigar. La verdad es que no ten\u00eda ni idea\u201d.<\/p>\n<p>Siguiendo con el relato se\u00f1al\u00f3 que \u201cmi se\u00f1ora tiene fibromialgia, y hab\u00edamos pasado por todos los especialistas en los \u00faltimos 15 a\u00f1os. Alguien me coment\u00f3 que se usaba el cannabis para los dolores y fue ah\u00ed cuando conoc\u00eda al <strong>Dr. Nicol\u00e1s D\u00ed Biase<\/strong>. Me contact\u00e9 con ellos, empec\u00e9 a ver c\u00f3mo era la movida\u2026 habl\u00e9 con el jefe del INTA de Bah\u00eda al que tambi\u00e9n le llegaban las mismas demandas y tuvimos una reuni\u00f3n con ellos en donde quedamos que nos parec\u00eda importante dar a conocer a la sociedad esto nuevo que se ven\u00eda\u201d.<\/p>\n<p>De esa manera fue que \u201cen octubre de 2017 hicimos una reuni\u00f3n en Tornquist para dar a conocer toda la tem\u00e1tica, y luego la replicamos en diciembre de ese a\u00f1o donde hubo cerca de 200 personas en una charla abierta\u201d.<\/p>\n<p>&nbsp;<\/p>\n<p><iframe loading=\"lazy\" src=\"https:\/\/w.soundcloud.com\/player\/?url=https%3A\/\/api.soundcloud.com\/tracks\/1328919829&amp;color=%23ff5500&amp;auto_play=false&amp;hide_related=false&amp;show_comments=true&amp;show_user=true&amp;show_reposts=false&amp;show_teaser=true\" width=\"100%\" height=\"166\" frameborder=\"no\" scrolling=\"no\"><\/iframe><\/p>\n<div style=\"font-size: 10px; color: #cccccc; line-break: anywhere; word-break: normal; overflow: hidden; white-space: nowrap; text-overflow: ellipsis; font-family: Interstate,Lucida Grande,Lucida Sans Unicode,Lucida Sans,Garuda,Verdana,Tahoma,sans-serif; font-weight: 100;\"><a style=\"color: #cccccc; text-decoration: none;\" title=\"fmreflejos 103.7\" href=\"https:\/\/soundcloud.com\/fmreflejos-103-7\" target=\"_blank\" rel=\"noopener\">fmreflejos 103.7<\/a> \u00b7 <a style=\"color: #cccccc; text-decoration: none;\" title=\"Federico Labarthe\" href=\"https:\/\/soundcloud.com\/fmreflejos-103-7\/federico-labarthe-4\" target=\"_blank\" rel=\"noopener\">Federico Labarthe<\/a><\/div>\n","protected":false},"excerpt":{"rendered":"<p>As\u00ed lo confirm\u00f3 Federico Labarthe, jefe del INTA de esa ciudad. \u201cEn unos 15 d\u00edas tendr\u00edamos novedades positivas al respecto\u201d asegur\u00f3.<\/p>\n","protected":false},"author":3,"featured_media":76556,"comment_status":"closed","ping_status":"closed","sticky":false,"template":"","format":"standard","meta":{"footnotes":""},"categories":[24,30,26],"tags":[48],"class_list":["post-76554","post","type-post","status-publish","format-standard","has-post-thumbnail","hentry","category-politica","category-salud","category-sociedad","tag-destacada"],"yoast_head":"<!-- This site is optimized with the Yoast SEO plugin v25.9 - https:\/\/yoast.com\/wordpress\/plugins\/seo\/ -->\n<title>Se producir\u00e1 cannabis medicinal para el Hospital de Tornquist. - Noticias Radio Reflejos<\/title>\n<meta name=\"robots\" content=\"index, follow, max-snippet:-1, max-image-preview:large, max-video-preview:-1\" \/>\n<link rel=\"canonical\" href=\"https:\/\/www.noticiasradioreflejos.com.ar\/2021\/se-producira-cannabis-medicinal-para-el-hospital-de-tornquist\/\" \/>\n<meta property=\"og:locale\" content=\"es_ES\" \/>\n<meta property=\"og:type\" content=\"article\" \/>\n<meta property=\"og:title\" content=\"Se producir\u00e1 cannabis medicinal para el Hospital de Tornquist. - Noticias Radio Reflejos\" \/>\n<meta property=\"og:description\" content=\"As\u00ed lo confirm\u00f3 Federico Labarthe, jefe del INTA de esa ciudad. \u201cEn unos 15 d\u00edas tendr\u00edamos novedades positivas al respecto\u201d asegur\u00f3.\" \/>\n<meta property=\"og:url\" content=\"https:\/\/www.noticiasradioreflejos.com.ar\/2021\/se-producira-cannabis-medicinal-para-el-hospital-de-tornquist\/\" \/>\n<meta property=\"og:site_name\" content=\"Noticias Radio Reflejos\" \/>\n<meta property=\"article:published_time\" content=\"2022-08-22T16:34:44+00:00\" \/>\n<meta property=\"article:modified_time\" content=\"2022-08-23T11:19:41+00:00\" \/>\n<meta property=\"og:image\" content=\"https:\/\/www.noticiasradioreflejos.com.ar\/2021\/wp-content\/uploads\/2022\/08\/fedrico-Labarthe.png\" \/>\n\t<meta property=\"og:image:width\" content=\"1366\" \/>\n\t<meta property=\"og:image:height\" content=\"768\" \/>\n\t<meta property=\"og:image:type\" content=\"image\/png\" \/>\n<meta name=\"author\" content=\"Arnaldo Botto\" \/>\n<meta name=\"twitter:card\" content=\"summary_large_image\" \/>\n<script type=\"application\/ld+json\" class=\"yoast-schema-graph\">{\"@context\":\"https:\/\/schema.org\",\"@graph\":[{\"@type\":\"WebPage\",\"@id\":\"https:\/\/www.noticiasradioreflejos.com.ar\/2021\/se-producira-cannabis-medicinal-para-el-hospital-de-tornquist\/\",\"url\":\"https:\/\/www.noticiasradioreflejos.com.ar\/2021\/se-producira-cannabis-medicinal-para-el-hospital-de-tornquist\/\",\"name\":\"Se producir\u00e1 cannabis medicinal para el Hospital de Tornquist. - Noticias Radio Reflejos\",\"isPartOf\":{\"@id\":\"https:\/\/www.noticiasradioreflejos.com.ar\/2021\/#website\"},\"primaryImageOfPage\":{\"@id\":\"https:\/\/www.noticiasradioreflejos.com.ar\/2021\/se-producira-cannabis-medicinal-para-el-hospital-de-tornquist\/#primaryimage\"},\"image\":{\"@id\":\"https:\/\/www.noticiasradioreflejos.com.ar\/2021\/se-producira-cannabis-medicinal-para-el-hospital-de-tornquist\/#primaryimage\"},\"thumbnailUrl\":\"https:\/\/www.noticiasradioreflejos.com.ar\/2021\/wp-content\/uploads\/2022\/08\/fedrico-Labarthe.png\",\"datePublished\":\"2022-08-22T16:34:44+00:00\",\"dateModified\":\"2022-08-23T11:19:41+00:00\",\"author\":{\"@id\":\"https:\/\/www.noticiasradioreflejos.com.ar\/2021\/#\/schema\/person\/ad82545263dcc5ec0996818884fd5fb1\"},\"breadcrumb\":{\"@id\":\"https:\/\/www.noticiasradioreflejos.com.ar\/2021\/se-producira-cannabis-medicinal-para-el-hospital-de-tornquist\/#breadcrumb\"},\"inLanguage\":\"es\",\"potentialAction\":[{\"@type\":\"ReadAction\",\"target\":[\"https:\/\/www.noticiasradioreflejos.com.ar\/2021\/se-producira-cannabis-medicinal-para-el-hospital-de-tornquist\/\"]}]},{\"@type\":\"ImageObject\",\"inLanguage\":\"es\",\"@id\":\"https:\/\/www.noticiasradioreflejos.com.ar\/2021\/se-producira-cannabis-medicinal-para-el-hospital-de-tornquist\/#primaryimage\",\"url\":\"https:\/\/www.noticiasradioreflejos.com.ar\/2021\/wp-content\/uploads\/2022\/08\/fedrico-Labarthe.png\",\"contentUrl\":\"https:\/\/www.noticiasradioreflejos.com.ar\/2021\/wp-content\/uploads\/2022\/08\/fedrico-Labarthe.png\",\"width\":1366,\"height\":768},{\"@type\":\"BreadcrumbList\",\"@id\":\"https:\/\/www.noticiasradioreflejos.com.ar\/2021\/se-producira-cannabis-medicinal-para-el-hospital-de-tornquist\/#breadcrumb\",\"itemListElement\":[{\"@type\":\"ListItem\",\"position\":1,\"name\":\"Portada\",\"item\":\"https:\/\/www.noticiasradioreflejos.com.ar\/2021\/\"},{\"@type\":\"ListItem\",\"position\":2,\"name\":\"Se producir\u00e1 cannabis medicinal para el Hospital de Tornquist.\"}]},{\"@type\":\"WebSite\",\"@id\":\"https:\/\/www.noticiasradioreflejos.com.ar\/2021\/#website\",\"url\":\"https:\/\/www.noticiasradioreflejos.com.ar\/2021\/\",\"name\":\"Noticias Radio Reflejos\",\"description\":\"Las noticias de mi comarca\",\"potentialAction\":[{\"@type\":\"SearchAction\",\"target\":{\"@type\":\"EntryPoint\",\"urlTemplate\":\"https:\/\/www.noticiasradioreflejos.com.ar\/2021\/?s={search_term_string}\"},\"query-input\":{\"@type\":\"PropertyValueSpecification\",\"valueRequired\":true,\"valueName\":\"search_term_string\"}}],\"inLanguage\":\"es\"},{\"@type\":\"Person\",\"@id\":\"https:\/\/www.noticiasradioreflejos.com.ar\/2021\/#\/schema\/person\/ad82545263dcc5ec0996818884fd5fb1\",\"name\":\"Arnaldo Botto\",\"image\":{\"@type\":\"ImageObject\",\"inLanguage\":\"es\",\"@id\":\"https:\/\/www.noticiasradioreflejos.com.ar\/2021\/#\/schema\/person\/image\/\",\"url\":\"https:\/\/secure.gravatar.com\/avatar\/55cb5e37c1efa326397366e6974cb338056df65cb50e7d64d1cf314e87504837?s=96&d=mm&r=g\",\"contentUrl\":\"https:\/\/secure.gravatar.com\/avatar\/55cb5e37c1efa326397366e6974cb338056df65cb50e7d64d1cf314e87504837?s=96&d=mm&r=g\",\"caption\":\"Arnaldo Botto\"},\"url\":\"https:\/\/www.noticiasradioreflejos.com.ar\/2021\/author\/arnaldo\/\"}]}<\/script>\n<!-- \/ Yoast SEO plugin. -->","yoast_head_json":{"title":"Se producir\u00e1 cannabis medicinal para el Hospital de Tornquist. - Noticias Radio Reflejos","robots":{"index":"index","follow":"follow","max-snippet":"max-snippet:-1","max-image-preview":"max-image-preview:large","max-video-preview":"max-video-preview:-1"},"canonical":"https:\/\/www.noticiasradioreflejos.com.ar\/2021\/se-producira-cannabis-medicinal-para-el-hospital-de-tornquist\/","og_locale":"es_ES","og_type":"article","og_title":"Se producir\u00e1 cannabis medicinal para el Hospital de Tornquist. - Noticias Radio Reflejos","og_description":"As\u00ed lo confirm\u00f3 Federico Labarthe, jefe del INTA de esa ciudad. \u201cEn unos 15 d\u00edas tendr\u00edamos novedades positivas al respecto\u201d asegur\u00f3.","og_url":"https:\/\/www.noticiasradioreflejos.com.ar\/2021\/se-producira-cannabis-medicinal-para-el-hospital-de-tornquist\/","og_site_name":"Noticias Radio Reflejos","article_published_time":"2022-08-22T16:34:44+00:00","article_modified_time":"2022-08-23T11:19:41+00:00","og_image":[{"width":1366,"height":768,"url":"https:\/\/www.noticiasradioreflejos.com.ar\/2021\/wp-content\/uploads\/2022\/08\/fedrico-Labarthe.png","type":"image\/png"}],"author":"Arnaldo Botto","twitter_card":"summary_large_image","schema":{"@context":"https:\/\/schema.org","@graph":[{"@type":"WebPage","@id":"https:\/\/www.noticiasradioreflejos.com.ar\/2021\/se-producira-cannabis-medicinal-para-el-hospital-de-tornquist\/","url":"https:\/\/www.noticiasradioreflejos.com.ar\/2021\/se-producira-cannabis-medicinal-para-el-hospital-de-tornquist\/","name":"Se producir\u00e1 cannabis medicinal para el Hospital de Tornquist. - Noticias Radio Reflejos","isPartOf":{"@id":"https:\/\/www.noticiasradioreflejos.com.ar\/2021\/#website"},"primaryImageOfPage":{"@id":"https:\/\/www.noticiasradioreflejos.com.ar\/2021\/se-producira-cannabis-medicinal-para-el-hospital-de-tornquist\/#primaryimage"},"image":{"@id":"https:\/\/www.noticiasradioreflejos.com.ar\/2021\/se-producira-cannabis-medicinal-para-el-hospital-de-tornquist\/#primaryimage"},"thumbnailUrl":"https:\/\/www.noticiasradioreflejos.com.ar\/2021\/wp-content\/uploads\/2022\/08\/fedrico-Labarthe.png","datePublished":"2022-08-22T16:34:44+00:00","dateModified":"2022-08-23T11:19:41+00:00","author":{"@id":"https:\/\/www.noticiasradioreflejos.com.ar\/2021\/#\/schema\/person\/ad82545263dcc5ec0996818884fd5fb1"},"breadcrumb":{"@id":"https:\/\/www.noticiasradioreflejos.com.ar\/2021\/se-producira-cannabis-medicinal-para-el-hospital-de-tornquist\/#breadcrumb"},"inLanguage":"es","potentialAction":[{"@type":"ReadAction","target":["https:\/\/www.noticiasradioreflejos.com.ar\/2021\/se-producira-cannabis-medicinal-para-el-hospital-de-tornquist\/"]}]},{"@type":"ImageObject","inLanguage":"es","@id":"https:\/\/www.noticiasradioreflejos.com.ar\/2021\/se-producira-cannabis-medicinal-para-el-hospital-de-tornquist\/#primaryimage","url":"https:\/\/www.noticiasradioreflejos.com.ar\/2021\/wp-content\/uploads\/2022\/08\/fedrico-Labarthe.png","contentUrl":"https:\/\/www.noticiasradioreflejos.com.ar\/2021\/wp-content\/uploads\/2022\/08\/fedrico-Labarthe.png","width":1366,"height":768},{"@type":"BreadcrumbList","@id":"https:\/\/www.noticiasradioreflejos.com.ar\/2021\/se-producira-cannabis-medicinal-para-el-hospital-de-tornquist\/#breadcrumb","itemListElement":[{"@type":"ListItem","position":1,"name":"Portada","item":"https:\/\/www.noticiasradioreflejos.com.ar\/2021\/"},{"@type":"ListItem","position":2,"name":"Se producir\u00e1 cannabis medicinal para el Hospital de Tornquist."}]},{"@type":"WebSite","@id":"https:\/\/www.noticiasradioreflejos.com.ar\/2021\/#website","url":"https:\/\/www.noticiasradioreflejos.com.ar\/2021\/","name":"Noticias Radio Reflejos","description":"Las noticias de mi comarca","potentialAction":[{"@type":"SearchAction","target":{"@type":"EntryPoint","urlTemplate":"https:\/\/www.noticiasradioreflejos.com.ar\/2021\/?s={search_term_string}"},"query-input":{"@type":"PropertyValueSpecification","valueRequired":true,"valueName":"search_term_string"}}],"inLanguage":"es"},{"@type":"Person","@id":"https:\/\/www.noticiasradioreflejos.com.ar\/2021\/#\/schema\/person\/ad82545263dcc5ec0996818884fd5fb1","name":"Arnaldo Botto","image":{"@type":"ImageObject","inLanguage":"es","@id":"https:\/\/www.noticiasradioreflejos.com.ar\/2021\/#\/schema\/person\/image\/","url":"https:\/\/secure.gravatar.com\/avatar\/55cb5e37c1efa326397366e6974cb338056df65cb50e7d64d1cf314e87504837?s=96&d=mm&r=g","contentUrl":"https:\/\/secure.gravatar.com\/avatar\/55cb5e37c1efa326397366e6974cb338056df65cb50e7d64d1cf314e87504837?s=96&d=mm&r=g","caption":"Arnaldo Botto"},"url":"https:\/\/www.noticiasradioreflejos.com.ar\/2021\/author\/arnaldo\/"}]}},"_links":{"self":[{"href":"https:\/\/www.noticiasradioreflejos.com.ar\/2021\/wp-json\/wp\/v2\/posts\/76554","targetHints":{"allow":["GET"]}}],"collection":[{"href":"https:\/\/www.noticiasradioreflejos.com.ar\/2021\/wp-json\/wp\/v2\/posts"}],"about":[{"href":"https:\/\/www.noticiasradioreflejos.com.ar\/2021\/wp-json\/wp\/v2\/types\/post"}],"author":[{"embeddable":true,"href":"https:\/\/www.noticiasradioreflejos.com.ar\/2021\/wp-json\/wp\/v2\/users\/3"}],"replies":[{"embeddable":true,"href":"https:\/\/www.noticiasradioreflejos.com.ar\/2021\/wp-json\/wp\/v2\/comments?post=76554"}],"version-history":[{"count":3,"href":"https:\/\/www.noticiasradioreflejos.com.ar\/2021\/wp-json\/wp\/v2\/posts\/76554\/revisions"}],"predecessor-version":[{"id":76602,"href":"https:\/\/www.noticiasradioreflejos.com.ar\/2021\/wp-json\/wp\/v2\/posts\/76554\/revisions\/76602"}],"wp:featuredmedia":[{"embeddable":true,"href":"https:\/\/www.noticiasradioreflejos.com.ar\/2021\/wp-json\/wp\/v2\/media\/76556"}],"wp:attachment":[{"href":"https:\/\/www.noticiasradioreflejos.com.ar\/2021\/wp-json\/wp\/v2\/media?parent=76554"}],"wp:term":[{"taxonomy":"category","embeddable":true,"href":"https:\/\/www.noticiasradioreflejos.com.ar\/2021\/wp-json\/wp\/v2\/categories?post=76554"},{"taxonomy":"post_tag","embeddable":true,"href":"https:\/\/www.noticiasradioreflejos.com.ar\/2021\/wp-json\/wp\/v2\/tags?post=76554"}],"curies":[{"name":"wp","href":"https:\/\/api.w.org\/{rel}","templated":true}]}}