{"id":76514,"date":"2022-08-20T12:17:40","date_gmt":"2022-08-20T12:17:40","guid":{"rendered":"http:\/\/www.noticiasradioreflejos.com.ar\/2021\/?p=76514"},"modified":"2022-08-20T12:17:40","modified_gmt":"2022-08-20T12:17:40","slug":"comenzo-el-regreso-a-rosario-de-los-estudiantes-rescatados-en-el-cerro-champaqui","status":"publish","type":"post","link":"https:\/\/www.noticiasradioreflejos.com.ar\/2021\/comenzo-el-regreso-a-rosario-de-los-estudiantes-rescatados-en-el-cerro-champaqui\/","title":{"rendered":"Comenz\u00f3 el regreso a Rosario de los estudiantes rescatados en el cerro Champaqu\u00ed"},"content":{"rendered":"<p>Los j\u00f3venes pasaron la noche del jueves en un refugio en las alturas. Una joven que integraba el grupo de 70 excursionistas que intentaba llegar a la cima, a 2.790 metros de altura, muri\u00f3 y otro debi\u00f3 ser trasladado de urgencia.<!--more--><\/p>\n<div class=\"video_repositive\">\n<div id=\"DQIeoOWCSZo\" class=\"video_telam\">\n<div class=\"feature_article_inner\">\n<div class=\"feature_article_title\">\n<h2 class=\"text-center\">Completaron el rescate de los estudiantes que pasaron la noche en el cerro Champaqu\u00ed<\/h2>\n<p><iframe loading=\"lazy\" title=\"Completaron el rescate de los estudiantes que pasaron la noche en el cerro Champaqu\u00ed\" src=\"https:\/\/www.youtube.com\/embed\/DQIeoOWCSZo\" width=\"1110\" height=\"624\" frameborder=\"0\" allowfullscreen=\"allowfullscreen\"><\/iframe><br \/>\nEste viernes comenz\u00f3 el regreso hacia Rosario el contingente de estudiantes secundarios de esa ciudad de Santa Fe, quienes el jueves pasaron la noche en un refugio en las alturas del cerro Champaqu\u00ed de C\u00f3rdoba, luego de que una de las excursionistas falleciera tras una descompensaci\u00f3n, inform\u00f3 a T\u00e9lam el secretario de Gesti\u00f3n de Riesgo Clim\u00e1tico y Cat\u00e1strofe provincial, Claudio Vignetta.<\/p>\n<p>El emprendimiento del regreso de los 70 estudiantes y 12 acompa\u00f1antes tambi\u00e9n fue confirmado a T\u00e9lam por Cristina Jelonche, vicedirectora de la escuela N\u00b01344 \u00abMar\u00eda Madre de la Civilizaci\u00f3n del Amor\u00bb, establecimiento al que pertenece el contingente que fue rescatado este viernes desde el cerro Champaqu\u00ed, en las sierras grandes de la provincia.<\/p>\n<p>Jelonche dijo que el grupo de excursionistas parti\u00f3 pasada las 19 desde el centro de operaciones que se hab\u00eda montado en la localidad de Atos Pampa, en el valle de Calamuchita, para recibir al contingente que, en dos helic\u00f3pteros y varios viajes, se traslad\u00f3 desde la base del cerro m\u00e1s alto de C\u00f3rdoba, que tiene 2790 metros en su cumbre.<\/p>\n<p>El regreso lo hacen en combis y minibuses: \u00abEstimamos que van a llegar a Rosario antes de la medianoche\u00bb, manifest\u00f3 la directiva de la escuela y a\u00f1adi\u00f3 que luego de la autopsia a la alumna de 17 a\u00f1os fallecida, \u00abtambi\u00e9n fue trasladada\u00bb para que su familia disponga del cuerpo.<\/p>\n<p>Pasado el mediod\u00eda Vignetta hab\u00eda informado a T\u00e9lam que \u00abse rescat\u00f3 a todo el grupo\u00bb y que los estudiantes se encontraban en el centro de operaciones que se mont\u00f3 en la iglesia de la localidad de Atos Pampa, en las cercan\u00edas de Villa General Belgrano.<\/p>\n<p>El rescate se realiz\u00f3 con dos helic\u00f3pteros que transportaron en cada viaje a cinco personas en cada nave. Al llegar al centro de operaciones fueron recibidos por m\u00e9dicos, personal de bomberos, de Defensa Civil y psic\u00f3logos, entre otros especialistas en rescate.<\/p>\n<p>\u00abVan a comer, se los va a hidratar y se est\u00e1 brindando asistencia psicol\u00f3gica al grupo porque est\u00e1n muy impactados por al fallecimiento de su compa\u00f1era\u00bb, sostuvo Vignetta, quien adelant\u00f3 que una vez que cumplan con la formalidad procesal de declarar ante el fiscal de Instrucci\u00f3n, Alejandro Carballo, quien investiga el caso de la muerte de la adolescente, \u00abvan a regresar a Rosario\u00bb.<\/p>\n<figure class=\"mb-3\"><img decoding=\"async\" src=\"https:\/\/www.telam.com.ar\/thumbs\/bluesteel\/advf\/imagenes\/2022\/08\/62ff6c9a91bfd_900.jpg\" alt=\"La adolescente integraba un contingente de estudiantes que se haba propuesto alcanzar la cima del cerro Foto Twitter\" width=\"100%\" height=\"100%\" \/><\/p>\n<div class=\"media-icons\"><\/div><figcaption>La adolescente integraba un contingente de estudiantes que se hab\u00eda propuesto alcanzar la cima del cerro \/ Foto Twitter.<\/figcaption><\/figure>\n<p>El funcionario dijo que el grupo esta \u00abcontenido y acompa\u00f1ado\u00bb, y agreg\u00f3 que al centro de operaciones llegaron familiares y directivos de la escuela cat\u00f3lica a la que concurren los alumnos de tercero a quinto a\u00f1o que integran el contingente que, seg\u00fan los datos de esa comunidad educativa, realizan esta actividad de ascenso al cerro Champaqu\u00ed desde hace varios a\u00f1os.<\/p>\n<p>Del grupo de 82 personas, cuatro de los chicos recibieron atenci\u00f3n sanitaria: uno por un problema de apendicitis y los restantes por esguinces.<\/p>\n<p>Mientras tanto, la informaci\u00f3n oficial sostiene que la instituci\u00f3n educativa cumpli\u00f3 con los requisitos y documentaci\u00f3n exigida para realizar la excursi\u00f3n.<\/p>\n<p>El servicio de emergencia local, en el mediod\u00eda del jueves, hab\u00eda recibido el pedido de un helic\u00f3ptero porque hab\u00eda una adolescente descompensada bajando del Champaqu\u00ed pero, seg\u00fan Vignetta, los fuertes vientos impidieron que la aeronave pudiera bajar y luego les informaron que hab\u00eda fallecido y la estaban trasladando hasta la base del cerro.<\/p>\n<p>M\u00e1s tarde hubo otro aviso de que otro integrante del contingente tambi\u00e9n se hab\u00eda descompensado y fue bajado por unos lugare\u00f1os, junto con los bomberos voluntarios de Yacanto.<\/p>\n<p>Cerca de las 2 de esta madrugada llegaron al hospital de Santa Rosa de Calamuchita, y reci\u00e9n este viernes pudieron operar los helic\u00f3pteros para realizar el rescate de todo el grupo.<\/p>\n<p>El cerro Champaqu\u00ed se encuentra en Pampa de Achala, en las sierras grandes de C\u00f3rdoba y tiene una altura de 2.790 metros en su cumbre, en tanto el grupo hab\u00eda transitado hasta la mitad del trayecto y se encontraban en un refugio cuando la adolescente de 17 a\u00f1os comenz\u00f3 a descompensarse y, a pesar de recibir asistencia de un param\u00e9dico del grupo, falleci\u00f3.<\/p>\n<figure class=\"mb-3\"><img decoding=\"async\" src=\"https:\/\/www.telam.com.ar\/thumbs\/bluesteel\/advf\/imagenes\/2022\/08\/62ff89be62e5d_900.jpg\" alt=\"El cerro Champaqu se encuentra en Pampa de Achala y tiene una altura de 2790 metros en la cumbre Foto archivo\" width=\"100%\" height=\"100%\" \/><\/p>\n<div class=\"media-icons\"><\/div><figcaption>El cerro Champaqu\u00ed se encuentra en Pampa de Achala y tiene una altura de 2.790 metros en la cumbre \/ Foto archivo.<\/figcaption><\/figure>\n<p>La vicedirectora de la escuela Mar\u00eda Madre de la Civilizaci\u00f3n del Amor, Cristina Jerome, al enterarse del deceso de la alumna dijo que \u00ablas desgracias ocurren y a veces no se pueden prever\u00bb, a\u00f1adi\u00f3 que el viaje se realiza todos los a\u00f1os y que los alumnos estaban en condiciones m\u00e9dicas para el ascenso.<\/p>\n<p>\u00abLas desgracias ocurren y a veces no se pueden prever; lo que ocurri\u00f3 con el alumno internado aparentemente no tiene nada que ver con lo de la alumna que falleci\u00f3. Puede ser apendicitis, tiene un dolor similar\u00bb, se\u00f1al\u00f3 Jerome en di\u00e1logo con la se\u00f1al TN, al referirse a otro adolescente del grupo que fue trasladado al Hospital de Santa Rosa de Calamuchita.<\/p>\n<\/div>\n<\/div>\n<\/div>\n<\/div>\n","protected":false},"excerpt":{"rendered":"<p>Los j\u00f3venes pasaron la noche del jueves en un refugio en las alturas. Una joven que integraba el grupo de 70 excursionistas que intentaba llegar a la cima, a 2.790 metros de altura, muri\u00f3 y otro debi\u00f3 ser trasladado de urgencia.<\/p>\n","protected":false},"author":3,"featured_media":0,"comment_status":"closed","ping_status":"closed","sticky":false,"template":"","format":"standard","meta":{"footnotes":""},"categories":[1],"tags":[],"class_list":["post-76514","post","type-post","status-publish","format-standard","hentry","category-sin-categoria"],"yoast_head":"<!-- This site is optimized with the Yoast SEO plugin v25.9 - https:\/\/yoast.com\/wordpress\/plugins\/seo\/ -->\n<title>Comenz\u00f3 el regreso a Rosario de los estudiantes rescatados en el cerro Champaqu\u00ed - Noticias Radio Reflejos<\/title>\n<meta name=\"robots\" content=\"index, follow, max-snippet:-1, max-image-preview:large, max-video-preview:-1\" \/>\n<link rel=\"canonical\" href=\"https:\/\/www.noticiasradioreflejos.com.ar\/2021\/comenzo-el-regreso-a-rosario-de-los-estudiantes-rescatados-en-el-cerro-champaqui\/\" \/>\n<meta property=\"og:locale\" content=\"es_ES\" \/>\n<meta property=\"og:type\" content=\"article\" \/>\n<meta property=\"og:title\" content=\"Comenz\u00f3 el regreso a Rosario de los estudiantes rescatados en el cerro Champaqu\u00ed - Noticias Radio Reflejos\" \/>\n<meta property=\"og:description\" content=\"Los j\u00f3venes pasaron la noche del jueves en un refugio en las alturas. Una joven que integraba el grupo de 70 excursionistas que intentaba llegar a la cima, a 2.790 metros de altura, muri\u00f3 y otro debi\u00f3 ser trasladado de urgencia.\" \/>\n<meta property=\"og:url\" content=\"https:\/\/www.noticiasradioreflejos.com.ar\/2021\/comenzo-el-regreso-a-rosario-de-los-estudiantes-rescatados-en-el-cerro-champaqui\/\" \/>\n<meta property=\"og:site_name\" content=\"Noticias Radio Reflejos\" \/>\n<meta property=\"article:published_time\" content=\"2022-08-20T12:17:40+00:00\" \/>\n<meta property=\"og:image\" content=\"https:\/\/www.telam.com.ar\/thumbs\/bluesteel\/advf\/imagenes\/2022\/08\/62ff6c9a91bfd_900.jpg\" \/>\n<meta name=\"author\" content=\"Arnaldo Botto\" \/>\n<meta name=\"twitter:card\" content=\"summary_large_image\" \/>\n<script type=\"application\/ld+json\" class=\"yoast-schema-graph\">{\"@context\":\"https:\/\/schema.org\",\"@graph\":[{\"@type\":\"WebPage\",\"@id\":\"https:\/\/www.noticiasradioreflejos.com.ar\/2021\/comenzo-el-regreso-a-rosario-de-los-estudiantes-rescatados-en-el-cerro-champaqui\/\",\"url\":\"https:\/\/www.noticiasradioreflejos.com.ar\/2021\/comenzo-el-regreso-a-rosario-de-los-estudiantes-rescatados-en-el-cerro-champaqui\/\",\"name\":\"Comenz\u00f3 el regreso a Rosario de los estudiantes rescatados en el cerro Champaqu\u00ed - Noticias Radio Reflejos\",\"isPartOf\":{\"@id\":\"https:\/\/www.noticiasradioreflejos.com.ar\/2021\/#website\"},\"primaryImageOfPage\":{\"@id\":\"https:\/\/www.noticiasradioreflejos.com.ar\/2021\/comenzo-el-regreso-a-rosario-de-los-estudiantes-rescatados-en-el-cerro-champaqui\/#primaryimage\"},\"image\":{\"@id\":\"https:\/\/www.noticiasradioreflejos.com.ar\/2021\/comenzo-el-regreso-a-rosario-de-los-estudiantes-rescatados-en-el-cerro-champaqui\/#primaryimage\"},\"thumbnailUrl\":\"https:\/\/www.telam.com.ar\/thumbs\/bluesteel\/advf\/imagenes\/2022\/08\/62ff6c9a91bfd_900.jpg\",\"datePublished\":\"2022-08-20T12:17:40+00:00\",\"author\":{\"@id\":\"https:\/\/www.noticiasradioreflejos.com.ar\/2021\/#\/schema\/person\/ad82545263dcc5ec0996818884fd5fb1\"},\"breadcrumb\":{\"@id\":\"https:\/\/www.noticiasradioreflejos.com.ar\/2021\/comenzo-el-regreso-a-rosario-de-los-estudiantes-rescatados-en-el-cerro-champaqui\/#breadcrumb\"},\"inLanguage\":\"es\",\"potentialAction\":[{\"@type\":\"ReadAction\",\"target\":[\"https:\/\/www.noticiasradioreflejos.com.ar\/2021\/comenzo-el-regreso-a-rosario-de-los-estudiantes-rescatados-en-el-cerro-champaqui\/\"]}]},{\"@type\":\"ImageObject\",\"inLanguage\":\"es\",\"@id\":\"https:\/\/www.noticiasradioreflejos.com.ar\/2021\/comenzo-el-regreso-a-rosario-de-los-estudiantes-rescatados-en-el-cerro-champaqui\/#primaryimage\",\"url\":\"https:\/\/www.telam.com.ar\/thumbs\/bluesteel\/advf\/imagenes\/2022\/08\/62ff6c9a91bfd_900.jpg\",\"contentUrl\":\"https:\/\/www.telam.com.ar\/thumbs\/bluesteel\/advf\/imagenes\/2022\/08\/62ff6c9a91bfd_900.jpg\"},{\"@type\":\"BreadcrumbList\",\"@id\":\"https:\/\/www.noticiasradioreflejos.com.ar\/2021\/comenzo-el-regreso-a-rosario-de-los-estudiantes-rescatados-en-el-cerro-champaqui\/#breadcrumb\",\"itemListElement\":[{\"@type\":\"ListItem\",\"position\":1,\"name\":\"Portada\",\"item\":\"https:\/\/www.noticiasradioreflejos.com.ar\/2021\/\"},{\"@type\":\"ListItem\",\"position\":2,\"name\":\"Comenz\u00f3 el regreso a Rosario de los estudiantes rescatados en el cerro Champaqu\u00ed\"}]},{\"@type\":\"WebSite\",\"@id\":\"https:\/\/www.noticiasradioreflejos.com.ar\/2021\/#website\",\"url\":\"https:\/\/www.noticiasradioreflejos.com.ar\/2021\/\",\"name\":\"Noticias Radio Reflejos\",\"description\":\"Las noticias de mi comarca\",\"potentialAction\":[{\"@type\":\"SearchAction\",\"target\":{\"@type\":\"EntryPoint\",\"urlTemplate\":\"https:\/\/www.noticiasradioreflejos.com.ar\/2021\/?s={search_term_string}\"},\"query-input\":{\"@type\":\"PropertyValueSpecification\",\"valueRequired\":true,\"valueName\":\"search_term_string\"}}],\"inLanguage\":\"es\"},{\"@type\":\"Person\",\"@id\":\"https:\/\/www.noticiasradioreflejos.com.ar\/2021\/#\/schema\/person\/ad82545263dcc5ec0996818884fd5fb1\",\"name\":\"Arnaldo Botto\",\"image\":{\"@type\":\"ImageObject\",\"inLanguage\":\"es\",\"@id\":\"https:\/\/www.noticiasradioreflejos.com.ar\/2021\/#\/schema\/person\/image\/\",\"url\":\"https:\/\/secure.gravatar.com\/avatar\/55cb5e37c1efa326397366e6974cb338056df65cb50e7d64d1cf314e87504837?s=96&d=mm&r=g\",\"contentUrl\":\"https:\/\/secure.gravatar.com\/avatar\/55cb5e37c1efa326397366e6974cb338056df65cb50e7d64d1cf314e87504837?s=96&d=mm&r=g\",\"caption\":\"Arnaldo Botto\"},\"url\":\"https:\/\/www.noticiasradioreflejos.com.ar\/2021\/author\/arnaldo\/\"}]}<\/script>\n<!-- \/ Yoast SEO plugin. -->","yoast_head_json":{"title":"Comenz\u00f3 el regreso a Rosario de los estudiantes rescatados en el cerro Champaqu\u00ed - Noticias Radio Reflejos","robots":{"index":"index","follow":"follow","max-snippet":"max-snippet:-1","max-image-preview":"max-image-preview:large","max-video-preview":"max-video-preview:-1"},"canonical":"https:\/\/www.noticiasradioreflejos.com.ar\/2021\/comenzo-el-regreso-a-rosario-de-los-estudiantes-rescatados-en-el-cerro-champaqui\/","og_locale":"es_ES","og_type":"article","og_title":"Comenz\u00f3 el regreso a Rosario de los estudiantes rescatados en el cerro Champaqu\u00ed - Noticias Radio Reflejos","og_description":"Los j\u00f3venes pasaron la noche del jueves en un refugio en las alturas. Una joven que integraba el grupo de 70 excursionistas que intentaba llegar a la cima, a 2.790 metros de altura, muri\u00f3 y otro debi\u00f3 ser trasladado de urgencia.","og_url":"https:\/\/www.noticiasradioreflejos.com.ar\/2021\/comenzo-el-regreso-a-rosario-de-los-estudiantes-rescatados-en-el-cerro-champaqui\/","og_site_name":"Noticias Radio Reflejos","article_published_time":"2022-08-20T12:17:40+00:00","og_image":[{"url":"https:\/\/www.telam.com.ar\/thumbs\/bluesteel\/advf\/imagenes\/2022\/08\/62ff6c9a91bfd_900.jpg","type":"","width":"","height":""}],"author":"Arnaldo Botto","twitter_card":"summary_large_image","schema":{"@context":"https:\/\/schema.org","@graph":[{"@type":"WebPage","@id":"https:\/\/www.noticiasradioreflejos.com.ar\/2021\/comenzo-el-regreso-a-rosario-de-los-estudiantes-rescatados-en-el-cerro-champaqui\/","url":"https:\/\/www.noticiasradioreflejos.com.ar\/2021\/comenzo-el-regreso-a-rosario-de-los-estudiantes-rescatados-en-el-cerro-champaqui\/","name":"Comenz\u00f3 el regreso a Rosario de los estudiantes rescatados en el cerro Champaqu\u00ed - Noticias Radio Reflejos","isPartOf":{"@id":"https:\/\/www.noticiasradioreflejos.com.ar\/2021\/#website"},"primaryImageOfPage":{"@id":"https:\/\/www.noticiasradioreflejos.com.ar\/2021\/comenzo-el-regreso-a-rosario-de-los-estudiantes-rescatados-en-el-cerro-champaqui\/#primaryimage"},"image":{"@id":"https:\/\/www.noticiasradioreflejos.com.ar\/2021\/comenzo-el-regreso-a-rosario-de-los-estudiantes-rescatados-en-el-cerro-champaqui\/#primaryimage"},"thumbnailUrl":"https:\/\/www.telam.com.ar\/thumbs\/bluesteel\/advf\/imagenes\/2022\/08\/62ff6c9a91bfd_900.jpg","datePublished":"2022-08-20T12:17:40+00:00","author":{"@id":"https:\/\/www.noticiasradioreflejos.com.ar\/2021\/#\/schema\/person\/ad82545263dcc5ec0996818884fd5fb1"},"breadcrumb":{"@id":"https:\/\/www.noticiasradioreflejos.com.ar\/2021\/comenzo-el-regreso-a-rosario-de-los-estudiantes-rescatados-en-el-cerro-champaqui\/#breadcrumb"},"inLanguage":"es","potentialAction":[{"@type":"ReadAction","target":["https:\/\/www.noticiasradioreflejos.com.ar\/2021\/comenzo-el-regreso-a-rosario-de-los-estudiantes-rescatados-en-el-cerro-champaqui\/"]}]},{"@type":"ImageObject","inLanguage":"es","@id":"https:\/\/www.noticiasradioreflejos.com.ar\/2021\/comenzo-el-regreso-a-rosario-de-los-estudiantes-rescatados-en-el-cerro-champaqui\/#primaryimage","url":"https:\/\/www.telam.com.ar\/thumbs\/bluesteel\/advf\/imagenes\/2022\/08\/62ff6c9a91bfd_900.jpg","contentUrl":"https:\/\/www.telam.com.ar\/thumbs\/bluesteel\/advf\/imagenes\/2022\/08\/62ff6c9a91bfd_900.jpg"},{"@type":"BreadcrumbList","@id":"https:\/\/www.noticiasradioreflejos.com.ar\/2021\/comenzo-el-regreso-a-rosario-de-los-estudiantes-rescatados-en-el-cerro-champaqui\/#breadcrumb","itemListElement":[{"@type":"ListItem","position":1,"name":"Portada","item":"https:\/\/www.noticiasradioreflejos.com.ar\/2021\/"},{"@type":"ListItem","position":2,"name":"Comenz\u00f3 el regreso a Rosario de los estudiantes rescatados en el cerro Champaqu\u00ed"}]},{"@type":"WebSite","@id":"https:\/\/www.noticiasradioreflejos.com.ar\/2021\/#website","url":"https:\/\/www.noticiasradioreflejos.com.ar\/2021\/","name":"Noticias Radio Reflejos","description":"Las noticias de mi comarca","potentialAction":[{"@type":"SearchAction","target":{"@type":"EntryPoint","urlTemplate":"https:\/\/www.noticiasradioreflejos.com.ar\/2021\/?s={search_term_string}"},"query-input":{"@type":"PropertyValueSpecification","valueRequired":true,"valueName":"search_term_string"}}],"inLanguage":"es"},{"@type":"Person","@id":"https:\/\/www.noticiasradioreflejos.com.ar\/2021\/#\/schema\/person\/ad82545263dcc5ec0996818884fd5fb1","name":"Arnaldo Botto","image":{"@type":"ImageObject","inLanguage":"es","@id":"https:\/\/www.noticiasradioreflejos.com.ar\/2021\/#\/schema\/person\/image\/","url":"https:\/\/secure.gravatar.com\/avatar\/55cb5e37c1efa326397366e6974cb338056df65cb50e7d64d1cf314e87504837?s=96&d=mm&r=g","contentUrl":"https:\/\/secure.gravatar.com\/avatar\/55cb5e37c1efa326397366e6974cb338056df65cb50e7d64d1cf314e87504837?s=96&d=mm&r=g","caption":"Arnaldo Botto"},"url":"https:\/\/www.noticiasradioreflejos.com.ar\/2021\/author\/arnaldo\/"}]}},"_links":{"self":[{"href":"https:\/\/www.noticiasradioreflejos.com.ar\/2021\/wp-json\/wp\/v2\/posts\/76514","targetHints":{"allow":["GET"]}}],"collection":[{"href":"https:\/\/www.noticiasradioreflejos.com.ar\/2021\/wp-json\/wp\/v2\/posts"}],"about":[{"href":"https:\/\/www.noticiasradioreflejos.com.ar\/2021\/wp-json\/wp\/v2\/types\/post"}],"author":[{"embeddable":true,"href":"https:\/\/www.noticiasradioreflejos.com.ar\/2021\/wp-json\/wp\/v2\/users\/3"}],"replies":[{"embeddable":true,"href":"https:\/\/www.noticiasradioreflejos.com.ar\/2021\/wp-json\/wp\/v2\/comments?post=76514"}],"version-history":[{"count":1,"href":"https:\/\/www.noticiasradioreflejos.com.ar\/2021\/wp-json\/wp\/v2\/posts\/76514\/revisions"}],"predecessor-version":[{"id":76516,"href":"https:\/\/www.noticiasradioreflejos.com.ar\/2021\/wp-json\/wp\/v2\/posts\/76514\/revisions\/76516"}],"wp:attachment":[{"href":"https:\/\/www.noticiasradioreflejos.com.ar\/2021\/wp-json\/wp\/v2\/media?parent=76514"}],"wp:term":[{"taxonomy":"category","embeddable":true,"href":"https:\/\/www.noticiasradioreflejos.com.ar\/2021\/wp-json\/wp\/v2\/categories?post=76514"},{"taxonomy":"post_tag","embeddable":true,"href":"https:\/\/www.noticiasradioreflejos.com.ar\/2021\/wp-json\/wp\/v2\/tags?post=76514"}],"curies":[{"name":"wp","href":"https:\/\/api.w.org\/{rel}","templated":true}]}}