{"id":76512,"date":"2022-08-20T12:13:28","date_gmt":"2022-08-20T12:13:28","guid":{"rendered":"http:\/\/www.noticiasradioreflejos.com.ar\/2021\/?p=76512"},"modified":"2022-08-20T12:13:28","modified_gmt":"2022-08-20T12:13:28","slug":"cordoba-detuvieron-a-una-enfermera-y-la-acusan-de-homicidio-por-las-muertes-de-bebes","status":"publish","type":"post","link":"https:\/\/www.noticiasradioreflejos.com.ar\/2021\/cordoba-detuvieron-a-una-enfermera-y-la-acusan-de-homicidio-por-las-muertes-de-bebes\/","title":{"rendered":"C\u00d3RDOBA: Detuvieron a una enfermera y la acusan de \u00abhomicidio\u00bb por las muertes de beb\u00e9s"},"content":{"rendered":"<p>Se trata de Brenda Ag\u00fcero, de 27 a\u00f1os, quien fue aprehendida en la localidad de R\u00edo Ceballos, en las sierras Chicas, a unos 20 kil\u00f3metros de la capital provincial.<!--more--><\/p>\n<figure class=\"mb-3\"><img decoding=\"async\" src=\"https:\/\/www.telam.com.ar\/thumbs\/bluesteel\/advf\/imagenes\/2022\/08\/62f5766cd60cf_900.jpg\" alt=\"La mujer es una de las nueve personas empleadas del Hospital Neonatal que fueron apartadas de sus cargos Foto Laura Lescano\" width=\"100%\" height=\"100%\" \/><\/p>\n<div class=\"media-icons\"><\/div><figcaption>La mujer es una de las nueve personas empleadas del Hospital Neonatal que fueron apartadas de sus cargos \/ Foto Laura Lescano<\/figcaption><\/figure>\n<p>Una enfermera fue detenida e imputada en la tarde de este viernes por la Justicia de C\u00f3rdoba por estar supuestamente vinculada con las muertes de al menos\u00a0<strong>cinco beb\u00e9s que nacieron sanos en el Hospital Neonatal entre marzo y junio pasado<\/strong>, informaron fuentes judiciales.<\/p>\n<p>Se trata de Brenda Ag\u00fcero, de 27 a\u00f1os, quien fue acusada de \u00abhomicidio calificado reiterado\u00bb tras ser aprehendida en la localidad de R\u00edo Ceballos, en las sierras Chicas, a unos 20 kil\u00f3metros de la capital provincial.<\/p>\n<p>La mujer\u00a0<strong>es una de las nueve personas empleadas del Hospital Neonatal que fueron apartadas de sus cargos<\/strong>\u00a0cuando se hizo p\u00fablica la situaci\u00f3n la semana pasada, seg\u00fan una disposici\u00f3n del Ministerio de Salud provincial.<\/p>\n<p>La detenci\u00f3n de la enfermera lleg\u00f3 por orden del fiscal de instrucci\u00f3n Ra\u00fal Garz\u00f3n.<\/p>\n<p><strong>Ag\u00fcero prestaba servicios en el hospital desde diciembre de 2020<\/strong>\u00a0y no contaba con antecedentes de problemas laborales ni personales.<\/p>\n<p>Adem\u00e1s, el fiscal Garz\u00f3n imput\u00f3 a tres exdirectivos del Neonatal, una de ellas la exdirectora, Liliana As\u00eds, quienes se encuentran acusados por responsabilidades mediatas, vinculadas a su funci\u00f3n, como la omisi\u00f3n de deberes de funcionario p\u00fablico.<\/p>\n<p>Hasta el momento, son cinco los casos de beb\u00e9s fallecidos que investiga la justicia, aunque diariamente\u00a0<strong>se siguen sumando testimonios sobre hechos similares<\/strong>\u00a0o casos en que los beb\u00e9s lograron sobrevivir luego de padecer descompensaciones por cuadros cr\u00edticos semejantes, y sin respuestas de los profesionales de la salud.<\/p>\n<p>La investigaci\u00f3n judicial lleva m\u00e1s de una semana desde que se conoci\u00f3 el caso.<\/p>\n<p>Fuentes vinculadas a la investigaci\u00f3n sostienen que el fiscal Garz\u00f3n contin\u00faa trabajando en la recepci\u00f3n de elementos de pruebas, y a la vez est\u00e1 a la espera de los resultados vinculados a las historias cl\u00ednicas, los informes de autopsias y los suministros farmacol\u00f3gicos, particularmente sobre la dosificaci\u00f3n de potasio.<\/p>\n<p>El fiscal trabaja sobre varias l\u00edneas hipot\u00e9ticas, como la\u00a0<strong>presunta \u201cmala praxis\u201d u \u201chomicidio intencional\u201d<\/strong>.<\/p>\n","protected":false},"excerpt":{"rendered":"<p>Se trata de Brenda Ag\u00fcero, de 27 a\u00f1os, quien fue aprehendida en la localidad de R\u00edo Ceballos, en las sierras Chicas, a unos 20 kil\u00f3metros de la capital provincial.<\/p>\n","protected":false},"author":3,"featured_media":0,"comment_status":"closed","ping_status":"closed","sticky":false,"template":"","format":"standard","meta":{"footnotes":""},"categories":[29],"tags":[],"class_list":["post-76512","post","type-post","status-publish","format-standard","hentry","category-policiales"],"yoast_head":"<!-- This site is optimized with the Yoast SEO plugin v25.9 - https:\/\/yoast.com\/wordpress\/plugins\/seo\/ -->\n<title>C\u00d3RDOBA: Detuvieron a una enfermera y la acusan de &quot;homicidio&quot; por las muertes de beb\u00e9s - Noticias Radio Reflejos<\/title>\n<meta name=\"robots\" content=\"index, follow, max-snippet:-1, max-image-preview:large, max-video-preview:-1\" \/>\n<link rel=\"canonical\" href=\"https:\/\/www.noticiasradioreflejos.com.ar\/2021\/cordoba-detuvieron-a-una-enfermera-y-la-acusan-de-homicidio-por-las-muertes-de-bebes\/\" \/>\n<meta property=\"og:locale\" content=\"es_ES\" \/>\n<meta property=\"og:type\" content=\"article\" \/>\n<meta property=\"og:title\" content=\"C\u00d3RDOBA: Detuvieron a una enfermera y la acusan de &quot;homicidio&quot; por las muertes de beb\u00e9s - Noticias Radio Reflejos\" \/>\n<meta property=\"og:description\" content=\"Se trata de Brenda Ag\u00fcero, de 27 a\u00f1os, quien fue aprehendida en la localidad de R\u00edo Ceballos, en las sierras Chicas, a unos 20 kil\u00f3metros de la capital provincial.\" \/>\n<meta property=\"og:url\" content=\"https:\/\/www.noticiasradioreflejos.com.ar\/2021\/cordoba-detuvieron-a-una-enfermera-y-la-acusan-de-homicidio-por-las-muertes-de-bebes\/\" \/>\n<meta property=\"og:site_name\" content=\"Noticias Radio Reflejos\" \/>\n<meta property=\"article:published_time\" content=\"2022-08-20T12:13:28+00:00\" \/>\n<meta property=\"og:image\" content=\"https:\/\/www.telam.com.ar\/thumbs\/bluesteel\/advf\/imagenes\/2022\/08\/62f5766cd60cf_900.jpg\" \/>\n<meta name=\"author\" content=\"Arnaldo Botto\" \/>\n<meta name=\"twitter:card\" content=\"summary_large_image\" \/>\n<script type=\"application\/ld+json\" class=\"yoast-schema-graph\">{\"@context\":\"https:\/\/schema.org\",\"@graph\":[{\"@type\":\"WebPage\",\"@id\":\"https:\/\/www.noticiasradioreflejos.com.ar\/2021\/cordoba-detuvieron-a-una-enfermera-y-la-acusan-de-homicidio-por-las-muertes-de-bebes\/\",\"url\":\"https:\/\/www.noticiasradioreflejos.com.ar\/2021\/cordoba-detuvieron-a-una-enfermera-y-la-acusan-de-homicidio-por-las-muertes-de-bebes\/\",\"name\":\"C\u00d3RDOBA: Detuvieron a una enfermera y la acusan de \\\"homicidio\\\" por las muertes de beb\u00e9s - Noticias Radio Reflejos\",\"isPartOf\":{\"@id\":\"https:\/\/www.noticiasradioreflejos.com.ar\/2021\/#website\"},\"primaryImageOfPage\":{\"@id\":\"https:\/\/www.noticiasradioreflejos.com.ar\/2021\/cordoba-detuvieron-a-una-enfermera-y-la-acusan-de-homicidio-por-las-muertes-de-bebes\/#primaryimage\"},\"image\":{\"@id\":\"https:\/\/www.noticiasradioreflejos.com.ar\/2021\/cordoba-detuvieron-a-una-enfermera-y-la-acusan-de-homicidio-por-las-muertes-de-bebes\/#primaryimage\"},\"thumbnailUrl\":\"https:\/\/www.telam.com.ar\/thumbs\/bluesteel\/advf\/imagenes\/2022\/08\/62f5766cd60cf_900.jpg\",\"datePublished\":\"2022-08-20T12:13:28+00:00\",\"author\":{\"@id\":\"https:\/\/www.noticiasradioreflejos.com.ar\/2021\/#\/schema\/person\/ad82545263dcc5ec0996818884fd5fb1\"},\"breadcrumb\":{\"@id\":\"https:\/\/www.noticiasradioreflejos.com.ar\/2021\/cordoba-detuvieron-a-una-enfermera-y-la-acusan-de-homicidio-por-las-muertes-de-bebes\/#breadcrumb\"},\"inLanguage\":\"es\",\"potentialAction\":[{\"@type\":\"ReadAction\",\"target\":[\"https:\/\/www.noticiasradioreflejos.com.ar\/2021\/cordoba-detuvieron-a-una-enfermera-y-la-acusan-de-homicidio-por-las-muertes-de-bebes\/\"]}]},{\"@type\":\"ImageObject\",\"inLanguage\":\"es\",\"@id\":\"https:\/\/www.noticiasradioreflejos.com.ar\/2021\/cordoba-detuvieron-a-una-enfermera-y-la-acusan-de-homicidio-por-las-muertes-de-bebes\/#primaryimage\",\"url\":\"https:\/\/www.telam.com.ar\/thumbs\/bluesteel\/advf\/imagenes\/2022\/08\/62f5766cd60cf_900.jpg\",\"contentUrl\":\"https:\/\/www.telam.com.ar\/thumbs\/bluesteel\/advf\/imagenes\/2022\/08\/62f5766cd60cf_900.jpg\"},{\"@type\":\"BreadcrumbList\",\"@id\":\"https:\/\/www.noticiasradioreflejos.com.ar\/2021\/cordoba-detuvieron-a-una-enfermera-y-la-acusan-de-homicidio-por-las-muertes-de-bebes\/#breadcrumb\",\"itemListElement\":[{\"@type\":\"ListItem\",\"position\":1,\"name\":\"Portada\",\"item\":\"https:\/\/www.noticiasradioreflejos.com.ar\/2021\/\"},{\"@type\":\"ListItem\",\"position\":2,\"name\":\"C\u00d3RDOBA: Detuvieron a una enfermera y la acusan de \u00abhomicidio\u00bb por las muertes de beb\u00e9s\"}]},{\"@type\":\"WebSite\",\"@id\":\"https:\/\/www.noticiasradioreflejos.com.ar\/2021\/#website\",\"url\":\"https:\/\/www.noticiasradioreflejos.com.ar\/2021\/\",\"name\":\"Noticias Radio Reflejos\",\"description\":\"Las noticias de mi comarca\",\"potentialAction\":[{\"@type\":\"SearchAction\",\"target\":{\"@type\":\"EntryPoint\",\"urlTemplate\":\"https:\/\/www.noticiasradioreflejos.com.ar\/2021\/?s={search_term_string}\"},\"query-input\":{\"@type\":\"PropertyValueSpecification\",\"valueRequired\":true,\"valueName\":\"search_term_string\"}}],\"inLanguage\":\"es\"},{\"@type\":\"Person\",\"@id\":\"https:\/\/www.noticiasradioreflejos.com.ar\/2021\/#\/schema\/person\/ad82545263dcc5ec0996818884fd5fb1\",\"name\":\"Arnaldo Botto\",\"image\":{\"@type\":\"ImageObject\",\"inLanguage\":\"es\",\"@id\":\"https:\/\/www.noticiasradioreflejos.com.ar\/2021\/#\/schema\/person\/image\/\",\"url\":\"https:\/\/secure.gravatar.com\/avatar\/55cb5e37c1efa326397366e6974cb338056df65cb50e7d64d1cf314e87504837?s=96&d=mm&r=g\",\"contentUrl\":\"https:\/\/secure.gravatar.com\/avatar\/55cb5e37c1efa326397366e6974cb338056df65cb50e7d64d1cf314e87504837?s=96&d=mm&r=g\",\"caption\":\"Arnaldo Botto\"},\"url\":\"https:\/\/www.noticiasradioreflejos.com.ar\/2021\/author\/arnaldo\/\"}]}<\/script>\n<!-- \/ Yoast SEO plugin. -->","yoast_head_json":{"title":"C\u00d3RDOBA: Detuvieron a una enfermera y la acusan de \"homicidio\" por las muertes de beb\u00e9s - Noticias Radio Reflejos","robots":{"index":"index","follow":"follow","max-snippet":"max-snippet:-1","max-image-preview":"max-image-preview:large","max-video-preview":"max-video-preview:-1"},"canonical":"https:\/\/www.noticiasradioreflejos.com.ar\/2021\/cordoba-detuvieron-a-una-enfermera-y-la-acusan-de-homicidio-por-las-muertes-de-bebes\/","og_locale":"es_ES","og_type":"article","og_title":"C\u00d3RDOBA: Detuvieron a una enfermera y la acusan de \"homicidio\" por las muertes de beb\u00e9s - Noticias Radio Reflejos","og_description":"Se trata de Brenda Ag\u00fcero, de 27 a\u00f1os, quien fue aprehendida en la localidad de R\u00edo Ceballos, en las sierras Chicas, a unos 20 kil\u00f3metros de la capital provincial.","og_url":"https:\/\/www.noticiasradioreflejos.com.ar\/2021\/cordoba-detuvieron-a-una-enfermera-y-la-acusan-de-homicidio-por-las-muertes-de-bebes\/","og_site_name":"Noticias Radio Reflejos","article_published_time":"2022-08-20T12:13:28+00:00","og_image":[{"url":"https:\/\/www.telam.com.ar\/thumbs\/bluesteel\/advf\/imagenes\/2022\/08\/62f5766cd60cf_900.jpg","type":"","width":"","height":""}],"author":"Arnaldo Botto","twitter_card":"summary_large_image","schema":{"@context":"https:\/\/schema.org","@graph":[{"@type":"WebPage","@id":"https:\/\/www.noticiasradioreflejos.com.ar\/2021\/cordoba-detuvieron-a-una-enfermera-y-la-acusan-de-homicidio-por-las-muertes-de-bebes\/","url":"https:\/\/www.noticiasradioreflejos.com.ar\/2021\/cordoba-detuvieron-a-una-enfermera-y-la-acusan-de-homicidio-por-las-muertes-de-bebes\/","name":"C\u00d3RDOBA: Detuvieron a una enfermera y la acusan de \"homicidio\" por las muertes de beb\u00e9s - Noticias Radio Reflejos","isPartOf":{"@id":"https:\/\/www.noticiasradioreflejos.com.ar\/2021\/#website"},"primaryImageOfPage":{"@id":"https:\/\/www.noticiasradioreflejos.com.ar\/2021\/cordoba-detuvieron-a-una-enfermera-y-la-acusan-de-homicidio-por-las-muertes-de-bebes\/#primaryimage"},"image":{"@id":"https:\/\/www.noticiasradioreflejos.com.ar\/2021\/cordoba-detuvieron-a-una-enfermera-y-la-acusan-de-homicidio-por-las-muertes-de-bebes\/#primaryimage"},"thumbnailUrl":"https:\/\/www.telam.com.ar\/thumbs\/bluesteel\/advf\/imagenes\/2022\/08\/62f5766cd60cf_900.jpg","datePublished":"2022-08-20T12:13:28+00:00","author":{"@id":"https:\/\/www.noticiasradioreflejos.com.ar\/2021\/#\/schema\/person\/ad82545263dcc5ec0996818884fd5fb1"},"breadcrumb":{"@id":"https:\/\/www.noticiasradioreflejos.com.ar\/2021\/cordoba-detuvieron-a-una-enfermera-y-la-acusan-de-homicidio-por-las-muertes-de-bebes\/#breadcrumb"},"inLanguage":"es","potentialAction":[{"@type":"ReadAction","target":["https:\/\/www.noticiasradioreflejos.com.ar\/2021\/cordoba-detuvieron-a-una-enfermera-y-la-acusan-de-homicidio-por-las-muertes-de-bebes\/"]}]},{"@type":"ImageObject","inLanguage":"es","@id":"https:\/\/www.noticiasradioreflejos.com.ar\/2021\/cordoba-detuvieron-a-una-enfermera-y-la-acusan-de-homicidio-por-las-muertes-de-bebes\/#primaryimage","url":"https:\/\/www.telam.com.ar\/thumbs\/bluesteel\/advf\/imagenes\/2022\/08\/62f5766cd60cf_900.jpg","contentUrl":"https:\/\/www.telam.com.ar\/thumbs\/bluesteel\/advf\/imagenes\/2022\/08\/62f5766cd60cf_900.jpg"},{"@type":"BreadcrumbList","@id":"https:\/\/www.noticiasradioreflejos.com.ar\/2021\/cordoba-detuvieron-a-una-enfermera-y-la-acusan-de-homicidio-por-las-muertes-de-bebes\/#breadcrumb","itemListElement":[{"@type":"ListItem","position":1,"name":"Portada","item":"https:\/\/www.noticiasradioreflejos.com.ar\/2021\/"},{"@type":"ListItem","position":2,"name":"C\u00d3RDOBA: Detuvieron a una enfermera y la acusan de \u00abhomicidio\u00bb por las muertes de beb\u00e9s"}]},{"@type":"WebSite","@id":"https:\/\/www.noticiasradioreflejos.com.ar\/2021\/#website","url":"https:\/\/www.noticiasradioreflejos.com.ar\/2021\/","name":"Noticias Radio Reflejos","description":"Las noticias de mi comarca","potentialAction":[{"@type":"SearchAction","target":{"@type":"EntryPoint","urlTemplate":"https:\/\/www.noticiasradioreflejos.com.ar\/2021\/?s={search_term_string}"},"query-input":{"@type":"PropertyValueSpecification","valueRequired":true,"valueName":"search_term_string"}}],"inLanguage":"es"},{"@type":"Person","@id":"https:\/\/www.noticiasradioreflejos.com.ar\/2021\/#\/schema\/person\/ad82545263dcc5ec0996818884fd5fb1","name":"Arnaldo Botto","image":{"@type":"ImageObject","inLanguage":"es","@id":"https:\/\/www.noticiasradioreflejos.com.ar\/2021\/#\/schema\/person\/image\/","url":"https:\/\/secure.gravatar.com\/avatar\/55cb5e37c1efa326397366e6974cb338056df65cb50e7d64d1cf314e87504837?s=96&d=mm&r=g","contentUrl":"https:\/\/secure.gravatar.com\/avatar\/55cb5e37c1efa326397366e6974cb338056df65cb50e7d64d1cf314e87504837?s=96&d=mm&r=g","caption":"Arnaldo Botto"},"url":"https:\/\/www.noticiasradioreflejos.com.ar\/2021\/author\/arnaldo\/"}]}},"_links":{"self":[{"href":"https:\/\/www.noticiasradioreflejos.com.ar\/2021\/wp-json\/wp\/v2\/posts\/76512","targetHints":{"allow":["GET"]}}],"collection":[{"href":"https:\/\/www.noticiasradioreflejos.com.ar\/2021\/wp-json\/wp\/v2\/posts"}],"about":[{"href":"https:\/\/www.noticiasradioreflejos.com.ar\/2021\/wp-json\/wp\/v2\/types\/post"}],"author":[{"embeddable":true,"href":"https:\/\/www.noticiasradioreflejos.com.ar\/2021\/wp-json\/wp\/v2\/users\/3"}],"replies":[{"embeddable":true,"href":"https:\/\/www.noticiasradioreflejos.com.ar\/2021\/wp-json\/wp\/v2\/comments?post=76512"}],"version-history":[{"count":1,"href":"https:\/\/www.noticiasradioreflejos.com.ar\/2021\/wp-json\/wp\/v2\/posts\/76512\/revisions"}],"predecessor-version":[{"id":76513,"href":"https:\/\/www.noticiasradioreflejos.com.ar\/2021\/wp-json\/wp\/v2\/posts\/76512\/revisions\/76513"}],"wp:attachment":[{"href":"https:\/\/www.noticiasradioreflejos.com.ar\/2021\/wp-json\/wp\/v2\/media?parent=76512"}],"wp:term":[{"taxonomy":"category","embeddable":true,"href":"https:\/\/www.noticiasradioreflejos.com.ar\/2021\/wp-json\/wp\/v2\/categories?post=76512"},{"taxonomy":"post_tag","embeddable":true,"href":"https:\/\/www.noticiasradioreflejos.com.ar\/2021\/wp-json\/wp\/v2\/tags?post=76512"}],"curies":[{"name":"wp","href":"https:\/\/api.w.org\/{rel}","templated":true}]}}