{"id":76482,"date":"2022-08-19T17:56:13","date_gmt":"2022-08-19T17:56:13","guid":{"rendered":"http:\/\/www.noticiasradioreflejos.com.ar\/2021\/?p=76482"},"modified":"2022-08-19T17:56:13","modified_gmt":"2022-08-19T17:56:13","slug":"raverta-y-perczyk-anunciaron-que-mas-de-400-000-becarias-y-becarios-podran-hacer-cursos-gratis-en-idiomas-extranjeros","status":"publish","type":"post","link":"https:\/\/www.noticiasradioreflejos.com.ar\/2021\/raverta-y-perczyk-anunciaron-que-mas-de-400-000-becarias-y-becarios-podran-hacer-cursos-gratis-en-idiomas-extranjeros\/","title":{"rendered":"Raverta y Perczyk anunciaron que m\u00e1s de 400.000 becarias y becarios podr\u00e1n hacer cursos gratis en idiomas extranjeros"},"content":{"rendered":"<p>En la Universidad provincial de Ezeiza, la directora ejecutiva de la ANSES, Fernanda Raverta, y el ministro de Educaci\u00f3n de la Naci\u00f3n, Jaime Perczyk, anunciaron hoy la incorporaci\u00f3n de m\u00e1s de 20 mil cursos gratuitos de lenguas extranjeras que dictar\u00e1n universidades nacionales para los m\u00e1s de 400 mil becarias y becarios del Progresar y del programa de Becas Estrat\u00e9gicas Manuel Belgrano.<!--more--><\/p>\n<p>Los funcionarios encabezaron el acto de presentaci\u00f3n del Programa de Formaci\u00f3n y Certificaci\u00f3n en Lenguas Extranjeras, por el cual las becarias y becarios podr\u00e1n acceder a cursos de ingl\u00e9s, franc\u00e9s, portugu\u00e9s, alem\u00e1n, italiano y chino mandar\u00edn. Asimismo, se dictar\u00e1n cursos de espa\u00f1ol como segunda lengua para estudiantes de pueblos originarios, migrantes y refugiadas y refugiados.<\/p>\n<p>En este marco, Raverta sostuvo que \u201ceste anuncio nos da una alegr\u00eda enorme. Cuando asumimos hace dos a\u00f1os, lo hicimos con el compromiso de ser mejores, y hoy tenemos la certeza de que efectivamente hemos mejorado este programa\u201d.<\/p>\n<p>\u201cEstas becas fueron creadas por la expresidenta Cristina Fern\u00e1ndez de Kirchner para estimular y acompa\u00f1ar a los j\u00f3venes que quer\u00edan estudiar, pero a sus familias les resultaba dif\u00edcil. Hoy nuestro horizonte y desaf\u00edo sigue siendo que no haya ning\u00fan joven sin la oportunidad de estudiar\u201d, resalt\u00f3. \u201cPor eso volvimos a reconstruir las becas, pese a los recortes que hab\u00edan tenido durante la gesti\u00f3n anterior, pero adem\u00e1s sum\u00e1ndole un incentivo a la conectividad, ampli\u00e1ndolas para las chicas y chicos de 16 y 17 a\u00f1os, y con este anuncio que forma parte de un Estado cada vez m\u00e1s cerca de las argentinas y argentinos\u201d, agreg\u00f3 la titular de ANSES.<\/p>\n<p>\u201cEs fundamental que los becarios se apropien de esta pol\u00edtica y que sepan que cada vez que invitan a una compa\u00f1era o a compa\u00f1ero al Progresar, est\u00e1n haciendo de su aula y su \u00e1mbito de formaci\u00f3n, un lugar m\u00e1s solidario. De eso se trata reconstruir la Argentina, de pensar en lo que le pasa al otro\u201d, finaliz\u00f3 Raverta.<\/p>\n<p>Por su parte, Perczyk asegur\u00f3 que \u201cde la mano de los derechos vienen las responsabilidades y ac\u00e1 hay una inversi\u00f3n muy grande para que haya 400 mil vacantes para que puedan estudiar una segunda lengua\u201d.<\/p>\n<p>\u201cLa clave de la Argentina es que todas y todos tengan el derecho y que tengamos protegido ese derecho. El Estado y la sociedad les tienen que dar la posibilidad a los j\u00f3venes de estudiar porque levantar el piso para todas y todos es construir una sociedad menos desigual\u201d, a\u00f1adi\u00f3.<\/p>\n<p>Perczyk destac\u00f3 que a trav\u00e9s de las becas \u201cla Argentina tiene un sistema de protecci\u00f3n para que las y los j\u00f3venes puedan estudiar y ser mejores\u201d y resalt\u00f3 que los cursos de lengua extranjera \u201cson una propuesta de federalismo profundo porque pueden participar a lo largo y ancho de todo el pa\u00eds\u201d.<\/p>\n<p>Estuvo presente tambi\u00e9n el intendente de Ezeiza, Gast\u00f3n Granados, quien agradeci\u00f3 \u201cpor haber elegido Ezeiza para el lanzamiento de este programa tan importante para nuestros j\u00f3venes y para poder achicar esa brecha que hay en la educaci\u00f3n\u201d. \u201cSeguimos trabajando por una educaci\u00f3n de calidad. Nosotros creemos que los j\u00f3venes son el presente\u201d, agreg\u00f3.<\/p>\n<p>Las y los becarios que cumplimenten esta formaci\u00f3n recibir\u00e1n un monto adicional al pago de su beca de 1500 pesos mensuales durante cuatro meses, que se acreditar\u00e1 al finalizar el curso, con la certificaci\u00f3n de la instituci\u00f3n formadora.<\/p>\n<p>Los cursos ser\u00e1n impartidos por 35 universidades de gesti\u00f3n p\u00fablica y 65 institutos superiores de formaci\u00f3n docente de todo el pa\u00eds, en modalidad virtual, con una duraci\u00f3n de 64 horas cuatrimestrales.<\/p>\n<p>La oferta abarca propuestas de idioma general, idioma t\u00e9cnico por campo disciplinar y lectocomprensi\u00f3n; en niveles b\u00e1sico, intermedio y avanzado.<\/p>\n<p>Con una inversi\u00f3n superior a los 5000 millones de pesos, el Programa de Formaci\u00f3n y Certificaci\u00f3n en Lenguas Extranjeras tiene por objetivos el fortalecimiento de la trayectoria acad\u00e9mica de las y los becarios; el incremento de las competencias ling\u00fc\u00edsticas e internacionales de quienes participen del programa; y la federalizaci\u00f3n y democratizaci\u00f3n del acceso a oportunidades de formaci\u00f3n y empleo.<\/p>\n<p>Del lanzamiento participaron tambi\u00e9n la secretaria de Cooperaci\u00f3n Educativa y Acciones Prioritarias, Andrea Garc\u00eda; el secretario de Pol\u00edticas Universitarias, Oscar Alpa; el director general de Cultura y Educaci\u00f3n bonaerense, Alberto Sileoni; la presidenta del Honorable Concejo Deliberante local, Dulce Granados; el rector de la universidad, Daniel Galli; titulares de las carteras educativas provinciales y representantes de las universidades que dictar\u00e1n los cursos.<\/p>\n<p>Durante el acto, adem\u00e1s, se firmaron convenios para la implementaci\u00f3n del Programa con autoridades de la Universidad Nacional de la Patagonia San Juan Bosco, la Universidad Nacional del Chaco Austral, la Universidad de Buenos Aires, la Universidad Nacional de C\u00f3rdoba y el Instituto de Educaci\u00f3n Superior Docente y T\u00e9cnica N\u00b0 9-001 General Jos\u00e9 de San Mart\u00edn, de Mendoza.<\/p>\n","protected":false},"excerpt":{"rendered":"<p>En la Universidad provincial de Ezeiza, la directora ejecutiva de la ANSES, Fernanda Raverta, y el ministro de Educaci\u00f3n de la Naci\u00f3n, Jaime Perczyk, anunciaron hoy la incorporaci\u00f3n de m\u00e1s de 20 mil cursos gratuitos de lenguas extranjeras que dictar\u00e1n universidades nacionales para los m\u00e1s de 400 mil becarias y becarios del Progresar y del [&hellip;]<\/p>\n","protected":false},"author":3,"featured_media":0,"comment_status":"closed","ping_status":"closed","sticky":false,"template":"","format":"standard","meta":{"footnotes":""},"categories":[36,34],"tags":[],"class_list":["post-76482","post","type-post","status-publish","format-standard","hentry","category-economia","category-educacion"],"yoast_head":"<!-- This site is optimized with the Yoast SEO plugin v25.9 - https:\/\/yoast.com\/wordpress\/plugins\/seo\/ -->\n<title>Raverta y Perczyk anunciaron que m\u00e1s de 400.000 becarias y becarios podr\u00e1n hacer cursos gratis en idiomas extranjeros - Noticias Radio Reflejos<\/title>\n<meta name=\"robots\" content=\"index, follow, max-snippet:-1, max-image-preview:large, max-video-preview:-1\" \/>\n<link rel=\"canonical\" href=\"https:\/\/www.noticiasradioreflejos.com.ar\/2021\/raverta-y-perczyk-anunciaron-que-mas-de-400-000-becarias-y-becarios-podran-hacer-cursos-gratis-en-idiomas-extranjeros\/\" \/>\n<meta property=\"og:locale\" content=\"es_ES\" \/>\n<meta property=\"og:type\" content=\"article\" \/>\n<meta property=\"og:title\" content=\"Raverta y Perczyk anunciaron que m\u00e1s de 400.000 becarias y becarios podr\u00e1n hacer cursos gratis en idiomas extranjeros - Noticias Radio Reflejos\" \/>\n<meta property=\"og:description\" content=\"En la Universidad provincial de Ezeiza, la directora ejecutiva de la ANSES, Fernanda Raverta, y el ministro de Educaci\u00f3n de la Naci\u00f3n, Jaime Perczyk, anunciaron hoy la incorporaci\u00f3n de m\u00e1s de 20 mil cursos gratuitos de lenguas extranjeras que dictar\u00e1n universidades nacionales para los m\u00e1s de 400 mil becarias y becarios del Progresar y del [&hellip;]\" \/>\n<meta property=\"og:url\" content=\"https:\/\/www.noticiasradioreflejos.com.ar\/2021\/raverta-y-perczyk-anunciaron-que-mas-de-400-000-becarias-y-becarios-podran-hacer-cursos-gratis-en-idiomas-extranjeros\/\" \/>\n<meta property=\"og:site_name\" content=\"Noticias Radio Reflejos\" \/>\n<meta property=\"article:published_time\" content=\"2022-08-19T17:56:13+00:00\" \/>\n<meta property=\"og:image\" content=\"https:\/\/www.noticiasradioreflejos.com.ar\/2021\/wp-content\/uploads\/2021\/07\/logosol300x200.png\" \/>\n\t<meta property=\"og:image:width\" content=\"300\" \/>\n\t<meta property=\"og:image:height\" content=\"200\" \/>\n\t<meta property=\"og:image:type\" content=\"image\/png\" \/>\n<meta name=\"author\" content=\"Arnaldo Botto\" \/>\n<meta name=\"twitter:card\" content=\"summary_large_image\" \/>\n<script type=\"application\/ld+json\" class=\"yoast-schema-graph\">{\"@context\":\"https:\/\/schema.org\",\"@graph\":[{\"@type\":\"WebPage\",\"@id\":\"https:\/\/www.noticiasradioreflejos.com.ar\/2021\/raverta-y-perczyk-anunciaron-que-mas-de-400-000-becarias-y-becarios-podran-hacer-cursos-gratis-en-idiomas-extranjeros\/\",\"url\":\"https:\/\/www.noticiasradioreflejos.com.ar\/2021\/raverta-y-perczyk-anunciaron-que-mas-de-400-000-becarias-y-becarios-podran-hacer-cursos-gratis-en-idiomas-extranjeros\/\",\"name\":\"Raverta y Perczyk anunciaron que m\u00e1s de 400.000 becarias y becarios podr\u00e1n hacer cursos gratis en idiomas extranjeros - Noticias Radio Reflejos\",\"isPartOf\":{\"@id\":\"https:\/\/www.noticiasradioreflejos.com.ar\/2021\/#website\"},\"datePublished\":\"2022-08-19T17:56:13+00:00\",\"author\":{\"@id\":\"https:\/\/www.noticiasradioreflejos.com.ar\/2021\/#\/schema\/person\/ad82545263dcc5ec0996818884fd5fb1\"},\"breadcrumb\":{\"@id\":\"https:\/\/www.noticiasradioreflejos.com.ar\/2021\/raverta-y-perczyk-anunciaron-que-mas-de-400-000-becarias-y-becarios-podran-hacer-cursos-gratis-en-idiomas-extranjeros\/#breadcrumb\"},\"inLanguage\":\"es\",\"potentialAction\":[{\"@type\":\"ReadAction\",\"target\":[\"https:\/\/www.noticiasradioreflejos.com.ar\/2021\/raverta-y-perczyk-anunciaron-que-mas-de-400-000-becarias-y-becarios-podran-hacer-cursos-gratis-en-idiomas-extranjeros\/\"]}]},{\"@type\":\"BreadcrumbList\",\"@id\":\"https:\/\/www.noticiasradioreflejos.com.ar\/2021\/raverta-y-perczyk-anunciaron-que-mas-de-400-000-becarias-y-becarios-podran-hacer-cursos-gratis-en-idiomas-extranjeros\/#breadcrumb\",\"itemListElement\":[{\"@type\":\"ListItem\",\"position\":1,\"name\":\"Portada\",\"item\":\"https:\/\/www.noticiasradioreflejos.com.ar\/2021\/\"},{\"@type\":\"ListItem\",\"position\":2,\"name\":\"Raverta y Perczyk anunciaron que m\u00e1s de 400.000 becarias y becarios podr\u00e1n hacer cursos gratis en idiomas extranjeros\"}]},{\"@type\":\"WebSite\",\"@id\":\"https:\/\/www.noticiasradioreflejos.com.ar\/2021\/#website\",\"url\":\"https:\/\/www.noticiasradioreflejos.com.ar\/2021\/\",\"name\":\"Noticias Radio Reflejos\",\"description\":\"Las noticias de mi comarca\",\"potentialAction\":[{\"@type\":\"SearchAction\",\"target\":{\"@type\":\"EntryPoint\",\"urlTemplate\":\"https:\/\/www.noticiasradioreflejos.com.ar\/2021\/?s={search_term_string}\"},\"query-input\":{\"@type\":\"PropertyValueSpecification\",\"valueRequired\":true,\"valueName\":\"search_term_string\"}}],\"inLanguage\":\"es\"},{\"@type\":\"Person\",\"@id\":\"https:\/\/www.noticiasradioreflejos.com.ar\/2021\/#\/schema\/person\/ad82545263dcc5ec0996818884fd5fb1\",\"name\":\"Arnaldo Botto\",\"image\":{\"@type\":\"ImageObject\",\"inLanguage\":\"es\",\"@id\":\"https:\/\/www.noticiasradioreflejos.com.ar\/2021\/#\/schema\/person\/image\/\",\"url\":\"https:\/\/secure.gravatar.com\/avatar\/55cb5e37c1efa326397366e6974cb338056df65cb50e7d64d1cf314e87504837?s=96&d=mm&r=g\",\"contentUrl\":\"https:\/\/secure.gravatar.com\/avatar\/55cb5e37c1efa326397366e6974cb338056df65cb50e7d64d1cf314e87504837?s=96&d=mm&r=g\",\"caption\":\"Arnaldo Botto\"},\"url\":\"https:\/\/www.noticiasradioreflejos.com.ar\/2021\/author\/arnaldo\/\"}]}<\/script>\n<!-- \/ Yoast SEO plugin. -->","yoast_head_json":{"title":"Raverta y Perczyk anunciaron que m\u00e1s de 400.000 becarias y becarios podr\u00e1n hacer cursos gratis en idiomas extranjeros - Noticias Radio Reflejos","robots":{"index":"index","follow":"follow","max-snippet":"max-snippet:-1","max-image-preview":"max-image-preview:large","max-video-preview":"max-video-preview:-1"},"canonical":"https:\/\/www.noticiasradioreflejos.com.ar\/2021\/raverta-y-perczyk-anunciaron-que-mas-de-400-000-becarias-y-becarios-podran-hacer-cursos-gratis-en-idiomas-extranjeros\/","og_locale":"es_ES","og_type":"article","og_title":"Raverta y Perczyk anunciaron que m\u00e1s de 400.000 becarias y becarios podr\u00e1n hacer cursos gratis en idiomas extranjeros - Noticias Radio Reflejos","og_description":"En la Universidad provincial de Ezeiza, la directora ejecutiva de la ANSES, Fernanda Raverta, y el ministro de Educaci\u00f3n de la Naci\u00f3n, Jaime Perczyk, anunciaron hoy la incorporaci\u00f3n de m\u00e1s de 20 mil cursos gratuitos de lenguas extranjeras que dictar\u00e1n universidades nacionales para los m\u00e1s de 400 mil becarias y becarios del Progresar y del [&hellip;]","og_url":"https:\/\/www.noticiasradioreflejos.com.ar\/2021\/raverta-y-perczyk-anunciaron-que-mas-de-400-000-becarias-y-becarios-podran-hacer-cursos-gratis-en-idiomas-extranjeros\/","og_site_name":"Noticias Radio Reflejos","article_published_time":"2022-08-19T17:56:13+00:00","og_image":[{"width":300,"height":200,"url":"https:\/\/www.noticiasradioreflejos.com.ar\/2021\/wp-content\/uploads\/2021\/07\/logosol300x200.png","type":"image\/png"}],"author":"Arnaldo Botto","twitter_card":"summary_large_image","schema":{"@context":"https:\/\/schema.org","@graph":[{"@type":"WebPage","@id":"https:\/\/www.noticiasradioreflejos.com.ar\/2021\/raverta-y-perczyk-anunciaron-que-mas-de-400-000-becarias-y-becarios-podran-hacer-cursos-gratis-en-idiomas-extranjeros\/","url":"https:\/\/www.noticiasradioreflejos.com.ar\/2021\/raverta-y-perczyk-anunciaron-que-mas-de-400-000-becarias-y-becarios-podran-hacer-cursos-gratis-en-idiomas-extranjeros\/","name":"Raverta y Perczyk anunciaron que m\u00e1s de 400.000 becarias y becarios podr\u00e1n hacer cursos gratis en idiomas extranjeros - Noticias Radio Reflejos","isPartOf":{"@id":"https:\/\/www.noticiasradioreflejos.com.ar\/2021\/#website"},"datePublished":"2022-08-19T17:56:13+00:00","author":{"@id":"https:\/\/www.noticiasradioreflejos.com.ar\/2021\/#\/schema\/person\/ad82545263dcc5ec0996818884fd5fb1"},"breadcrumb":{"@id":"https:\/\/www.noticiasradioreflejos.com.ar\/2021\/raverta-y-perczyk-anunciaron-que-mas-de-400-000-becarias-y-becarios-podran-hacer-cursos-gratis-en-idiomas-extranjeros\/#breadcrumb"},"inLanguage":"es","potentialAction":[{"@type":"ReadAction","target":["https:\/\/www.noticiasradioreflejos.com.ar\/2021\/raverta-y-perczyk-anunciaron-que-mas-de-400-000-becarias-y-becarios-podran-hacer-cursos-gratis-en-idiomas-extranjeros\/"]}]},{"@type":"BreadcrumbList","@id":"https:\/\/www.noticiasradioreflejos.com.ar\/2021\/raverta-y-perczyk-anunciaron-que-mas-de-400-000-becarias-y-becarios-podran-hacer-cursos-gratis-en-idiomas-extranjeros\/#breadcrumb","itemListElement":[{"@type":"ListItem","position":1,"name":"Portada","item":"https:\/\/www.noticiasradioreflejos.com.ar\/2021\/"},{"@type":"ListItem","position":2,"name":"Raverta y Perczyk anunciaron que m\u00e1s de 400.000 becarias y becarios podr\u00e1n hacer cursos gratis en idiomas extranjeros"}]},{"@type":"WebSite","@id":"https:\/\/www.noticiasradioreflejos.com.ar\/2021\/#website","url":"https:\/\/www.noticiasradioreflejos.com.ar\/2021\/","name":"Noticias Radio Reflejos","description":"Las noticias de mi comarca","potentialAction":[{"@type":"SearchAction","target":{"@type":"EntryPoint","urlTemplate":"https:\/\/www.noticiasradioreflejos.com.ar\/2021\/?s={search_term_string}"},"query-input":{"@type":"PropertyValueSpecification","valueRequired":true,"valueName":"search_term_string"}}],"inLanguage":"es"},{"@type":"Person","@id":"https:\/\/www.noticiasradioreflejos.com.ar\/2021\/#\/schema\/person\/ad82545263dcc5ec0996818884fd5fb1","name":"Arnaldo Botto","image":{"@type":"ImageObject","inLanguage":"es","@id":"https:\/\/www.noticiasradioreflejos.com.ar\/2021\/#\/schema\/person\/image\/","url":"https:\/\/secure.gravatar.com\/avatar\/55cb5e37c1efa326397366e6974cb338056df65cb50e7d64d1cf314e87504837?s=96&d=mm&r=g","contentUrl":"https:\/\/secure.gravatar.com\/avatar\/55cb5e37c1efa326397366e6974cb338056df65cb50e7d64d1cf314e87504837?s=96&d=mm&r=g","caption":"Arnaldo Botto"},"url":"https:\/\/www.noticiasradioreflejos.com.ar\/2021\/author\/arnaldo\/"}]}},"_links":{"self":[{"href":"https:\/\/www.noticiasradioreflejos.com.ar\/2021\/wp-json\/wp\/v2\/posts\/76482","targetHints":{"allow":["GET"]}}],"collection":[{"href":"https:\/\/www.noticiasradioreflejos.com.ar\/2021\/wp-json\/wp\/v2\/posts"}],"about":[{"href":"https:\/\/www.noticiasradioreflejos.com.ar\/2021\/wp-json\/wp\/v2\/types\/post"}],"author":[{"embeddable":true,"href":"https:\/\/www.noticiasradioreflejos.com.ar\/2021\/wp-json\/wp\/v2\/users\/3"}],"replies":[{"embeddable":true,"href":"https:\/\/www.noticiasradioreflejos.com.ar\/2021\/wp-json\/wp\/v2\/comments?post=76482"}],"version-history":[{"count":1,"href":"https:\/\/www.noticiasradioreflejos.com.ar\/2021\/wp-json\/wp\/v2\/posts\/76482\/revisions"}],"predecessor-version":[{"id":76484,"href":"https:\/\/www.noticiasradioreflejos.com.ar\/2021\/wp-json\/wp\/v2\/posts\/76482\/revisions\/76484"}],"wp:attachment":[{"href":"https:\/\/www.noticiasradioreflejos.com.ar\/2021\/wp-json\/wp\/v2\/media?parent=76482"}],"wp:term":[{"taxonomy":"category","embeddable":true,"href":"https:\/\/www.noticiasradioreflejos.com.ar\/2021\/wp-json\/wp\/v2\/categories?post=76482"},{"taxonomy":"post_tag","embeddable":true,"href":"https:\/\/www.noticiasradioreflejos.com.ar\/2021\/wp-json\/wp\/v2\/tags?post=76482"}],"curies":[{"name":"wp","href":"https:\/\/api.w.org\/{rel}","templated":true}]}}