{"id":76459,"date":"2022-08-19T01:04:53","date_gmt":"2022-08-19T01:04:53","guid":{"rendered":"http:\/\/www.noticiasradioreflejos.com.ar\/2021\/?p=76459"},"modified":"2022-08-19T01:12:09","modified_gmt":"2022-08-19T01:12:09","slug":"camila-ogorman-recordada-en-los-obituarios-174-anos-despues-de-ser-fusilada","status":"publish","type":"post","link":"https:\/\/www.noticiasradioreflejos.com.ar\/2021\/camila-ogorman-recordada-en-los-obituarios-174-anos-despues-de-ser-fusilada\/","title":{"rendered":"Camila O\u00b4Gorman, recordada en los obituarios 174 a\u00f1os despu\u00e9s de ser fusilada"},"content":{"rendered":"<p>La joven arist\u00f3crata fue asesinada con su amante por orden de Juan Manuel de Rosas<\/p>\n<p><!--more--><\/p>\n<p>El 18 de agosto de 1848, el r\u00e9gimen de Juan Manuel de Rosas asesin\u00f3 a una mujer embarazada. Ese d\u00eda, en el actual partido de General San Mart\u00edn, a pocas cuadras de donde se emplaza la casa museo del Brigadier General, C<b>amila O\u00b4Gorman fue fusilada junto al sacerdote Ladislao Guti\u00e9rrez<\/b>. M\u00e1s de un siglo y medio despu\u00e9s, el hecho sigue siendo recordada, esta vez, con un aviso f\u00fanebre.<\/p>\n<div class=\"section-2-col article-main-content\">\n<div class=\"col 2-col\">\n<div class=\"article-main-content article-text \">\n<p><b>\u00abO Gorman, Camila. Fusilada en Santos Lugares el 18\/8\/1848 a punto de dar a luz junto al cura Uladislao Guti\u00e9rrez por orden de Juan M. de Rosas. Homenaje a una de las tantas v\u00edctimas de la tiran\u00eda\u00bb<\/b>, dice el aviso en\u00a0<i>Clar\u00edn<\/i>\u00a0que recuerda a la joven de la alta sociedad porte\u00f1a.<\/p>\n<div id=\"talkFireEvent\"><\/div>\n<div align=\"center\">\n<article class=\"embedded-entity\">\n<article class=\"media media--type-image media--view-mode-single-media-image-460\">\n<div class=\"field field--name-field-media-image field--type-image field--label-hidden field__item\"><img loading=\"lazy\" decoding=\"async\" class=\"image-style-width960 aligncenter\" src=\"https:\/\/images.pagina12.com.ar\/styles\/width960\/public\/2022-08\/614859-gorman2-2.jpg?itok=iBCUyqUB\" width=\"960\" height=\"641\" \/><\/div>\n<div><\/div>\n<\/article>\n<\/article>\n<\/div>\n<p>Camila ten\u00eda 23 a\u00f1os cuando fue pasada por las armas, decisi\u00f3n que Rosas mantuvo aun cuando se inform\u00f3 que estaba embarazada. Se hab\u00eda fugado con Guti\u00e9rrez en diciembre de 1847.\u00a0<b>Ambos se instalaron en Goya, en la provincia de Corrientes, donde los reconocieron y los entregaron al rosismo. En el medio, hab\u00edan atendido la escuela del pueblito correntino, bajo los nombres de M\u00e1ximo Brandier y Valentina Desan<\/b>.<\/p>\n<p>&nbsp;<\/p>\n<p>El 9 de agosto de 1848, nueve d\u00edas antes del fusilamiento, Manuela Rosas, la hija del gobernador, escribi\u00f3 una carta dirigida a Camila, en la que afirma que intercedi\u00f3 ante su padre. La existencia de esa misiva hace pensar que Camila le escribi\u00f3 primero pidi\u00e9ndole ayuda para salvar la vida.<\/p>\n<p><b>Guti\u00e9rrez lleg\u00f3 a escribirle a su amada poco antes que se cumpliera la orden de Rosas: \u00abCamila m\u00eda: Acabo de saber que mueres conmigo. Ya que no hemos podido vivir en la tierra unidos, nos uniremos en el cielo ante Dios\u00bb, destacaba la misiva<\/b><\/p>\n<p>En 1870, en su exilio en Southampton, Rosas le escribi\u00f3 sobre el tema a un amigo y asumi\u00f3 toda la responsabilidad, afirmando qu<b>e \u00abninguna persona me aconsej\u00f3 la ejecuci\u00f3n del cura Guti\u00e9rrez y Camila O\u2019 Gorman, ni persona alguna me habl\u00f3 ni escribi\u00f3 en su favor\u00bb<\/b>, y que<b>\u00a0\u00absiendo m\u00eda la responsabilidad, orden\u00e9 la ejecuci\u00f3n\u201d<\/b>.<\/p>\n<p><iframe loading=\"lazy\" src=\"\/\/content.jwplatform.com\/players\/uIO2e25p-buQgiLVC.html\" width=\"640\" height=\"360\" frameborder=\"0\" scrolling=\"auto\"><\/iframe><\/p>\n<p>&nbsp;<\/p>\n<p>La historia de Camila dio pie a la novela\u00a0<i>Una sombra donde sue\u00f1a Camila O\u00b4Gorman<\/i>, la \u00fanica novela del poeta Enrique Molina, aparecida en 1973.\u00a0<b>El libro indag\u00f3 en la historia familiar, sobre todo en la abuela, Marie Anne P\u00e9richon de Vandeuil, fallecida a los 72 a\u00f1os en 1847, poco d\u00edas antes de la fuga de su nieta con Guti\u00e9rrez<\/b>. La abuela paterna de Camila fue se\u00f1alada como amante de Santiago de Liniers y se la conoci\u00f3, despectivamente, como \u00abLa Perichona\u00bb.<\/p>\n<p>La pel\u00edcula\u00a0<i>Camila<\/i>, de Mar\u00eda Luisa Bemberg, trajo de vuelta al personaje en la primavera democr\u00e1tica, en 1984<b>. Fue un \u00e9xito de taquilla, con Sus\u00fa Pecoraro e Imanol Arias como protagonistas<\/b>. Nominada al Oscar a la mejor pel\u00edcula extranjera, la pel\u00edcula sirvi\u00f3 para, a partir de ese hecho del rosismo, aludir a los cr\u00edmenes del Estado terrorista que quedaba atr\u00e1s.<\/p>\n<\/div>\n<\/div>\n<p><strong>Fuente P\u00e1gina 12<\/strong><\/p>\n<\/div>\n","protected":false},"excerpt":{"rendered":"<p>La joven arist\u00f3crata fue asesinada con su amante por orden de Juan Manuel de Rosas<\/p>\n","protected":false},"author":3,"featured_media":0,"comment_status":"closed","ping_status":"closed","sticky":false,"template":"","format":"standard","meta":{"footnotes":""},"categories":[35,24,26],"tags":[48],"class_list":["post-76459","post","type-post","status-publish","format-standard","hentry","category-cultura","category-politica","category-sociedad","tag-destacada"],"yoast_head":"<!-- This site is optimized with the Yoast SEO plugin v25.9 - https:\/\/yoast.com\/wordpress\/plugins\/seo\/ -->\n<title>Camila O\u00b4Gorman, recordada en los obituarios 174 a\u00f1os despu\u00e9s de ser fusilada - Noticias Radio Reflejos<\/title>\n<meta name=\"robots\" content=\"index, follow, max-snippet:-1, max-image-preview:large, max-video-preview:-1\" \/>\n<link rel=\"canonical\" href=\"https:\/\/www.noticiasradioreflejos.com.ar\/2021\/camila-ogorman-recordada-en-los-obituarios-174-anos-despues-de-ser-fusilada\/\" \/>\n<meta property=\"og:locale\" content=\"es_ES\" \/>\n<meta property=\"og:type\" content=\"article\" \/>\n<meta property=\"og:title\" content=\"Camila O\u00b4Gorman, recordada en los obituarios 174 a\u00f1os despu\u00e9s de ser fusilada - Noticias Radio Reflejos\" \/>\n<meta property=\"og:description\" content=\"La joven arist\u00f3crata fue asesinada con su amante por orden de Juan Manuel de Rosas\" \/>\n<meta property=\"og:url\" content=\"https:\/\/www.noticiasradioreflejos.com.ar\/2021\/camila-ogorman-recordada-en-los-obituarios-174-anos-despues-de-ser-fusilada\/\" \/>\n<meta property=\"og:site_name\" content=\"Noticias Radio Reflejos\" \/>\n<meta property=\"article:published_time\" content=\"2022-08-19T01:04:53+00:00\" \/>\n<meta property=\"article:modified_time\" content=\"2022-08-19T01:12:09+00:00\" \/>\n<meta property=\"og:image\" content=\"https:\/\/images.pagina12.com.ar\/styles\/width960\/public\/2022-08\/614859-gorman2-2.jpg?itok=iBCUyqUB\" \/>\n<meta name=\"author\" content=\"Arnaldo Botto\" \/>\n<meta name=\"twitter:card\" content=\"summary_large_image\" \/>\n<script type=\"application\/ld+json\" class=\"yoast-schema-graph\">{\"@context\":\"https:\/\/schema.org\",\"@graph\":[{\"@type\":\"WebPage\",\"@id\":\"https:\/\/www.noticiasradioreflejos.com.ar\/2021\/camila-ogorman-recordada-en-los-obituarios-174-anos-despues-de-ser-fusilada\/\",\"url\":\"https:\/\/www.noticiasradioreflejos.com.ar\/2021\/camila-ogorman-recordada-en-los-obituarios-174-anos-despues-de-ser-fusilada\/\",\"name\":\"Camila O\u00b4Gorman, recordada en los obituarios 174 a\u00f1os despu\u00e9s de ser fusilada - Noticias Radio Reflejos\",\"isPartOf\":{\"@id\":\"https:\/\/www.noticiasradioreflejos.com.ar\/2021\/#website\"},\"primaryImageOfPage\":{\"@id\":\"https:\/\/www.noticiasradioreflejos.com.ar\/2021\/camila-ogorman-recordada-en-los-obituarios-174-anos-despues-de-ser-fusilada\/#primaryimage\"},\"image\":{\"@id\":\"https:\/\/www.noticiasradioreflejos.com.ar\/2021\/camila-ogorman-recordada-en-los-obituarios-174-anos-despues-de-ser-fusilada\/#primaryimage\"},\"thumbnailUrl\":\"https:\/\/images.pagina12.com.ar\/styles\/width960\/public\/2022-08\/614859-gorman2-2.jpg?itok=iBCUyqUB\",\"datePublished\":\"2022-08-19T01:04:53+00:00\",\"dateModified\":\"2022-08-19T01:12:09+00:00\",\"author\":{\"@id\":\"https:\/\/www.noticiasradioreflejos.com.ar\/2021\/#\/schema\/person\/ad82545263dcc5ec0996818884fd5fb1\"},\"breadcrumb\":{\"@id\":\"https:\/\/www.noticiasradioreflejos.com.ar\/2021\/camila-ogorman-recordada-en-los-obituarios-174-anos-despues-de-ser-fusilada\/#breadcrumb\"},\"inLanguage\":\"es\",\"potentialAction\":[{\"@type\":\"ReadAction\",\"target\":[\"https:\/\/www.noticiasradioreflejos.com.ar\/2021\/camila-ogorman-recordada-en-los-obituarios-174-anos-despues-de-ser-fusilada\/\"]}]},{\"@type\":\"ImageObject\",\"inLanguage\":\"es\",\"@id\":\"https:\/\/www.noticiasradioreflejos.com.ar\/2021\/camila-ogorman-recordada-en-los-obituarios-174-anos-despues-de-ser-fusilada\/#primaryimage\",\"url\":\"https:\/\/images.pagina12.com.ar\/styles\/width960\/public\/2022-08\/614859-gorman2-2.jpg?itok=iBCUyqUB\",\"contentUrl\":\"https:\/\/images.pagina12.com.ar\/styles\/width960\/public\/2022-08\/614859-gorman2-2.jpg?itok=iBCUyqUB\"},{\"@type\":\"BreadcrumbList\",\"@id\":\"https:\/\/www.noticiasradioreflejos.com.ar\/2021\/camila-ogorman-recordada-en-los-obituarios-174-anos-despues-de-ser-fusilada\/#breadcrumb\",\"itemListElement\":[{\"@type\":\"ListItem\",\"position\":1,\"name\":\"Portada\",\"item\":\"https:\/\/www.noticiasradioreflejos.com.ar\/2021\/\"},{\"@type\":\"ListItem\",\"position\":2,\"name\":\"Camila O\u00b4Gorman, recordada en los obituarios 174 a\u00f1os despu\u00e9s de ser fusilada\"}]},{\"@type\":\"WebSite\",\"@id\":\"https:\/\/www.noticiasradioreflejos.com.ar\/2021\/#website\",\"url\":\"https:\/\/www.noticiasradioreflejos.com.ar\/2021\/\",\"name\":\"Noticias Radio Reflejos\",\"description\":\"Las noticias de mi comarca\",\"potentialAction\":[{\"@type\":\"SearchAction\",\"target\":{\"@type\":\"EntryPoint\",\"urlTemplate\":\"https:\/\/www.noticiasradioreflejos.com.ar\/2021\/?s={search_term_string}\"},\"query-input\":{\"@type\":\"PropertyValueSpecification\",\"valueRequired\":true,\"valueName\":\"search_term_string\"}}],\"inLanguage\":\"es\"},{\"@type\":\"Person\",\"@id\":\"https:\/\/www.noticiasradioreflejos.com.ar\/2021\/#\/schema\/person\/ad82545263dcc5ec0996818884fd5fb1\",\"name\":\"Arnaldo Botto\",\"image\":{\"@type\":\"ImageObject\",\"inLanguage\":\"es\",\"@id\":\"https:\/\/www.noticiasradioreflejos.com.ar\/2021\/#\/schema\/person\/image\/\",\"url\":\"https:\/\/secure.gravatar.com\/avatar\/55cb5e37c1efa326397366e6974cb338056df65cb50e7d64d1cf314e87504837?s=96&d=mm&r=g\",\"contentUrl\":\"https:\/\/secure.gravatar.com\/avatar\/55cb5e37c1efa326397366e6974cb338056df65cb50e7d64d1cf314e87504837?s=96&d=mm&r=g\",\"caption\":\"Arnaldo Botto\"},\"url\":\"https:\/\/www.noticiasradioreflejos.com.ar\/2021\/author\/arnaldo\/\"}]}<\/script>\n<!-- \/ Yoast SEO plugin. -->","yoast_head_json":{"title":"Camila O\u00b4Gorman, recordada en los obituarios 174 a\u00f1os despu\u00e9s de ser fusilada - Noticias Radio Reflejos","robots":{"index":"index","follow":"follow","max-snippet":"max-snippet:-1","max-image-preview":"max-image-preview:large","max-video-preview":"max-video-preview:-1"},"canonical":"https:\/\/www.noticiasradioreflejos.com.ar\/2021\/camila-ogorman-recordada-en-los-obituarios-174-anos-despues-de-ser-fusilada\/","og_locale":"es_ES","og_type":"article","og_title":"Camila O\u00b4Gorman, recordada en los obituarios 174 a\u00f1os despu\u00e9s de ser fusilada - Noticias Radio Reflejos","og_description":"La joven arist\u00f3crata fue asesinada con su amante por orden de Juan Manuel de Rosas","og_url":"https:\/\/www.noticiasradioreflejos.com.ar\/2021\/camila-ogorman-recordada-en-los-obituarios-174-anos-despues-de-ser-fusilada\/","og_site_name":"Noticias Radio Reflejos","article_published_time":"2022-08-19T01:04:53+00:00","article_modified_time":"2022-08-19T01:12:09+00:00","og_image":[{"url":"https:\/\/images.pagina12.com.ar\/styles\/width960\/public\/2022-08\/614859-gorman2-2.jpg?itok=iBCUyqUB","type":"","width":"","height":""}],"author":"Arnaldo Botto","twitter_card":"summary_large_image","schema":{"@context":"https:\/\/schema.org","@graph":[{"@type":"WebPage","@id":"https:\/\/www.noticiasradioreflejos.com.ar\/2021\/camila-ogorman-recordada-en-los-obituarios-174-anos-despues-de-ser-fusilada\/","url":"https:\/\/www.noticiasradioreflejos.com.ar\/2021\/camila-ogorman-recordada-en-los-obituarios-174-anos-despues-de-ser-fusilada\/","name":"Camila O\u00b4Gorman, recordada en los obituarios 174 a\u00f1os despu\u00e9s de ser fusilada - Noticias Radio Reflejos","isPartOf":{"@id":"https:\/\/www.noticiasradioreflejos.com.ar\/2021\/#website"},"primaryImageOfPage":{"@id":"https:\/\/www.noticiasradioreflejos.com.ar\/2021\/camila-ogorman-recordada-en-los-obituarios-174-anos-despues-de-ser-fusilada\/#primaryimage"},"image":{"@id":"https:\/\/www.noticiasradioreflejos.com.ar\/2021\/camila-ogorman-recordada-en-los-obituarios-174-anos-despues-de-ser-fusilada\/#primaryimage"},"thumbnailUrl":"https:\/\/images.pagina12.com.ar\/styles\/width960\/public\/2022-08\/614859-gorman2-2.jpg?itok=iBCUyqUB","datePublished":"2022-08-19T01:04:53+00:00","dateModified":"2022-08-19T01:12:09+00:00","author":{"@id":"https:\/\/www.noticiasradioreflejos.com.ar\/2021\/#\/schema\/person\/ad82545263dcc5ec0996818884fd5fb1"},"breadcrumb":{"@id":"https:\/\/www.noticiasradioreflejos.com.ar\/2021\/camila-ogorman-recordada-en-los-obituarios-174-anos-despues-de-ser-fusilada\/#breadcrumb"},"inLanguage":"es","potentialAction":[{"@type":"ReadAction","target":["https:\/\/www.noticiasradioreflejos.com.ar\/2021\/camila-ogorman-recordada-en-los-obituarios-174-anos-despues-de-ser-fusilada\/"]}]},{"@type":"ImageObject","inLanguage":"es","@id":"https:\/\/www.noticiasradioreflejos.com.ar\/2021\/camila-ogorman-recordada-en-los-obituarios-174-anos-despues-de-ser-fusilada\/#primaryimage","url":"https:\/\/images.pagina12.com.ar\/styles\/width960\/public\/2022-08\/614859-gorman2-2.jpg?itok=iBCUyqUB","contentUrl":"https:\/\/images.pagina12.com.ar\/styles\/width960\/public\/2022-08\/614859-gorman2-2.jpg?itok=iBCUyqUB"},{"@type":"BreadcrumbList","@id":"https:\/\/www.noticiasradioreflejos.com.ar\/2021\/camila-ogorman-recordada-en-los-obituarios-174-anos-despues-de-ser-fusilada\/#breadcrumb","itemListElement":[{"@type":"ListItem","position":1,"name":"Portada","item":"https:\/\/www.noticiasradioreflejos.com.ar\/2021\/"},{"@type":"ListItem","position":2,"name":"Camila O\u00b4Gorman, recordada en los obituarios 174 a\u00f1os despu\u00e9s de ser fusilada"}]},{"@type":"WebSite","@id":"https:\/\/www.noticiasradioreflejos.com.ar\/2021\/#website","url":"https:\/\/www.noticiasradioreflejos.com.ar\/2021\/","name":"Noticias Radio Reflejos","description":"Las noticias de mi comarca","potentialAction":[{"@type":"SearchAction","target":{"@type":"EntryPoint","urlTemplate":"https:\/\/www.noticiasradioreflejos.com.ar\/2021\/?s={search_term_string}"},"query-input":{"@type":"PropertyValueSpecification","valueRequired":true,"valueName":"search_term_string"}}],"inLanguage":"es"},{"@type":"Person","@id":"https:\/\/www.noticiasradioreflejos.com.ar\/2021\/#\/schema\/person\/ad82545263dcc5ec0996818884fd5fb1","name":"Arnaldo Botto","image":{"@type":"ImageObject","inLanguage":"es","@id":"https:\/\/www.noticiasradioreflejos.com.ar\/2021\/#\/schema\/person\/image\/","url":"https:\/\/secure.gravatar.com\/avatar\/55cb5e37c1efa326397366e6974cb338056df65cb50e7d64d1cf314e87504837?s=96&d=mm&r=g","contentUrl":"https:\/\/secure.gravatar.com\/avatar\/55cb5e37c1efa326397366e6974cb338056df65cb50e7d64d1cf314e87504837?s=96&d=mm&r=g","caption":"Arnaldo Botto"},"url":"https:\/\/www.noticiasradioreflejos.com.ar\/2021\/author\/arnaldo\/"}]}},"_links":{"self":[{"href":"https:\/\/www.noticiasradioreflejos.com.ar\/2021\/wp-json\/wp\/v2\/posts\/76459","targetHints":{"allow":["GET"]}}],"collection":[{"href":"https:\/\/www.noticiasradioreflejos.com.ar\/2021\/wp-json\/wp\/v2\/posts"}],"about":[{"href":"https:\/\/www.noticiasradioreflejos.com.ar\/2021\/wp-json\/wp\/v2\/types\/post"}],"author":[{"embeddable":true,"href":"https:\/\/www.noticiasradioreflejos.com.ar\/2021\/wp-json\/wp\/v2\/users\/3"}],"replies":[{"embeddable":true,"href":"https:\/\/www.noticiasradioreflejos.com.ar\/2021\/wp-json\/wp\/v2\/comments?post=76459"}],"version-history":[{"count":4,"href":"https:\/\/www.noticiasradioreflejos.com.ar\/2021\/wp-json\/wp\/v2\/posts\/76459\/revisions"}],"predecessor-version":[{"id":76464,"href":"https:\/\/www.noticiasradioreflejos.com.ar\/2021\/wp-json\/wp\/v2\/posts\/76459\/revisions\/76464"}],"wp:attachment":[{"href":"https:\/\/www.noticiasradioreflejos.com.ar\/2021\/wp-json\/wp\/v2\/media?parent=76459"}],"wp:term":[{"taxonomy":"category","embeddable":true,"href":"https:\/\/www.noticiasradioreflejos.com.ar\/2021\/wp-json\/wp\/v2\/categories?post=76459"},{"taxonomy":"post_tag","embeddable":true,"href":"https:\/\/www.noticiasradioreflejos.com.ar\/2021\/wp-json\/wp\/v2\/tags?post=76459"}],"curies":[{"name":"wp","href":"https:\/\/api.w.org\/{rel}","templated":true}]}}