{"id":76457,"date":"2022-08-18T19:51:28","date_gmt":"2022-08-18T19:51:28","guid":{"rendered":"http:\/\/www.noticiasradioreflejos.com.ar\/2021\/?p=76457"},"modified":"2022-08-18T19:51:28","modified_gmt":"2022-08-18T19:51:28","slug":"etiquetado-frontal-desde-el-sabado-las-empresas-que-no-pidieron-prorroga-deberan-colocar-el-sello","status":"publish","type":"post","link":"https:\/\/www.noticiasradioreflejos.com.ar\/2021\/etiquetado-frontal-desde-el-sabado-las-empresas-que-no-pidieron-prorroga-deberan-colocar-el-sello\/","title":{"rendered":"Etiquetado Frontal: desde el s\u00e1bado las empresas que no pidieron pr\u00f3rroga deber\u00e1n colocar el sello"},"content":{"rendered":"<p>\u00abEl objetivo es la promoci\u00f3n de una alimentaci\u00f3n saludable, en ese contexto el etiquetado frontal es solo una parte que busca dar la informaci\u00f3n para que las personas tomen las mejores decisiones\u00bb, reiter\u00f3 la ministra de Salud, Carla Vizzotti, en una charla con periodistas especializados.<!--more--><\/p>\n<figure class=\"mb-3\"><img decoding=\"async\" src=\"https:\/\/www.telam.com.ar\/thumbs\/bluesteel\/advf\/imagenes\/2022\/08\/62fe87aa7c194_900.jpg\" alt=\"Se otorgaron prrrogas tal como establece la Ley y muchas de stas fueron para adecuar los productos sostuvo Vizzotti Foto Gustavo Amarelle\" width=\"100%\" height=\"100%\" \/><\/p>\n<div class=\"media-icons\"><\/div><figcaption>\u00abSe otorgaron pr\u00f3rrogas tal como establece la Ley, y muchas de \u00e9stas fueron para adecuar los productos\u00bb, sostuvo Vizzotti \/ Foto: Gustavo Amarelle.<\/figcaption><\/figure>\n<p>A partir de este s\u00e1bado los productos con exceso en grasas, az\u00facares, sodio y calor\u00edas de las grandes empresas deber\u00e1n comercializarse con el sello correspondiente, a excepci\u00f3n de que se les haya otorgado una pr\u00f3rroga, lo que marca el inicio de su aparici\u00f3n en las g\u00f3ndolas, recordaron hoy desde el Ministerio de Salud donde enfatizaron que \u00abse trata de un proceso gradual cuyo objetivo no es el sello sino la promoci\u00f3n de una alimentaci\u00f3n saludable\u00bb.<\/p>\n<p>\u00abEs importante transmitir una vez m\u00e1s que la Ley 27.642 tiene como objetivo la promoci\u00f3n de una alimentaci\u00f3n saludable; en ese contexto, el etiquetado frontal es solo una parte que busca dar la informaci\u00f3n para que las personas tomen las mejores decisiones y las empresas traten de readecuar sus productos en la medida que puedan\u00bb, sostuvo la ministra de Salud, Carla Vizzotti, en una charla con periodistas especializados.<\/p>\n<p>Y continu\u00f3: \u00abEn ese contexto se otorgaron pr\u00f3rrogas tal como establece la Ley, y muchas de \u00e9stas fueron para adecuar los productos. Esto es importante porque nuestro objetivo no es llenar de sellitos sino que sean m\u00e1s saludables\u00bb.<\/p>\n<blockquote class=\"\"><p>\u00abTodo este trabajo da cuenta de las herramientas que ha puesto el Estado para que la ley pueda implementarse; se trabaj\u00f3 con sociedades cient\u00edficas, con otros ministerios como Educaci\u00f3n o Producci\u00f3n y con las c\u00e1maras empresariales\u00bb<cite class=\"author\">Carla Vizzotti<\/cite><\/p><\/blockquote>\n<p>La\u00a0<strong>Ley 27.642<\/strong>\u00a0se sancion\u00f3 el 26 de octubre de 2021 y el 23 de marzo pasado se public\u00f3 el decreto reglamentario 151\/2022; la normativa establece diferentes etapas para la implementaci\u00f3n de uno de sus ejes, que es la colocaci\u00f3n de sellos a los productos que tengan exceso de grasas, az\u00facares, sodio y calor\u00edas.<\/p>\n<p>Para las grandes empresas,\u00a0<strong>el 20 de julio venci\u00f3 el pedido de pr\u00f3rroga que se pod\u00eda solicitar por \u00fanica vez por 180 d\u00edas<\/strong>, y para mayo de 2023 todos sus productos deber\u00e1n tener los sellos en el caso de que corresponda.<\/p>\n<p>\u00abSe otorgaron pr\u00f3rrogas a unas 240 empresas que contemplan unos 11 mil productos, alrededor de un 3% del universo de los productos de tr\u00e1nsito federal\u00bb, inform\u00f3 durante el encuentro Evangelina Mac\u00edas, directora del Instituto Nacional de Alimentos (INAL) de la Anmat.<\/p>\n<p>Y continu\u00f3:<strong>\u00a0\u00abLos motivos por los que se solicitaron las pr\u00f3rrogas son variados, algunos fueron para la reformulaci\u00f3n de los productos para que no tengan sello, en otros casos tiene que ver con insumos, con adecuaci\u00f3n tecnol\u00f3gica, etc.\u00bb.<\/strong><\/p>\n<figure class=\"mb-3\"><img decoding=\"async\" src=\"https:\/\/www.telam.com.ar\/thumbs\/bluesteel\/advf\/imagenes\/2022\/03\/623b7a5aa09c6_900.jpg\" alt=\"Telam SE\" width=\"100%\" height=\"100%\" \/><\/p>\n<div class=\"media-icons\"><\/div><figcaption><\/figcaption><\/figure>\n<p>Para saber qu\u00e9 sellos ten\u00edan que imprimir, las empresas pod\u00edan utilizar una calculadora generada por el Sistema de Informaci\u00f3n Federal para la Gesti\u00f3n del Control de Alimentos (SIFeGA); aquellas a las que se les otorg\u00f3 la pr\u00f3rroga tienen seis meses m\u00e1s, mientras que las que no la pidieron deber\u00e1n comenzar a colocar el sello en forma obligatoria a partir del 20 de agosto.<\/p>\n<p>\u00abLo que vamos a ver a partir del s\u00e1bado es la convivencia de productos con y sin sello; incluso puede suceder que veamos de la misma empresa o marca con y sin sello porque depende del stock que ten\u00edan. Es decir, es el comienzo de un proceso\u00bb, explic\u00f3 Sandra Tirado, secretaria de Acceso a la Salud del Ministerio de Salud.<\/p>\n<p><strong>Para las peque\u00f1as y medianas empresas, el plazo para pedir pr\u00f3rroga vence el 20 de enero de 2023<\/strong>; un mes despu\u00e9s deber\u00e1n tener los sellos aquellos productos que no hayan recibido o pedido pr\u00f3rroga, y el 20 noviembre de 2023 todos sus productos deber\u00e1n tener los sellos en caso que corresponda.<\/p>\n<p>Es decir que antes de fin del a\u00f1o pr\u00f3ximo las g\u00f3ndolas deber\u00edan tener todos los productos con sello, a excepci\u00f3n de los envases retornables de vidrio que tendr\u00e1n plazo hasta mayo de 2024.<\/p>\n<p>\u00abCuanto m\u00e1s procesado es el alimento, m\u00e1s sellos tiene; hay muchos productos que no tienen manera de adecuarse y otros que s\u00ed, por ejemplo, pueden bajar el contenido de sodio y az\u00facares y no llevar sello\u00bb, indic\u00f3 Tirado.<\/p>\n<figure class=\"mb-3\"><img decoding=\"async\" src=\"https:\/\/www.telam.com.ar\/thumbs\/bluesteel\/advf\/imagenes\/2022\/08\/62fe87aa5b30a_900.jpg\" alt=\"Foto Gustavo Amarelle\" width=\"100%\" height=\"100%\" \/><\/p>\n<div class=\"media-icons\"><\/div><figcaption>Foto: Gustavo Amarelle.<\/figcaption><\/figure>\n<p>Durante la charla,\u00a0<strong>Tirado y Mac\u00edas informaron el trabajo realizado desde el Ministerio de Salud y Anmat para acompa\u00f1ar a las empresas\u00a0<\/strong>en el proceso de adecuamiento a la nueva ley.<\/p>\n<p>\u00abTodo este trabajo da cuenta de las herramientas que ha puesto el Estado para que la ley pueda implementarse; se trabaj\u00f3 con sociedades cient\u00edficas, con otros ministerios como Educaci\u00f3n o Producci\u00f3n y con las c\u00e1maras empresariales\u00bb, indic\u00f3 Vizzotti.<\/p>\n<h2 class=\"\">El etiquetado frontal<\/h2>\n<p>Los sellos establecidos por la ley se deber\u00e1n colocar en el frente de los envases; se trata de oct\u00f3gonos negros que tendr\u00e1n las siguientes inscripciones: \u00abExceso en az\u00facares\u00bb; \u00abExceso en sodio\u00bb; \u00abExceso en grasas saturadas\u00bb; \u00abExceso en grasas totales\u00bb; \u00abExceso en calor\u00edas\u00bb.<\/p>\n<p>Adem\u00e1s, si tiene edulcorantes, el envase deber\u00e1 tener debajo de los sellos de advertencia la siguiente leyenda: \u00abContiene edulcorantes, no recomendable en ni\u00f1os\/as\u00bb, al igual que si tiene cafe\u00edna deber\u00e1 decir: \u00abContiene cafe\u00edna. Evitar en ni\u00f1os\/as\u00bb.<\/p>\n<p>Los\u00a0<strong>valores m\u00e1ximos establecidos\u00a0<\/strong>por la Ley de az\u00facares, grasas saturadas, grasas totales y sodio deben cumplir los l\u00edmites del Perfil de Nutrientes de la Organizaci\u00f3n Panamericana de la Salud (OPS); otros pa\u00edses de la regi\u00f3n como Chile y Uruguay poseen etiquetado pero con diferentes criterios.<\/p>\n<figure class=\"mb-3\"><img decoding=\"async\" src=\"https:\/\/www.telam.com.ar\/thumbs\/bluesteel\/advf\/imagenes\/2021\/10\/6179778f38f28_900.jpg\" alt=\"Para las grandes empresas el 20 de julio venci el pedido de prrroga que se poda solicitar por nica vez por 180 das\" width=\"100%\" height=\"100%\" \/><\/p>\n<div class=\"media-icons\"><\/div><figcaption>Para las grandes empresas, el 20 de julio venci\u00f3 el pedido de pr\u00f3rroga que se pod\u00eda solicitar por \u00fanica vez por 180 d\u00edas.<\/figcaption><\/figure>\n<p>M\u00e1s all\u00e1 del sello, los productos que tengan estos excesos\u00a0<strong>no pueden contener en sus envases personajes infantiles, animaciones, dibujos animados, celebridades, deportistas o mascotas<\/strong>\u00a0ni estar acompa\u00f1ados por elementos interactivos, obsequios, premios, regalos, accesorios, adhesivos, juegos, descargas digitales o cualquier otro elemento.<\/p>\n<p>Tampoco pueden ofrecer la participaci\u00f3n o promesa de participaci\u00f3n en concursos, juegos, eventos deportivos, musicales, teatrales o culturales, junto a la compra de productos.<\/p>\n<p>La normativa tambi\u00e9n establece la\u00a0<strong>prohibici\u00f3n de publicidad, promoci\u00f3n y patrocinio\u00a0<\/strong>de los alimentos y bebidas analcoh\u00f3licas envasadas que contengan al menos un sello de advertencia dirigida a ni\u00f1os, ni\u00f1as y adolescentes.<\/p>\n<p>Finalmente, la Ley tambi\u00e9n se\u00f1ala que el Consejo Federal de Educaci\u00f3n deber\u00e1 promover la inclusi\u00f3n de los contenidos m\u00ednimos de educaci\u00f3n alimentaria nutricional en los establecimientos de nivel inicial, primario y secundario del pa\u00eds.<\/p>\n","protected":false},"excerpt":{"rendered":"<p>\u00abEl objetivo es la promoci\u00f3n de una alimentaci\u00f3n saludable, en ese contexto el etiquetado frontal es solo una parte que busca dar la informaci\u00f3n para que las personas tomen las mejores decisiones\u00bb, reiter\u00f3 la ministra de Salud, Carla Vizzotti, en una charla con periodistas especializados.<\/p>\n","protected":false},"author":3,"featured_media":0,"comment_status":"closed","ping_status":"closed","sticky":false,"template":"","format":"standard","meta":{"footnotes":""},"categories":[58,30],"tags":[],"class_list":["post-76457","post","type-post","status-publish","format-standard","hentry","category-gobierno","category-salud"],"yoast_head":"<!-- This site is optimized with the Yoast SEO plugin v25.9 - https:\/\/yoast.com\/wordpress\/plugins\/seo\/ -->\n<title>Etiquetado Frontal: desde el s\u00e1bado las empresas que no pidieron pr\u00f3rroga deber\u00e1n colocar el sello - Noticias Radio Reflejos<\/title>\n<meta name=\"robots\" content=\"index, follow, max-snippet:-1, max-image-preview:large, max-video-preview:-1\" \/>\n<link rel=\"canonical\" href=\"https:\/\/www.noticiasradioreflejos.com.ar\/2021\/etiquetado-frontal-desde-el-sabado-las-empresas-que-no-pidieron-prorroga-deberan-colocar-el-sello\/\" \/>\n<meta property=\"og:locale\" content=\"es_ES\" \/>\n<meta property=\"og:type\" content=\"article\" \/>\n<meta property=\"og:title\" content=\"Etiquetado Frontal: desde el s\u00e1bado las empresas que no pidieron pr\u00f3rroga deber\u00e1n colocar el sello - Noticias Radio Reflejos\" \/>\n<meta property=\"og:description\" content=\"\u00abEl objetivo es la promoci\u00f3n de una alimentaci\u00f3n saludable, en ese contexto el etiquetado frontal es solo una parte que busca dar la informaci\u00f3n para que las personas tomen las mejores decisiones\u00bb, reiter\u00f3 la ministra de Salud, Carla Vizzotti, en una charla con periodistas especializados.\" \/>\n<meta property=\"og:url\" content=\"https:\/\/www.noticiasradioreflejos.com.ar\/2021\/etiquetado-frontal-desde-el-sabado-las-empresas-que-no-pidieron-prorroga-deberan-colocar-el-sello\/\" \/>\n<meta property=\"og:site_name\" content=\"Noticias Radio Reflejos\" \/>\n<meta property=\"article:published_time\" content=\"2022-08-18T19:51:28+00:00\" \/>\n<meta property=\"og:image\" content=\"https:\/\/www.telam.com.ar\/thumbs\/bluesteel\/advf\/imagenes\/2022\/08\/62fe87aa7c194_900.jpg\" \/>\n<meta name=\"author\" content=\"Arnaldo Botto\" \/>\n<meta name=\"twitter:card\" content=\"summary_large_image\" \/>\n<script type=\"application\/ld+json\" class=\"yoast-schema-graph\">{\"@context\":\"https:\/\/schema.org\",\"@graph\":[{\"@type\":\"WebPage\",\"@id\":\"https:\/\/www.noticiasradioreflejos.com.ar\/2021\/etiquetado-frontal-desde-el-sabado-las-empresas-que-no-pidieron-prorroga-deberan-colocar-el-sello\/\",\"url\":\"https:\/\/www.noticiasradioreflejos.com.ar\/2021\/etiquetado-frontal-desde-el-sabado-las-empresas-que-no-pidieron-prorroga-deberan-colocar-el-sello\/\",\"name\":\"Etiquetado Frontal: desde el s\u00e1bado las empresas que no pidieron pr\u00f3rroga deber\u00e1n colocar el sello - Noticias Radio Reflejos\",\"isPartOf\":{\"@id\":\"https:\/\/www.noticiasradioreflejos.com.ar\/2021\/#website\"},\"primaryImageOfPage\":{\"@id\":\"https:\/\/www.noticiasradioreflejos.com.ar\/2021\/etiquetado-frontal-desde-el-sabado-las-empresas-que-no-pidieron-prorroga-deberan-colocar-el-sello\/#primaryimage\"},\"image\":{\"@id\":\"https:\/\/www.noticiasradioreflejos.com.ar\/2021\/etiquetado-frontal-desde-el-sabado-las-empresas-que-no-pidieron-prorroga-deberan-colocar-el-sello\/#primaryimage\"},\"thumbnailUrl\":\"https:\/\/www.telam.com.ar\/thumbs\/bluesteel\/advf\/imagenes\/2022\/08\/62fe87aa7c194_900.jpg\",\"datePublished\":\"2022-08-18T19:51:28+00:00\",\"author\":{\"@id\":\"https:\/\/www.noticiasradioreflejos.com.ar\/2021\/#\/schema\/person\/ad82545263dcc5ec0996818884fd5fb1\"},\"breadcrumb\":{\"@id\":\"https:\/\/www.noticiasradioreflejos.com.ar\/2021\/etiquetado-frontal-desde-el-sabado-las-empresas-que-no-pidieron-prorroga-deberan-colocar-el-sello\/#breadcrumb\"},\"inLanguage\":\"es\",\"potentialAction\":[{\"@type\":\"ReadAction\",\"target\":[\"https:\/\/www.noticiasradioreflejos.com.ar\/2021\/etiquetado-frontal-desde-el-sabado-las-empresas-que-no-pidieron-prorroga-deberan-colocar-el-sello\/\"]}]},{\"@type\":\"ImageObject\",\"inLanguage\":\"es\",\"@id\":\"https:\/\/www.noticiasradioreflejos.com.ar\/2021\/etiquetado-frontal-desde-el-sabado-las-empresas-que-no-pidieron-prorroga-deberan-colocar-el-sello\/#primaryimage\",\"url\":\"https:\/\/www.telam.com.ar\/thumbs\/bluesteel\/advf\/imagenes\/2022\/08\/62fe87aa7c194_900.jpg\",\"contentUrl\":\"https:\/\/www.telam.com.ar\/thumbs\/bluesteel\/advf\/imagenes\/2022\/08\/62fe87aa7c194_900.jpg\"},{\"@type\":\"BreadcrumbList\",\"@id\":\"https:\/\/www.noticiasradioreflejos.com.ar\/2021\/etiquetado-frontal-desde-el-sabado-las-empresas-que-no-pidieron-prorroga-deberan-colocar-el-sello\/#breadcrumb\",\"itemListElement\":[{\"@type\":\"ListItem\",\"position\":1,\"name\":\"Portada\",\"item\":\"https:\/\/www.noticiasradioreflejos.com.ar\/2021\/\"},{\"@type\":\"ListItem\",\"position\":2,\"name\":\"Etiquetado Frontal: desde el s\u00e1bado las empresas que no pidieron pr\u00f3rroga deber\u00e1n colocar el sello\"}]},{\"@type\":\"WebSite\",\"@id\":\"https:\/\/www.noticiasradioreflejos.com.ar\/2021\/#website\",\"url\":\"https:\/\/www.noticiasradioreflejos.com.ar\/2021\/\",\"name\":\"Noticias Radio Reflejos\",\"description\":\"Las noticias de mi comarca\",\"potentialAction\":[{\"@type\":\"SearchAction\",\"target\":{\"@type\":\"EntryPoint\",\"urlTemplate\":\"https:\/\/www.noticiasradioreflejos.com.ar\/2021\/?s={search_term_string}\"},\"query-input\":{\"@type\":\"PropertyValueSpecification\",\"valueRequired\":true,\"valueName\":\"search_term_string\"}}],\"inLanguage\":\"es\"},{\"@type\":\"Person\",\"@id\":\"https:\/\/www.noticiasradioreflejos.com.ar\/2021\/#\/schema\/person\/ad82545263dcc5ec0996818884fd5fb1\",\"name\":\"Arnaldo Botto\",\"image\":{\"@type\":\"ImageObject\",\"inLanguage\":\"es\",\"@id\":\"https:\/\/www.noticiasradioreflejos.com.ar\/2021\/#\/schema\/person\/image\/\",\"url\":\"https:\/\/secure.gravatar.com\/avatar\/55cb5e37c1efa326397366e6974cb338056df65cb50e7d64d1cf314e87504837?s=96&d=mm&r=g\",\"contentUrl\":\"https:\/\/secure.gravatar.com\/avatar\/55cb5e37c1efa326397366e6974cb338056df65cb50e7d64d1cf314e87504837?s=96&d=mm&r=g\",\"caption\":\"Arnaldo Botto\"},\"url\":\"https:\/\/www.noticiasradioreflejos.com.ar\/2021\/author\/arnaldo\/\"}]}<\/script>\n<!-- \/ Yoast SEO plugin. -->","yoast_head_json":{"title":"Etiquetado Frontal: desde el s\u00e1bado las empresas que no pidieron pr\u00f3rroga deber\u00e1n colocar el sello - Noticias Radio Reflejos","robots":{"index":"index","follow":"follow","max-snippet":"max-snippet:-1","max-image-preview":"max-image-preview:large","max-video-preview":"max-video-preview:-1"},"canonical":"https:\/\/www.noticiasradioreflejos.com.ar\/2021\/etiquetado-frontal-desde-el-sabado-las-empresas-que-no-pidieron-prorroga-deberan-colocar-el-sello\/","og_locale":"es_ES","og_type":"article","og_title":"Etiquetado Frontal: desde el s\u00e1bado las empresas que no pidieron pr\u00f3rroga deber\u00e1n colocar el sello - Noticias Radio Reflejos","og_description":"\u00abEl objetivo es la promoci\u00f3n de una alimentaci\u00f3n saludable, en ese contexto el etiquetado frontal es solo una parte que busca dar la informaci\u00f3n para que las personas tomen las mejores decisiones\u00bb, reiter\u00f3 la ministra de Salud, Carla Vizzotti, en una charla con periodistas especializados.","og_url":"https:\/\/www.noticiasradioreflejos.com.ar\/2021\/etiquetado-frontal-desde-el-sabado-las-empresas-que-no-pidieron-prorroga-deberan-colocar-el-sello\/","og_site_name":"Noticias Radio Reflejos","article_published_time":"2022-08-18T19:51:28+00:00","og_image":[{"url":"https:\/\/www.telam.com.ar\/thumbs\/bluesteel\/advf\/imagenes\/2022\/08\/62fe87aa7c194_900.jpg","type":"","width":"","height":""}],"author":"Arnaldo Botto","twitter_card":"summary_large_image","schema":{"@context":"https:\/\/schema.org","@graph":[{"@type":"WebPage","@id":"https:\/\/www.noticiasradioreflejos.com.ar\/2021\/etiquetado-frontal-desde-el-sabado-las-empresas-que-no-pidieron-prorroga-deberan-colocar-el-sello\/","url":"https:\/\/www.noticiasradioreflejos.com.ar\/2021\/etiquetado-frontal-desde-el-sabado-las-empresas-que-no-pidieron-prorroga-deberan-colocar-el-sello\/","name":"Etiquetado Frontal: desde el s\u00e1bado las empresas que no pidieron pr\u00f3rroga deber\u00e1n colocar el sello - Noticias Radio Reflejos","isPartOf":{"@id":"https:\/\/www.noticiasradioreflejos.com.ar\/2021\/#website"},"primaryImageOfPage":{"@id":"https:\/\/www.noticiasradioreflejos.com.ar\/2021\/etiquetado-frontal-desde-el-sabado-las-empresas-que-no-pidieron-prorroga-deberan-colocar-el-sello\/#primaryimage"},"image":{"@id":"https:\/\/www.noticiasradioreflejos.com.ar\/2021\/etiquetado-frontal-desde-el-sabado-las-empresas-que-no-pidieron-prorroga-deberan-colocar-el-sello\/#primaryimage"},"thumbnailUrl":"https:\/\/www.telam.com.ar\/thumbs\/bluesteel\/advf\/imagenes\/2022\/08\/62fe87aa7c194_900.jpg","datePublished":"2022-08-18T19:51:28+00:00","author":{"@id":"https:\/\/www.noticiasradioreflejos.com.ar\/2021\/#\/schema\/person\/ad82545263dcc5ec0996818884fd5fb1"},"breadcrumb":{"@id":"https:\/\/www.noticiasradioreflejos.com.ar\/2021\/etiquetado-frontal-desde-el-sabado-las-empresas-que-no-pidieron-prorroga-deberan-colocar-el-sello\/#breadcrumb"},"inLanguage":"es","potentialAction":[{"@type":"ReadAction","target":["https:\/\/www.noticiasradioreflejos.com.ar\/2021\/etiquetado-frontal-desde-el-sabado-las-empresas-que-no-pidieron-prorroga-deberan-colocar-el-sello\/"]}]},{"@type":"ImageObject","inLanguage":"es","@id":"https:\/\/www.noticiasradioreflejos.com.ar\/2021\/etiquetado-frontal-desde-el-sabado-las-empresas-que-no-pidieron-prorroga-deberan-colocar-el-sello\/#primaryimage","url":"https:\/\/www.telam.com.ar\/thumbs\/bluesteel\/advf\/imagenes\/2022\/08\/62fe87aa7c194_900.jpg","contentUrl":"https:\/\/www.telam.com.ar\/thumbs\/bluesteel\/advf\/imagenes\/2022\/08\/62fe87aa7c194_900.jpg"},{"@type":"BreadcrumbList","@id":"https:\/\/www.noticiasradioreflejos.com.ar\/2021\/etiquetado-frontal-desde-el-sabado-las-empresas-que-no-pidieron-prorroga-deberan-colocar-el-sello\/#breadcrumb","itemListElement":[{"@type":"ListItem","position":1,"name":"Portada","item":"https:\/\/www.noticiasradioreflejos.com.ar\/2021\/"},{"@type":"ListItem","position":2,"name":"Etiquetado Frontal: desde el s\u00e1bado las empresas que no pidieron pr\u00f3rroga deber\u00e1n colocar el sello"}]},{"@type":"WebSite","@id":"https:\/\/www.noticiasradioreflejos.com.ar\/2021\/#website","url":"https:\/\/www.noticiasradioreflejos.com.ar\/2021\/","name":"Noticias Radio Reflejos","description":"Las noticias de mi comarca","potentialAction":[{"@type":"SearchAction","target":{"@type":"EntryPoint","urlTemplate":"https:\/\/www.noticiasradioreflejos.com.ar\/2021\/?s={search_term_string}"},"query-input":{"@type":"PropertyValueSpecification","valueRequired":true,"valueName":"search_term_string"}}],"inLanguage":"es"},{"@type":"Person","@id":"https:\/\/www.noticiasradioreflejos.com.ar\/2021\/#\/schema\/person\/ad82545263dcc5ec0996818884fd5fb1","name":"Arnaldo Botto","image":{"@type":"ImageObject","inLanguage":"es","@id":"https:\/\/www.noticiasradioreflejos.com.ar\/2021\/#\/schema\/person\/image\/","url":"https:\/\/secure.gravatar.com\/avatar\/55cb5e37c1efa326397366e6974cb338056df65cb50e7d64d1cf314e87504837?s=96&d=mm&r=g","contentUrl":"https:\/\/secure.gravatar.com\/avatar\/55cb5e37c1efa326397366e6974cb338056df65cb50e7d64d1cf314e87504837?s=96&d=mm&r=g","caption":"Arnaldo Botto"},"url":"https:\/\/www.noticiasradioreflejos.com.ar\/2021\/author\/arnaldo\/"}]}},"_links":{"self":[{"href":"https:\/\/www.noticiasradioreflejos.com.ar\/2021\/wp-json\/wp\/v2\/posts\/76457","targetHints":{"allow":["GET"]}}],"collection":[{"href":"https:\/\/www.noticiasradioreflejos.com.ar\/2021\/wp-json\/wp\/v2\/posts"}],"about":[{"href":"https:\/\/www.noticiasradioreflejos.com.ar\/2021\/wp-json\/wp\/v2\/types\/post"}],"author":[{"embeddable":true,"href":"https:\/\/www.noticiasradioreflejos.com.ar\/2021\/wp-json\/wp\/v2\/users\/3"}],"replies":[{"embeddable":true,"href":"https:\/\/www.noticiasradioreflejos.com.ar\/2021\/wp-json\/wp\/v2\/comments?post=76457"}],"version-history":[{"count":1,"href":"https:\/\/www.noticiasradioreflejos.com.ar\/2021\/wp-json\/wp\/v2\/posts\/76457\/revisions"}],"predecessor-version":[{"id":76458,"href":"https:\/\/www.noticiasradioreflejos.com.ar\/2021\/wp-json\/wp\/v2\/posts\/76457\/revisions\/76458"}],"wp:attachment":[{"href":"https:\/\/www.noticiasradioreflejos.com.ar\/2021\/wp-json\/wp\/v2\/media?parent=76457"}],"wp:term":[{"taxonomy":"category","embeddable":true,"href":"https:\/\/www.noticiasradioreflejos.com.ar\/2021\/wp-json\/wp\/v2\/categories?post=76457"},{"taxonomy":"post_tag","embeddable":true,"href":"https:\/\/www.noticiasradioreflejos.com.ar\/2021\/wp-json\/wp\/v2\/tags?post=76457"}],"curies":[{"name":"wp","href":"https:\/\/api.w.org\/{rel}","templated":true}]}}